{"id":3850,"date":"2018-09-27T20:41:18","date_gmt":"2018-09-27T19:41:18","guid":{"rendered":"http:\/\/kotrla.com\/pmpro\/?p=3850"},"modified":"2019-11-20T22:46:31","modified_gmt":"2019-11-20T21:46:31","slug":"vystava-u-zvonicky","status":"publish","type":"post","link":"https:\/\/kotrla.com\/pmpro\/2018\/09\/vystava-u-zvonicky\/","title":{"rendered":"V\u00fdstava u zvoni\u010dky"},"content":{"rendered":"<p>Budouc\u00ed podoba Byst\u0159i\u010dky n\u00e1m nen\u00ed lhostejn\u00e1. Zn\u00e1me i dobr\u00e9 p\u0159\u00edklady, kter\u00fdmi se lze inspirovat. N\u011bkter\u00e9 z nich naleznete na v\u00fdstavn\u00edch panelech a\u017e do 7. \u0159\u00edjna v prostoru u zvoni\u010dky Pod R\u016f\u017e\u010fkou. (Zvl\u00e1\u0161tn\u00ed pod\u011bkov\u00e1n\u00ed pat\u0159\u00ed man\u017eel\u016fm Je\u017e\u00edkov\u00fdm, kte\u0159\u00ed ji ze Sen\u00e1tu dovezli.)<\/p>\n<p><a href=\"https:\/\/kotrla.com\/pmpro\/wp-content\/uploads\/2018\/09\/architektura_IMGP6835.jpg\"><img loading=\"lazy\" decoding=\"async\" class=\"alignnone size-full wp-image-3851\" src=\"https:\/\/kotrla.com\/pmpro\/wp-content\/uploads\/2018\/09\/architektura_IMGP6835.jpg\" alt=\"\" width=\"2400\" height=\"1596\" srcset=\"https:\/\/kotrla.com\/pmpro\/wp-content\/uploads\/2018\/09\/architektura_IMGP6835.jpg 2400w, https:\/\/kotrla.com\/pmpro\/wp-content\/uploads\/2018\/09\/architektura_IMGP6835-300x200.jpg 300w, https:\/\/kotrla.com\/pmpro\/wp-content\/uploads\/2018\/09\/architektura_IMGP6835-1024x681.jpg 1024w\" sizes=\"auto, (max-width: 2400px) 100vw, 2400px\" \/><\/a> <a href=\"https:\/\/kotrla.com\/pmpro\/wp-content\/uploads\/2018\/09\/architektura_IMGP6836.jpg\"><img loading=\"lazy\" decoding=\"async\" class=\"alignnone size-full wp-image-3852\" src=\"https:\/\/kotrla.com\/pmpro\/wp-content\/uploads\/2018\/09\/architektura_IMGP6836.jpg\" alt=\"\" width=\"2400\" height=\"1596\" srcset=\"https:\/\/kotrla.com\/pmpro\/wp-content\/uploads\/2018\/09\/architektura_IMGP6836.jpg 2400w, https:\/\/kotrla.com\/pmpro\/wp-content\/uploads\/2018\/09\/architektura_IMGP6836-300x200.jpg 300w, https:\/\/kotrla.com\/pmpro\/wp-content\/uploads\/2018\/09\/architektura_IMGP6836-1024x681.jpg 1024w\" sizes=\"auto, (max-width: 2400px) 100vw, 2400px\" \/><\/a> <a href=\"https:\/\/kotrla.com\/pmpro\/wp-content\/uploads\/2018\/09\/architektura_IMGP6841.jpg\"><img loading=\"lazy\" decoding=\"async\" class=\"alignnone size-full wp-image-3853\" src=\"https:\/\/kotrla.com\/pmpro\/wp-content\/uploads\/2018\/09\/architektura_IMGP6841.jpg\" alt=\"\" width=\"2400\" height=\"1596\" srcset=\"https:\/\/kotrla.com\/pmpro\/wp-content\/uploads\/2018\/09\/architektura_IMGP6841.jpg 2400w, https:\/\/kotrla.com\/pmpro\/wp-content\/uploads\/2018\/09\/architektura_IMGP6841-300x200.jpg 300w, https:\/\/kotrla.com\/pmpro\/wp-content\/uploads\/2018\/09\/architektura_IMGP6841-1024x681.jpg 1024w\" sizes=\"auto, (max-width: 2400px) 100vw, 2400px\" \/><\/a> <a href=\"https:\/\/kotrla.com\/pmpro\/wp-content\/uploads\/2018\/09\/architektura_IMGP6848.jpg\"><img loading=\"lazy\" decoding=\"async\" class=\"alignnone size-full wp-image-3854\" src=\"https:\/\/kotrla.com\/pmpro\/wp-content\/uploads\/2018\/09\/architektura_IMGP6848.jpg\" alt=\"\" width=\"2400\" height=\"1596\" srcset=\"https:\/\/kotrla.com\/pmpro\/wp-content\/uploads\/2018\/09\/architektura_IMGP6848.jpg 2400w, https:\/\/kotrla.com\/pmpro\/wp-content\/uploads\/2018\/09\/architektura_IMGP6848-300x200.jpg 300w, https:\/\/kotrla.com\/pmpro\/wp-content\/uploads\/2018\/09\/architektura_IMGP6848-1024x681.jpg 1024w\" sizes=\"auto, (max-width: 2400px) 100vw, 2400px\" \/><\/a> <a href=\"https:\/\/kotrla.com\/pmpro\/wp-content\/uploads\/2018\/09\/architektura_IMGP6853.jpg\"><img loading=\"lazy\" decoding=\"async\" class=\"alignnone size-full wp-image-3855\" src=\"https:\/\/kotrla.com\/pmpro\/wp-content\/uploads\/2018\/09\/architektura_IMGP6853.jpg\" alt=\"\" width=\"2400\" height=\"1596\" srcset=\"https:\/\/kotrla.com\/pmpro\/wp-content\/uploads\/2018\/09\/architektura_IMGP6853.jpg 2400w, https:\/\/kotrla.com\/pmpro\/wp-content\/uploads\/2018\/09\/architektura_IMGP6853-300x200.jpg 300w, https:\/\/kotrla.com\/pmpro\/wp-content\/uploads\/2018\/09\/architektura_IMGP6853-1024x681.jpg 1024w\" sizes=\"auto, (max-width: 2400px) 100vw, 2400px\" \/><\/a><\/p>\n<p>&nbsp;<\/p>\n","protected":false},"excerpt":{"rendered":"<p>Budouc\u00ed podoba Byst\u0159i\u010dky n\u00e1m nen\u00ed lhostejn\u00e1. Zn\u00e1me i dobr\u00e9 p\u0159\u00edklady, kter\u00fdmi se lze inspirovat. N\u011bkter\u00e9 z nich naleznete na v\u00fdstavn\u00edch panelech a\u017e do 7. \u0159\u00edjna v prostoru u zvoni\u010dky Pod R\u016f\u017e\u010fkou. (Zvl\u00e1\u0161tn\u00ed pod\u011bkov\u00e1n\u00ed pat\u0159\u00ed man\u017eel\u016fm Je\u017e\u00edkov\u00fdm, kte\u0159\u00ed ji ze Sen\u00e1tu dovezli.) &nbsp;<\/p>\n","protected":false},"author":1,"featured_media":0,"comment_status":"open","ping_status":"open","sticky":false,"template":"","format":"standard","meta":{"site-sidebar-layout":"default","site-content-layout":"","ast-site-content-layout":"default","site-content-style":"default","site-sidebar-style":"default","ast-global-header-display":"","ast-banner-title-visibility":"","ast-main-header-display":"","ast-hfb-above-header-display":"","ast-hfb-below-header-display":"","ast-hfb-mobile-header-display":"","site-post-title":"","ast-breadcrumbs-content":"","ast-featured-img":"","footer-sml-layout":"","ast-disable-related-posts":"","theme-transparent-header-meta":"","adv-header-id-meta":"","stick-header-meta":"","header-above-stick-meta":"","header-main-stick-meta":"","header-below-stick-meta":"","astra-migrate-meta-layouts":"default","ast-page-background-enabled":"default","ast-page-background-meta":{"desktop":{"background-color":"var(--ast-global-color-5)","background-image":"","background-repeat":"repeat","background-position":"center center","background-size":"auto","background-attachment":"scroll","background-type":"","background-media":"","overlay-type":"","overlay-color":"","overlay-opacity":"","overlay-gradient":""},"tablet":{"background-color":"","background-image":"","background-repeat":"repeat","background-position":"center center","background-size":"auto","background-attachment":"scroll","background-type":"","background-media":"","overlay-type":"","overlay-color":"","overlay-opacity":"","overlay-gradient":""},"mobile":{"background-color":"","background-image":"","background-repeat":"repeat","background-position":"center center","background-size":"auto","background-attachment":"scroll","background-type":"","background-media":"","overlay-type":"","overlay-color":"","overlay-opacity":"","overlay-gradient":""}},"ast-content-background-meta":{"desktop":{"background-color":"var(--ast-global-color-4)","background-image":"","background-repeat":"repeat","background-position":"center center","background-size":"auto","background-attachment":"scroll","background-type":"","background-media":"","overlay-type":"","overlay-color":"","overlay-opacity":"","overlay-gradient":""},"tablet":{"background-color":"var(--ast-global-color-4)","background-image":"","background-repeat":"repeat","background-position":"center center","background-size":"auto","background-attachment":"scroll","background-type":"","background-media":"","overlay-type":"","overlay-color":"","overlay-opacity":"","overlay-gradient":""},"mobile":{"background-color":"var(--ast-global-color-4)","background-image":"","background-repeat":"repeat","background-position":"center center","background-size":"auto","background-attachment":"scroll","background-type":"","background-media":"","overlay-type":"","overlay-color":"","overlay-opacity":"","overlay-gradient":""}},"jetpack_post_was_ever_published":false,"_jetpack_newsletter_access":"","_jetpack_dont_email_post_to_subs":false,"_jetpack_newsletter_tier_id":0,"_jetpack_memberships_contains_paywalled_content":false,"_jetpack_memberships_contains_paid_content":false,"footnotes":""},"categories":[5,7,3],"tags":[],"class_list":["post-3850","post","type-post","status-publish","format-standard","hentry","category-bystricka","category-fotografie","category-osobni"],"jetpack_featured_media_url":"","jetpack_shortlink":"https:\/\/wp.me\/p4mLP7-106","jetpack-related-posts":[{"id":2761,"url":"https:\/\/kotrla.com\/pmpro\/2016\/08\/u-lva\/","url_meta":{"origin":3850,"position":0},"title":"U Lva","author":"Pavel Kotrla","date":"6.8.2016","format":false,"excerpt":"","rel":"","context":"V \u201eFotografie\u201c","block_context":{"text":"Fotografie","link":"https:\/\/kotrla.com\/pmpro\/category\/fotografie\/"},"img":{"alt_text":"","src":"https:\/\/i0.wp.com\/kotrla.com\/pmpro\/wp-content\/uploads\/2016\/08\/u_lva-IMGP5206bw.jpg?resize=350%2C200&ssl=1","width":350,"height":200,"srcset":"https:\/\/i0.wp.com\/kotrla.com\/pmpro\/wp-content\/uploads\/2016\/08\/u_lva-IMGP5206bw.jpg?resize=350%2C200&ssl=1 1x, https:\/\/i0.wp.com\/kotrla.com\/pmpro\/wp-content\/uploads\/2016\/08\/u_lva-IMGP5206bw.jpg?resize=525%2C300&ssl=1 1.5x, https:\/\/i0.wp.com\/kotrla.com\/pmpro\/wp-content\/uploads\/2016\/08\/u_lva-IMGP5206bw.jpg?resize=700%2C400&ssl=1 2x, https:\/\/i0.wp.com\/kotrla.com\/pmpro\/wp-content\/uploads\/2016\/08\/u_lva-IMGP5206bw.jpg?resize=1050%2C600&ssl=1 3x"},"classes":[]},{"id":342,"url":"https:\/\/kotrla.com\/pmpro\/2008\/06\/u-tri-slunecnic\/","url_meta":{"origin":3850,"position":1},"title":"U T\u0159\u00ed slune\u010dnic","author":"Pavel Kotrla","date":"15.6.2008","format":false,"excerpt":"","rel":"","context":"V \u201eFotografie\u201c","block_context":{"text":"Fotografie","link":"https:\/\/kotrla.com\/pmpro\/category\/fotografie\/"},"img":{"alt_text":"U T\u0159\u00ed slune\u010dnic","src":"https:\/\/i0.wp.com\/kotrla.com\/pmpro\/images\/uploads\/slunecnice.jpg?resize=350%2C200&ssl=1","width":350,"height":200},"classes":[]},{"id":258,"url":"https:\/\/kotrla.com\/pmpro\/2009\/08\/u-chropynskeho-rybnika\/","url_meta":{"origin":3850,"position":2},"title":"U chropy\u0148sk\u00e9ho rybn\u00edka","author":"Pavel Kotrla","date":"8.8.2009","format":false,"excerpt":"","rel":"","context":"V \u201eFotografie\u201c","block_context":{"text":"Fotografie","link":"https:\/\/kotrla.com\/pmpro\/category\/fotografie\/"},"img":{"alt_text":"image","src":"https:\/\/i0.wp.com\/kotrla.com\/pmpro\/images\/uploads\/_IGP9063.jpg?resize=350%2C200&ssl=1","width":350,"height":200},"classes":[]},{"id":3152,"url":"https:\/\/kotrla.com\/pmpro\/2017\/05\/u-oblibeneho-sochare\/","url_meta":{"origin":3850,"position":3},"title":"U obl\u00edben\u00e9ho socha\u0159e","author":"Pavel Kotrla","date":"21.5.2017","format":false,"excerpt":"K Pavlovi Drdovi to do ateli\u00e9ru nem\u00e1m daleko","rel":"","context":"V \u201eFotografie\u201c","block_context":{"text":"Fotografie","link":"https:\/\/kotrla.com\/pmpro\/category\/fotografie\/"},"img":{"alt_text":"","src":"https:\/\/i0.wp.com\/kotrla.com\/pmpro\/wp-content\/uploads\/2017\/05\/pavel_drda_IMGP8698.jpg?resize=350%2C200&ssl=1","width":350,"height":200,"srcset":"https:\/\/i0.wp.com\/kotrla.com\/pmpro\/wp-content\/uploads\/2017\/05\/pavel_drda_IMGP8698.jpg?resize=350%2C200&ssl=1 1x, https:\/\/i0.wp.com\/kotrla.com\/pmpro\/wp-content\/uploads\/2017\/05\/pavel_drda_IMGP8698.jpg?resize=525%2C300&ssl=1 1.5x, https:\/\/i0.wp.com\/kotrla.com\/pmpro\/wp-content\/uploads\/2017\/05\/pavel_drda_IMGP8698.jpg?resize=700%2C400&ssl=1 2x, https:\/\/i0.wp.com\/kotrla.com\/pmpro\/wp-content\/uploads\/2017\/05\/pavel_drda_IMGP8698.jpg?resize=1050%2C600&ssl=1 3x, https:\/\/i0.wp.com\/kotrla.com\/pmpro\/wp-content\/uploads\/2017\/05\/pavel_drda_IMGP8698.jpg?resize=1400%2C800&ssl=1 4x"},"classes":[]},{"id":168,"url":"https:\/\/kotrla.com\/pmpro\/2011\/02\/vecirek-u-prilezitosti-patnacti-let-casopisu-texty\/","url_meta":{"origin":3850,"position":4},"title":"Ve\u010d\u00edrek u p\u0159\u00edle\u017eitosti patn\u00e1cti let \u010dasopisu Texty","author":"Pavel Kotrla","date":"14.2.2011","format":false,"excerpt":"Dovolujeme si v\u00e1s pozvat na tradi\u010dn\u00ed ve\u010d\u00edrek Text\u016f. Tentokr\u00e1t u p\u0159\u00edle\u017eitosti mal\u00e9ho v\u00fdro\u010d\u00ed existence. Tak\u017ee 11. 3. se na v\u00e1s na Vset\u00edn\u011b t\u011b\u0161\u00edme. Nejprve za doprovodu jedn\u00e9 muziky v galerii V Poschod\u00ed, pot\u00e9 za doprovodu druh\u00e9 jako tradi\u010dn\u011b v n\u011bkter\u00e9m bl\u00edzk\u00e9m za\u0159\u00edzen\u00ed.","rel":"","context":"V \u201eLiteratura\u201c","block_context":{"text":"Literatura","link":"https:\/\/kotrla.com\/pmpro\/category\/literatura\/"},"img":{"alt_text":"Ve\u010d\u00edrek \u010dasopisu Texty 2011","src":"https:\/\/i0.wp.com\/kotrla.com\/pmpro\/images\/uploads\/vecirek_texty_15_let.gif?resize=350%2C200&ssl=1","width":350,"height":200},"classes":[]},{"id":90,"url":"https:\/\/kotrla.com\/pmpro\/2012\/07\/jasan-u-sedmi-bratru\/","url_meta":{"origin":3850,"position":5},"title":"Jasan U sedmi bratr\u016f","author":"Pavel Kotrla","date":"20.7.2012","format":false,"excerpt":"Shodou n\u00e1hod jsem narazil na kr\u00e1tk\u00fd \u010dl\u00e1nek Pov\u011bsti a dohady o star\u00fdch a pam\u00e1tn\u00fdch stromech v \u010cech\u00e1ch, na Morav\u011b a ve Slezsku, kter\u00fd napsal Jan Evangelista Cliadt a kter\u00fd byl publikov\u00e1n v \u010dasopise \u010cesk\u00fd lid, ro\u010d. 17 z roku 1908, ve kter\u00e9m je zmi\u0148ov\u00e1n pam\u00e1tn\u00fd strom u pramene Byst\u0159i\u010dky. Konkr\u00e9tn\u011b\u2026","rel":"","context":"V \u201eByst\u0159i\u010dka\u201c","block_context":{"text":"Byst\u0159i\u010dka","link":"https:\/\/kotrla.com\/pmpro\/category\/bystricka\/"},"img":{"alt_text":"Jasan U sedmi bratr\u016f ","src":"https:\/\/i0.wp.com\/kotrla.com\/pmpro\/images\/uploads\/jasan_u_sedmi_bratru_bystricka.jpg?resize=350%2C200&ssl=1","width":350,"height":200},"classes":[]}],"jetpack_sharing_enabled":true,"_links":{"self":[{"href":"https:\/\/kotrla.com\/pmpro\/wp-json\/wp\/v2\/posts\/3850","targetHints":{"allow":["GET"]}}],"collection":[{"href":"https:\/\/kotrla.com\/pmpro\/wp-json\/wp\/v2\/posts"}],"about":[{"href":"https:\/\/kotrla.com\/pmpro\/wp-json\/wp\/v2\/types\/post"}],"author":[{"embeddable":true,"href":"https:\/\/kotrla.com\/pmpro\/wp-json\/wp\/v2\/users\/1"}],"replies":[{"embeddable":true,"href":"https:\/\/kotrla.com\/pmpro\/wp-json\/wp\/v2\/comments?post=3850"}],"version-history":[{"count":0,"href":"https:\/\/kotrla.com\/pmpro\/wp-json\/wp\/v2\/posts\/3850\/revisions"}],"wp:attachment":[{"href":"https:\/\/kotrla.com\/pmpro\/wp-json\/wp\/v2\/media?parent=3850"}],"wp:term":[{"taxonomy":"category","embeddable":true,"href":"https:\/\/kotrla.com\/pmpro\/wp-json\/wp\/v2\/categories?post=3850"},{"taxonomy":"post_tag","embeddable":true,"href":"https:\/\/kotrla.com\/pmpro\/wp-json\/wp\/v2\/tags?post=3850"}],"curies":[{"name":"wp","href":"https:\/\/api.w.org\/{rel}","templated":true}]}}