{"id":386,"date":"2007-12-29T23:47:00","date_gmt":"2007-12-29T22:47:00","guid":{"rendered":"http:\/\/kotrla.com\/wordpress\/?p=386"},"modified":"2019-11-20T22:35:56","modified_gmt":"2019-11-20T21:35:56","slug":"jedna-archetypalni","status":"publish","type":"post","link":"https:\/\/kotrla.com\/pmpro\/2007\/12\/jedna-archetypalni\/","title":{"rendered":"Jedna archetyp\u00e1ln\u00ed"},"content":{"rendered":"<p><img loading=\"lazy\" decoding=\"async\" src=\"https:\/\/kotrla.com\/pmpro\/images\/uploads\/jedna_archetypalni.jpg\" border=\"0\" alt=\"Jedna archetyp\u00e1ln\u00ed\" width=\"420\" height=\"627\" \/><\/p>\n<p>Prost\u011b je to v\u0161ude kolem \ud83d\ude09<\/p>\n","protected":false},"excerpt":{"rendered":"<p>Prost\u011b je to v\u0161ude kolem \ud83d\ude09<\/p>\n","protected":false},"author":1,"featured_media":0,"comment_status":"open","ping_status":"open","sticky":false,"template":"","format":"standard","meta":{"site-sidebar-layout":"default","site-content-layout":"","ast-site-content-layout":"default","site-content-style":"default","site-sidebar-style":"default","ast-global-header-display":"","ast-banner-title-visibility":"","ast-main-header-display":"","ast-hfb-above-header-display":"","ast-hfb-below-header-display":"","ast-hfb-mobile-header-display":"","site-post-title":"","ast-breadcrumbs-content":"","ast-featured-img":"","footer-sml-layout":"","ast-disable-related-posts":"","theme-transparent-header-meta":"","adv-header-id-meta":"","stick-header-meta":"","header-above-stick-meta":"","header-main-stick-meta":"","header-below-stick-meta":"","astra-migrate-meta-layouts":"default","ast-page-background-enabled":"default","ast-page-background-meta":{"desktop":{"background-color":"var(--ast-global-color-5)","background-image":"","background-repeat":"repeat","background-position":"center center","background-size":"auto","background-attachment":"scroll","background-type":"","background-media":"","overlay-type":"","overlay-color":"","overlay-opacity":"","overlay-gradient":""},"tablet":{"background-color":"","background-image":"","background-repeat":"repeat","background-position":"center center","background-size":"auto","background-attachment":"scroll","background-type":"","background-media":"","overlay-type":"","overlay-color":"","overlay-opacity":"","overlay-gradient":""},"mobile":{"background-color":"","background-image":"","background-repeat":"repeat","background-position":"center center","background-size":"auto","background-attachment":"scroll","background-type":"","background-media":"","overlay-type":"","overlay-color":"","overlay-opacity":"","overlay-gradient":""}},"ast-content-background-meta":{"desktop":{"background-color":"var(--ast-global-color-4)","background-image":"","background-repeat":"repeat","background-position":"center center","background-size":"auto","background-attachment":"scroll","background-type":"","background-media":"","overlay-type":"","overlay-color":"","overlay-opacity":"","overlay-gradient":""},"tablet":{"background-color":"var(--ast-global-color-4)","background-image":"","background-repeat":"repeat","background-position":"center center","background-size":"auto","background-attachment":"scroll","background-type":"","background-media":"","overlay-type":"","overlay-color":"","overlay-opacity":"","overlay-gradient":""},"mobile":{"background-color":"var(--ast-global-color-4)","background-image":"","background-repeat":"repeat","background-position":"center center","background-size":"auto","background-attachment":"scroll","background-type":"","background-media":"","overlay-type":"","overlay-color":"","overlay-opacity":"","overlay-gradient":""}},"jetpack_post_was_ever_published":false,"_jetpack_newsletter_access":"","_jetpack_dont_email_post_to_subs":false,"_jetpack_newsletter_tier_id":0,"_jetpack_memberships_contains_paywalled_content":false,"_jetpack_memberships_contains_paid_content":false,"footnotes":""},"categories":[7],"tags":[],"class_list":["post-386","post","type-post","status-publish","format-standard","hentry","category-fotografie"],"jetpack_featured_media_url":"","jetpack_shortlink":"https:\/\/wp.me\/p4mLP7-6e","jetpack-related-posts":[{"id":310,"url":"https:\/\/kotrla.com\/pmpro\/2008\/12\/ctenar-poezie-tatjana-gromaca\/","url_meta":{"origin":386,"position":0},"title":"\u010cten\u00e1\u0159 poezie: Tatjana Groma\u010da","author":"Pavel Kotrla","date":"17.12.2008","format":false,"excerpt":"Jirka Hrabal se n\u00e1m n\u011bjak rozp\u0159ekl\u00e1dal, a tak kr\u00e1tce po vyd\u00e1n\u00ed pov\u00eddek Sarajevsk\u00e9 Marlboro Miljenko Jergovi\u0107e je tu s novou knihou. Tentokr\u00e1t se jedn\u00e1 o b\u00e1snickou sb\u00edrku chorvatsk\u00e9 autorky Tatjany Groma\u010di N\u011bco nen\u00ed v po\u0159\u00e1dku (vydalo Periplum, 2008). Jej\u00ed b\u00e1sn\u011b m\u016f\u017eete zn\u00e1t z Aluze i Text\u016f. Kniha mohu doporu\u010dit. Vzhledem\u2026","rel":"","context":"V \u201e\u010cten\u00e1\u0159sk\u00fd den\u00edk\u201c","block_context":{"text":"\u010cten\u00e1\u0159sk\u00fd den\u00edk","link":"https:\/\/kotrla.com\/pmpro\/category\/ctenarsky-denik\/"},"img":{"alt_text":"","src":"","width":0,"height":0},"classes":[]},{"id":904,"url":"https:\/\/kotrla.com\/pmpro\/2004\/10\/kdo-je-autorem-nasledujicich-versu-58\/","url_meta":{"origin":386,"position":1},"title":"Kdo je autorem n\u00e1sleduj\u00edc\u00edch ver\u0161\u016f? (58)","author":"Pavel Kotrla","date":"11.10.2004","format":false,"excerpt":"Je pond\u011bl\u00ed, ach! Tady m\u00e1te ot\u00e1zku: Kdo je autorem n\u00e1sleduj\u00edc\u00edho textu? po\u0159\u00e1d p\u00ed\u0161u m\u00e1m skv\u011bl\u00fd kalhoty v\u016fbec sem skv\u011blej ka\u017edej to \u0159\u00edk\u00e1 moje milenka se na m\u011b v\u0161ude vypt\u00e1v\u00e1 je\u0161t\u011b se moc nezn\u00e1me a v\u0161ude m\u011b chv\u00e1lej produkuju kila p\u0159\u00ed\u0161ern\u00fdho psan\u00ed v\u0161e to p\u00e1l\u00edm v okam\u017een\u00ed vypiju 14 piv kdy\u017e\u2026","rel":"","context":"V \u201eKdo je autorem?\u201c","block_context":{"text":"Kdo je autorem?","link":"https:\/\/kotrla.com\/pmpro\/category\/kdo-je-autorem\/"},"img":{"alt_text":"","src":"","width":0,"height":0},"classes":[]},{"id":72,"url":"https:\/\/kotrla.com\/pmpro\/2012\/11\/dve-knihy-o-kulture-obrazu\/","url_meta":{"origin":386,"position":2},"title":"Dv\u011b knihy o kultu\u0159e obrazu","author":"Pavel Kotrla","date":"13.11.2012","format":false,"excerpt":"Posledn\u00ed dny tr\u00e1v\u00edm nad knihou Jaroslava And\u011bla - My\u0161len\u00ed o fotografii I. (Pr\u016fvodce modernitou v antologii text\u016f) (NAMU 2012). Kdybych n\u00e1hodou ned\u00e1vno nesledoval v televizi liter\u00e1rn\u00ed po\u0159ad 333, tak by mi mo\u017en\u00e1 tato komentovan\u00e1 antologie text\u016f z d\u011bjin my\u0161len\u00ed o fotografii unikla. Jsem r\u00e1d, \u017ee se tak nestalo, nebo\u0165 pro\u2026","rel":"","context":"V \u201e\u010cten\u00e1\u0159sk\u00fd den\u00edk\u201c","block_context":{"text":"\u010cten\u00e1\u0159sk\u00fd den\u00edk","link":"https:\/\/kotrla.com\/pmpro\/category\/ctenarsky-denik\/"},"img":{"alt_text":"Jaroslav And\u011bla - My\u0161len\u00ed o fotografii I. (Pr\u016fvodce modernitou v antologii text\u016f) ","src":"https:\/\/i0.wp.com\/kotrla.com\/pmpro\/images\/uploads\/andel-mysleni-o-fotografii.jpg?resize=350%2C200&ssl=1","width":350,"height":200},"classes":[]},{"id":1179,"url":"https:\/\/kotrla.com\/pmpro\/2003\/10\/valasska-krajina-vystava-fotografii\/","url_meta":{"origin":386,"position":3},"title":"Vala\u0161sk\u00e1 krajina &#8211; V\u00fdstava fotografi\u00ed","author":"Pavel Kotrla","date":"27.10.2003","format":false,"excerpt":"\u010cist\u011b n\u00e1hodou jsem narazil na plak\u00e1t 2. ro\u010dn\u00edku v\u00fdstavy Vala\u0161sk\u00e1 krajina, kterou do 31. 10. 2003 m\u016f\u017eete shl\u00e9dnout v muzeu ve Velk\u00fdch Karlovic\u00edch. Nejvy\u0161\u0161\u00ed \u010das. (Pokud si zv\u011bt\u0161\u00edte plak\u00e1t v\u00fdstavy, tak asi zjist\u00edte, \u017ee jedna z fotografi\u00ed se podob\u00e1 t\u00e9 v z\u00e1hlav\u00ed p\u0159\u00edsp\u011bvku. Vala\u0161sko prost\u011b nen\u00ed nijak velk\u00e9, \u017ee. Prost\u011b\u2026","rel":"","context":"V \u201eNeza\u0159azen\u00e9\u201c","block_context":{"text":"Neza\u0159azen\u00e9","link":"https:\/\/kotrla.com\/pmpro\/category\/nezarazene\/"},"img":{"alt_text":"image","src":"https:\/\/i0.wp.com\/kotrla.com\/pmpro\/images\/uploads\/valasska_krajina.jpg?resize=350%2C200&ssl=1","width":350,"height":200},"classes":[]},{"id":537,"url":"https:\/\/kotrla.com\/pmpro\/2006\/07\/jindrich-streit-blizke-svety\/","url_meta":{"origin":386,"position":4},"title":"Jind\u0159ich \u0160treit: Bl\u00edzk\u00e9 sv\u011bty","author":"Pavel Kotrla","date":"22.7.2006","format":false,"excerpt":"Tento v\u00fdznamn\u00fd \u010desk\u00fd fotograf, jeho\u017e fotografie m\u00e1m hodn\u011b r\u00e1d, m\u00e1 ve sv\u00e9m rodn\u00e9m list\u011b jako m\u00edsto narozen\u00ed uveden Vset\u00edn. U p\u0159\u00edle\u017eitosti \u017eivotn\u00edho jubilea nyn\u00ed m\u016f\u017eete ve vset\u00ednsk\u00e9 galerii V Poschod\u00ed a\u017e do 9. z\u00e1\u0159\u00ed prohl\u00e9dnout retrospektivn\u00ed v\u00fdstavu Bl\u00edzk\u00e9 sv\u011bty, kter\u00e1 je v\u011bnovan\u00e1 \u010desk\u00e9mu, francouzsk\u00e9mu a rusk\u00e9mu venkovu. Pokud pojedete kolem,\u2026","rel":"","context":"V \u201eFotografie\u201c","block_context":{"text":"Fotografie","link":"https:\/\/kotrla.com\/pmpro\/category\/fotografie\/"},"img":{"alt_text":"Jind\u0159ich \u0160treit: Bl\u00edzk\u00e9 sv\u011bty","src":"https:\/\/i0.wp.com\/kotrla.com\/pmpro\/images\/uploads\/streit_mezi_svety.jpg?resize=350%2C200&ssl=1","width":350,"height":200},"classes":[]},{"id":215,"url":"https:\/\/kotrla.com\/pmpro\/2010\/04\/ta-jedna-barva-chybi\/","url_meta":{"origin":386,"position":5},"title":"Ta jedna barva chyb\u00ed","author":"Pavel Kotrla","date":"19.4.2010","format":false,"excerpt":"P\u0159\u00ed\u0161ery templetonsk\u00e9 Laureen Groffov\u00e9 jsem si s p\u0159e\u010detl opravdu s chut\u00ed. (Aspo\u0148 kr\u00e1tk\u00e1 recenze by m\u011bla vyj\u00edt v T\u00fdden\u00edku Rozhlas.) Co mne v\u0161ak zaujalo tak\u00e9, je srovn\u00e1n\u00ed ob\u00e1lky americk\u00e9ho a \u010desk\u00e9ho vyd\u00e1n\u00ed. Ta jedna barva, kter\u00e1 na n\u011bkolika m\u00edstech v \u010desk\u00e9m vyd\u00e1n\u00ed vypadla, tam prost\u011b chyb\u00ed. Nebo se jednalo o\u2026","rel":"","context":"V \u201e\u010cten\u00e1\u0159sk\u00fd den\u00edk\u201c","block_context":{"text":"\u010cten\u00e1\u0159sk\u00fd den\u00edk","link":"https:\/\/kotrla.com\/pmpro\/category\/ctenarsky-denik\/"},"img":{"alt_text":"P\u0159\u00ed\u0161ery templetonsk\u00e9","src":"https:\/\/i0.wp.com\/kotrla.com\/pmpro\/images\/uploads\/groffova_prisery.gif?resize=350%2C200&ssl=1","width":350,"height":200},"classes":[]}],"jetpack_sharing_enabled":true,"_links":{"self":[{"href":"https:\/\/kotrla.com\/pmpro\/wp-json\/wp\/v2\/posts\/386","targetHints":{"allow":["GET"]}}],"collection":[{"href":"https:\/\/kotrla.com\/pmpro\/wp-json\/wp\/v2\/posts"}],"about":[{"href":"https:\/\/kotrla.com\/pmpro\/wp-json\/wp\/v2\/types\/post"}],"author":[{"embeddable":true,"href":"https:\/\/kotrla.com\/pmpro\/wp-json\/wp\/v2\/users\/1"}],"replies":[{"embeddable":true,"href":"https:\/\/kotrla.com\/pmpro\/wp-json\/wp\/v2\/comments?post=386"}],"version-history":[{"count":0,"href":"https:\/\/kotrla.com\/pmpro\/wp-json\/wp\/v2\/posts\/386\/revisions"}],"wp:attachment":[{"href":"https:\/\/kotrla.com\/pmpro\/wp-json\/wp\/v2\/media?parent=386"}],"wp:term":[{"taxonomy":"category","embeddable":true,"href":"https:\/\/kotrla.com\/pmpro\/wp-json\/wp\/v2\/categories?post=386"},{"taxonomy":"post_tag","embeddable":true,"href":"https:\/\/kotrla.com\/pmpro\/wp-json\/wp\/v2\/tags?post=386"}],"curies":[{"name":"wp","href":"https:\/\/api.w.org\/{rel}","templated":true}]}}