{"id":3861,"date":"2018-09-28T21:04:51","date_gmt":"2018-09-28T20:04:51","guid":{"rendered":"http:\/\/kotrla.com\/pmpro\/?p=3861"},"modified":"2019-11-20T22:46:31","modified_gmt":"2019-11-20T21:46:31","slug":"navrat-na-misto-cinu","status":"publish","type":"post","link":"https:\/\/kotrla.com\/pmpro\/2018\/09\/navrat-na-misto-cinu\/","title":{"rendered":"N\u00e1vrat na m\u00edsto \u010dinu"},"content":{"rendered":"<p>Tel\u010d. <a href=\"https:\/\/kotrla.com\/pmpro\/2017\/09\/jak-lecit-strach-z-vysek\/\">Tentokr\u00e1t ne na \u0161pi\u010dku v\u011b\u017ee<\/a>, ale pod n\u00ed.<\/p>\n<p><a href=\"https:\/\/kotrla.com\/pmpro\/wp-content\/uploads\/2018\/09\/telc_IMGP6927.jpg\"><img loading=\"lazy\" decoding=\"async\" class=\"alignnone size-full wp-image-3860\" src=\"https:\/\/kotrla.com\/pmpro\/wp-content\/uploads\/2018\/09\/telc_IMGP6927.jpg\" alt=\"\" width=\"2400\" height=\"1596\" srcset=\"https:\/\/kotrla.com\/pmpro\/wp-content\/uploads\/2018\/09\/telc_IMGP6927.jpg 2400w, https:\/\/kotrla.com\/pmpro\/wp-content\/uploads\/2018\/09\/telc_IMGP6927-300x200.jpg 300w, https:\/\/kotrla.com\/pmpro\/wp-content\/uploads\/2018\/09\/telc_IMGP6927-1024x681.jpg 1024w\" sizes=\"auto, (max-width: 2400px) 100vw, 2400px\" \/><\/a> <a href=\"https:\/\/kotrla.com\/pmpro\/wp-content\/uploads\/2018\/09\/telc_IMGP6882.jpg\"><img loading=\"lazy\" decoding=\"async\" class=\"alignnone size-full wp-image-3859\" src=\"https:\/\/kotrla.com\/pmpro\/wp-content\/uploads\/2018\/09\/telc_IMGP6882.jpg\" alt=\"\" width=\"2400\" height=\"1596\" srcset=\"https:\/\/kotrla.com\/pmpro\/wp-content\/uploads\/2018\/09\/telc_IMGP6882.jpg 2400w, https:\/\/kotrla.com\/pmpro\/wp-content\/uploads\/2018\/09\/telc_IMGP6882-300x200.jpg 300w, https:\/\/kotrla.com\/pmpro\/wp-content\/uploads\/2018\/09\/telc_IMGP6882-1024x681.jpg 1024w\" sizes=\"auto, (max-width: 2400px) 100vw, 2400px\" \/><\/a> <a href=\"https:\/\/kotrla.com\/pmpro\/wp-content\/uploads\/2018\/09\/telc_IMGP6875.jpg\"><img loading=\"lazy\" decoding=\"async\" class=\"alignnone size-full wp-image-3858\" src=\"https:\/\/kotrla.com\/pmpro\/wp-content\/uploads\/2018\/09\/telc_IMGP6875.jpg\" alt=\"\" width=\"2400\" height=\"1596\" srcset=\"https:\/\/kotrla.com\/pmpro\/wp-content\/uploads\/2018\/09\/telc_IMGP6875.jpg 2400w, https:\/\/kotrla.com\/pmpro\/wp-content\/uploads\/2018\/09\/telc_IMGP6875-300x200.jpg 300w, https:\/\/kotrla.com\/pmpro\/wp-content\/uploads\/2018\/09\/telc_IMGP6875-1024x681.jpg 1024w\" sizes=\"auto, (max-width: 2400px) 100vw, 2400px\" \/><\/a><\/p>\n","protected":false},"excerpt":{"rendered":"<p>Tel\u010d. Tentokr\u00e1t ne na \u0161pi\u010dku v\u011b\u017ee, ale pod n\u00ed.<\/p>\n","protected":false},"author":1,"featured_media":0,"comment_status":"open","ping_status":"open","sticky":false,"template":"","format":"standard","meta":{"site-sidebar-layout":"default","site-content-layout":"","ast-site-content-layout":"default","site-content-style":"default","site-sidebar-style":"default","ast-global-header-display":"","ast-banner-title-visibility":"","ast-main-header-display":"","ast-hfb-above-header-display":"","ast-hfb-below-header-display":"","ast-hfb-mobile-header-display":"","site-post-title":"","ast-breadcrumbs-content":"","ast-featured-img":"","footer-sml-layout":"","ast-disable-related-posts":"","theme-transparent-header-meta":"","adv-header-id-meta":"","stick-header-meta":"","header-above-stick-meta":"","header-main-stick-meta":"","header-below-stick-meta":"","astra-migrate-meta-layouts":"default","ast-page-background-enabled":"default","ast-page-background-meta":{"desktop":{"background-color":"var(--ast-global-color-5)","background-image":"","background-repeat":"repeat","background-position":"center center","background-size":"auto","background-attachment":"scroll","background-type":"","background-media":"","overlay-type":"","overlay-color":"","overlay-opacity":"","overlay-gradient":""},"tablet":{"background-color":"","background-image":"","background-repeat":"repeat","background-position":"center center","background-size":"auto","background-attachment":"scroll","background-type":"","background-media":"","overlay-type":"","overlay-color":"","overlay-opacity":"","overlay-gradient":""},"mobile":{"background-color":"","background-image":"","background-repeat":"repeat","background-position":"center center","background-size":"auto","background-attachment":"scroll","background-type":"","background-media":"","overlay-type":"","overlay-color":"","overlay-opacity":"","overlay-gradient":""}},"ast-content-background-meta":{"desktop":{"background-color":"var(--ast-global-color-4)","background-image":"","background-repeat":"repeat","background-position":"center center","background-size":"auto","background-attachment":"scroll","background-type":"","background-media":"","overlay-type":"","overlay-color":"","overlay-opacity":"","overlay-gradient":""},"tablet":{"background-color":"var(--ast-global-color-4)","background-image":"","background-repeat":"repeat","background-position":"center center","background-size":"auto","background-attachment":"scroll","background-type":"","background-media":"","overlay-type":"","overlay-color":"","overlay-opacity":"","overlay-gradient":""},"mobile":{"background-color":"var(--ast-global-color-4)","background-image":"","background-repeat":"repeat","background-position":"center center","background-size":"auto","background-attachment":"scroll","background-type":"","background-media":"","overlay-type":"","overlay-color":"","overlay-opacity":"","overlay-gradient":""}},"jetpack_post_was_ever_published":false,"_jetpack_newsletter_access":"","_jetpack_dont_email_post_to_subs":false,"_jetpack_newsletter_tier_id":0,"_jetpack_memberships_contains_paywalled_content":false,"_jetpack_memberships_contains_paid_content":false,"footnotes":""},"categories":[7,3],"tags":[],"class_list":["post-3861","post","type-post","status-publish","format-standard","hentry","category-fotografie","category-osobni"],"jetpack_featured_media_url":"","jetpack_shortlink":"https:\/\/wp.me\/p4mLP7-10h","jetpack-related-posts":[{"id":6692,"url":"https:\/\/kotrla.com\/pmpro\/2020\/07\/vylet-do-oblak\/","url_meta":{"origin":3861,"position":0},"title":"V\u00fdlet do oblak","author":"Pavel Kotrla","date":"20.7.2020","format":false,"excerpt":"V\u00fdlet na \u0161pi\u010dku v\u011b\u017ee olomouck\u00e9 radnice v minul\u00e9m t\u00fddnu. Hmm, kdy\u017e jste nem\u011bli nebo nem\u00e1te r\u00e1di v\u00fd\u0161ky, je \u201eskv\u011bl\u00e9\u201c se a\u017e tam nahoru vy\u0161plhat s fo\u0165\u00e1kem a batohem objektiv\u016f. Fotku z dronu jsem nefotil, ale n\u011bkter\u00e1 ta \u017elut\u00e1 te\u010dka bych b\u00fdt mohl. V\u00fdhled je tam ale kr\u00e1sn\u00fd. Jinak zved\u00e1n\u00ed je\u2026","rel":"","context":"V \u201eFotografie\u201c","block_context":{"text":"Fotografie","link":"https:\/\/kotrla.com\/pmpro\/category\/fotografie\/"},"img":{"alt_text":"Olomouc - panorama","src":"https:\/\/i0.wp.com\/kotrla.com\/pmpro\/wp-content\/uploads\/2020\/07\/olomouc_panorama_IMGP6949-150x150.jpg?resize=350%2C200&ssl=1","width":350,"height":200,"srcset":"https:\/\/i0.wp.com\/kotrla.com\/pmpro\/wp-content\/uploads\/2020\/07\/olomouc_panorama_IMGP6949-150x150.jpg?resize=350%2C200&ssl=1 1x, https:\/\/i0.wp.com\/kotrla.com\/pmpro\/wp-content\/uploads\/2020\/07\/olomouc_panorama_IMGP6949-150x150.jpg?resize=525%2C300&ssl=1 1.5x, https:\/\/i0.wp.com\/kotrla.com\/pmpro\/wp-content\/uploads\/2020\/07\/olomouc_panorama_IMGP6949-150x150.jpg?resize=700%2C400&ssl=1 2x, https:\/\/i0.wp.com\/kotrla.com\/pmpro\/wp-content\/uploads\/2020\/07\/olomouc_panorama_IMGP6949-150x150.jpg?resize=1050%2C600&ssl=1 3x, https:\/\/i0.wp.com\/kotrla.com\/pmpro\/wp-content\/uploads\/2020\/07\/olomouc_panorama_IMGP6949-150x150.jpg?resize=1400%2C800&ssl=1 4x"},"classes":[]},{"id":2853,"url":"https:\/\/kotrla.com\/pmpro\/2016\/09\/mene-obvykle\/","url_meta":{"origin":3861,"position":1},"title":"M\u00e9n\u011b obvykl\u00e9","author":"Pavel Kotrla","date":"4.9.2016","format":false,"excerpt":"V\u00fd\u0161ky neb\u00fdvaly moje. A ani p\u0159\u00edli\u0161 nejsou. Ale jsou m\u00edsta, kam se b\u011b\u017en\u011b nepod\u00edv\u00e1te. A tento t\u00fdden jich bylo hned n\u011bkolik. T\u0159eba st\u0159echa a v\u011b\u017ee T\u00fdnsk\u00e9ho chr\u00e1mu. M\u00e9n\u011b obvykl\u00fd pohled na Pra\u017esk\u00fd hrad a kostel sv. Mikul\u00e1\u0161e p\u0159es k\u0159\u00ed\u017e T\u00fdnsk\u00e9ho chr\u00e1mu. V\u011b\u017e ukr\u00fdv\u00e1\u00a0druh\u00fd nejv\u011bt\u0161\u00ed pra\u017esk\u00fd zvon. Do v\u011b\u017e\u00ed...","rel":"","context":"V \u201eFotografie\u201c","block_context":{"text":"Fotografie","link":"https:\/\/kotrla.com\/pmpro\/category\/fotografie\/"},"img":{"alt_text":"","src":"https:\/\/i0.wp.com\/kotrla.com\/pmpro\/wp-content\/uploads\/2016\/09\/tynsky_chram_IMGP6107.jpg?resize=350%2C200&ssl=1","width":350,"height":200,"srcset":"https:\/\/i0.wp.com\/kotrla.com\/pmpro\/wp-content\/uploads\/2016\/09\/tynsky_chram_IMGP6107.jpg?resize=350%2C200&ssl=1 1x, https:\/\/i0.wp.com\/kotrla.com\/pmpro\/wp-content\/uploads\/2016\/09\/tynsky_chram_IMGP6107.jpg?resize=525%2C300&ssl=1 1.5x, https:\/\/i0.wp.com\/kotrla.com\/pmpro\/wp-content\/uploads\/2016\/09\/tynsky_chram_IMGP6107.jpg?resize=700%2C400&ssl=1 2x, https:\/\/i0.wp.com\/kotrla.com\/pmpro\/wp-content\/uploads\/2016\/09\/tynsky_chram_IMGP6107.jpg?resize=1050%2C600&ssl=1 3x"},"classes":[]},{"id":9672,"url":"https:\/\/kotrla.com\/pmpro\/2022\/06\/navrat-na-vrsatec\/","url_meta":{"origin":3861,"position":2},"title":"N\u00e1vrat na Vr\u0161atec","author":"Pavel Kotrla","date":"5.6.2022","format":false,"excerpt":"N\u00e1vrat na Vr\u0161atec je v\u017edycky fajn. Dva roky jsme museli vypustit. Minul\u00fd t\u00fdden sice prob\u011bhl oproti rok\u016fm p\u0159edchoz\u00edm ve zrychlen\u00e9 variant\u011b, ale i tak to st\u00e1lo za to.","rel":"","context":"V \u201eOsobn\u00ed\u201c","block_context":{"text":"Osobn\u00ed","link":"https:\/\/kotrla.com\/pmpro\/category\/osobni\/"},"img":{"alt_text":"","src":"https:\/\/i0.wp.com\/kotrla.com\/pmpro\/wp-content\/uploads\/2022\/06\/vrsatec_IMGP0814-150x150.jpg?resize=350%2C200&ssl=1","width":350,"height":200,"srcset":"https:\/\/i0.wp.com\/kotrla.com\/pmpro\/wp-content\/uploads\/2022\/06\/vrsatec_IMGP0814-150x150.jpg?resize=350%2C200&ssl=1 1x, https:\/\/i0.wp.com\/kotrla.com\/pmpro\/wp-content\/uploads\/2022\/06\/vrsatec_IMGP0814-150x150.jpg?resize=525%2C300&ssl=1 1.5x, https:\/\/i0.wp.com\/kotrla.com\/pmpro\/wp-content\/uploads\/2022\/06\/vrsatec_IMGP0814-150x150.jpg?resize=700%2C400&ssl=1 2x, https:\/\/i0.wp.com\/kotrla.com\/pmpro\/wp-content\/uploads\/2022\/06\/vrsatec_IMGP0814-150x150.jpg?resize=1050%2C600&ssl=1 3x, https:\/\/i0.wp.com\/kotrla.com\/pmpro\/wp-content\/uploads\/2022\/06\/vrsatec_IMGP0814-150x150.jpg?resize=1400%2C800&ssl=1 4x"},"classes":[]},{"id":248,"url":"https:\/\/kotrla.com\/pmpro\/2009\/09\/potkat-pratele-je-milo-aneb-mezi-nami-zviraty-v-opave\/","url_meta":{"origin":3861,"position":3},"title":"Potkat p\u0159\u00e1tele je milo aneb Mezi n\u00e1mi zv\u00ed\u0159aty (v Opav\u011b)","author":"Pavel Kotrla","date":"30.9.2009","format":false,"excerpt":"Byl to p\u011bkn\u00fd den. Vlastn\u011b dvouden. Ale kdy\u017e se nejdete sp\u00e1t, tak to v\u017edycky po\u010d\u00edt\u00e1m za jeden. \u010clov\u011bk aspo\u0148 pomaleji st\u00e1rne. Nechal jsem se zas jednou ukecat a p\u0159ed \u010dtrn\u00e1cti dny vyrazil s p\u0159\u00edsp\u011bvkem na konferenci. Tentokr\u00e1t v\u011bnovanou liter\u00e1rn\u00ed kritice a konanou v r\u00e1mci multikulturn\u00edho festivalu Bezru\u010dova Opava. Konference jak\u2026","rel":"","context":"V \u201eFotografie\u201c","block_context":{"text":"Fotografie","link":"https:\/\/kotrla.com\/pmpro\/category\/fotografie\/"},"img":{"alt_text":"Bo\u017eena Spr\u00e1vcov\u00e1 a Jakub Chrob\u00e1k","src":"https:\/\/i0.wp.com\/kotrla.com\/pmpro\/images\/uploads\/bozena_jakub_IGP9755.jpg?resize=350%2C200&ssl=1","width":350,"height":200},"classes":[]},{"id":3995,"url":"https:\/\/kotrla.com\/pmpro\/2018\/11\/udelat-si-radost-v-praci\/","url_meta":{"origin":3861,"position":4},"title":"Ud\u011blat si radost v pr\u00e1ci","author":"Pavel Kotrla","date":"29.11.2018","format":false,"excerpt":"Tak i n\u011bco pracovn\u00edho. Vydat si kn\u00ed\u017eku v pr\u00e1ci? Pro\u010d ne :) Vymyslet, napsat\/sestavit (propa\u0161ovat do n\u00ed aspo\u0148 zm\u00ednky o literatu\u0159e), z v\u011bt\u0161\u00ed poloviny nafotit, vys\u00e1zet. Otev\u0159en\u00e1 vazba V8 s \u010dervenou nit\u00ed, ra\u017eba do \u010dern\u00fdch lepenkov\u00fdch desek, uvnit\u0159 Olin Natural White 150 g. \u010casto na m\u00edstech pro b\u011b\u017en\u00e9 n\u00e1v\u0161t\u011bvn\u00edky nep\u0159\u00edstupn\u00fdch.\u2026","rel":"","context":"V \u201eFotografie\u201c","block_context":{"text":"Fotografie","link":"https:\/\/kotrla.com\/pmpro\/category\/fotografie\/"},"img":{"alt_text":"","src":"https:\/\/i0.wp.com\/kotrla.com\/pmpro\/wp-content\/uploads\/2018\/11\/hbd_tradice_01-150x150.jpg?resize=350%2C200&ssl=1","width":350,"height":200,"srcset":"https:\/\/i0.wp.com\/kotrla.com\/pmpro\/wp-content\/uploads\/2018\/11\/hbd_tradice_01-150x150.jpg?resize=350%2C200&ssl=1 1x, https:\/\/i0.wp.com\/kotrla.com\/pmpro\/wp-content\/uploads\/2018\/11\/hbd_tradice_01-150x150.jpg?resize=525%2C300&ssl=1 1.5x, https:\/\/i0.wp.com\/kotrla.com\/pmpro\/wp-content\/uploads\/2018\/11\/hbd_tradice_01-150x150.jpg?resize=700%2C400&ssl=1 2x, https:\/\/i0.wp.com\/kotrla.com\/pmpro\/wp-content\/uploads\/2018\/11\/hbd_tradice_01-150x150.jpg?resize=1050%2C600&ssl=1 3x, https:\/\/i0.wp.com\/kotrla.com\/pmpro\/wp-content\/uploads\/2018\/11\/hbd_tradice_01-150x150.jpg?resize=1400%2C800&ssl=1 4x"},"classes":[]},{"id":645,"url":"https:\/\/kotrla.com\/pmpro\/2005\/12\/navrat-ztraceneho-syna\/","url_meta":{"origin":3861,"position":5},"title":"N\u00e1vrat ztracen\u00e9ho syna","author":"Pavel Kotrla","date":"12.12.2005","format":false,"excerpt":"No, posledn\u00ed t\u00fdden byl fakt hektick\u00fd. Nejprve nefungovala elektrika. Pak na http:\/\/pipni.cz na placen\u00e9m hostingu nasadili nejnov\u011bj\u0161\u00ed verzi PHP5. Jak bylo patrno, posti\u017een\u00fdch ne\u0161\u0165astn\u00edk\u016f \u010desk\u00e9ho internetu bylo (a je) mnohem v\u00edc a nen\u00ed to ot\u00e1zka jednoho konkr\u00e9tn\u00edho scriptu. N\u011bjak na ten souboj nov\u00fdch verz\u00ed nem\u00e1m nervy. A tak jsem po\u017e\u00e1dal\u2026","rel":"","context":"V \u201eOsobn\u00ed\u201c","block_context":{"text":"Osobn\u00ed","link":"https:\/\/kotrla.com\/pmpro\/category\/osobni\/"},"img":{"alt_text":"","src":"","width":0,"height":0},"classes":[]}],"jetpack_sharing_enabled":true,"_links":{"self":[{"href":"https:\/\/kotrla.com\/pmpro\/wp-json\/wp\/v2\/posts\/3861","targetHints":{"allow":["GET"]}}],"collection":[{"href":"https:\/\/kotrla.com\/pmpro\/wp-json\/wp\/v2\/posts"}],"about":[{"href":"https:\/\/kotrla.com\/pmpro\/wp-json\/wp\/v2\/types\/post"}],"author":[{"embeddable":true,"href":"https:\/\/kotrla.com\/pmpro\/wp-json\/wp\/v2\/users\/1"}],"replies":[{"embeddable":true,"href":"https:\/\/kotrla.com\/pmpro\/wp-json\/wp\/v2\/comments?post=3861"}],"version-history":[{"count":0,"href":"https:\/\/kotrla.com\/pmpro\/wp-json\/wp\/v2\/posts\/3861\/revisions"}],"wp:attachment":[{"href":"https:\/\/kotrla.com\/pmpro\/wp-json\/wp\/v2\/media?parent=3861"}],"wp:term":[{"taxonomy":"category","embeddable":true,"href":"https:\/\/kotrla.com\/pmpro\/wp-json\/wp\/v2\/categories?post=3861"},{"taxonomy":"post_tag","embeddable":true,"href":"https:\/\/kotrla.com\/pmpro\/wp-json\/wp\/v2\/tags?post=3861"}],"curies":[{"name":"wp","href":"https:\/\/api.w.org\/{rel}","templated":true}]}}