{"id":387,"date":"2007-12-29T00:01:00","date_gmt":"2007-12-28T23:01:00","guid":{"rendered":"http:\/\/kotrla.com\/wordpress\/?p=387"},"modified":"2019-11-20T22:35:56","modified_gmt":"2019-11-20T21:35:56","slug":"nad-inverzi","status":"publish","type":"post","link":"https:\/\/kotrla.com\/pmpro\/2007\/12\/nad-inverzi\/","title":{"rendered":"Nad inverz\u00ed"},"content":{"rendered":"<p><img loading=\"lazy\" decoding=\"async\" src=\"https:\/\/kotrla.com\/pmpro\/images\/uploads\/nad_inverzi.jpg\" border=\"0\" alt=\"Nad inverz\u00ed\" width=\"420\" height=\"281\" \/><\/p>\n<p>Naho\u0159e slunn\u00e1 idylka. A dole po\u0161mourno a nevl\u00eddno.<\/p>\n","protected":false},"excerpt":{"rendered":"<p>Naho\u0159e slunn\u00e1 idylka. A dole po\u0161mourno a nevl\u00eddno.<\/p>\n","protected":false},"author":1,"featured_media":0,"comment_status":"open","ping_status":"open","sticky":false,"template":"","format":"standard","meta":{"site-sidebar-layout":"default","site-content-layout":"","ast-site-content-layout":"default","site-content-style":"default","site-sidebar-style":"default","ast-global-header-display":"","ast-banner-title-visibility":"","ast-main-header-display":"","ast-hfb-above-header-display":"","ast-hfb-below-header-display":"","ast-hfb-mobile-header-display":"","site-post-title":"","ast-breadcrumbs-content":"","ast-featured-img":"","footer-sml-layout":"","ast-disable-related-posts":"","theme-transparent-header-meta":"","adv-header-id-meta":"","stick-header-meta":"","header-above-stick-meta":"","header-main-stick-meta":"","header-below-stick-meta":"","astra-migrate-meta-layouts":"default","ast-page-background-enabled":"default","ast-page-background-meta":{"desktop":{"background-color":"var(--ast-global-color-5)","background-image":"","background-repeat":"repeat","background-position":"center center","background-size":"auto","background-attachment":"scroll","background-type":"","background-media":"","overlay-type":"","overlay-color":"","overlay-opacity":"","overlay-gradient":""},"tablet":{"background-color":"","background-image":"","background-repeat":"repeat","background-position":"center center","background-size":"auto","background-attachment":"scroll","background-type":"","background-media":"","overlay-type":"","overlay-color":"","overlay-opacity":"","overlay-gradient":""},"mobile":{"background-color":"","background-image":"","background-repeat":"repeat","background-position":"center center","background-size":"auto","background-attachment":"scroll","background-type":"","background-media":"","overlay-type":"","overlay-color":"","overlay-opacity":"","overlay-gradient":""}},"ast-content-background-meta":{"desktop":{"background-color":"var(--ast-global-color-4)","background-image":"","background-repeat":"repeat","background-position":"center center","background-size":"auto","background-attachment":"scroll","background-type":"","background-media":"","overlay-type":"","overlay-color":"","overlay-opacity":"","overlay-gradient":""},"tablet":{"background-color":"var(--ast-global-color-4)","background-image":"","background-repeat":"repeat","background-position":"center center","background-size":"auto","background-attachment":"scroll","background-type":"","background-media":"","overlay-type":"","overlay-color":"","overlay-opacity":"","overlay-gradient":""},"mobile":{"background-color":"var(--ast-global-color-4)","background-image":"","background-repeat":"repeat","background-position":"center center","background-size":"auto","background-attachment":"scroll","background-type":"","background-media":"","overlay-type":"","overlay-color":"","overlay-opacity":"","overlay-gradient":""}},"jetpack_post_was_ever_published":false,"_jetpack_newsletter_access":"","_jetpack_dont_email_post_to_subs":false,"_jetpack_newsletter_tier_id":0,"_jetpack_memberships_contains_paywalled_content":false,"_jetpack_memberships_contains_paid_content":false,"footnotes":""},"categories":[7],"tags":[],"class_list":["post-387","post","type-post","status-publish","format-standard","hentry","category-fotografie"],"jetpack_featured_media_url":"","jetpack_shortlink":"https:\/\/wp.me\/p4mLP7-6f","jetpack-related-posts":[{"id":575,"url":"https:\/\/kotrla.com\/pmpro\/2006\/04\/stari-dobri-jiri-kolar-cix\/","url_meta":{"origin":387,"position":0},"title":"STA\u0158\u00cd DOB\u0158\u00cd: Ji\u0159\u00ed Kol\u00e1\u0159 (CIX.)","author":"Pavel Kotrla","date":"16.4.2006","format":false,"excerpt":"B\u00e1sn\u00edk, dramatik, v\u00fdtvarn\u00edk, ale i p\u0159ekladatel (* 24. 9. 1914 Protiv\u00edn, \u2020 11. 8. 2002 Praha). OLOV\u011aN\u00dd POPEL NAHO\u0158E, olov\u011bn\u00e9 bl\u00e1to dole. A mu\u017ei na lo\u010fk\u00e1ch hled\u00ed a \u010dekaj\u00ed. Je mrtvo pod hladinou dnes, nah\u00e1zeli jsme \u010dervy, nasadili krev, ale voda se nepohne. Voda naho\u0159e, voda dole. Vodo naho\u0159e a\u2026","rel":"","context":"V \u201eSta\u0159\u00ed dob\u0159\u00ed\u201c","block_context":{"text":"Sta\u0159\u00ed dob\u0159\u00ed","link":"https:\/\/kotrla.com\/pmpro\/category\/stari-dobri\/"},"img":{"alt_text":"Ji\u0159\u00ed Kol\u00e1\u0159","src":"https:\/\/i0.wp.com\/kotrla.com\/pmpro\/images\/uploads\/jiri_kolar.jpg?resize=350%2C200&ssl=1","width":350,"height":200},"classes":[]},{"id":325,"url":"https:\/\/kotrla.com\/pmpro\/2008\/09\/vzpominka-na-slunne-dny\/","url_meta":{"origin":387,"position":1},"title":"Vzpom\u00ednka na slunn\u00e9 dny","author":"Pavel Kotrla","date":"19.9.2008","format":false,"excerpt":"","rel":"","context":"V \u201eFotografie\u201c","block_context":{"text":"Fotografie","link":"https:\/\/kotrla.com\/pmpro\/category\/fotografie\/"},"img":{"alt_text":"vzpom\u00ednka na slunn\u00e9 dny","src":"https:\/\/i0.wp.com\/kotrla.com\/pmpro\/images\/uploads\/vzpominka.jpg?resize=350%2C200&ssl=1","width":350,"height":200},"classes":[]},{"id":10308,"url":"https:\/\/kotrla.com\/pmpro\/2023\/03\/par-pohledu-z-oci-do-oci\/","url_meta":{"origin":387,"position":2},"title":"P\u00e1r pohled\u016f z o\u010d\u00ed do o\u010d\u00ed&#8230;","author":"Pavel Kotrla","date":"26.3.2023","format":false,"excerpt":"...na brn\u011bnsk\u00e9m kostele sv. Jakuba. P\u00e1te\u010dn\u00ed n\u00e1v\u0161t\u011bva a zas trochu nad zem\u00ed. N\u011bkter\u00e9 z u\u0159ezan\u00fdch hlav si m\u016f\u017eete prohl\u00e9dnout dole v kostele. Kamenn\u00e9 prvky jsou postupn\u011b obnovov\u00e1ny. Gotick\u00e1 pam\u00e1tka proch\u00e1z\u00ed n\u00e1ro\u010dnou rekonstrukc\u00ed, kter\u00e9 jsou v\u011bnov\u00e1ny str\u00e1nky https:\/\/otevreno.svatyjakub.cz A ten prdelat\u00fd nah\u00e1\u010d? P\u0159e\u010dt\u011bte si pov\u011bst O neslu\u0161n\u00e9m mu\u017e\u00ed\u010dkovi u sv. Jakuba.\u2026","rel":"","context":"V \u201eFotografie\u201c","block_context":{"text":"Fotografie","link":"https:\/\/kotrla.com\/pmpro\/category\/fotografie\/"},"img":{"alt_text":"","src":"https:\/\/i0.wp.com\/kotrla.com\/pmpro\/wp-content\/uploads\/2023\/03\/brno_kostel_sv_jakuba_IMGP5261-150x150.jpg?resize=350%2C200&ssl=1","width":350,"height":200,"srcset":"https:\/\/i0.wp.com\/kotrla.com\/pmpro\/wp-content\/uploads\/2023\/03\/brno_kostel_sv_jakuba_IMGP5261-150x150.jpg?resize=350%2C200&ssl=1 1x, https:\/\/i0.wp.com\/kotrla.com\/pmpro\/wp-content\/uploads\/2023\/03\/brno_kostel_sv_jakuba_IMGP5261-150x150.jpg?resize=525%2C300&ssl=1 1.5x, https:\/\/i0.wp.com\/kotrla.com\/pmpro\/wp-content\/uploads\/2023\/03\/brno_kostel_sv_jakuba_IMGP5261-150x150.jpg?resize=700%2C400&ssl=1 2x, https:\/\/i0.wp.com\/kotrla.com\/pmpro\/wp-content\/uploads\/2023\/03\/brno_kostel_sv_jakuba_IMGP5261-150x150.jpg?resize=1050%2C600&ssl=1 3x, https:\/\/i0.wp.com\/kotrla.com\/pmpro\/wp-content\/uploads\/2023\/03\/brno_kostel_sv_jakuba_IMGP5261-150x150.jpg?resize=1400%2C800&ssl=1 4x"},"classes":[]},{"id":351,"url":"https:\/\/kotrla.com\/pmpro\/2008\/05\/prehrada-rekonstrukce\/","url_meta":{"origin":387,"position":3},"title":"P\u0159ehrada: rekonstrukce","author":"Pavel Kotrla","date":"10.5.2008","format":false,"excerpt":"K st\u00e9mu v\u00fdro\u010d\u00ed dostane p\u0159ehrada na Byst\u0159i\u010dce nov\u00fd p\u0159eliv a most. Trochu v\u00edce vody trochu d\u0159\u00edve t\u011bm dole ;) (Odkaz vede do galerie, kde jsou fotografie ve v\u011bt\u0161\u00edm rozli\u0161en\u00ed.)","rel":"","context":"V \u201eFotografie\u201c","block_context":{"text":"Fotografie","link":"https:\/\/kotrla.com\/pmpro\/category\/fotografie\/"},"img":{"alt_text":"image","src":"https:\/\/i0.wp.com\/kotrla.com\/pmpro\/images\/uploads\/2008_prehrada_preliv_420.jpg?resize=350%2C200&ssl=1","width":350,"height":200},"classes":[]},{"id":539,"url":"https:\/\/kotrla.com\/pmpro\/2006\/07\/nebe\/","url_meta":{"origin":387,"position":4},"title":"Nebe","author":"Pavel Kotrla","date":"17.7.2006","format":false,"excerpt":"","rel":"","context":"V \u201eFotografie\u201c","block_context":{"text":"Fotografie","link":"https:\/\/kotrla.com\/pmpro\/category\/fotografie\/"},"img":{"alt_text":"Nebe nad Pr\u017enem","src":"https:\/\/i0.wp.com\/kotrla.com\/pmpro\/images\/uploads\/przno_nebe.jpg?resize=350%2C200&ssl=1","width":350,"height":200},"classes":[]},{"id":3764,"url":"https:\/\/kotrla.com\/pmpro\/2018\/07\/hrobka-rodu-von-baillou\/","url_meta":{"origin":387,"position":5},"title":"Hrobka rodu von Baillou","author":"Pavel Kotrla","date":"29.7.2018","format":false,"excerpt":"Jedna z m\u00fdch obl\u00edben\u00fdch staveb (Hustope\u010de nad Be\u010dvou). Info na str\u00e1n\u00e1ch Po\u0161kozen\u00e9 a zni\u010den\u00e9 kostely, kaple a synagogy v \u010cesk\u00e9 republice Info na str\u00e1nk\u00e1ch Hrady.cz","rel":"","context":"V \u201eFotografie\u201c","block_context":{"text":"Fotografie","link":"https:\/\/kotrla.com\/pmpro\/category\/fotografie\/"},"img":{"alt_text":"","src":"https:\/\/i0.wp.com\/kotrla.com\/pmpro\/wp-content\/uploads\/2018\/07\/hrobka_hustopece_nad_becvou.jpg?resize=350%2C200&ssl=1","width":350,"height":200,"srcset":"https:\/\/i0.wp.com\/kotrla.com\/pmpro\/wp-content\/uploads\/2018\/07\/hrobka_hustopece_nad_becvou.jpg?resize=350%2C200&ssl=1 1x, https:\/\/i0.wp.com\/kotrla.com\/pmpro\/wp-content\/uploads\/2018\/07\/hrobka_hustopece_nad_becvou.jpg?resize=525%2C300&ssl=1 1.5x, https:\/\/i0.wp.com\/kotrla.com\/pmpro\/wp-content\/uploads\/2018\/07\/hrobka_hustopece_nad_becvou.jpg?resize=700%2C400&ssl=1 2x, https:\/\/i0.wp.com\/kotrla.com\/pmpro\/wp-content\/uploads\/2018\/07\/hrobka_hustopece_nad_becvou.jpg?resize=1050%2C600&ssl=1 3x, https:\/\/i0.wp.com\/kotrla.com\/pmpro\/wp-content\/uploads\/2018\/07\/hrobka_hustopece_nad_becvou.jpg?resize=1400%2C800&ssl=1 4x"},"classes":[]}],"jetpack_sharing_enabled":true,"_links":{"self":[{"href":"https:\/\/kotrla.com\/pmpro\/wp-json\/wp\/v2\/posts\/387","targetHints":{"allow":["GET"]}}],"collection":[{"href":"https:\/\/kotrla.com\/pmpro\/wp-json\/wp\/v2\/posts"}],"about":[{"href":"https:\/\/kotrla.com\/pmpro\/wp-json\/wp\/v2\/types\/post"}],"author":[{"embeddable":true,"href":"https:\/\/kotrla.com\/pmpro\/wp-json\/wp\/v2\/users\/1"}],"replies":[{"embeddable":true,"href":"https:\/\/kotrla.com\/pmpro\/wp-json\/wp\/v2\/comments?post=387"}],"version-history":[{"count":0,"href":"https:\/\/kotrla.com\/pmpro\/wp-json\/wp\/v2\/posts\/387\/revisions"}],"wp:attachment":[{"href":"https:\/\/kotrla.com\/pmpro\/wp-json\/wp\/v2\/media?parent=387"}],"wp:term":[{"taxonomy":"category","embeddable":true,"href":"https:\/\/kotrla.com\/pmpro\/wp-json\/wp\/v2\/categories?post=387"},{"taxonomy":"post_tag","embeddable":true,"href":"https:\/\/kotrla.com\/pmpro\/wp-json\/wp\/v2\/tags?post=387"}],"curies":[{"name":"wp","href":"https:\/\/api.w.org\/{rel}","templated":true}]}}