{"id":392,"date":"2007-12-06T16:40:00","date_gmt":"2007-12-06T15:40:00","guid":{"rendered":"http:\/\/kotrla.com\/wordpress\/?p=392"},"modified":"2019-11-20T22:35:57","modified_gmt":"2019-11-20T21:35:57","slug":"dybbuk-pekne-stranky-par-knih-zdarma-ale","status":"publish","type":"post","link":"https:\/\/kotrla.com\/pmpro\/2007\/12\/dybbuk-pekne-stranky-par-knih-zdarma-ale\/","title":{"rendered":"Dybbuk: p\u011bkn\u00e9 str\u00e1nky, p\u00e1r knih zdarma, ale&#8230;"},"content":{"rendered":"<p>\u010cas od \u010dasu se posledn\u00ed dobou objev\u00ed nov\u00e9 liter\u00e1rn\u00ed str\u00e1nky, kter\u00e9 zaujmou. Po nov\u00fdch str\u00e1nk\u00e1ch <a href=\"http:\/\/www.martinreiner.cz\">Martina Reinera<\/a>, jsou to t\u00e9\u017e nap\u0159\u00edklad str\u00e1nky nakladatelstv\u00ed <a href=\"http:\/\/www.dybbuk.cz\">Dubbuk<\/a>. Grafikou pot\u011b\u0161\u00ed. Takt\u00e9\u017e t\u00edm, \u017ee obsahuj\u00ed nakladatelsk\u00fd blog nebo n\u011bkolik relativn\u011b zaj\u00edmav\u00fdch knih. Ano, n\u011bjak takto se mi to lib\u00ed. Ale&#8230; Kdo \u010detl polemiku v posledn\u00edch <a href=\"http:\/\/www.itvar.cz\">Tvarech<\/a>, tak v\u00ed. Kdo ne nech\u0165 p\u00e1tr\u00e1. V tomto sporu stoj\u00edm osobn\u011b sp\u00ed\u0161e na stran\u011b b\u00e1sn\u00edka Petra Kr\u00e1le.<\/p>\n<p>Souvisej\u00edc\u00ed:<br \/>\n<a href=\"http:\/\/www.nokturno.net\/clanek.php?clanek=547\">(pa)Tvar 19\/07<\/a><\/p>\n","protected":false},"excerpt":{"rendered":"<p>\u010cas od \u010dasu se posledn\u00ed dobou objev\u00ed nov\u00e9 liter\u00e1rn\u00ed str\u00e1nky, kter\u00e9 zaujmou. Po nov\u00fdch str\u00e1nk\u00e1ch Martina Reinera, jsou to t\u00e9\u017e nap\u0159\u00edklad str\u00e1nky nakladatelstv\u00ed Dubbuk. Grafikou pot\u011b\u0161\u00ed. Takt\u00e9\u017e t\u00edm, \u017ee obsahuj\u00ed nakladatelsk\u00fd blog nebo n\u011bkolik relativn\u011b zaj\u00edmav\u00fdch knih. Ano, n\u011bjak takto se mi to lib\u00ed. Ale&#8230; Kdo \u010detl polemiku v posledn\u00edch Tvarech, tak v\u00ed. Kdo ne [&hellip;]<\/p>\n","protected":false},"author":1,"featured_media":0,"comment_status":"open","ping_status":"open","sticky":false,"template":"","format":"standard","meta":{"site-sidebar-layout":"default","site-content-layout":"","ast-site-content-layout":"default","site-content-style":"default","site-sidebar-style":"default","ast-global-header-display":"","ast-banner-title-visibility":"","ast-main-header-display":"","ast-hfb-above-header-display":"","ast-hfb-below-header-display":"","ast-hfb-mobile-header-display":"","site-post-title":"","ast-breadcrumbs-content":"","ast-featured-img":"","footer-sml-layout":"","ast-disable-related-posts":"","theme-transparent-header-meta":"","adv-header-id-meta":"","stick-header-meta":"","header-above-stick-meta":"","header-main-stick-meta":"","header-below-stick-meta":"","astra-migrate-meta-layouts":"default","ast-page-background-enabled":"default","ast-page-background-meta":{"desktop":{"background-color":"var(--ast-global-color-5)","background-image":"","background-repeat":"repeat","background-position":"center center","background-size":"auto","background-attachment":"scroll","background-type":"","background-media":"","overlay-type":"","overlay-color":"","overlay-opacity":"","overlay-gradient":""},"tablet":{"background-color":"","background-image":"","background-repeat":"repeat","background-position":"center center","background-size":"auto","background-attachment":"scroll","background-type":"","background-media":"","overlay-type":"","overlay-color":"","overlay-opacity":"","overlay-gradient":""},"mobile":{"background-color":"","background-image":"","background-repeat":"repeat","background-position":"center center","background-size":"auto","background-attachment":"scroll","background-type":"","background-media":"","overlay-type":"","overlay-color":"","overlay-opacity":"","overlay-gradient":""}},"ast-content-background-meta":{"desktop":{"background-color":"var(--ast-global-color-4)","background-image":"","background-repeat":"repeat","background-position":"center center","background-size":"auto","background-attachment":"scroll","background-type":"","background-media":"","overlay-type":"","overlay-color":"","overlay-opacity":"","overlay-gradient":""},"tablet":{"background-color":"var(--ast-global-color-4)","background-image":"","background-repeat":"repeat","background-position":"center center","background-size":"auto","background-attachment":"scroll","background-type":"","background-media":"","overlay-type":"","overlay-color":"","overlay-opacity":"","overlay-gradient":""},"mobile":{"background-color":"var(--ast-global-color-4)","background-image":"","background-repeat":"repeat","background-position":"center center","background-size":"auto","background-attachment":"scroll","background-type":"","background-media":"","overlay-type":"","overlay-color":"","overlay-opacity":"","overlay-gradient":""}},"jetpack_post_was_ever_published":false,"_jetpack_newsletter_access":"","_jetpack_dont_email_post_to_subs":false,"_jetpack_newsletter_tier_id":0,"_jetpack_memberships_contains_paywalled_content":false,"_jetpack_memberships_contains_paid_content":false,"footnotes":""},"categories":[9,2],"tags":[],"class_list":["post-392","post","type-post","status-publish","format-standard","hentry","category-internet","category-literatura"],"jetpack_featured_media_url":"","jetpack_shortlink":"https:\/\/wp.me\/p4mLP7-6k","jetpack-related-posts":[{"id":141,"url":"https:\/\/kotrla.com\/pmpro\/2011\/07\/knihy-v-usich\/","url_meta":{"origin":392,"position":0},"title":"Knihy v u\u0161\u00edch","author":"Pavel Kotrla","date":"12.7.2011","format":false,"excerpt":"ps\u00e1no pro Host 6\/2011 M\u016f\u017eeme si nalh\u00e1vat, co chceme, sna\u017eit se tomu br\u00e1nit, strkat hlavu do p\u00edsku, ale nezb\u00fdv\u00e1 ne\u017e konstatovat, \u017ee v posledn\u00edch letech se na\u0161e \u017eivoty zrychlily. Toto zrychlen\u00ed ve sv\u00fdch d\u016fsledc\u00edch p\u0159in\u00e1\u0161\u00ed i men\u0161\u00ed prostor pro samotn\u00e9 \u010dten\u00ed. \u201eJ\u00e1 na kn\u00ed\u017eky u\u017e v\u016fbec nem\u00e1m \u010das. Kdy ty\u2026","rel":"","context":"V \u201eInternet\u201c","block_context":{"text":"Internet","link":"https:\/\/kotrla.com\/pmpro\/category\/internet\/"},"img":{"alt_text":"Audioknihy.net","src":"https:\/\/i0.wp.com\/kotrla.com\/pmpro\/images\/uploads\/audioknihy_net.jpg?resize=350%2C200&ssl=1","width":350,"height":200},"classes":[]},{"id":181,"url":"https:\/\/kotrla.com\/pmpro\/2010\/10\/amazon-kindle\/","url_meta":{"origin":392,"position":1},"title":"Amazon Kindle","author":"Pavel Kotrla","date":"20.10.2010","format":false,"excerpt":"ps\u00e1no pro Host 8\/2010 Tak tady jsem v\u00e1hal, kterou verzi d\u00e1t. Zda tu p\u016fvodn\u00ed, nebo tu, kter\u00e1 vy\u0161la po redak\u010dn\u00ed \u00faprav\u011b. Osobn\u011b bych tvar \"i-book\" nenapsal. Amazon Kindle a n\u00e1stup i-book\u016f Dnes se u\u017e i v regionech objevuj\u00ed knihovny, kde si m\u016f\u017eete n\u011bjakou tu \u010dte\u010dku knih p\u016fj\u010dit. Pokud tou\u017e\u00edte po\u2026","rel":"","context":"V \u201eInternet\u201c","block_context":{"text":"Internet","link":"https:\/\/kotrla.com\/pmpro\/category\/internet\/"},"img":{"alt_text":"Amazon Kindle","src":"https:\/\/i0.wp.com\/kotrla.com\/pmpro\/images\/uploads\/kindle.jpg?resize=350%2C200&ssl=1","width":350,"height":200},"classes":[]},{"id":1334,"url":"https:\/\/kotrla.com\/pmpro\/2003\/06\/podobne-postizeni\/","url_meta":{"origin":392,"position":2},"title":"Podobn\u011b posti\u017een\u00ed","author":"Pavel Kotrla","date":"2.6.2003","format":false,"excerpt":"Tak jsem ned\u00e1vno zjistil, \u017ee v m\u00e9 \u0161iroce rozv\u011btven\u00e9 rodin\u011b se vyskytuje dal\u0161\u00ed \u010dlen s podobn\u00fdm posti\u017een\u00edm pro p\u00edsmenka. Sice netu\u0161\u00edm jestli o mn\u011b v\u016fbec v\u00ed, j\u00e1 jsem o n\u011bm taky netu\u0161il (je to syn sest\u0159enice nebo bratrance m\u00e9 maminky), ale tady je odkaz na jeho str\u00e1nky: http:\/\/www.miroslavzamboch.cz\/ Pravdy, je\u2026","rel":"","context":"V \u201eNeza\u0159azen\u00e9\u201c","block_context":{"text":"Neza\u0159azen\u00e9","link":"https:\/\/kotrla.com\/pmpro\/category\/nezarazene\/"},"img":{"alt_text":"","src":"","width":0,"height":0},"classes":[]},{"id":643,"url":"https:\/\/kotrla.com\/pmpro\/2005\/12\/javier-marias-bloguje\/","url_meta":{"origin":392,"position":3},"title":"Javier Mar\u00edas bloguje","author":"Pavel Kotrla","date":"18.12.2005","format":false,"excerpt":"Str\u00e1nky sv\u00e9ho obl\u00edben\u00e9ho autora sice zn\u00e1m, ale a\u017e doposud mi unikalo, \u017ee tento proslul\u00fd \u0161pan\u011blsk\u00fd prozaik p\u00ed\u0161e i blog. No, sice pot\u011b\u0161uj\u00edc\u00ed, ale vyd\u00e1n\u00ed n\u011bkter\u00e9 z jeho knih by mne pot\u011b\u0161ilo v\u00edc. Souvisej\u00edc\u00ed: Javier Mar\u00edas: Srdce tak b\u00edl\u00e9 (Praha: BB\/art 2004) Javier Mar\u00edas: Vzpom\u00ednej na m\u011b z\u00edtra p\u0159i bitv\u011b (Praha:\u2026","rel":"","context":"V \u201eLiteratura\u201c","block_context":{"text":"Literatura","link":"https:\/\/kotrla.com\/pmpro\/category\/literatura\/"},"img":{"alt_text":"","src":"","width":0,"height":0},"classes":[]},{"id":1384,"url":"https:\/\/kotrla.com\/pmpro\/2003\/03\/literarni-festival-literarni-kveten\/","url_meta":{"origin":392,"position":4},"title":"Liter\u00e1rn\u00ed festival Liter\u00e1rn\u00ed kv\u011bten","author":"Pavel Kotrla","date":"25.3.2003","format":false,"excerpt":"Druh\u00fd ro\u010dn\u00edk liter\u00e1rn\u00edho festivalu Liter\u00e1rn\u00ed kv\u011bten 2003 se bude konat od 20.5. do 23.5. ve Zl\u00edn\u011b. Festival organizuj\u00ed studenti Fakulty multimedi\u00e1ln\u00edch komunikac\u00ed Univerzity Tom\u00e1\u0161e Bati. M\u00e1m to za kopcem, a tak douf\u00e1m, \u017ee se z\u00fa\u010dastn\u00edm. Druh\u00fd ro\u010dn\u00edk festivalu by mohl obsahovat n\u00e1sleduj\u00edc\u00ed t\u00e9matick\u00e9 celky: Alkohol, hospoda a literatura; pocta Bohumilu\u2026","rel":"","context":"V \u201eNeza\u0159azen\u00e9\u201c","block_context":{"text":"Neza\u0159azen\u00e9","link":"https:\/\/kotrla.com\/pmpro\/category\/nezarazene\/"},"img":{"alt_text":"","src":"","width":0,"height":0},"classes":[]},{"id":111,"url":"https:\/\/kotrla.com\/pmpro\/2012\/02\/literarni-festival-2012-vsetin\/","url_meta":{"origin":392,"position":5},"title":"Liter\u00e1rn\u00ed festival 2012 (Vset\u00edn)","author":"Pavel Kotrla","date":"26.2.2012","format":false,"excerpt":"Vset\u00ednsk\u00fd liter\u00e1rn\u00ed festival (p\u0159\u00edpadn\u011b na Facebooku) za\u010d\u00edn\u00e1 ji\u017e ve \u010dtvrtek. V jeho r\u00e1mci uv\u00e1d\u00edm t\u0159i liter\u00e1rn\u00ed ve\u010dery. 11. 4. \u2013 Kate\u0159ina Tu\u010dkov\u00e1 http:\/\/www.katerina-tuckova.cz Autorka prozaick\u00fdch knih (Montespani\u00e1da, Vyhn\u00e1n\u00ed Gerty Schnirch, \u017d\u00edtkovsk\u00e9 bohyn\u011b) a \u0159ady odborn\u00fdch publikac\u00ed z oblasti um\u011bn\u00ed. 12. 4. \u2013 Radka Denemarkov\u00e1 - NOV\u00dd TERM\u00cdN Autorka n\u011bkolika v\u00fdrazn\u00fdch\u2026","rel":"","context":"V \u201eLiteratura\u201c","block_context":{"text":"Literatura","link":"https:\/\/kotrla.com\/pmpro\/category\/literatura\/"},"img":{"alt_text":"Liter\u00e1rn\u00ed festival 2012 (Vset\u00edn)","src":"https:\/\/i0.wp.com\/kotrla.com\/pmpro\/images\/uploads\/literarni_festival_vsetin_2012.jpg?resize=350%2C200&ssl=1","width":350,"height":200},"classes":[]}],"jetpack_sharing_enabled":true,"_links":{"self":[{"href":"https:\/\/kotrla.com\/pmpro\/wp-json\/wp\/v2\/posts\/392","targetHints":{"allow":["GET"]}}],"collection":[{"href":"https:\/\/kotrla.com\/pmpro\/wp-json\/wp\/v2\/posts"}],"about":[{"href":"https:\/\/kotrla.com\/pmpro\/wp-json\/wp\/v2\/types\/post"}],"author":[{"embeddable":true,"href":"https:\/\/kotrla.com\/pmpro\/wp-json\/wp\/v2\/users\/1"}],"replies":[{"embeddable":true,"href":"https:\/\/kotrla.com\/pmpro\/wp-json\/wp\/v2\/comments?post=392"}],"version-history":[{"count":0,"href":"https:\/\/kotrla.com\/pmpro\/wp-json\/wp\/v2\/posts\/392\/revisions"}],"wp:attachment":[{"href":"https:\/\/kotrla.com\/pmpro\/wp-json\/wp\/v2\/media?parent=392"}],"wp:term":[{"taxonomy":"category","embeddable":true,"href":"https:\/\/kotrla.com\/pmpro\/wp-json\/wp\/v2\/categories?post=392"},{"taxonomy":"post_tag","embeddable":true,"href":"https:\/\/kotrla.com\/pmpro\/wp-json\/wp\/v2\/tags?post=392"}],"curies":[{"name":"wp","href":"https:\/\/api.w.org\/{rel}","templated":true}]}}