{"id":394,"date":"2007-12-05T11:00:00","date_gmt":"2007-12-05T10:00:00","guid":{"rendered":"http:\/\/kotrla.com\/wordpress\/?p=394"},"modified":"2019-11-20T22:35:57","modified_gmt":"2019-11-20T21:35:57","slug":"mojmir-travnicek-ziskal-cenu-pro-amicis","status":"publish","type":"post","link":"https:\/\/kotrla.com\/pmpro\/2007\/12\/mojmir-travnicek-ziskal-cenu-pro-amicis\/","title":{"rendered":"Mojm\u00edr Tr\u00e1vn\u00ed\u010dek z\u00edskal cenu Pro Amicis"},"content":{"rendered":"<p><img loading=\"lazy\" decoding=\"async\" src=\"https:\/\/kotrla.com\/pmpro\/images\/uploads\/dm_pk.jpg\" border=\"0\" alt=\"Nov\u00e1 kniha Mojm\u00edra Tr\u00e1vn\u00ed\u010dka\" width=\"400\" height=\"300\" align=\"center\" \/><br \/>\nLiter\u00e1rn\u00ed kritik a historik Mojm\u00edr Tr\u00e1vn\u00ed\u010dek, kter\u00fd je i dlouholet\u00fdm p\u0159isp\u011bvatelem <a href=\"http:\/\/www.casopis-texty.cz\/texty\">Text\u016f<\/a>, v\u010dera z\u00edskal presti\u017en\u00ed cenu Zl\u00ednsk\u00e9ho kraje. Pro jednoduchost p\u0159ipojuji odkaz na dne\u0161n\u00ed zpr\u00e1vu z Vala\u0161sk\u00e9ho den\u00edku [<i>a p\u0159eb\u00edr\u00e1m fotku Michala Mikulenky, kdy\u017e u\u017e na n\u00ed s Daliborem tak p\u011bkn\u011b s kn\u00ed\u017ekou vypad\u00e1me \ud83d\ude09<\/i>]: <a href=\"http:\/\/valassky.denik.cz\/zpravy_region\/oceneni20071205.html\">http:\/\/valassky.denik.cz\/zpravy_region\/oceneni20071205.html<\/a> Pro \u00faplnost pak dod\u00e1v\u00e1m, \u017ee kniha <i>Eseje, portr\u00e9ty, vyzn\u00e1n\u00ed<\/i>, na kter\u00e9 jsem se pod\u00edlel i j\u00e1, v pond\u011bl\u00ed dorazila z tisk\u00e1rny a na pultech bude co nevid\u011bt.<\/p>\n","protected":false},"excerpt":{"rendered":"<p>Liter\u00e1rn\u00ed kritik a historik Mojm\u00edr Tr\u00e1vn\u00ed\u010dek, kter\u00fd je i dlouholet\u00fdm p\u0159isp\u011bvatelem Text\u016f, v\u010dera z\u00edskal presti\u017en\u00ed cenu Zl\u00ednsk\u00e9ho kraje. Pro jednoduchost p\u0159ipojuji odkaz na dne\u0161n\u00ed zpr\u00e1vu z Vala\u0161sk\u00e9ho den\u00edku [a p\u0159eb\u00edr\u00e1m fotku Michala Mikulenky, kdy\u017e u\u017e na n\u00ed s Daliborem tak p\u011bkn\u011b s kn\u00ed\u017ekou vypad\u00e1me \ud83d\ude09]: http:\/\/valassky.denik.cz\/zpravy_region\/oceneni20071205.html Pro \u00faplnost pak dod\u00e1v\u00e1m, \u017ee kniha Eseje, portr\u00e9ty, vyzn\u00e1n\u00ed, [&hellip;]<\/p>\n","protected":false},"author":1,"featured_media":0,"comment_status":"open","ping_status":"open","sticky":false,"template":"","format":"standard","meta":{"site-sidebar-layout":"default","site-content-layout":"","ast-site-content-layout":"default","site-content-style":"default","site-sidebar-style":"default","ast-global-header-display":"","ast-banner-title-visibility":"","ast-main-header-display":"","ast-hfb-above-header-display":"","ast-hfb-below-header-display":"","ast-hfb-mobile-header-display":"","site-post-title":"","ast-breadcrumbs-content":"","ast-featured-img":"","footer-sml-layout":"","ast-disable-related-posts":"","theme-transparent-header-meta":"","adv-header-id-meta":"","stick-header-meta":"","header-above-stick-meta":"","header-main-stick-meta":"","header-below-stick-meta":"","astra-migrate-meta-layouts":"default","ast-page-background-enabled":"default","ast-page-background-meta":{"desktop":{"background-color":"var(--ast-global-color-5)","background-image":"","background-repeat":"repeat","background-position":"center center","background-size":"auto","background-attachment":"scroll","background-type":"","background-media":"","overlay-type":"","overlay-color":"","overlay-opacity":"","overlay-gradient":""},"tablet":{"background-color":"","background-image":"","background-repeat":"repeat","background-position":"center center","background-size":"auto","background-attachment":"scroll","background-type":"","background-media":"","overlay-type":"","overlay-color":"","overlay-opacity":"","overlay-gradient":""},"mobile":{"background-color":"","background-image":"","background-repeat":"repeat","background-position":"center center","background-size":"auto","background-attachment":"scroll","background-type":"","background-media":"","overlay-type":"","overlay-color":"","overlay-opacity":"","overlay-gradient":""}},"ast-content-background-meta":{"desktop":{"background-color":"var(--ast-global-color-4)","background-image":"","background-repeat":"repeat","background-position":"center center","background-size":"auto","background-attachment":"scroll","background-type":"","background-media":"","overlay-type":"","overlay-color":"","overlay-opacity":"","overlay-gradient":""},"tablet":{"background-color":"var(--ast-global-color-4)","background-image":"","background-repeat":"repeat","background-position":"center center","background-size":"auto","background-attachment":"scroll","background-type":"","background-media":"","overlay-type":"","overlay-color":"","overlay-opacity":"","overlay-gradient":""},"mobile":{"background-color":"var(--ast-global-color-4)","background-image":"","background-repeat":"repeat","background-position":"center center","background-size":"auto","background-attachment":"scroll","background-type":"","background-media":"","overlay-type":"","overlay-color":"","overlay-opacity":"","overlay-gradient":""}},"jetpack_post_was_ever_published":false,"_jetpack_newsletter_access":"","_jetpack_dont_email_post_to_subs":false,"_jetpack_newsletter_tier_id":0,"_jetpack_memberships_contains_paywalled_content":false,"_jetpack_memberships_contains_paid_content":false,"footnotes":""},"categories":[2,3],"tags":[],"class_list":["post-394","post","type-post","status-publish","format-standard","hentry","category-literatura","category-osobni"],"jetpack_featured_media_url":"","jetpack_shortlink":"https:\/\/wp.me\/p4mLP7-6m","jetpack-related-posts":[{"id":474,"url":"https:\/\/kotrla.com\/pmpro\/2007\/03\/osobnost-mojmira-travnicka-v-ceske-literature-ebook-zdarma\/","url_meta":{"origin":394,"position":0},"title":"Osobnost Mojm\u00edra Tr\u00e1vn\u00ed\u010dka v \u010desk\u00e9 literatu\u0159e (ebook zdarma)","author":"Pavel Kotrla","date":"11.3.2007","format":false,"excerpt":"V p\u00e1tek jsme v r\u00e1mci ve\u010d\u00edrku Text\u016f slavnostn\u011b pok\u0159tili sborn\u00edk z konference Osobnost Mojm\u00edra Tr\u00e1vn\u00ed\u010dka v \u010desk\u00e9 literatu\u0159e, kter\u00e1 se uskute\u010dnila ve dnech 18.-19. \u0159\u00edjna 2006 ve Vset\u00edn\u011b. Zbyly ji\u017e jen posledn\u00ed v\u00fdtisky. Ale pokud m\u00e1te o sborn\u00edk z\u00e1jem, je zde dobr\u00e1 zpr\u00e1va. Kompletn\u00ed sborn\u00edk si m\u016f\u017eete nyn\u00ed st\u00e1hnout: zde\u2026","rel":"","context":"V \u201eLiteratura\u201c","block_context":{"text":"Literatura","link":"https:\/\/kotrla.com\/pmpro\/category\/literatura\/"},"img":{"alt_text":"Osobnost Mojm\u00edra Tr\u00e1vn\u00ed\u010dka v \u010desk\u00e9 literatu\u0159e","src":"https:\/\/i0.wp.com\/kotrla.com\/pmpro\/images\/uploads\/osobnost_mojmira_travnicka.gif?resize=350%2C200&ssl=1","width":350,"height":200},"classes":[]},{"id":142,"url":"https:\/\/kotrla.com\/pmpro\/2011\/07\/zemrel-mojmir-travnicek\/","url_meta":{"origin":394,"position":1},"title":"Zem\u0159el Mojm\u00edr Tr\u00e1vn\u00ed\u010dek","author":"Pavel Kotrla","date":"11.7.2011","format":false,"excerpt":"Pan Tr\u00e1vn\u00ed\u010dek n\u00e1m ji\u017e \u017e\u00e1dn\u00fd p\u0159\u00edsp\u011bvek nepo\u0161le, zem\u0159el v p\u00e1tek 8. 7. 2011. (Fotografie jsou z autogrami\u00e1dy jeho posledn\u00ed knihy v roce 2009.)","rel":"","context":"V \u201eFotografie\u201c","block_context":{"text":"Fotografie","link":"https:\/\/kotrla.com\/pmpro\/category\/fotografie\/"},"img":{"alt_text":"Mojm\u00edr Tr\u00e1vn\u00ed\u010dek","src":"https:\/\/i0.wp.com\/kotrla.com\/pmpro\/images\/uploads\/mojmir_travnicek0001.jpg?resize=350%2C200&ssl=1","width":350,"height":200},"classes":[]},{"id":1357,"url":"https:\/\/kotrla.com\/pmpro\/2003\/05\/2x-mojmir-travnicek\/","url_meta":{"origin":394,"position":2},"title":"2x Mojm\u00edr Tr\u00e1vn\u00ed\u010dek","author":"Pavel Kotrla","date":"3.5.2003","format":false,"excerpt":"\u00a0 P\u016fvodn\u011b jsem myslel, \u017ee tento \u010dl\u00e1nek se objev\u00ed na str\u00e1nk\u00e1ch u\u017e v pr\u016fb\u011bhu v\u010derej\u0161\u00ed noci. Ale jak vid\u00edte, nestalo se tak. Zabr\u00e1nily v tom v\u00e1\u017en\u00e9 okolnosti, a to hlavn\u011b skute\u010dnost, \u017ee hospoda U Lva, p\u0159es st\u00e1le ohla\u0161ovan\u00fd konec, doposud funguje. Sice jsem dom\u016f nemusel jet tax\u00edkem, ale ps\u00e1t se\u2026","rel":"","context":"V \u201eNeza\u0159azen\u00e9\u201c","block_context":{"text":"Neza\u0159azen\u00e9","link":"https:\/\/kotrla.com\/pmpro\/category\/nezarazene\/"},"img":{"alt_text":"image","src":"https:\/\/i0.wp.com\/kotrla.com\/pmpro\/images\/uploads\/travnicek_krelina.jpg?resize=350%2C200&ssl=1","width":350,"height":200},"classes":[]},{"id":875,"url":"https:\/\/kotrla.com\/pmpro\/2004\/11\/co-bude-v-textech-35\/","url_meta":{"origin":394,"position":3},"title":"Co bude v Textech 35?","author":"Pavel Kotrla","date":"27.11.2004","format":false,"excerpt":"Asi nejv\u011bt\u0161\u00edm p\u0159ekvapen\u00edm budou dosud nepublikovan\u00e9 dopisy Jana Zahradn\u00ed\u010dka, kter\u00e9 pro Texty p\u0159ipravil Mojm\u00edr Tr\u00e1vn\u00ed\u010dek. M\u016f\u017eete se t\u011b\u0161it na ukrajinsk\u00e9ho bou\u0159liv\u00e1ka Andruchovy\u010de v p\u0159ekladu Tom\u00e1\u0161e Va\u0161uta, na rozhovor s Ji\u0159\u00edm D\u011bde\u010dkem, pov\u00eddku, b\u00e1sn\u011b, recenze, pam\u011bti. Nov\u00e9 \u010d\u00edslo Text\u016f bude uvedeno na 10. prosince na tradi\u010dn\u00edm ve\u010d\u00edrku.","rel":"","context":"V \u201eNeza\u0159azen\u00e9\u201c","block_context":{"text":"Neza\u0159azen\u00e9","link":"https:\/\/kotrla.com\/pmpro\/category\/nezarazene\/"},"img":{"alt_text":"","src":"","width":0,"height":0},"classes":[]},{"id":1128,"url":"https:\/\/kotrla.com\/pmpro\/2003\/12\/obsah-aluze-22003\/","url_meta":{"origin":394,"position":4},"title":"Obsah Aluze 2\/2003","author":"Pavel Kotrla","date":"18.12.2003","format":false,"excerpt":"Proto\u017ee aktualizace str\u00e1nek Aluze.cz mi zabere o n\u011bco v\u00edce \u010dasu, m\u016f\u017eete si prohl\u00e9dnout obsah nov\u00e9ho \u010d\u00edsla zde. Obsah ALUZE 2\/2003 Poezie \u00a0 Radek Mal\u00fd: Z\u00e1blesky a mal\u00e9 b\u00e1sn\u011b \u00a0 Yusef Komunyakaa: Chv\u00e1la temn\u00fdch m\u00edst \u2014 \u00favod od Josefa Ja\u0159aba Pr\u00f3za \u00a0 Michal Ajvaz: Opera na zahrad\u011b (uk\u00e1zka z rom\u00e1nu) \u00a0\u2026","rel":"","context":"V \u201eNeza\u0159azen\u00e9\u201c","block_context":{"text":"Neza\u0159azen\u00e9","link":"https:\/\/kotrla.com\/pmpro\/category\/nezarazene\/"},"img":{"alt_text":"","src":"","width":0,"height":0},"classes":[]},{"id":1403,"url":"https:\/\/kotrla.com\/pmpro\/2003\/03\/aluze-20023\/","url_meta":{"origin":394,"position":5},"title":"Aluze 2002\/3","author":"Pavel Kotrla","date":"7.3.2003","format":false,"excerpt":"V\u010dera p\u0159i\u0161lo toto \u010d\u00edslo z tisk\u00e1rny. A tak \u0161\u00e9fredaktor Aluze Jirka Hrabal mne mohl hned jedn\u00edm kouskem ob\u0161\u0165astnit. Prvn\u00ed dojmy jsou dobr\u00e9. Ostatn\u011b jako obvykle. Obzvl\u00e1\u0161\u0165 se t\u011b\u0161\u00edm na studie (nap\u0159. Jonathan Culler, Stanley Fish). \u010c\u00edslo m\u00e1 ji\u017e obvykl\u00fdch 200 stran a cena je 65 K\u010d. Obsah \u010d\u00edsla se na\u2026","rel":"","context":"V \u201eNeza\u0159azen\u00e9\u201c","block_context":{"text":"Neza\u0159azen\u00e9","link":"https:\/\/kotrla.com\/pmpro\/category\/nezarazene\/"},"img":{"alt_text":"image","src":"https:\/\/i0.wp.com\/kotrla.com\/pmpro\/images\/uploads\/aluze2002_3.gif?resize=350%2C200&ssl=1","width":350,"height":200},"classes":[]}],"jetpack_sharing_enabled":true,"_links":{"self":[{"href":"https:\/\/kotrla.com\/pmpro\/wp-json\/wp\/v2\/posts\/394","targetHints":{"allow":["GET"]}}],"collection":[{"href":"https:\/\/kotrla.com\/pmpro\/wp-json\/wp\/v2\/posts"}],"about":[{"href":"https:\/\/kotrla.com\/pmpro\/wp-json\/wp\/v2\/types\/post"}],"author":[{"embeddable":true,"href":"https:\/\/kotrla.com\/pmpro\/wp-json\/wp\/v2\/users\/1"}],"replies":[{"embeddable":true,"href":"https:\/\/kotrla.com\/pmpro\/wp-json\/wp\/v2\/comments?post=394"}],"version-history":[{"count":0,"href":"https:\/\/kotrla.com\/pmpro\/wp-json\/wp\/v2\/posts\/394\/revisions"}],"wp:attachment":[{"href":"https:\/\/kotrla.com\/pmpro\/wp-json\/wp\/v2\/media?parent=394"}],"wp:term":[{"taxonomy":"category","embeddable":true,"href":"https:\/\/kotrla.com\/pmpro\/wp-json\/wp\/v2\/categories?post=394"},{"taxonomy":"post_tag","embeddable":true,"href":"https:\/\/kotrla.com\/pmpro\/wp-json\/wp\/v2\/tags?post=394"}],"curies":[{"name":"wp","href":"https:\/\/api.w.org\/{rel}","templated":true}]}}