{"id":407,"date":"2007-10-01T18:14:00","date_gmt":"2007-10-01T17:14:00","guid":{"rendered":"http:\/\/kotrla.com\/wordpress\/?p=407"},"modified":"2019-11-20T22:35:58","modified_gmt":"2019-11-20T21:35:58","slug":"eknihy-na-strankach-nakladatelstvi-fra","status":"publish","type":"post","link":"https:\/\/kotrla.com\/pmpro\/2007\/10\/eknihy-na-strankach-nakladatelstvi-fra\/","title":{"rendered":"Eknihy na str\u00e1nk\u00e1ch nakladatelstv\u00ed Fra"},"content":{"rendered":"<p>Tip d\u00edky dne\u0161n\u00edmu p\u0159\u00edpisu na <a href=\"http:\/\/nehybnost.blogspot.com\/2007\/10\/smv-luny.html\">Nehybnosti<\/a>. Ale stoj\u00ed propagovat d\u00e1l.<br \/>\nZat\u00edm sice jen jedna publikace <i>Thomas Ernest Hulme: Modlitba za \u00fasm\u011bv luny<\/i>. V\u00fdhled slibn\u00fd. Snad i v st\u00e1vaj\u00edc\u00ed nulov\u00e9 cen\u011b (?).<\/p>\n<p><b>eknihy 2007\/08<\/b><\/p>\n<p><i>Richard Caddel: Slova straky \/ The Magpie Words 07<br \/>\nImagist\u00e9. Antologie imagistick\u00e9 poezie 07<br \/>\nV\u00edtr z Narragansettu. Poezie Nov\u00e9 Anglie 08<br \/>\nKang \u010col-hwan, Pierre Rigoulot: Pchjongjangsk\u00e1 akv\u00e1ria 08<br \/>\nRa\u00fal Rivero: D\u016fkazy spojen\u00ed 08<br \/>\nErnest F. Fenollosa, Ezra Pound: \u010c\u00ednsk\u00fd p\u00edsemn\u00fd znak&#8230; \/ The Chinese Written Character&#8230; 08<\/i><\/p>\n","protected":false},"excerpt":{"rendered":"<p>Tip d\u00edky dne\u0161n\u00edmu p\u0159\u00edpisu na Nehybnosti. Ale stoj\u00ed propagovat d\u00e1l. Zat\u00edm sice jen jedna publikace Thomas Ernest Hulme: Modlitba za \u00fasm\u011bv luny. V\u00fdhled slibn\u00fd. Snad i v st\u00e1vaj\u00edc\u00ed nulov\u00e9 cen\u011b (?). eknihy 2007\/08 Richard Caddel: Slova straky \/ The Magpie Words 07 Imagist\u00e9. Antologie imagistick\u00e9 poezie 07 V\u00edtr z Narragansettu. Poezie Nov\u00e9 Anglie 08 Kang [&hellip;]<\/p>\n","protected":false},"author":1,"featured_media":0,"comment_status":"open","ping_status":"open","sticky":false,"template":"","format":"standard","meta":{"site-sidebar-layout":"default","site-content-layout":"","ast-site-content-layout":"default","site-content-style":"default","site-sidebar-style":"default","ast-global-header-display":"","ast-banner-title-visibility":"","ast-main-header-display":"","ast-hfb-above-header-display":"","ast-hfb-below-header-display":"","ast-hfb-mobile-header-display":"","site-post-title":"","ast-breadcrumbs-content":"","ast-featured-img":"","footer-sml-layout":"","ast-disable-related-posts":"","theme-transparent-header-meta":"","adv-header-id-meta":"","stick-header-meta":"","header-above-stick-meta":"","header-main-stick-meta":"","header-below-stick-meta":"","astra-migrate-meta-layouts":"default","ast-page-background-enabled":"default","ast-page-background-meta":{"desktop":{"background-color":"var(--ast-global-color-5)","background-image":"","background-repeat":"repeat","background-position":"center center","background-size":"auto","background-attachment":"scroll","background-type":"","background-media":"","overlay-type":"","overlay-color":"","overlay-opacity":"","overlay-gradient":""},"tablet":{"background-color":"","background-image":"","background-repeat":"repeat","background-position":"center center","background-size":"auto","background-attachment":"scroll","background-type":"","background-media":"","overlay-type":"","overlay-color":"","overlay-opacity":"","overlay-gradient":""},"mobile":{"background-color":"","background-image":"","background-repeat":"repeat","background-position":"center center","background-size":"auto","background-attachment":"scroll","background-type":"","background-media":"","overlay-type":"","overlay-color":"","overlay-opacity":"","overlay-gradient":""}},"ast-content-background-meta":{"desktop":{"background-color":"var(--ast-global-color-4)","background-image":"","background-repeat":"repeat","background-position":"center center","background-size":"auto","background-attachment":"scroll","background-type":"","background-media":"","overlay-type":"","overlay-color":"","overlay-opacity":"","overlay-gradient":""},"tablet":{"background-color":"var(--ast-global-color-4)","background-image":"","background-repeat":"repeat","background-position":"center center","background-size":"auto","background-attachment":"scroll","background-type":"","background-media":"","overlay-type":"","overlay-color":"","overlay-opacity":"","overlay-gradient":""},"mobile":{"background-color":"var(--ast-global-color-4)","background-image":"","background-repeat":"repeat","background-position":"center center","background-size":"auto","background-attachment":"scroll","background-type":"","background-media":"","overlay-type":"","overlay-color":"","overlay-opacity":"","overlay-gradient":""}},"jetpack_post_was_ever_published":false,"_jetpack_newsletter_access":"","_jetpack_dont_email_post_to_subs":false,"_jetpack_newsletter_tier_id":0,"_jetpack_memberships_contains_paywalled_content":false,"_jetpack_memberships_contains_paid_content":false,"footnotes":""},"categories":[9,2],"tags":[],"class_list":["post-407","post","type-post","status-publish","format-standard","hentry","category-internet","category-literatura"],"jetpack_featured_media_url":"","jetpack_shortlink":"https:\/\/wp.me\/p4mLP7-6z","jetpack-related-posts":[{"id":932,"url":"https:\/\/kotrla.com\/pmpro\/2004\/08\/cestami-soucasne-poezie\/","url_meta":{"origin":407,"position":0},"title":"Cestami sou\u010dasn\u00e9 poezie","author":"Pavel Kotrla","date":"25.8.2004","format":false,"excerpt":"U\u017e avizovan\u00e1 recenze na almanach stejn\u00e9ho jm\u00e9na na port\u00e1lu \u010cesk\u00e9ho rozhlasu. Jen mal\u00e1 p\u0159ipom\u00ednka: knihu vydal Weles, nikoliv Petrov, jak je zde nespr\u00e1vn\u011b uvedeno.","rel":"","context":"V \u201eNeza\u0159azen\u00e9\u201c","block_context":{"text":"Neza\u0159azen\u00e9","link":"https:\/\/kotrla.com\/pmpro\/category\/nezarazene\/"},"img":{"alt_text":"","src":"","width":0,"height":0},"classes":[]},{"id":791,"url":"https:\/\/kotrla.com\/pmpro\/2005\/03\/svetovy-den-poezie\/","url_meta":{"origin":407,"position":1},"title":"Sv\u011btov\u00fd den poezie","author":"Pavel Kotrla","date":"21.3.2005","format":false,"excerpt":"Dne\u0161ek je zasv\u011bcen poezii. Podobnosti na Unesco.org","rel":"","context":"V \u201eLiteratura\u201c","block_context":{"text":"Literatura","link":"https:\/\/kotrla.com\/pmpro\/category\/literatura\/"},"img":{"alt_text":"","src":"","width":0,"height":0},"classes":[]},{"id":2619,"url":"https:\/\/kotrla.com\/pmpro\/2015\/11\/vecer-poezie-literarnich-casopisu-plav-protimluv-a-texty\/","url_meta":{"origin":407,"position":2},"title":"Ve\u010der poezie liter\u00e1rn\u00edch \u010dasopis\u016f Plav, Protimluv a Texty","author":"Pavel Kotrla","date":"19.11.2015","format":false,"excerpt":"Posledn\u00ed setk\u00e1n\u00ed s Hlasy v roce 2015 \u2013 8. prosinec 2015 v 19:00,\u00a0kav\u00e1rna Ev\u017een, Beethovenova, Opava.\u00a0Ve\u010der poezie liter\u00e1rn\u00edch \u010dasopis\u016f Plav, Protimluv a Texty moderuje Jakub Chrob\u00e1k. Pozv\u00e1nku najdete i na Facebooku","rel":"","context":"V \u201eLiteratura\u201c","block_context":{"text":"Literatura","link":"https:\/\/kotrla.com\/pmpro\/category\/literatura\/"},"img":{"alt_text":"","src":"","width":0,"height":0},"classes":[]},{"id":158,"url":"https:\/\/kotrla.com\/pmpro\/2011\/03\/nedelni-chvilka-poezie\/","url_meta":{"origin":407,"position":3},"title":"Ned\u011bln\u00ed chvilka poezie","author":"Pavel Kotrla","date":"28.3.2011","format":false,"excerpt":"ps\u00e1no pro Host 1\/2011 P\u0159ed d\u00e1vn\u00fdmi a d\u00e1vn\u00fdmi lety, v jedn\u00e9 ji\u017e zmizel\u00e9 zemi, v \u010dase analogov\u00e9 televize, zrn\u00edc\u00edch \u010dernob\u00edl\u00fdch p\u0159\u00edstroj\u016f, v \u010dase st\u00e1tn\u00ed hymny na konci tehdy je\u0161t\u011b ne nep\u0159etr\u017eit\u00e9ho televizn\u00edho vys\u00edl\u00e1n\u00ed, byly ned\u011bln\u00ed ve\u010dery pravideln\u011b zpest\u0159ov\u00e1ny chvilkou poezie. Po\u0159ad se zn\u00e1mou zn\u011blkou l\u00e1kal k obrazovk\u00e1m. A by\u0165 byl\u2026","rel":"","context":"V \u201eInternet\u201c","block_context":{"text":"Internet","link":"https:\/\/kotrla.com\/pmpro\/category\/internet\/"},"img":{"alt_text":"Ned\u011bln\u00ed chvilka poezie","src":"https:\/\/i0.wp.com\/kotrla.com\/pmpro\/images\/uploads\/nedelni_chvilka_poezie.jpg?resize=350%2C200&ssl=1","width":350,"height":200},"classes":[]},{"id":395,"url":"https:\/\/kotrla.com\/pmpro\/2007\/12\/svety-industrialni-poezie\/","url_meta":{"origin":407,"position":4},"title":"Sv\u011bty industri\u00e1ln\u00ed poezie","author":"Pavel Kotrla","date":"3.12.2007","format":false,"excerpt":"Nejen literatura opl\u00fdv\u00e1 poezi\u00ed. Ned\u00e1vno se mi poda\u0159ilo zav\u00edtat do \u201etov\u00e1rny\u201c na zpracov\u00e1n\u00ed tr\u00e1vy. Kr\u00e1sn\u00e9 ciz\u00ed stroje a prach. Bohu\u017eel bez mo\u017enosti fotografovat. Sv\u011bt v\u016fn\u00ed. Podobn\u011b jako p\u0159i m\u00e9 d\u00e1vn\u00e9 n\u00e1v\u0161t\u011bv\u011b v nejv\u011bt\u0161\u00ed tov\u00e1rn\u011b na zpracov\u00e1n\u00ed kakaov\u00fdch bob\u016f. (Nyn\u00ed na\u0161t\u011bst\u00ed bez overalu a neuv\u011b\u0159iteln\u00e9ho horka, za kter\u00e9ho se boby lisuj\u00ed.)","rel":"","context":"V \u201eOsobn\u00ed\u201c","block_context":{"text":"Osobn\u00ed","link":"https:\/\/kotrla.com\/pmpro\/category\/osobni\/"},"img":{"alt_text":"st\u00e9bla tr\u00e1vy","src":"https:\/\/i0.wp.com\/kotrla.com\/pmpro\/images\/uploads\/trava.jpg?resize=350%2C200&ssl=1","width":350,"height":200},"classes":[]},{"id":748,"url":"https:\/\/kotrla.com\/pmpro\/2005\/06\/ceska-poezie-19-stoleti\/","url_meta":{"origin":407,"position":5},"title":"\u010cesk\u00e1 poezie 19. stolet\u00ed","author":"Pavel Kotrla","date":"5.6.2005","format":false,"excerpt":"O \u010cesk\u00e9 elektronick\u00e9 knihovn\u011b jsem se u\u017e p\u00e1rkr\u00e1t zmi\u0148oval. Tedy ne p\u0159\u00edmo o str\u00e1nk\u00e1ch, na kter\u00e9 odkazuji, ale o t\u011b\u017ekop\u00e1dn\u00e9 a p\u0159edra\u017een\u00e9 aplikaci b\u011b\u017e\u00edc\u00ed z CD a ptal se, pro\u010d nen\u00ed na internetu? Te\u010f u\u017e je. Datab\u00e1ze \u010desk\u00e9 poezie 19. stolet\u00ed je kone\u010dn\u011b voln\u011b p\u0159\u00edstupn\u00e1 i pro ve\u0159ejnost. Podm\u00ednkou je\u2026","rel":"","context":"V \u201eLiteratura\u201c","block_context":{"text":"Literatura","link":"https:\/\/kotrla.com\/pmpro\/category\/literatura\/"},"img":{"alt_text":"","src":"","width":0,"height":0},"classes":[]}],"jetpack_sharing_enabled":true,"_links":{"self":[{"href":"https:\/\/kotrla.com\/pmpro\/wp-json\/wp\/v2\/posts\/407","targetHints":{"allow":["GET"]}}],"collection":[{"href":"https:\/\/kotrla.com\/pmpro\/wp-json\/wp\/v2\/posts"}],"about":[{"href":"https:\/\/kotrla.com\/pmpro\/wp-json\/wp\/v2\/types\/post"}],"author":[{"embeddable":true,"href":"https:\/\/kotrla.com\/pmpro\/wp-json\/wp\/v2\/users\/1"}],"replies":[{"embeddable":true,"href":"https:\/\/kotrla.com\/pmpro\/wp-json\/wp\/v2\/comments?post=407"}],"version-history":[{"count":0,"href":"https:\/\/kotrla.com\/pmpro\/wp-json\/wp\/v2\/posts\/407\/revisions"}],"wp:attachment":[{"href":"https:\/\/kotrla.com\/pmpro\/wp-json\/wp\/v2\/media?parent=407"}],"wp:term":[{"taxonomy":"category","embeddable":true,"href":"https:\/\/kotrla.com\/pmpro\/wp-json\/wp\/v2\/categories?post=407"},{"taxonomy":"post_tag","embeddable":true,"href":"https:\/\/kotrla.com\/pmpro\/wp-json\/wp\/v2\/tags?post=407"}],"curies":[{"name":"wp","href":"https:\/\/api.w.org\/{rel}","templated":true}]}}