{"id":4070,"date":"2019-02-09T19:02:50","date_gmt":"2019-02-09T18:02:50","guid":{"rendered":"http:\/\/kotrla.com\/pmpro\/?p=4070"},"modified":"2019-11-20T22:46:29","modified_gmt":"2019-11-20T21:46:29","slug":"kaple-svateho-cyrila-a-metodeje","status":"publish","type":"post","link":"https:\/\/kotrla.com\/pmpro\/2019\/02\/kaple-svateho-cyrila-a-metodeje\/","title":{"rendered":"Kaple svat\u00e9ho Cyrila a Metod\u011bje"},"content":{"rendered":"<p>V\u010derej\u0161\u00ed minimalismus na Radho\u0161ti.<\/p>\n<figure id=\"attachment_4069\" aria-describedby=\"caption-attachment-4069\" style=\"width: 1600px\" class=\"wp-caption alignnone\"><a href=\"https:\/\/kotrla.com\/pmpro\/wp-content\/uploads\/2019\/02\/radhost_kaple_cyrila_a_metodeje_IMGP9022.jpg\"><img loading=\"lazy\" decoding=\"async\" class=\"size-full wp-image-4069\" src=\"https:\/\/kotrla.com\/pmpro\/wp-content\/uploads\/2019\/02\/radhost_kaple_cyrila_a_metodeje_IMGP9022.jpg\" alt=\"Radho\u0161\u0165 - Kaple svat\u00e9ho Cyrila a Metod\u011bje\" width=\"1600\" height=\"1064\" srcset=\"https:\/\/kotrla.com\/pmpro\/wp-content\/uploads\/2019\/02\/radhost_kaple_cyrila_a_metodeje_IMGP9022.jpg 1600w, https:\/\/kotrla.com\/pmpro\/wp-content\/uploads\/2019\/02\/radhost_kaple_cyrila_a_metodeje_IMGP9022-300x200.jpg 300w, https:\/\/kotrla.com\/pmpro\/wp-content\/uploads\/2019\/02\/radhost_kaple_cyrila_a_metodeje_IMGP9022-1024x681.jpg 1024w\" sizes=\"auto, (max-width: 1600px) 100vw, 1600px\" \/><\/a><figcaption id=\"caption-attachment-4069\" class=\"wp-caption-text\">Radho\u0161\u0165 &#8211; Kaple svat\u00e9ho Cyrila a Metod\u011bje<\/figcaption><\/figure>\n","protected":false},"excerpt":{"rendered":"<p>V\u010derej\u0161\u00ed minimalismus na Radho\u0161ti.<\/p>\n","protected":false},"author":1,"featured_media":0,"comment_status":"open","ping_status":"open","sticky":false,"template":"","format":"standard","meta":{"site-sidebar-layout":"default","site-content-layout":"","ast-site-content-layout":"default","site-content-style":"default","site-sidebar-style":"default","ast-global-header-display":"","ast-banner-title-visibility":"","ast-main-header-display":"","ast-hfb-above-header-display":"","ast-hfb-below-header-display":"","ast-hfb-mobile-header-display":"","site-post-title":"","ast-breadcrumbs-content":"","ast-featured-img":"","footer-sml-layout":"","ast-disable-related-posts":"","theme-transparent-header-meta":"","adv-header-id-meta":"","stick-header-meta":"","header-above-stick-meta":"","header-main-stick-meta":"","header-below-stick-meta":"","astra-migrate-meta-layouts":"default","ast-page-background-enabled":"default","ast-page-background-meta":{"desktop":{"background-color":"var(--ast-global-color-5)","background-image":"","background-repeat":"repeat","background-position":"center center","background-size":"auto","background-attachment":"scroll","background-type":"","background-media":"","overlay-type":"","overlay-color":"","overlay-opacity":"","overlay-gradient":""},"tablet":{"background-color":"","background-image":"","background-repeat":"repeat","background-position":"center center","background-size":"auto","background-attachment":"scroll","background-type":"","background-media":"","overlay-type":"","overlay-color":"","overlay-opacity":"","overlay-gradient":""},"mobile":{"background-color":"","background-image":"","background-repeat":"repeat","background-position":"center center","background-size":"auto","background-attachment":"scroll","background-type":"","background-media":"","overlay-type":"","overlay-color":"","overlay-opacity":"","overlay-gradient":""}},"ast-content-background-meta":{"desktop":{"background-color":"var(--ast-global-color-4)","background-image":"","background-repeat":"repeat","background-position":"center center","background-size":"auto","background-attachment":"scroll","background-type":"","background-media":"","overlay-type":"","overlay-color":"","overlay-opacity":"","overlay-gradient":""},"tablet":{"background-color":"var(--ast-global-color-4)","background-image":"","background-repeat":"repeat","background-position":"center center","background-size":"auto","background-attachment":"scroll","background-type":"","background-media":"","overlay-type":"","overlay-color":"","overlay-opacity":"","overlay-gradient":""},"mobile":{"background-color":"var(--ast-global-color-4)","background-image":"","background-repeat":"repeat","background-position":"center center","background-size":"auto","background-attachment":"scroll","background-type":"","background-media":"","overlay-type":"","overlay-color":"","overlay-opacity":"","overlay-gradient":""}},"jetpack_post_was_ever_published":false,"_jetpack_newsletter_access":"","_jetpack_dont_email_post_to_subs":false,"_jetpack_newsletter_tier_id":0,"_jetpack_memberships_contains_paywalled_content":false,"_jetpack_memberships_contains_paid_content":false,"footnotes":""},"categories":[7],"tags":[],"class_list":["post-4070","post","type-post","status-publish","format-standard","hentry","category-fotografie"],"jetpack_featured_media_url":"","jetpack_shortlink":"https:\/\/wp.me\/p4mLP7-13E","jetpack-related-posts":[{"id":11751,"url":"https:\/\/kotrla.com\/pmpro\/2024\/06\/santini-neomrzi\/","url_meta":{"origin":4070,"position":0},"title":"Santini neomrz\u00ed","author":"Pavel Kotrla","date":"16.6.2024","format":false,"excerpt":"Kutn\u00e1 Hora je v\u017edycky fajn. A Sedlec? Kostel Nanebevzet\u00ed Panny Marie a svat\u00e9ho Jana K\u0159titele stoj\u00ed za n\u00e1v\u0161t\u011bvu opakovan\u011b. Prost\u011b Santini.","rel":"","context":"V \u201eFotografie\u201c","block_context":{"text":"Fotografie","link":"https:\/\/kotrla.com\/pmpro\/category\/fotografie\/"},"img":{"alt_text":"","src":"https:\/\/i0.wp.com\/kotrla.com\/pmpro\/wp-content\/uploads\/2024\/06\/kh_sedlec_IMGP2795-150x150.jpg?resize=350%2C200&ssl=1","width":350,"height":200,"srcset":"https:\/\/i0.wp.com\/kotrla.com\/pmpro\/wp-content\/uploads\/2024\/06\/kh_sedlec_IMGP2795-150x150.jpg?resize=350%2C200&ssl=1 1x, https:\/\/i0.wp.com\/kotrla.com\/pmpro\/wp-content\/uploads\/2024\/06\/kh_sedlec_IMGP2795-150x150.jpg?resize=525%2C300&ssl=1 1.5x, https:\/\/i0.wp.com\/kotrla.com\/pmpro\/wp-content\/uploads\/2024\/06\/kh_sedlec_IMGP2795-150x150.jpg?resize=700%2C400&ssl=1 2x, https:\/\/i0.wp.com\/kotrla.com\/pmpro\/wp-content\/uploads\/2024\/06\/kh_sedlec_IMGP2795-150x150.jpg?resize=1050%2C600&ssl=1 3x"},"classes":[]},{"id":10646,"url":"https:\/\/kotrla.com\/pmpro\/2023\/07\/proste-santini\/","url_meta":{"origin":4070,"position":1},"title":"Prost\u011b Santini!","author":"Pavel Kotrla","date":"11.7.2023","format":false,"excerpt":"Krajina jak omalov\u00e1nky. Skoro k\u00fd\u010d, kdyby ta Zelen\u00e1 hora nebyla takov\u00e1 kr\u00e1sa... \u017de jo? :) L\u00e9to budi\u017e zas pochv\u00e1leno! A kniha? Volba je tentokr\u00e1t jasn\u00e1, nelze skoro jinak: Urban\u016fv Santiniho jazyk. Kostel svat\u00e9ho Jana Nepomuck\u00e9ho (\u017d\u010f\u00e1r nad S\u00e1zavou) - Wikipedie Poutn\u00ed kostel Sv. Jana Nepomuck\u00e9ho na Zelen\u00e9 ho\u0159e \u00a0","rel":"","context":"V \u201eFotografie\u201c","block_context":{"text":"Fotografie","link":"https:\/\/kotrla.com\/pmpro\/category\/fotografie\/"},"img":{"alt_text":"","src":"https:\/\/i0.wp.com\/kotrla.com\/pmpro\/wp-content\/uploads\/2023\/07\/santini_zelena_hora_IMGP7794-150x150.jpg?resize=350%2C200&ssl=1","width":350,"height":200,"srcset":"https:\/\/i0.wp.com\/kotrla.com\/pmpro\/wp-content\/uploads\/2023\/07\/santini_zelena_hora_IMGP7794-150x150.jpg?resize=350%2C200&ssl=1 1x, https:\/\/i0.wp.com\/kotrla.com\/pmpro\/wp-content\/uploads\/2023\/07\/santini_zelena_hora_IMGP7794-150x150.jpg?resize=525%2C300&ssl=1 1.5x, https:\/\/i0.wp.com\/kotrla.com\/pmpro\/wp-content\/uploads\/2023\/07\/santini_zelena_hora_IMGP7794-150x150.jpg?resize=700%2C400&ssl=1 2x, https:\/\/i0.wp.com\/kotrla.com\/pmpro\/wp-content\/uploads\/2023\/07\/santini_zelena_hora_IMGP7794-150x150.jpg?resize=1050%2C600&ssl=1 3x, https:\/\/i0.wp.com\/kotrla.com\/pmpro\/wp-content\/uploads\/2023\/07\/santini_zelena_hora_IMGP7794-150x150.jpg?resize=1400%2C800&ssl=1 4x"},"classes":[]},{"id":276,"url":"https:\/\/kotrla.com\/pmpro\/2009\/05\/ach-ti-holubi\/","url_meta":{"origin":4070,"position":2},"title":"Ach ti holubi","author":"Pavel Kotrla","date":"15.5.2009","format":false,"excerpt":"Socha svat\u00e9ho Libora ve Vala\u0161sk\u00e9m Mezi\u0159\u00ed\u010d\u00ed byla v lo\u0148sk\u00e9m roce zrestaurov\u00e1na m\u00fdm kamar\u00e1dem Mirkem Machalou a jeho dcerou Evou. Zd\u00e1 se, \u017ee holubi byli rychlej\u0161\u00ed ne\u017e m\u016fj z\u00e1m\u011br. No nic, lidsk\u00e9 vanitas. Nyn\u00ed se restauruje vedlej\u0161\u00ed souso\u0161\u00ed Sv. Anny s d\u00edt\u011btem. Souvisej\u00edc\u00ed: Sv. Libor na str\u00e1nk\u00e1ch Catholica.cz","rel":"","context":"V \u201eFotografie\u201c","block_context":{"text":"Fotografie","link":"https:\/\/kotrla.com\/pmpro\/category\/fotografie\/"},"img":{"alt_text":"Socha Sv. Libora ve Vala\u0161sk\u00e9m Mezi\u0159\u00ed\u010d\u00ed","src":"https:\/\/i0.wp.com\/kotrla.com\/pmpro\/images\/uploads\/sv_libor.jpg?resize=350%2C200&ssl=1","width":350,"height":200},"classes":[]},{"id":1252,"url":"https:\/\/kotrla.com\/pmpro\/2003\/08\/stari-dobri-aloysius-bertrand-iii\/","url_meta":{"origin":4070,"position":3},"title":"STA\u0158\u00cd DOB\u0158\u00cd: Aloysius Bertrand (III.)","author":"Pavel Kotrla","date":"23.8.2003","format":false,"excerpt":"SCARBO \u201eA\u017e zem\u0159e\u0161, dostav rozh\u0159e\u0161en\u00ed nebo proklet,\u201c \u0161eptal mi dnes v noci Scarbo do ucha, \u201ebude\u0161 m\u00edt rub\u00e1\u0161 z pavu\u010diny, ba poh\u0159b\u00edm s tebou pavouka.\u201c \u201eAch, nech\u0165 m\u00e1m alespo\u0148 m\u00edsto rub\u00e1\u0161e list osiky, v n\u011bm\u017e m\u011b bude kol\u00e9bat v\u00e1nek z jezera,\u201c odpov\u011bd\u011bl jsem mu s o\u010dima rud\u00fdma, nebo\u0165 jsem tolik\u2026","rel":"","context":"V \u201eSta\u0159\u00ed dob\u0159\u00ed\u201c","block_context":{"text":"Sta\u0159\u00ed dob\u0159\u00ed","link":"https:\/\/kotrla.com\/pmpro\/category\/stari-dobri\/"},"img":{"alt_text":"","src":"","width":0,"height":0},"classes":[]},{"id":193,"url":"https:\/\/kotrla.com\/pmpro\/2010\/08\/akvarium-tkadlena\/","url_meta":{"origin":4070,"position":4},"title":"Akv\u00e1rium: Tkadlena","author":"Pavel Kotrla","date":"2.8.2010","format":false,"excerpt":"N\u011bco m\u00e1lo t\u00f3n\u016f pro tyto dny z m\u00e9ho obl\u00edben\u00e9ho alba a m\u00e9ho rusofilsk\u00e9ho \u0161upl\u00edku. St\u00e1hnout p\u00edse\u0148 v MP3 Tkadlena Zd\u00e1lo se mi, \u017ee jsem tkadlenou, co \u010dasto ve snu b\u00fdv\u00e1 mnou. Dlouho jsem nech\u00e1pal, jestli j\u00e1 se zd\u00e1m j\u00ed nebo zda ona je sen m\u016fj Ano, v\u00edm, \u017ee o tom\u2026","rel":"","context":"V \u201eOsobn\u00ed\u201c","block_context":{"text":"Osobn\u00ed","link":"https:\/\/kotrla.com\/pmpro\/category\/osobni\/"},"img":{"alt_text":"Akvarium","src":"https:\/\/i0.wp.com\/kotrla.com\/pmpro\/images\/uploads\/akvarium_cd.jpg?resize=350%2C200&ssl=1","width":350,"height":200},"classes":[]}],"jetpack_sharing_enabled":true,"_links":{"self":[{"href":"https:\/\/kotrla.com\/pmpro\/wp-json\/wp\/v2\/posts\/4070","targetHints":{"allow":["GET"]}}],"collection":[{"href":"https:\/\/kotrla.com\/pmpro\/wp-json\/wp\/v2\/posts"}],"about":[{"href":"https:\/\/kotrla.com\/pmpro\/wp-json\/wp\/v2\/types\/post"}],"author":[{"embeddable":true,"href":"https:\/\/kotrla.com\/pmpro\/wp-json\/wp\/v2\/users\/1"}],"replies":[{"embeddable":true,"href":"https:\/\/kotrla.com\/pmpro\/wp-json\/wp\/v2\/comments?post=4070"}],"version-history":[{"count":0,"href":"https:\/\/kotrla.com\/pmpro\/wp-json\/wp\/v2\/posts\/4070\/revisions"}],"wp:attachment":[{"href":"https:\/\/kotrla.com\/pmpro\/wp-json\/wp\/v2\/media?parent=4070"}],"wp:term":[{"taxonomy":"category","embeddable":true,"href":"https:\/\/kotrla.com\/pmpro\/wp-json\/wp\/v2\/categories?post=4070"},{"taxonomy":"post_tag","embeddable":true,"href":"https:\/\/kotrla.com\/pmpro\/wp-json\/wp\/v2\/tags?post=4070"}],"curies":[{"name":"wp","href":"https:\/\/api.w.org\/{rel}","templated":true}]}}