{"id":4078,"date":"2019-02-12T21:06:56","date_gmt":"2019-02-12T20:06:56","guid":{"rendered":"http:\/\/kotrla.com\/pmpro\/?p=4078"},"modified":"2019-11-20T22:46:29","modified_gmt":"2019-11-20T21:46:29","slug":"michal-marsalek","status":"publish","type":"post","link":"https:\/\/kotrla.com\/pmpro\/2019\/02\/michal-marsalek\/","title":{"rendered":"Michal Mar\u0161\u00e1lek"},"content":{"rendered":"<p>Michal Mar\u0161\u00e1lek dnes ve vset\u00ednsk\u00e9 knihovn\u011b v r\u00e1mci projektu <a href=\"http:\/\/spisovateledoknihoven.cz\">Spisovatel\u00e9 do knihoven<\/a>. Aspo\u0148 kr\u00e1tk\u00e9 setk\u00e1n\u00ed po dlouh\u00e9 dob\u011b. Autorovy ver\u0161e jsme p\u0159inesli v <a href=\"http:\/\/casopis-texty.cz\/vydani-casopisu\/texty-66-jaro-leto-2015\/\">Textech 66<\/a>. Ty ze sb\u00edrky\u00a0<a href=\"https:\/\/itvar.cz\/ze-sbirky-cerveny-otaznik\">\u010cerven\u00fd otazn\u00edk najdete v Tvaru<\/a>\u00a0(autory nejnov\u011bj\u0161\u00ed pak i v \u010d\u00edsle 2\/2019), dal\u0161\u00ed na str\u00e1nk\u00e1ch magaz\u00ednu\u00a0<a href=\"https:\/\/casopisilegalit.wordpress.com\/2015\/08\/05\/basne-michal-marsalek\/\">Ilegalit<\/a>.<\/p>\n<figure id=\"attachment_4076\" aria-describedby=\"caption-attachment-4076\" style=\"width: 1600px\" class=\"wp-caption alignnone\"><a href=\"https:\/\/kotrla.com\/pmpro\/wp-content\/uploads\/2019\/02\/michal_marsalek_IMGP9125.jpg\"><img loading=\"lazy\" decoding=\"async\" class=\"size-full wp-image-4076\" src=\"https:\/\/kotrla.com\/pmpro\/wp-content\/uploads\/2019\/02\/michal_marsalek_IMGP9125.jpg\" alt=\"B\u00e1sn\u00edk a psychiatr Michal Mar\u0161\u00e1lek\" width=\"1600\" height=\"1064\" srcset=\"https:\/\/kotrla.com\/pmpro\/wp-content\/uploads\/2019\/02\/michal_marsalek_IMGP9125.jpg 1600w, https:\/\/kotrla.com\/pmpro\/wp-content\/uploads\/2019\/02\/michal_marsalek_IMGP9125-300x200.jpg 300w, https:\/\/kotrla.com\/pmpro\/wp-content\/uploads\/2019\/02\/michal_marsalek_IMGP9125-1024x681.jpg 1024w\" sizes=\"auto, (max-width: 1600px) 100vw, 1600px\" \/><\/a><figcaption id=\"caption-attachment-4076\" class=\"wp-caption-text\">B\u00e1sn\u00edk a psychiatr Michal Mar\u0161\u00e1lek<\/figcaption><\/figure>\n<figure id=\"attachment_4077\" aria-describedby=\"caption-attachment-4077\" style=\"width: 1600px\" class=\"wp-caption alignnone\"><a href=\"https:\/\/kotrla.com\/pmpro\/wp-content\/uploads\/2019\/02\/michal_marsalek_IMGP9128.jpg\"><img loading=\"lazy\" decoding=\"async\" class=\"size-full wp-image-4077\" src=\"https:\/\/kotrla.com\/pmpro\/wp-content\/uploads\/2019\/02\/michal_marsalek_IMGP9128.jpg\" alt=\"B\u00e1sn\u00edk a psychiatr Michal Mar\u0161\u00e1lek\" width=\"1600\" height=\"1064\" srcset=\"https:\/\/kotrla.com\/pmpro\/wp-content\/uploads\/2019\/02\/michal_marsalek_IMGP9128.jpg 1600w, https:\/\/kotrla.com\/pmpro\/wp-content\/uploads\/2019\/02\/michal_marsalek_IMGP9128-300x200.jpg 300w, https:\/\/kotrla.com\/pmpro\/wp-content\/uploads\/2019\/02\/michal_marsalek_IMGP9128-1024x681.jpg 1024w\" sizes=\"auto, (max-width: 1600px) 100vw, 1600px\" \/><\/a><figcaption id=\"caption-attachment-4077\" class=\"wp-caption-text\">B\u00e1sn\u00edk a psychiatr Michal Mar\u0161\u00e1lek<\/figcaption><\/figure>\n","protected":false},"excerpt":{"rendered":"<p>Michal Mar\u0161\u00e1lek dnes ve vset\u00ednsk\u00e9 knihovn\u011b v r\u00e1mci projektu Spisovatel\u00e9 do knihoven. Aspo\u0148 kr\u00e1tk\u00e9 setk\u00e1n\u00ed po dlouh\u00e9 dob\u011b. Autorovy ver\u0161e jsme p\u0159inesli v Textech 66. Ty ze sb\u00edrky\u00a0\u010cerven\u00fd otazn\u00edk najdete v Tvaru\u00a0(autory nejnov\u011bj\u0161\u00ed pak i v \u010d\u00edsle 2\/2019), dal\u0161\u00ed na str\u00e1nk\u00e1ch magaz\u00ednu\u00a0Ilegalit.<\/p>\n","protected":false},"author":1,"featured_media":0,"comment_status":"open","ping_status":"open","sticky":false,"template":"","format":"standard","meta":{"site-sidebar-layout":"default","site-content-layout":"","ast-site-content-layout":"default","site-content-style":"default","site-sidebar-style":"default","ast-global-header-display":"","ast-banner-title-visibility":"","ast-main-header-display":"","ast-hfb-above-header-display":"","ast-hfb-below-header-display":"","ast-hfb-mobile-header-display":"","site-post-title":"","ast-breadcrumbs-content":"","ast-featured-img":"","footer-sml-layout":"","ast-disable-related-posts":"","theme-transparent-header-meta":"","adv-header-id-meta":"","stick-header-meta":"","header-above-stick-meta":"","header-main-stick-meta":"","header-below-stick-meta":"","astra-migrate-meta-layouts":"default","ast-page-background-enabled":"default","ast-page-background-meta":{"desktop":{"background-color":"var(--ast-global-color-5)","background-image":"","background-repeat":"repeat","background-position":"center center","background-size":"auto","background-attachment":"scroll","background-type":"","background-media":"","overlay-type":"","overlay-color":"","overlay-opacity":"","overlay-gradient":""},"tablet":{"background-color":"","background-image":"","background-repeat":"repeat","background-position":"center center","background-size":"auto","background-attachment":"scroll","background-type":"","background-media":"","overlay-type":"","overlay-color":"","overlay-opacity":"","overlay-gradient":""},"mobile":{"background-color":"","background-image":"","background-repeat":"repeat","background-position":"center center","background-size":"auto","background-attachment":"scroll","background-type":"","background-media":"","overlay-type":"","overlay-color":"","overlay-opacity":"","overlay-gradient":""}},"ast-content-background-meta":{"desktop":{"background-color":"var(--ast-global-color-4)","background-image":"","background-repeat":"repeat","background-position":"center center","background-size":"auto","background-attachment":"scroll","background-type":"","background-media":"","overlay-type":"","overlay-color":"","overlay-opacity":"","overlay-gradient":""},"tablet":{"background-color":"var(--ast-global-color-4)","background-image":"","background-repeat":"repeat","background-position":"center center","background-size":"auto","background-attachment":"scroll","background-type":"","background-media":"","overlay-type":"","overlay-color":"","overlay-opacity":"","overlay-gradient":""},"mobile":{"background-color":"var(--ast-global-color-4)","background-image":"","background-repeat":"repeat","background-position":"center center","background-size":"auto","background-attachment":"scroll","background-type":"","background-media":"","overlay-type":"","overlay-color":"","overlay-opacity":"","overlay-gradient":""}},"jetpack_post_was_ever_published":false,"_jetpack_newsletter_access":"","_jetpack_dont_email_post_to_subs":false,"_jetpack_newsletter_tier_id":0,"_jetpack_memberships_contains_paywalled_content":false,"_jetpack_memberships_contains_paid_content":false,"footnotes":""},"categories":[7,2],"tags":[],"class_list":["post-4078","post","type-post","status-publish","format-standard","hentry","category-fotografie","category-literatura"],"jetpack_featured_media_url":"","jetpack_shortlink":"https:\/\/wp.me\/p4mLP7-13M","jetpack-related-posts":[{"id":3694,"url":"https:\/\/kotrla.com\/pmpro\/2018\/05\/zdw-2018-konference-design-marketing\/","url_meta":{"origin":4078,"position":0},"title":"ZDW 2018: Konference design &#038; marketing","author":"Pavel Kotrla","date":"10.5.2018","format":false,"excerpt":"Po roce zas. Zas se d\u00e1 konference v r\u00e1mci Zlin Design Week (@KonferenceZDW) jen a jen doporu\u010dit. Kdyby nic jin\u00e9ho, tak ir\u00e1nsk\u00fd kaligraf Mehdi Saeedi! #ZlinDW","rel":"","context":"V \u201eOsobn\u00ed\u201c","block_context":{"text":"Osobn\u00ed","link":"https:\/\/kotrla.com\/pmpro\/category\/osobni\/"},"img":{"alt_text":"Michal Pastier","src":"https:\/\/i0.wp.com\/kotrla.com\/pmpro\/wp-content\/uploads\/2018\/05\/zdw_2018_mical_pastier_IMGP4509.jpg?resize=350%2C200&ssl=1","width":350,"height":200,"srcset":"https:\/\/i0.wp.com\/kotrla.com\/pmpro\/wp-content\/uploads\/2018\/05\/zdw_2018_mical_pastier_IMGP4509.jpg?resize=350%2C200&ssl=1 1x, https:\/\/i0.wp.com\/kotrla.com\/pmpro\/wp-content\/uploads\/2018\/05\/zdw_2018_mical_pastier_IMGP4509.jpg?resize=525%2C300&ssl=1 1.5x, https:\/\/i0.wp.com\/kotrla.com\/pmpro\/wp-content\/uploads\/2018\/05\/zdw_2018_mical_pastier_IMGP4509.jpg?resize=700%2C400&ssl=1 2x, https:\/\/i0.wp.com\/kotrla.com\/pmpro\/wp-content\/uploads\/2018\/05\/zdw_2018_mical_pastier_IMGP4509.jpg?resize=1050%2C600&ssl=1 3x, https:\/\/i0.wp.com\/kotrla.com\/pmpro\/wp-content\/uploads\/2018\/05\/zdw_2018_mical_pastier_IMGP4509.jpg?resize=1400%2C800&ssl=1 4x"},"classes":[]},{"id":339,"url":"https:\/\/kotrla.com\/pmpro\/2008\/07\/prave-jsme-vydali-aluze-12008\/","url_meta":{"origin":4078,"position":1},"title":"Pr\u00e1v\u011b jsme vydali: Aluze 1\/2008","author":"Pavel Kotrla","date":"3.7.2008","format":false,"excerpt":"Nov\u00e9 \u010d\u00edslo naleznete na adrese revue http:\/\/aluze.cz P\u0159ejeme p\u011bkn\u00e9 po\u010dten\u00ed. Obsah \u010d\u00edsla: Audiopov\u00eddka Josef Mon\u00edk: \u010cert Poezie Michal Jare\u0161: V krajin\u011b jednook\u00e9 Pr\u00f3za Franti\u0161ek Dohnal: Student filmu Chinua Achebe: D\u011bv\u010data ve v\u00e1lce Rozhovor R\u00fcdiger Schmidt-Gr\u00e9p\u00e1ly: Pod k\u0159\u00ed\u017ei se dob\u0159e p\u0159ede (rozhovor vedl B\u0159etislav Horyna) Studie J. Hillis Miller: Narativ Dorrit\u2026","rel":"","context":"V \u201eInternet\u201c","block_context":{"text":"Internet","link":"https:\/\/kotrla.com\/pmpro\/category\/internet\/"},"img":{"alt_text":"Aluze 1\/2008","src":"https:\/\/i0.wp.com\/kotrla.com\/pmpro\/images\/uploads\/aluze_obalka2008_1.png?resize=350%2C200&ssl=1","width":350,"height":200},"classes":[]},{"id":6865,"url":"https:\/\/kotrla.com\/pmpro\/2020\/10\/gratulace\/","url_meta":{"origin":4078,"position":2},"title":"Gratulace&#8230;","author":"Pavel Kotrla","date":"28.10.2020","format":false,"excerpt":"Jsou auto\u0159i, kter\u00e9 si zamilujete od prvn\u00ed knihy. B\u00e1snick\u00e1 sb\u00edrka Vra\u017eda v hotelu Intercontinental z roku 1989 pro mne takovou knihou byla. Tak\u017ee dne\u0161n\u00ed St\u00e1tn\u00ed cenu za literaturu pro Michala Ajvaze pot\u011b\u0161ila. (Stejn\u011b jako pro p\u0159ekladatelku Blanku St\u00e1rkovou.) Liter\u00e1rn\u00ed akce, \u010dten\u00ed a festivaly jsou aktu\u00e1ln\u011b u ledu, tak aspo\u0148 jedna\u2026","rel":"","context":"V \u201eKnihy\u201c","block_context":{"text":"Knihy","link":"https:\/\/kotrla.com\/pmpro\/category\/knihy\/"},"img":{"alt_text":"Michal Ajvaz","src":"https:\/\/i0.wp.com\/kotrla.com\/pmpro\/wp-content\/uploads\/2020\/10\/michal_ajvaz_IGP9673.jpg?resize=350%2C200&ssl=1","width":350,"height":200,"srcset":"https:\/\/i0.wp.com\/kotrla.com\/pmpro\/wp-content\/uploads\/2020\/10\/michal_ajvaz_IGP9673.jpg?resize=350%2C200&ssl=1 1x, https:\/\/i0.wp.com\/kotrla.com\/pmpro\/wp-content\/uploads\/2020\/10\/michal_ajvaz_IGP9673.jpg?resize=525%2C300&ssl=1 1.5x, https:\/\/i0.wp.com\/kotrla.com\/pmpro\/wp-content\/uploads\/2020\/10\/michal_ajvaz_IGP9673.jpg?resize=700%2C400&ssl=1 2x, https:\/\/i0.wp.com\/kotrla.com\/pmpro\/wp-content\/uploads\/2020\/10\/michal_ajvaz_IGP9673.jpg?resize=1050%2C600&ssl=1 3x, https:\/\/i0.wp.com\/kotrla.com\/pmpro\/wp-content\/uploads\/2020\/10\/michal_ajvaz_IGP9673.jpg?resize=1400%2C800&ssl=1 4x"},"classes":[]},{"id":1120,"url":"https:\/\/kotrla.com\/pmpro\/2004\/01\/hermeneutika-v-kazdodennim-zivote\/","url_meta":{"origin":4078,"position":3},"title":"Hermeneutika v ka\u017edodenn\u00edm \u017eivot\u011b","author":"Pavel Kotrla","date":"1.1.2004","format":false,"excerpt":"Snad pot\u011b\u0161\u00ed mil\u00fd text na adrese http:\/\/www.fit.vutbr.cz\/~michal\/kr\/hermeneutika.htm","rel":"","context":"V \u201eNeza\u0159azen\u00e9\u201c","block_context":{"text":"Neza\u0159azen\u00e9","link":"https:\/\/kotrla.com\/pmpro\/category\/nezarazene\/"},"img":{"alt_text":"","src":"","width":0,"height":0},"classes":[]},{"id":6229,"url":"https:\/\/kotrla.com\/pmpro\/2019\/11\/michal-jares-kotrlova-druha\/","url_meta":{"origin":4078,"position":4},"title":"Michal Jare\u0161: Kotrlova druh\u00e1","author":"Pavel Kotrla","date":"21.11.2019","format":false,"excerpt":"Ji\u017e jsem to zmi\u0148oval jinde: T\u00fdneck\u00e9 listy pova\u017euji za jeden z utajen\u00fdch liter\u00e1rn\u00edch \u010dasopis\u016f. Ostatn\u011b jedn\u00edm z jeho redaktor\u016f je Petr Hanu\u0161ka. Starosta Velk\u00e9ho T\u00fdnce, b\u00fdval\u00fd vysoko\u0161kolsk\u00fd pedagog, jeden ze zakladatel\u016f Aluze, kter\u00fd ani zde na literaturu nerezignoval a obecn\u00ed zpravodaj(!) j\u00ed p\u0159in\u00e1\u0161\u00ed ka\u017ed\u00fd m\u011bs\u00edc p\u011bknou porci. Posledn\u00ed \u010d\u00edslo pak\u2026","rel":"","context":"V \u201eKnihy\u201c","block_context":{"text":"Knihy","link":"https:\/\/kotrla.com\/pmpro\/category\/knihy\/"},"img":{"alt_text":"Michal Jare\u0161: Kotrlova druh\u00e1","src":"https:\/\/i0.wp.com\/kotrla.com\/pmpro\/wp-content\/uploads\/2019\/11\/mj_recenze_mirny_severni.jpg?resize=350%2C200&ssl=1","width":350,"height":200,"srcset":"https:\/\/i0.wp.com\/kotrla.com\/pmpro\/wp-content\/uploads\/2019\/11\/mj_recenze_mirny_severni.jpg?resize=350%2C200&ssl=1 1x, https:\/\/i0.wp.com\/kotrla.com\/pmpro\/wp-content\/uploads\/2019\/11\/mj_recenze_mirny_severni.jpg?resize=525%2C300&ssl=1 1.5x, https:\/\/i0.wp.com\/kotrla.com\/pmpro\/wp-content\/uploads\/2019\/11\/mj_recenze_mirny_severni.jpg?resize=700%2C400&ssl=1 2x"},"classes":[]},{"id":93,"url":"https:\/\/kotrla.com\/pmpro\/2012\/06\/ostravsky-knizni-veletrh-podruhe\/","url_meta":{"origin":4078,"position":5},"title":"Ostravsk\u00fd kni\u017en\u00ed veletrh podruh\u00e9","author":"Pavel Kotrla","date":"18.6.2012","format":false,"excerpt":"V sobotu jsme si s Martinem Luk\u00e1\u0161em zajeli na ostravsk\u00fd kni\u017en\u00ed veletrh. Byl jsem zv\u011bdav, kam se posunul od lo\u0148sk\u00e9ho prvn\u00edho ro\u010dn\u00edku. Osobn\u011b jsem odj\u00ed\u017ed\u011bl trochu s rozpaky. Lid\u00ed se mi zd\u00e1lo m\u00ed\u0148, snad za to mohlo to rozp\u00e1len\u00e9 a vylidn\u011bn\u00e9 sobotn\u00ed m\u011bsto. Ale i doprovodn\u00fd program, kter\u00fd mne zaj\u00edmal\u2026","rel":"","context":"V \u201eFotografie\u201c","block_context":{"text":"Fotografie","link":"https:\/\/kotrla.com\/pmpro\/category\/fotografie\/"},"img":{"alt_text":"Lydie Romansk\u00e1","src":"https:\/\/i0.wp.com\/kotrla.com\/pmpro\/images\/uploads\/lydie_romanska_IGP9641.jpg?resize=350%2C200&ssl=1","width":350,"height":200},"classes":[]}],"jetpack_sharing_enabled":true,"_links":{"self":[{"href":"https:\/\/kotrla.com\/pmpro\/wp-json\/wp\/v2\/posts\/4078","targetHints":{"allow":["GET"]}}],"collection":[{"href":"https:\/\/kotrla.com\/pmpro\/wp-json\/wp\/v2\/posts"}],"about":[{"href":"https:\/\/kotrla.com\/pmpro\/wp-json\/wp\/v2\/types\/post"}],"author":[{"embeddable":true,"href":"https:\/\/kotrla.com\/pmpro\/wp-json\/wp\/v2\/users\/1"}],"replies":[{"embeddable":true,"href":"https:\/\/kotrla.com\/pmpro\/wp-json\/wp\/v2\/comments?post=4078"}],"version-history":[{"count":0,"href":"https:\/\/kotrla.com\/pmpro\/wp-json\/wp\/v2\/posts\/4078\/revisions"}],"wp:attachment":[{"href":"https:\/\/kotrla.com\/pmpro\/wp-json\/wp\/v2\/media?parent=4078"}],"wp:term":[{"taxonomy":"category","embeddable":true,"href":"https:\/\/kotrla.com\/pmpro\/wp-json\/wp\/v2\/categories?post=4078"},{"taxonomy":"post_tag","embeddable":true,"href":"https:\/\/kotrla.com\/pmpro\/wp-json\/wp\/v2\/tags?post=4078"}],"curies":[{"name":"wp","href":"https:\/\/api.w.org\/{rel}","templated":true}]}}