{"id":414,"date":"2007-09-07T05:25:00","date_gmt":"2007-09-07T04:25:00","guid":{"rendered":"http:\/\/kotrla.com\/wordpress\/?p=414"},"modified":"2019-11-20T22:35:59","modified_gmt":"2019-11-20T21:35:59","slug":"otazka-kterou-jsem-si-dovcera-nepolozil","status":"publish","type":"post","link":"https:\/\/kotrla.com\/pmpro\/2007\/09\/otazka-kterou-jsem-si-dovcera-nepolozil\/","title":{"rendered":"Ot\u00e1zka, kterou jsem si dov\u010dera nepolo\u017eil"},"content":{"rendered":"<p><img loading=\"lazy\" decoding=\"async\" src=\"https:\/\/kotrla.com\/pmpro\/images\/uploads\/protektorat_znamka.jpg\" border=\"0\" alt=\"zn\u00e1mka -protektor\u00e1t\" width=\"64\" height=\"70\" align=\"right\" \/><br \/>\nJak\u00e1 byla nejvy\u0161\u0161\u00ed hora protektor\u00e1tu \u010cechy a Morava?<br \/>\nNejsem sice autorem ot\u00e1zky ani odpov\u011bdi, ale h\u00e1dejte, h\u00e1dejte.<\/p>\n","protected":false},"excerpt":{"rendered":"<p>Jak\u00e1 byla nejvy\u0161\u0161\u00ed hora protektor\u00e1tu \u010cechy a Morava? Nejsem sice autorem ot\u00e1zky ani odpov\u011bdi, ale h\u00e1dejte, h\u00e1dejte.<\/p>\n","protected":false},"author":1,"featured_media":0,"comment_status":"open","ping_status":"open","sticky":false,"template":"","format":"standard","meta":{"site-sidebar-layout":"default","site-content-layout":"","ast-site-content-layout":"default","site-content-style":"default","site-sidebar-style":"default","ast-global-header-display":"","ast-banner-title-visibility":"","ast-main-header-display":"","ast-hfb-above-header-display":"","ast-hfb-below-header-display":"","ast-hfb-mobile-header-display":"","site-post-title":"","ast-breadcrumbs-content":"","ast-featured-img":"","footer-sml-layout":"","ast-disable-related-posts":"","theme-transparent-header-meta":"","adv-header-id-meta":"","stick-header-meta":"","header-above-stick-meta":"","header-main-stick-meta":"","header-below-stick-meta":"","astra-migrate-meta-layouts":"default","ast-page-background-enabled":"default","ast-page-background-meta":{"desktop":{"background-color":"var(--ast-global-color-5)","background-image":"","background-repeat":"repeat","background-position":"center center","background-size":"auto","background-attachment":"scroll","background-type":"","background-media":"","overlay-type":"","overlay-color":"","overlay-opacity":"","overlay-gradient":""},"tablet":{"background-color":"","background-image":"","background-repeat":"repeat","background-position":"center center","background-size":"auto","background-attachment":"scroll","background-type":"","background-media":"","overlay-type":"","overlay-color":"","overlay-opacity":"","overlay-gradient":""},"mobile":{"background-color":"","background-image":"","background-repeat":"repeat","background-position":"center center","background-size":"auto","background-attachment":"scroll","background-type":"","background-media":"","overlay-type":"","overlay-color":"","overlay-opacity":"","overlay-gradient":""}},"ast-content-background-meta":{"desktop":{"background-color":"var(--ast-global-color-4)","background-image":"","background-repeat":"repeat","background-position":"center center","background-size":"auto","background-attachment":"scroll","background-type":"","background-media":"","overlay-type":"","overlay-color":"","overlay-opacity":"","overlay-gradient":""},"tablet":{"background-color":"var(--ast-global-color-4)","background-image":"","background-repeat":"repeat","background-position":"center center","background-size":"auto","background-attachment":"scroll","background-type":"","background-media":"","overlay-type":"","overlay-color":"","overlay-opacity":"","overlay-gradient":""},"mobile":{"background-color":"var(--ast-global-color-4)","background-image":"","background-repeat":"repeat","background-position":"center center","background-size":"auto","background-attachment":"scroll","background-type":"","background-media":"","overlay-type":"","overlay-color":"","overlay-opacity":"","overlay-gradient":""}},"jetpack_post_was_ever_published":false,"_jetpack_newsletter_access":"","_jetpack_dont_email_post_to_subs":false,"_jetpack_newsletter_tier_id":0,"_jetpack_memberships_contains_paywalled_content":false,"_jetpack_memberships_contains_paid_content":false,"footnotes":""},"categories":[4],"tags":[],"class_list":["post-414","post","type-post","status-publish","format-standard","hentry","category-ostatni"],"jetpack_featured_media_url":"","jetpack_shortlink":"https:\/\/wp.me\/p4mLP7-6G","jetpack-related-posts":[{"id":1212,"url":"https:\/\/kotrla.com\/pmpro\/2003\/09\/kdo-je-autorem-nasledujicich-versu-7\/","url_meta":{"origin":414,"position":0},"title":"Kdo je autorem n\u00e1sleduj\u00edc\u00edch ver\u0161\u016f? (7)","author":"Pavel Kotrla","date":"23.9.2003","format":false,"excerpt":"Dnes tu m\u00e1me n\u011bco pro p\u0159\u00edznivce hromadn\u00e9 dopravy, mezi kter\u00e9 ostatn\u011b taky pat\u0159\u00edm. I kdy\u017e ta r\u00e1na na autobusov\u00e9m n\u00e1dra\u017e\u00ed! Ot\u00e1zka z\u016fst\u00e1v\u00e1 st\u00e1le stejn\u00e1: Kdo je autorem n\u00e1sleduj\u00edc\u00edch ver\u0161\u016f? H\u00c1DEJTE a BAVTE SE! Literatura nen\u00ed o vyhled\u00e1v\u00e1n\u00ed pomoc\u00ed Googlu, Jyxa a jin\u00fdch! Literatura je o n\u011b\u010dem zcela jin\u00e9m. DOPLN\u011aNO: Autorem\u2026","rel":"","context":"V \u201eKdo je autorem?\u201c","block_context":{"text":"Kdo je autorem?","link":"https:\/\/kotrla.com\/pmpro\/category\/kdo-je-autorem\/"},"img":{"alt_text":"","src":"","width":0,"height":0},"classes":[]},{"id":1204,"url":"https:\/\/kotrla.com\/pmpro\/2003\/10\/kdo-je-autorem-nasledujicich-versu-9\/","url_meta":{"origin":414,"position":1},"title":"Kdo je autorem n\u00e1sleduj\u00edc\u00edch ver\u0161\u016f? (9)","author":"Pavel Kotrla","date":"1.10.2003","format":false,"excerpt":"Vypad\u00e1 to, \u017ee h\u00e1danka \u010d. 8 je\/byla t\u011b\u017ek\u00e1. Proto n\u011bco leh\u010d\u00edho. Tedy dle m\u00e9ho n\u00e1zoru. Ot\u00e1zka z\u016fst\u00e1v\u00e1 st\u00e1le stejn\u00e1: Kdo je autorem n\u00e1sleduj\u00edc\u00edch ver\u0161\u016f? H\u00c1DEJTE a BAVTE SE! Literatura nen\u00ed o vyhled\u00e1v\u00e1n\u00ed pomoc\u00ed Googlu, Jyxa a jin\u00fdch! Literatura je o n\u011b\u010dem zcela jin\u00e9m. Bylo k zalknut\u00ed Nikoli nar\u00e1z nikoli v\u0161ichni\u2026","rel":"","context":"V \u201eKdo je autorem?\u201c","block_context":{"text":"Kdo je autorem?","link":"https:\/\/kotrla.com\/pmpro\/category\/kdo-je-autorem\/"},"img":{"alt_text":"","src":"","width":0,"height":0},"classes":[]},{"id":1209,"url":"https:\/\/kotrla.com\/pmpro\/2003\/09\/kdo-je-autorem-nasledujicich-versu-8\/","url_meta":{"origin":414,"position":2},"title":"Kdo je autorem n\u00e1sleduj\u00edc\u00edch ver\u0161\u016f? (8)","author":"Pavel Kotrla","date":"25.9.2003","format":false,"excerpt":"Ot\u00e1zka z\u016fst\u00e1v\u00e1 st\u00e1le stejn\u00e1: Kdo je autorem n\u00e1sleduj\u00edc\u00edch ver\u0161\u016f? H\u00c1DEJTE a BAVTE SE! Literatura nen\u00ed o vyhled\u00e1v\u00e1n\u00ed pomoc\u00ed Googlu, Jyxa a jin\u00fdch! Literatura je o n\u011b\u010dem zcela jin\u00e9m. Dopis Ann\u011b Achmatovov\u00e9 V\u00e1\u017een\u00e1 Anno Andrejevno a\u010d je u\u017e pozd\u011b a nen\u00ed vlastn\u011b kam mus\u00edm V\u00e1m napsat \u017ee na V\u00e1s \u010dasto mysl\u00edv\u00e1m\u2026","rel":"","context":"V \u201eKdo je autorem?\u201c","block_context":{"text":"Kdo je autorem?","link":"https:\/\/kotrla.com\/pmpro\/category\/kdo-je-autorem\/"},"img":{"alt_text":"","src":"","width":0,"height":0},"classes":[]},{"id":1221,"url":"https:\/\/kotrla.com\/pmpro\/2003\/09\/kdo-je-autorem-nasledujicich-versu-6\/","url_meta":{"origin":414,"position":3},"title":"Kdo je autorem n\u00e1sleduj\u00edc\u00edch ver\u0161\u016f? (6)","author":"Pavel Kotrla","date":"19.9.2003","format":false,"excerpt":"Dne\u0161n\u00ed \u00fakol nen\u00ed p\u0159\u00edli\u0161 obt\u00ed\u017en\u00fd, mo\u017en\u00e1 je lehou\u010dk\u00fd. Uvid\u00edme. Ot\u00e1zka z\u016fst\u00e1v\u00e1 st\u00e1le stejn\u00e1: Kdo je autorem n\u00e1sleduj\u00edc\u00edch ver\u0161\u016f? H\u00c1DEJTE! Nen\u00ed to o vyhled\u00e1v\u00e1n\u00ed pomoc\u00ed Googlu, Jyxa a jin\u00fdch! Je to o literatu\u0159e. ZA\u0158\u00cdK\u00c1V\u00c1N\u00cd MU\u017d\u016e A byly doby, k pl\u00e1\u010di bez podoby. A byly d\u011bje, k pl\u00e1\u010di bez nad\u011bje. A zima\u2026","rel":"","context":"V \u201eKdo je autorem?\u201c","block_context":{"text":"Kdo je autorem?","link":"https:\/\/kotrla.com\/pmpro\/category\/kdo-je-autorem\/"},"img":{"alt_text":"","src":"","width":0,"height":0},"classes":[]}],"jetpack_sharing_enabled":true,"_links":{"self":[{"href":"https:\/\/kotrla.com\/pmpro\/wp-json\/wp\/v2\/posts\/414","targetHints":{"allow":["GET"]}}],"collection":[{"href":"https:\/\/kotrla.com\/pmpro\/wp-json\/wp\/v2\/posts"}],"about":[{"href":"https:\/\/kotrla.com\/pmpro\/wp-json\/wp\/v2\/types\/post"}],"author":[{"embeddable":true,"href":"https:\/\/kotrla.com\/pmpro\/wp-json\/wp\/v2\/users\/1"}],"replies":[{"embeddable":true,"href":"https:\/\/kotrla.com\/pmpro\/wp-json\/wp\/v2\/comments?post=414"}],"version-history":[{"count":0,"href":"https:\/\/kotrla.com\/pmpro\/wp-json\/wp\/v2\/posts\/414\/revisions"}],"wp:attachment":[{"href":"https:\/\/kotrla.com\/pmpro\/wp-json\/wp\/v2\/media?parent=414"}],"wp:term":[{"taxonomy":"category","embeddable":true,"href":"https:\/\/kotrla.com\/pmpro\/wp-json\/wp\/v2\/categories?post=414"},{"taxonomy":"post_tag","embeddable":true,"href":"https:\/\/kotrla.com\/pmpro\/wp-json\/wp\/v2\/tags?post=414"}],"curies":[{"name":"wp","href":"https:\/\/api.w.org\/{rel}","templated":true}]}}