{"id":4166,"date":"2019-03-29T10:11:32","date_gmt":"2019-03-29T09:11:32","guid":{"rendered":"http:\/\/kotrla.com\/pmpro\/?p=4166"},"modified":"2019-11-20T22:46:28","modified_gmt":"2019-11-20T21:46:28","slug":"pozvanka-na-krest-knihy-parizsky-skicak-libora-sostaka","status":"publish","type":"post","link":"https:\/\/kotrla.com\/pmpro\/2019\/03\/pozvanka-na-krest-knihy-parizsky-skicak-libora-sostaka\/","title":{"rendered":"Pozv\u00e1nka na k\u0159est knihy Pa\u0159\u00ed\u017esk\u00fd skic\u00e1k Libora So\u0161\u0165\u00e1ka"},"content":{"rendered":"<p>Srde\u010dn\u011b zveme na k\u0159est knihy <a href=\"https:\/\/kotrla.com\/pmpro\/2019\/03\/libor-sostak-parizsky-skicak\/\">Pa\u0159\u00ed\u017esk\u00fd skic\u00e1k Libora So\u0161\u0165\u00e1ka<\/a>, kter\u00fd prob\u011bhne 6. dubna 2019 na\u00a0vset\u00ednsk\u00e9m z\u00e1mku od 15.00 v\u00a0r\u00e1mci vernis\u00e1\u017ee <a href=\"http:\/\/muzeumvalassko.cz\/zpravy\/libor-sostak-oslavi-sedesatku-vystavou\/\">Introspektiva<\/a>. Hudbou doprovod\u00ed skupina\u00a0<a href=\"http:\/\/www.zambosi.cz\">\u017dambo\u0161i<\/a>.<\/p>\n<figure id=\"attachment_4167\" aria-describedby=\"caption-attachment-4167\" style=\"width: 1241px\" class=\"wp-caption alignnone\"><a href=\"https:\/\/kotrla.com\/pmpro\/wp-content\/uploads\/2019\/03\/libor_sostak_pozvanka_krest_knihy.jpg\"><img loading=\"lazy\" decoding=\"async\" class=\"size-full wp-image-4167\" src=\"https:\/\/kotrla.com\/pmpro\/wp-content\/uploads\/2019\/03\/libor_sostak_pozvanka_krest_knihy.jpg\" alt=\"K\u0159est knihy Pa\u0159\u00ed\u017esk\u00fd skic\u00e1k Libora So\u0161\u0165\u00e1ka\" width=\"1241\" height=\"585\" srcset=\"https:\/\/kotrla.com\/pmpro\/wp-content\/uploads\/2019\/03\/libor_sostak_pozvanka_krest_knihy.jpg 1241w, https:\/\/kotrla.com\/pmpro\/wp-content\/uploads\/2019\/03\/libor_sostak_pozvanka_krest_knihy-300x141.jpg 300w, https:\/\/kotrla.com\/pmpro\/wp-content\/uploads\/2019\/03\/libor_sostak_pozvanka_krest_knihy-1024x483.jpg 1024w\" sizes=\"auto, (max-width: 1241px) 100vw, 1241px\" \/><\/a><figcaption id=\"caption-attachment-4167\" class=\"wp-caption-text\">K\u0159est knihy Pa\u0159\u00ed\u017esk\u00fd skic\u00e1k Libora So\u0161\u0165\u00e1ka<\/figcaption><\/figure>\n","protected":false},"excerpt":{"rendered":"<p>Srde\u010dn\u011b zveme na k\u0159est knihy Pa\u0159\u00ed\u017esk\u00fd skic\u00e1k Libora So\u0161\u0165\u00e1ka, kter\u00fd prob\u011bhne 6. dubna 2019 na\u00a0vset\u00ednsk\u00e9m z\u00e1mku od 15.00 v\u00a0r\u00e1mci vernis\u00e1\u017ee Introspektiva. Hudbou doprovod\u00ed skupina\u00a0\u017dambo\u0161i.<\/p>\n","protected":false},"author":1,"featured_media":0,"comment_status":"open","ping_status":"open","sticky":false,"template":"","format":"standard","meta":{"site-sidebar-layout":"default","site-content-layout":"","ast-site-content-layout":"default","site-content-style":"default","site-sidebar-style":"default","ast-global-header-display":"","ast-banner-title-visibility":"","ast-main-header-display":"","ast-hfb-above-header-display":"","ast-hfb-below-header-display":"","ast-hfb-mobile-header-display":"","site-post-title":"","ast-breadcrumbs-content":"","ast-featured-img":"","footer-sml-layout":"","ast-disable-related-posts":"","theme-transparent-header-meta":"","adv-header-id-meta":"","stick-header-meta":"","header-above-stick-meta":"","header-main-stick-meta":"","header-below-stick-meta":"","astra-migrate-meta-layouts":"default","ast-page-background-enabled":"default","ast-page-background-meta":{"desktop":{"background-color":"var(--ast-global-color-5)","background-image":"","background-repeat":"repeat","background-position":"center center","background-size":"auto","background-attachment":"scroll","background-type":"","background-media":"","overlay-type":"","overlay-color":"","overlay-opacity":"","overlay-gradient":""},"tablet":{"background-color":"","background-image":"","background-repeat":"repeat","background-position":"center center","background-size":"auto","background-attachment":"scroll","background-type":"","background-media":"","overlay-type":"","overlay-color":"","overlay-opacity":"","overlay-gradient":""},"mobile":{"background-color":"","background-image":"","background-repeat":"repeat","background-position":"center center","background-size":"auto","background-attachment":"scroll","background-type":"","background-media":"","overlay-type":"","overlay-color":"","overlay-opacity":"","overlay-gradient":""}},"ast-content-background-meta":{"desktop":{"background-color":"var(--ast-global-color-4)","background-image":"","background-repeat":"repeat","background-position":"center center","background-size":"auto","background-attachment":"scroll","background-type":"","background-media":"","overlay-type":"","overlay-color":"","overlay-opacity":"","overlay-gradient":""},"tablet":{"background-color":"var(--ast-global-color-4)","background-image":"","background-repeat":"repeat","background-position":"center center","background-size":"auto","background-attachment":"scroll","background-type":"","background-media":"","overlay-type":"","overlay-color":"","overlay-opacity":"","overlay-gradient":""},"mobile":{"background-color":"var(--ast-global-color-4)","background-image":"","background-repeat":"repeat","background-position":"center center","background-size":"auto","background-attachment":"scroll","background-type":"","background-media":"","overlay-type":"","overlay-color":"","overlay-opacity":"","overlay-gradient":""}},"jetpack_post_was_ever_published":false,"_jetpack_newsletter_access":"","_jetpack_dont_email_post_to_subs":false,"_jetpack_newsletter_tier_id":0,"_jetpack_memberships_contains_paywalled_content":false,"_jetpack_memberships_contains_paid_content":false,"footnotes":""},"categories":[19,3],"tags":[],"class_list":["post-4166","post","type-post","status-publish","format-standard","hentry","category-knihy","category-osobni"],"jetpack_featured_media_url":"","jetpack_shortlink":"https:\/\/wp.me\/p4mLP7-15c","jetpack-related-posts":[{"id":11493,"url":"https:\/\/kotrla.com\/pmpro\/2024\/04\/synonymum-krajina\/","url_meta":{"origin":4166,"position":0},"title":"Synonymum krajina","author":"Pavel Kotrla","date":"19.4.2024","format":false,"excerpt":"Libor So\u0161\u0165\u00e1k v m\u00e9m jednomu\u017en\u00e9m nakladatelstv\u00ed Klenov vydal v roce 2019 sv\u016fj Pa\u0159\u00ed\u017esk\u00fd skic\u00e1k. Te\u010f jsme spojili s\u00edly Srde\u010dn\u011b zveme!\u00a0V\u00fdstava p\u0159edstav\u00ed sou\u010dasnou grafickou tvorbu Libora So\u0161\u0165\u00e1ka, a tak\u00e9 soubor kreseb, kter\u00e9 vznikly v obdob\u00ed covidov\u00e9ho lockdownu. Sou\u010d\u00e1st\u00ed v\u00fdstavy bude uveden\u00ed na\u0161\u00ed bibliofilie. V\u00fdstava bude otev\u0159ena dle otev\u00edrac\u00ed doby kina Vatra\u2026","rel":"","context":"V \u201eBibliofilie\u201c","block_context":{"text":"Bibliofilie","link":"https:\/\/kotrla.com\/pmpro\/category\/bibliofilie\/"},"img":{"alt_text":"Synonymum krajina","src":"https:\/\/i0.wp.com\/kotrla.com\/pmpro\/wp-content\/uploads\/2024\/04\/plakat_synonymum_krajina.jpg?resize=350%2C200&ssl=1","width":350,"height":200,"srcset":"https:\/\/i0.wp.com\/kotrla.com\/pmpro\/wp-content\/uploads\/2024\/04\/plakat_synonymum_krajina.jpg?resize=350%2C200&ssl=1 1x, https:\/\/i0.wp.com\/kotrla.com\/pmpro\/wp-content\/uploads\/2024\/04\/plakat_synonymum_krajina.jpg?resize=525%2C300&ssl=1 1.5x, https:\/\/i0.wp.com\/kotrla.com\/pmpro\/wp-content\/uploads\/2024\/04\/plakat_synonymum_krajina.jpg?resize=700%2C400&ssl=1 2x, https:\/\/i0.wp.com\/kotrla.com\/pmpro\/wp-content\/uploads\/2024\/04\/plakat_synonymum_krajina.jpg?resize=1050%2C600&ssl=1 3x, https:\/\/i0.wp.com\/kotrla.com\/pmpro\/wp-content\/uploads\/2024\/04\/plakat_synonymum_krajina.jpg?resize=1400%2C800&ssl=1 4x"},"classes":[]},{"id":8865,"url":"https:\/\/kotrla.com\/pmpro\/2021\/07\/libor-sostak-muj-rezavy-svet\/","url_meta":{"origin":4166,"position":1},"title":"Libor So\u0161\u0165\u00e1k &#8211; M\u016fj rezav\u00fd sv\u011bt","author":"Pavel Kotrla","date":"1.7.2021","format":false,"excerpt":"Do konce \u0159\u00edjna m\u016f\u017eete nav\u0161t\u00edvit ve Zbra\u0161ovsk\u00fdch aragonitov\u00fdch jeskyn\u00edch v\u00fdstavu m\u00e9ho p\u0159\u00edtele Libora So\u0161\u0165\u00e1ka \u201eM\u016fj rezav\u00fd kv\u011bt.\u201c Pokud v\u00fdstavu nav\u0161t\u00edv\u00edte v\u00edckr\u00e1t, ur\u010dit\u011b budete moci pozorovat postupn\u00e9 p\u0159ib\u00fdv\u00e1n\u00ed rzi. A tak\u00e9 si st\u00e1le m\u016f\u017eete zakoupit jeho knihu Pa\u0159\u00ed\u017esk\u00fd skic\u00e1k nebo mou sb\u00edrku, kterou ilustroval. Ob\u011b vydalo nakladatelstv\u00ed Klenov.","rel":"","context":"V \u201eOsobn\u00ed\u201c","block_context":{"text":"Osobn\u00ed","link":"https:\/\/kotrla.com\/pmpro\/category\/osobni\/"},"img":{"alt_text":"","src":"https:\/\/i0.wp.com\/kotrla.com\/pmpro\/wp-content\/uploads\/2021\/07\/llibor_sostak_muj_rezavy_svet_IMGP1237-150x150.jpg?resize=350%2C200&ssl=1","width":350,"height":200,"srcset":"https:\/\/i0.wp.com\/kotrla.com\/pmpro\/wp-content\/uploads\/2021\/07\/llibor_sostak_muj_rezavy_svet_IMGP1237-150x150.jpg?resize=350%2C200&ssl=1 1x, https:\/\/i0.wp.com\/kotrla.com\/pmpro\/wp-content\/uploads\/2021\/07\/llibor_sostak_muj_rezavy_svet_IMGP1237-150x150.jpg?resize=525%2C300&ssl=1 1.5x, https:\/\/i0.wp.com\/kotrla.com\/pmpro\/wp-content\/uploads\/2021\/07\/llibor_sostak_muj_rezavy_svet_IMGP1237-150x150.jpg?resize=700%2C400&ssl=1 2x, https:\/\/i0.wp.com\/kotrla.com\/pmpro\/wp-content\/uploads\/2021\/07\/llibor_sostak_muj_rezavy_svet_IMGP1237-150x150.jpg?resize=1050%2C600&ssl=1 3x, https:\/\/i0.wp.com\/kotrla.com\/pmpro\/wp-content\/uploads\/2021\/07\/llibor_sostak_muj_rezavy_svet_IMGP1237-150x150.jpg?resize=1400%2C800&ssl=1 4x"},"classes":[]},{"id":6587,"url":"https:\/\/kotrla.com\/pmpro\/2020\/05\/poeticky-pocatek-kvetna\/","url_meta":{"origin":4166,"position":2},"title":"Poetick\u00fd po\u010d\u00e1tek kv\u011btna","author":"Pavel Kotrla","date":"2.5.2020","format":false,"excerpt":"Tak se to n\u011bjak se\u0161lo. Zat\u00edmco Vertigo 1\/2020 uve\u0159ejnilo studii Jakuba Sou\u010dka v\u011bnovanou m\u00fdm dv\u011bma sb\u00edrk\u00e1m, moje ver\u0161e si m\u016f\u017eete p\u0159e\u010d\u00edst v druh\u00e9m \u010d\u00edsle vala\u0161skomezi\u0159\u00ed\u010dsk\u00e9ho NE-VKUSU a p\u00e1t\u00e9m svazku sborn\u00edku Terasa - Zl\u00ednsk\u00e9 liter\u00e1rn\u00ed tr\u017enice. S apr\u00edlov\u00e9ho uveden\u00ed Terasy sice se\u0161lo, ale snad se m\u016f\u017eeme t\u011b\u0161it na podzim. V NE-VKUSU\u2026","rel":"","context":"V \u201eLiteratura\u201c","block_context":{"text":"Literatura","link":"https:\/\/kotrla.com\/pmpro\/category\/literatura\/"},"img":{"alt_text":"","src":"https:\/\/i0.wp.com\/kotrla.com\/pmpro\/wp-content\/uploads\/2020\/05\/Vertigo_1_2020.jpg?resize=350%2C200&ssl=1","width":350,"height":200,"srcset":"https:\/\/i0.wp.com\/kotrla.com\/pmpro\/wp-content\/uploads\/2020\/05\/Vertigo_1_2020.jpg?resize=350%2C200&ssl=1 1x, https:\/\/i0.wp.com\/kotrla.com\/pmpro\/wp-content\/uploads\/2020\/05\/Vertigo_1_2020.jpg?resize=525%2C300&ssl=1 1.5x"},"classes":[]},{"id":12536,"url":"https:\/\/kotrla.com\/pmpro\/2025\/03\/ze-vcerejsi-vernisaze-vystavy-libora-sostaka\/","url_meta":{"origin":4166,"position":3},"title":"Ze v\u010derej\u0161\u00ed vernis\u00e1\u017ee v\u00fdstavy Libora So\u0161\u0165\u00e1ka","author":"Pavel Kotrla","date":"5.3.2025","format":false,"excerpt":"N\u011bkolik fotografi\u00ed ze v\u010derej\u0161\u00ed vernis\u00e1\u017ee v\u00fdstavy Na cest\u011b Libora So\u0161\u0165\u00e1ka, kterou m\u016f\u017eete v novoji\u010d\u00ednsk\u00e9 galerii Star\u00e1 po\u0161ta nav\u0161t\u00edvit do 27. b\u0159ezna a kterou jsem mohl s radost\u00ed uv\u00e9st. (Dobr\u00e9 to bylo!) \u00a0","rel":"","context":"V \u201eOsobn\u00ed\u201c","block_context":{"text":"Osobn\u00ed","link":"https:\/\/kotrla.com\/pmpro\/category\/osobni\/"},"img":{"alt_text":"","src":"https:\/\/i0.wp.com\/kotrla.com\/pmpro\/wp-content\/uploads\/2025\/03\/libor_sostak_na_ceste_IMGP5829-150x150.jpg?resize=350%2C200&ssl=1","width":350,"height":200,"srcset":"https:\/\/i0.wp.com\/kotrla.com\/pmpro\/wp-content\/uploads\/2025\/03\/libor_sostak_na_ceste_IMGP5829-150x150.jpg?resize=350%2C200&ssl=1 1x, https:\/\/i0.wp.com\/kotrla.com\/pmpro\/wp-content\/uploads\/2025\/03\/libor_sostak_na_ceste_IMGP5829-150x150.jpg?resize=525%2C300&ssl=1 1.5x, https:\/\/i0.wp.com\/kotrla.com\/pmpro\/wp-content\/uploads\/2025\/03\/libor_sostak_na_ceste_IMGP5829-150x150.jpg?resize=700%2C400&ssl=1 2x, https:\/\/i0.wp.com\/kotrla.com\/pmpro\/wp-content\/uploads\/2025\/03\/libor_sostak_na_ceste_IMGP5829-150x150.jpg?resize=1050%2C600&ssl=1 3x, https:\/\/i0.wp.com\/kotrla.com\/pmpro\/wp-content\/uploads\/2025\/03\/libor_sostak_na_ceste_IMGP5829-150x150.jpg?resize=1400%2C800&ssl=1 4x"},"classes":[]},{"id":94,"url":"https:\/\/kotrla.com\/pmpro\/2012\/06\/krest-knihy-kulturni-dedictvi-solane-a-jeho-okoli\/","url_meta":{"origin":4166,"position":4},"title":"K\u0159est knihy Kulturn\u00ed d\u011bdictv\u00ed Sol\u00e1n\u011b a jeho okol\u00ed","author":"Pavel Kotrla","date":"17.6.2012","format":false,"excerpt":"V sobotu 23. \u010dervna 2012 v 15.30 se ve Zvonici na Sol\u00e1ni uskute\u010dn\u00ed k\u0159est knihy Kulturn\u00ed d\u011bdictv\u00ed Sol\u00e1n\u011b a jeho okol\u00ed, a to v r\u00e1mci akce 13. Mal\u00ed\u0159sk\u00e9 cesty kolem Sol\u00e1n\u011b.","rel":"","context":"V \u201eOsobn\u00ed\u201c","block_context":{"text":"Osobn\u00ed","link":"https:\/\/kotrla.com\/pmpro\/category\/osobni\/"},"img":{"alt_text":"13. Mal\u00ed\u0159sk\u00e9 cesty kolem Sol\u00e1n\u011b","src":"https:\/\/i0.wp.com\/kotrla.com\/pmpro\/images\/uploads\/malirske_cesty_2012.jpg?resize=350%2C200&ssl=1","width":350,"height":200},"classes":[]},{"id":12488,"url":"https:\/\/kotrla.com\/pmpro\/2025\/02\/libor-sostak-na-ceste\/","url_meta":{"origin":4166,"position":5},"title":"Libor So\u0161\u0165\u00e1k: Na cest\u011b","author":"Pavel Kotrla","date":"22.2.2025","format":false,"excerpt":"Pravd\u011bpodobn\u011b se tam potk\u00e1me. Proto\u017ee Libor nedb\u00e1 na rizika, tak jeho v\u00fdstavu uvedu. V Klenov\u011b vydal sv\u016fj Pa\u0159\u00ed\u017esk\u00fd skic\u00e1k, ilustroval mou b\u00e1snickou sb\u00edrku St\u00ednov\u00fd profil a je spoluautorem na\u0161\u00ed bibliofilie Synonymum krajina. S pr\u016f\u0159ezem \u010d\u00edsti jeho nejnov\u011bj\u0161\u00ed tvorby se m\u016f\u017eete sezn\u00e1mit od p\u0159\u00ed\u0161t\u00edho t\u00fddne v Nov\u00e9m Ji\u010d\u00edn\u011b ve v\u00fdstavn\u00ed s\u00edni\u2026","rel":"","context":"V \u201eOsobn\u00ed\u201c","block_context":{"text":"Osobn\u00ed","link":"https:\/\/kotrla.com\/pmpro\/category\/osobni\/"},"img":{"alt_text":"","src":"https:\/\/i0.wp.com\/kotrla.com\/pmpro\/wp-content\/uploads\/2025\/02\/libor_sostak_na_ceste.jpg?resize=350%2C200&ssl=1","width":350,"height":200,"srcset":"https:\/\/i0.wp.com\/kotrla.com\/pmpro\/wp-content\/uploads\/2025\/02\/libor_sostak_na_ceste.jpg?resize=350%2C200&ssl=1 1x, https:\/\/i0.wp.com\/kotrla.com\/pmpro\/wp-content\/uploads\/2025\/02\/libor_sostak_na_ceste.jpg?resize=525%2C300&ssl=1 1.5x, https:\/\/i0.wp.com\/kotrla.com\/pmpro\/wp-content\/uploads\/2025\/02\/libor_sostak_na_ceste.jpg?resize=700%2C400&ssl=1 2x, https:\/\/i0.wp.com\/kotrla.com\/pmpro\/wp-content\/uploads\/2025\/02\/libor_sostak_na_ceste.jpg?resize=1050%2C600&ssl=1 3x"},"classes":[]}],"jetpack_sharing_enabled":true,"_links":{"self":[{"href":"https:\/\/kotrla.com\/pmpro\/wp-json\/wp\/v2\/posts\/4166","targetHints":{"allow":["GET"]}}],"collection":[{"href":"https:\/\/kotrla.com\/pmpro\/wp-json\/wp\/v2\/posts"}],"about":[{"href":"https:\/\/kotrla.com\/pmpro\/wp-json\/wp\/v2\/types\/post"}],"author":[{"embeddable":true,"href":"https:\/\/kotrla.com\/pmpro\/wp-json\/wp\/v2\/users\/1"}],"replies":[{"embeddable":true,"href":"https:\/\/kotrla.com\/pmpro\/wp-json\/wp\/v2\/comments?post=4166"}],"version-history":[{"count":0,"href":"https:\/\/kotrla.com\/pmpro\/wp-json\/wp\/v2\/posts\/4166\/revisions"}],"wp:attachment":[{"href":"https:\/\/kotrla.com\/pmpro\/wp-json\/wp\/v2\/media?parent=4166"}],"wp:term":[{"taxonomy":"category","embeddable":true,"href":"https:\/\/kotrla.com\/pmpro\/wp-json\/wp\/v2\/categories?post=4166"},{"taxonomy":"post_tag","embeddable":true,"href":"https:\/\/kotrla.com\/pmpro\/wp-json\/wp\/v2\/tags?post=4166"}],"curies":[{"name":"wp","href":"https:\/\/api.w.org\/{rel}","templated":true}]}}