{"id":427,"date":"2007-07-17T10:22:24","date_gmt":"2007-07-17T09:22:24","guid":{"rendered":"http:\/\/kotrla.com\/wordpress\/?p=427"},"modified":"2019-11-20T22:36:00","modified_gmt":"2019-11-20T21:36:00","slug":"ctenar-casopisu-dobra-adresa-72007","status":"publish","type":"post","link":"https:\/\/kotrla.com\/pmpro\/2007\/07\/ctenar-casopisu-dobra-adresa-72007\/","title":{"rendered":"\u010cten\u00e1\u0159 \u010dasopis\u016f: Dobr\u00e1 adresa 7\/2007"},"content":{"rendered":"<p>Sice jsem se o n\u00ed dlouho nezmi\u0148oval, ale <a href=\"http:\/\/www.dobraadresa.cz\">Dobr\u00e1 adresa<\/a> st\u00e1le vych\u00e1z\u00ed a v\u0161echna \u010d\u00edsla stoj\u00ed za sta\u017een\u00ed, by\u0165 ne ve v\u0161ech si po\u010dtete jako v tomto. By\u0165 se nejedn\u00e1 prim\u00e1rn\u011b o liter\u00e1rn\u00ed \u010dasopis, p\u0159in\u00e1\u0161\u00ed z t\u00e9to oblasti v\u00edce informac\u00ed, ne\u017e nap\u0159. <a href=\"http:\/\/www.literarky.cz\">Liter\u00e1rn\u00ed noviny<\/a>. Z tohoto \u010d\u00edsla chci upozornit na \u00favodn\u00ed \u010d\u00e1st studie <b>\u0160t\u011bp\u00e1na Ku\u010dery<\/b> <i>\u010cesk\u00e9 internetov\u00e9 liter\u00e1rn\u00ed \u010dasopisy<\/i>. D\u016fvodem nejsou ani tak odkazy na projekty, na kter\u00fdch se autorsky pod\u00edl\u00edm, ale skute\u010dnost, \u017ee podobn\u00e1 p\u0159ehledov\u00e1 studie zde dosud nen\u00ed. Uvid\u00edme, jak dopadne(-ou) pokra\u010dov\u00e1n\u00ed. Celkov\u011b se ale jedn\u00e1 o poda\u0159en\u00e9 \u010d\u00edslo!<\/p>\n","protected":false},"excerpt":{"rendered":"<p>Sice jsem se o n\u00ed dlouho nezmi\u0148oval, ale Dobr\u00e1 adresa st\u00e1le vych\u00e1z\u00ed a v\u0161echna \u010d\u00edsla stoj\u00ed za sta\u017een\u00ed, by\u0165 ne ve v\u0161ech si po\u010dtete jako v tomto. By\u0165 se nejedn\u00e1 prim\u00e1rn\u011b o liter\u00e1rn\u00ed \u010dasopis, p\u0159in\u00e1\u0161\u00ed z t\u00e9to oblasti v\u00edce informac\u00ed, ne\u017e nap\u0159. Liter\u00e1rn\u00ed noviny. Z tohoto \u010d\u00edsla chci upozornit na \u00favodn\u00ed \u010d\u00e1st studie \u0160t\u011bp\u00e1na Ku\u010dery [&hellip;]<\/p>\n","protected":false},"author":1,"featured_media":0,"comment_status":"open","ping_status":"open","sticky":false,"template":"","format":"standard","meta":{"site-sidebar-layout":"default","site-content-layout":"","ast-site-content-layout":"default","site-content-style":"default","site-sidebar-style":"default","ast-global-header-display":"","ast-banner-title-visibility":"","ast-main-header-display":"","ast-hfb-above-header-display":"","ast-hfb-below-header-display":"","ast-hfb-mobile-header-display":"","site-post-title":"","ast-breadcrumbs-content":"","ast-featured-img":"","footer-sml-layout":"","ast-disable-related-posts":"","theme-transparent-header-meta":"","adv-header-id-meta":"","stick-header-meta":"","header-above-stick-meta":"","header-main-stick-meta":"","header-below-stick-meta":"","astra-migrate-meta-layouts":"default","ast-page-background-enabled":"default","ast-page-background-meta":{"desktop":{"background-color":"var(--ast-global-color-5)","background-image":"","background-repeat":"repeat","background-position":"center center","background-size":"auto","background-attachment":"scroll","background-type":"","background-media":"","overlay-type":"","overlay-color":"","overlay-opacity":"","overlay-gradient":""},"tablet":{"background-color":"","background-image":"","background-repeat":"repeat","background-position":"center center","background-size":"auto","background-attachment":"scroll","background-type":"","background-media":"","overlay-type":"","overlay-color":"","overlay-opacity":"","overlay-gradient":""},"mobile":{"background-color":"","background-image":"","background-repeat":"repeat","background-position":"center center","background-size":"auto","background-attachment":"scroll","background-type":"","background-media":"","overlay-type":"","overlay-color":"","overlay-opacity":"","overlay-gradient":""}},"ast-content-background-meta":{"desktop":{"background-color":"var(--ast-global-color-4)","background-image":"","background-repeat":"repeat","background-position":"center center","background-size":"auto","background-attachment":"scroll","background-type":"","background-media":"","overlay-type":"","overlay-color":"","overlay-opacity":"","overlay-gradient":""},"tablet":{"background-color":"var(--ast-global-color-4)","background-image":"","background-repeat":"repeat","background-position":"center center","background-size":"auto","background-attachment":"scroll","background-type":"","background-media":"","overlay-type":"","overlay-color":"","overlay-opacity":"","overlay-gradient":""},"mobile":{"background-color":"var(--ast-global-color-4)","background-image":"","background-repeat":"repeat","background-position":"center center","background-size":"auto","background-attachment":"scroll","background-type":"","background-media":"","overlay-type":"","overlay-color":"","overlay-opacity":"","overlay-gradient":""}},"jetpack_post_was_ever_published":false,"_jetpack_newsletter_access":"","_jetpack_dont_email_post_to_subs":false,"_jetpack_newsletter_tier_id":0,"_jetpack_memberships_contains_paywalled_content":false,"_jetpack_memberships_contains_paid_content":false,"footnotes":""},"categories":[6],"tags":[],"class_list":["post-427","post","type-post","status-publish","format-standard","hentry","category-ctenarsky-denik"],"jetpack_featured_media_url":"","jetpack_shortlink":"https:\/\/wp.me\/p4mLP7-6T","jetpack-related-posts":[{"id":1372,"url":"https:\/\/kotrla.com\/pmpro\/2003\/04\/dobra-adresa-042003-a-tvar-72003\/","url_meta":{"origin":427,"position":0},"title":"Dobr\u00e1 adresa 04\/2003 a Tvar 7\/2003","author":"Pavel Kotrla","date":"8.4.2003","format":false,"excerpt":"Cel\u00fd nat\u011b\u0161en\u00fd jsem za\u010dal \u010d\u00edst posledn\u00ed \u010d\u00edsla t\u011bchto liter\u00e1rn\u00edch \u010dasopis\u016f.\u00a0 Dobr\u00e1 adresa mne ale p\u0159\u00edli\u0161 nep\u0159esv\u011bd\u010dila. Nest\u00e1v\u00e1 se to u tohoto \u010dasopisu \u010dasto, ale dubnov\u00e9 \u010d\u00edslo je takov\u00e9 n\u011bjak\u00e9 plan\u00e9. \u017de by ub\u00fdvalo sil? T\u011b\u017eko odhadnout. Vy\u0161lo pozd\u011bji ne\u017e je obvykl\u00e9. I kdy\u017e dva dny zpo\u017ed\u011bn\u00ed nen\u00ed v p\u0159\u00edpad\u011b liter\u00e1rn\u00edch\u2026","rel":"","context":"V \u201eNeza\u0159azen\u00e9\u201c","block_context":{"text":"Neza\u0159azen\u00e9","link":"https:\/\/kotrla.com\/pmpro\/category\/nezarazene\/"},"img":{"alt_text":"","src":"","width":0,"height":0},"classes":[]},{"id":1343,"url":"https:\/\/kotrla.com\/pmpro\/2003\/05\/kam-kracite-literarni-casopisy\/","url_meta":{"origin":427,"position":1},"title":"Kam kr\u00e1\u010d\u00edte, liter\u00e1rn\u00ed \u010dasopisy?","author":"Pavel Kotrla","date":"21.5.2003","format":false,"excerpt":"Jsem pravideln\u00fdm \u010dten\u00e1\u0159em v\u011bt\u0161iny liter\u00e1rn\u00edch periodik, kter\u00e1 u n\u00e1s je\u0161t\u011b vych\u00e1zej\u00ed a nebo jsou v m\u00e9m okol\u00ed k dosa\u017een\u00ed. Za posledn\u00ed dva roky jsem se ale ale bu\u010f zm\u011bnil j\u00e1, nebo m\u00e9 obl\u00edben\u00e9 \u010dasopisy. Pominu v tuto chv\u00edli Liter\u00e1rn\u00ed noviny, o kter\u00fd jsem u\u017e na t\u011bchto str\u00e1nk\u00e1ch i jinde psal\u2026","rel":"","context":"V \u201eNeza\u0159azen\u00e9\u201c","block_context":{"text":"Neza\u0159azen\u00e9","link":"https:\/\/kotrla.com\/pmpro\/category\/nezarazene\/"},"img":{"alt_text":"","src":"","width":0,"height":0},"classes":[]},{"id":525,"url":"https:\/\/kotrla.com\/pmpro\/2006\/09\/literarni-casopisy-na-pocatku-skolniho-roku\/","url_meta":{"origin":427,"position":2},"title":"Liter\u00e1rn\u00ed \u010dasopisy na po\u010d\u00e1tku \u0161koln\u00edho roku","author":"Pavel Kotrla","date":"8.9.2006","format":false,"excerpt":"Moje kdysi pom\u011brn\u011b pravideln\u00e1 \u010dasopiseck\u00e1 hl\u00eddka tu ji\u017e del\u0161\u00ed dobu nebyla. Nen\u00ed to t\u00edm, \u017ee by v\u0161echny p\u0159estaly vych\u00e1zet, by\u0165 l\u00e9to je tradi\u010dn\u00edm oddechov\u00fdm \u010dasem pro Host nebo Tvar. Jenom se mi zd\u00e1lo, \u017ee nen\u00ed n\u011bjak o \u010dem ps\u00e1t. Za\u010dalo to t\u00edm, \u017ee jsem si p\u0159ed n\u011bkolika t\u00fddny pod dlouh\u00e9m\u2026","rel":"","context":"V \u201e\u010cten\u00e1\u0159sk\u00fd den\u00edk\u201c","block_context":{"text":"\u010cten\u00e1\u0159sk\u00fd den\u00edk","link":"https:\/\/kotrla.com\/pmpro\/category\/ctenarsky-denik\/"},"img":{"alt_text":"\u017divel 27","src":"https:\/\/i0.wp.com\/kotrla.com\/pmpro\/images\/uploads\/zivel_27.gif?resize=350%2C200&ssl=1","width":350,"height":200},"classes":[]},{"id":128,"url":"https:\/\/kotrla.com\/pmpro\/2011\/10\/ctenar-casopisu-kontexty-protestant-kulturni-noviny\/","url_meta":{"origin":427,"position":3},"title":"\u010cten\u00e1\u0159 \u010dasopis\u016f: Kontexty, Protestant, Kulturn\u00ed noviny","author":"Pavel Kotrla","date":"25.10.2011","format":false,"excerpt":"Posledn\u00ed dobou mne zaujala dv\u011b periodika. Sv\u00fdm zp\u016fsobem si jsou bl\u00edzk\u00e1, na druhou stranu p\u0159edstavuj\u00ed ur\u010ditou opozici. A ani jedno nen\u00ed p\u0159\u00edmo liter\u00e1rn\u00ed, mo\u017en\u00e1, \u017ee ku prosp\u011bchu v\u011bci. Prvn\u00edm je brn\u011bnsk\u00e1 revue Kontexty, kter\u00e1 vznikla slou\u010den\u00edm St\u0159edn\u00ed Evropy, Proglasu a Revue Politika. Z ka\u017ed\u00e9ho nov\u00e9ho \u010d\u00edsla m\u00e1m radost, \u010dtu s\u2026","rel":"","context":"V \u201e\u010cten\u00e1\u0159sk\u00fd den\u00edk\u201c","block_context":{"text":"\u010cten\u00e1\u0159sk\u00fd den\u00edk","link":"https:\/\/kotrla.com\/pmpro\/category\/ctenarsky-denik\/"},"img":{"alt_text":"","src":"","width":0,"height":0},"classes":[]},{"id":69,"url":"https:\/\/kotrla.com\/pmpro\/2012\/12\/misto-pro-experiment\/","url_meta":{"origin":427,"position":4},"title":"M\u00edsto pro experiment","author":"Pavel Kotrla","date":"2.12.2012","format":false,"excerpt":"ps\u00e1no pro Host 02\/2012 \u010cesk\u00e1 liter\u00e1rn\u00ed sc\u00e9na \u010dasopisy v\u011bnovan\u00e9 p\u0159ev\u00e1\u017en\u011b poezii skute\u010dn\u011b nepostr\u00e1d\u00e1. Je zde Ps\u00ed v\u00edno, kter\u00e9 m\u00e1 st\u00e1le podtitul \u201e\u010casopis pro sou\u010dasnou poezii\u201c, by\u0165 za dobu sv\u00e9 existence prod\u011blalo v\u00edce prom\u011bn. Z internetov\u00fdch projekt\u016f je zde minim\u00e1ln\u011b Divok\u00e9 v\u00edno. Vzpomene si je\u0161t\u011b n\u011bkdo na \u010dasopis Obratn\u00edk? \u010casopis, kter\u00fd\u2026","rel":"","context":"V \u201eInternet\u201c","block_context":{"text":"Internet","link":"https:\/\/kotrla.com\/pmpro\/category\/internet\/"},"img":{"alt_text":"image","src":"https:\/\/i0.wp.com\/kotrla.com\/pmpro\/images\/uploads\/kloaka.jpg?resize=350%2C200&ssl=1","width":350,"height":200},"classes":[]},{"id":302,"url":"https:\/\/kotrla.com\/pmpro\/2009\/01\/literarni-noviny-je-proc-se-vzrusovat\/","url_meta":{"origin":427,"position":5},"title":"Liter\u00e1rn\u00ed noviny &#8211; je pro\u010d se vzru\u0161ovat?","author":"Pavel Kotrla","date":"16.1.2009","format":false,"excerpt":"V pond\u011bl\u00ed prob\u011bhla tiskem i internetem zpr\u00e1va o prodeji Liter\u00e1rn\u00edch novin nov\u00e9mu vlastn\u00edku, kter\u00fd je bl\u00edzk\u00fd \u010cSSD. Hovo\u0159ilo se o t\u00e9to mo\u017enosti ji\u017e del\u0161\u00ed dobu, proto nen\u00ed \u017e\u00e1dn\u00fdm velk\u00fdm p\u0159ekvapen\u00edm. By\u0165 by vlastn\u011b m\u011blo b\u00fdt. Dokonce jsem na toto t\u00e9ma i j\u00e1 poskytl odpov\u011b\u010f jedn\u00e9 z mutac\u00ed Den\u00edku. Ale co.\u2026","rel":"","context":"V \u201eLiteratura\u201c","block_context":{"text":"Literatura","link":"https:\/\/kotrla.com\/pmpro\/category\/literatura\/"},"img":{"alt_text":"","src":"","width":0,"height":0},"classes":[]}],"jetpack_sharing_enabled":true,"_links":{"self":[{"href":"https:\/\/kotrla.com\/pmpro\/wp-json\/wp\/v2\/posts\/427","targetHints":{"allow":["GET"]}}],"collection":[{"href":"https:\/\/kotrla.com\/pmpro\/wp-json\/wp\/v2\/posts"}],"about":[{"href":"https:\/\/kotrla.com\/pmpro\/wp-json\/wp\/v2\/types\/post"}],"author":[{"embeddable":true,"href":"https:\/\/kotrla.com\/pmpro\/wp-json\/wp\/v2\/users\/1"}],"replies":[{"embeddable":true,"href":"https:\/\/kotrla.com\/pmpro\/wp-json\/wp\/v2\/comments?post=427"}],"version-history":[{"count":0,"href":"https:\/\/kotrla.com\/pmpro\/wp-json\/wp\/v2\/posts\/427\/revisions"}],"wp:attachment":[{"href":"https:\/\/kotrla.com\/pmpro\/wp-json\/wp\/v2\/media?parent=427"}],"wp:term":[{"taxonomy":"category","embeddable":true,"href":"https:\/\/kotrla.com\/pmpro\/wp-json\/wp\/v2\/categories?post=427"},{"taxonomy":"post_tag","embeddable":true,"href":"https:\/\/kotrla.com\/pmpro\/wp-json\/wp\/v2\/tags?post=427"}],"curies":[{"name":"wp","href":"https:\/\/api.w.org\/{rel}","templated":true}]}}