{"id":429,"date":"2007-07-15T16:00:12","date_gmt":"2007-07-15T15:00:12","guid":{"rendered":"http:\/\/kotrla.com\/wordpress\/?p=429"},"modified":"2019-11-20T22:36:00","modified_gmt":"2019-11-20T21:36:00","slug":"tri-barvy","status":"publish","type":"post","link":"https:\/\/kotrla.com\/pmpro\/2007\/07\/tri-barvy\/","title":{"rendered":"T\u0159i barvy"},"content":{"rendered":"<p><img loading=\"lazy\" decoding=\"async\" src=\"https:\/\/kotrla.com\/pmpro\/images\/uploads\/tri_barvy.jpg\" border=\"0\" alt=\"T\u0159i barvy: fernet - zelen\u00e1 - borovi\u010dka\" width=\"420\" height=\"315\" \/><\/p>\n<p><a href=\"http:\/\/www.nostalghia.cz\/dvd\/txt\/tribarvy_ae.php\">Krzysztof Kie\u0161lowsk\u00fd<\/a> to nen\u00ed, ale jist\u00e1 hloubka v\u00fdpov\u011bdi by zde byla&#8230;<\/p><\/p>\n","protected":false},"excerpt":{"rendered":"<p>Krzysztof Kie\u0161lowsk\u00fd to nen\u00ed, ale jist\u00e1 hloubka v\u00fdpov\u011bdi by zde byla&#8230;<\/p>\n","protected":false},"author":1,"featured_media":0,"comment_status":"open","ping_status":"open","sticky":false,"template":"","format":"standard","meta":{"site-sidebar-layout":"default","site-content-layout":"","ast-site-content-layout":"default","site-content-style":"default","site-sidebar-style":"default","ast-global-header-display":"","ast-banner-title-visibility":"","ast-main-header-display":"","ast-hfb-above-header-display":"","ast-hfb-below-header-display":"","ast-hfb-mobile-header-display":"","site-post-title":"","ast-breadcrumbs-content":"","ast-featured-img":"","footer-sml-layout":"","ast-disable-related-posts":"","theme-transparent-header-meta":"","adv-header-id-meta":"","stick-header-meta":"","header-above-stick-meta":"","header-main-stick-meta":"","header-below-stick-meta":"","astra-migrate-meta-layouts":"default","ast-page-background-enabled":"default","ast-page-background-meta":{"desktop":{"background-color":"var(--ast-global-color-5)","background-image":"","background-repeat":"repeat","background-position":"center center","background-size":"auto","background-attachment":"scroll","background-type":"","background-media":"","overlay-type":"","overlay-color":"","overlay-opacity":"","overlay-gradient":""},"tablet":{"background-color":"","background-image":"","background-repeat":"repeat","background-position":"center center","background-size":"auto","background-attachment":"scroll","background-type":"","background-media":"","overlay-type":"","overlay-color":"","overlay-opacity":"","overlay-gradient":""},"mobile":{"background-color":"","background-image":"","background-repeat":"repeat","background-position":"center center","background-size":"auto","background-attachment":"scroll","background-type":"","background-media":"","overlay-type":"","overlay-color":"","overlay-opacity":"","overlay-gradient":""}},"ast-content-background-meta":{"desktop":{"background-color":"var(--ast-global-color-4)","background-image":"","background-repeat":"repeat","background-position":"center center","background-size":"auto","background-attachment":"scroll","background-type":"","background-media":"","overlay-type":"","overlay-color":"","overlay-opacity":"","overlay-gradient":""},"tablet":{"background-color":"var(--ast-global-color-4)","background-image":"","background-repeat":"repeat","background-position":"center center","background-size":"auto","background-attachment":"scroll","background-type":"","background-media":"","overlay-type":"","overlay-color":"","overlay-opacity":"","overlay-gradient":""},"mobile":{"background-color":"var(--ast-global-color-4)","background-image":"","background-repeat":"repeat","background-position":"center center","background-size":"auto","background-attachment":"scroll","background-type":"","background-media":"","overlay-type":"","overlay-color":"","overlay-opacity":"","overlay-gradient":""}},"jetpack_post_was_ever_published":false,"_jetpack_newsletter_access":"","_jetpack_dont_email_post_to_subs":false,"_jetpack_newsletter_tier_id":0,"_jetpack_memberships_contains_paywalled_content":false,"_jetpack_memberships_contains_paid_content":false,"footnotes":""},"categories":[7,3],"tags":[],"class_list":["post-429","post","type-post","status-publish","format-standard","hentry","category-fotografie","category-osobni"],"jetpack_featured_media_url":"","jetpack_shortlink":"https:\/\/wp.me\/p4mLP7-6V","jetpack-related-posts":[{"id":1368,"url":"https:\/\/kotrla.com\/pmpro\/2003\/04\/fotografovani-s-digitalnim-fotoaparatem\/","url_meta":{"origin":429,"position":0},"title":"Fotografov\u00e1n\u00ed s digit\u00e1ln\u00edm fotoapar\u00e1tem","author":"Pavel Kotrla","date":"14.4.2003","format":false,"excerpt":"P\u0159izn\u00e1m se, \u017ee k publikaci Institutu digit\u00e1ln\u00ed fotografie Fotografov\u00e1n\u00ed s digit\u00e1ln\u00edm fotoapar\u00e1tem autor\u016f Ond\u0159eje Neffa, Jana B\u0159eziny a Petra Podhajsk\u00e9ho (jinak Institut digit\u00e1ln\u00ed fotografie) jsem p\u0159istupoval s lehkou ned\u016fv\u011brou. Snad je to t\u00edm, \u017ee je na internetu n\u011bjak \u201ep\u0159eneffov\u00e1no\u201c. Ale byl jsem p\u0159\u00edjemn\u011b p\u0159ekvapen. P\u0159\u00edru\u010dka vy\u0161la v edici Praktick\u00e1 fotografie\u2026","rel":"","context":"V \u201eNeza\u0159azen\u00e9\u201c","block_context":{"text":"Neza\u0159azen\u00e9","link":"https:\/\/kotrla.com\/pmpro\/category\/nezarazene\/"},"img":{"alt_text":"","src":"","width":0,"height":0},"classes":[]},{"id":14001,"url":"https:\/\/kotrla.com\/pmpro\/2026\/01\/helena-salichova-tvary-skryte-ve-dreve\/","url_meta":{"origin":429,"position":1},"title":"Helena Salichov\u00e1 \u2013 Tvary skryt\u00e9 ve d\u0159ev\u011b","author":"Pavel Kotrla","date":"22.1.2026","format":false,"excerpt":"Ned\u011bln\u00ed v\u00fdprava do ocelov\u00e9ho m\u011bsta a galerie Gong. G. sice \u0159\u00edkala, \u017ee asi drobn\u011b sn\u011b\u017e\u00ed, ale sp\u00ed\u0161 to byla ta zn\u00e1m\u00e1 ostravsk\u00e1 omrzlina. Krom Tvar\u016f skryt\u00fdch ve d\u0159ev\u011b Heleny Salichov\u00e9 t\u00e9\u017e dv\u011b dal\u0161\u00ed v\u00fdstavy, Neuropolis Kri\u0161tofa Kintery a Pioneers (op-art a kinetick\u00e9 um\u011bn\u00ed). Radost to byla. V\u0161echny t\u0159i v\u00fdstavy. Nav\u00edc\u2026","rel":"","context":"V \u201eOsobn\u00ed\u201c","block_context":{"text":"Osobn\u00ed","link":"https:\/\/kotrla.com\/pmpro\/category\/osobni\/"},"img":{"alt_text":"","src":"https:\/\/i0.wp.com\/kotrla.com\/pmpro\/wp-content\/uploads\/2026\/01\/salichova_IMGP1658-150x150.jpg?resize=350%2C200&ssl=1","width":350,"height":200,"srcset":"https:\/\/i0.wp.com\/kotrla.com\/pmpro\/wp-content\/uploads\/2026\/01\/salichova_IMGP1658-150x150.jpg?resize=350%2C200&ssl=1 1x, https:\/\/i0.wp.com\/kotrla.com\/pmpro\/wp-content\/uploads\/2026\/01\/salichova_IMGP1658-150x150.jpg?resize=525%2C300&ssl=1 1.5x, https:\/\/i0.wp.com\/kotrla.com\/pmpro\/wp-content\/uploads\/2026\/01\/salichova_IMGP1658-150x150.jpg?resize=700%2C400&ssl=1 2x, https:\/\/i0.wp.com\/kotrla.com\/pmpro\/wp-content\/uploads\/2026\/01\/salichova_IMGP1658-150x150.jpg?resize=1050%2C600&ssl=1 3x, https:\/\/i0.wp.com\/kotrla.com\/pmpro\/wp-content\/uploads\/2026\/01\/salichova_IMGP1658-150x150.jpg?resize=1400%2C800&ssl=1 4x"},"classes":[]},{"id":836,"url":"https:\/\/kotrla.com\/pmpro\/2005\/01\/vernisaz-a-vystava-jaroslavy-hyzove\/","url_meta":{"origin":429,"position":2},"title":"Vernis\u00e1\u017e a v\u00fdstava Jaroslavy H\u00fd\u017eov\u00e9","author":"Pavel Kotrla","date":"20.1.2005","format":false,"excerpt":"Tak jsem v \u00fater\u00fd s kamar\u00e1dy zav\u00edtal na vernis\u00e1\u017e konanou u p\u0159\u00edle\u017eitosti nedo\u017eit\u00fdch devades\u00e1t\u00fdch narozenin Jaroslavy H\u00fd\u017eov\u00e9 (21. 5. 1915 - 4. 3. 1992). Nev\u00edm, jak mimo vala\u0161sk\u00fd region, ale zde byla a je pova\u017eov\u00e1na za pom\u011brn\u011b v\u00fdznamnou v\u00fdtvarnici. Galerie kina Sv\u011bt ve Vala\u0161sk\u00e9m Mezi\u0159\u00ed\u010d\u00ed sice nen\u00ed nejzn\u00e1m\u011bj\u0161\u00ed a ani\u2026","rel":"","context":"V \u201eNeza\u0159azen\u00e9\u201c","block_context":{"text":"Neza\u0159azen\u00e9","link":"https:\/\/kotrla.com\/pmpro\/category\/nezarazene\/"},"img":{"alt_text":"","src":"","width":0,"height":0},"classes":[]},{"id":4727,"url":"https:\/\/kotrla.com\/pmpro\/2019\/09\/setkani-rencontre-vernisaz\/","url_meta":{"origin":429,"position":3},"title":"Setk\u00e1n\u00ed ~ Rencontre: vernis\u00e1\u017e","author":"Pavel Kotrla","date":"20.9.2019","format":false,"excerpt":"Galerie u B\u0159ez\u00e1\u010dku je prozat\u00edmn\u00ed v\u00fdstavn\u00ed prostor na vset\u00ednsk\u00e9m n\u00e1m\u011bst\u00ed. Nejrad\u011bji bych byl, kdyby zde tato galerie byla nast\u00e1lo, proto\u017ee Vset\u00ednu takov\u00fdto a\u017e komunitn\u00ed a neform\u00e1ln\u00ed prostor chyb\u00ed. Zvl\u00e1\u0161t\u011b to vynik\u00e1 pot\u00e9, co ukon\u010dil sv\u016fj provoz Such\u00fd dok a nebo pokud \u010dlov\u011bk nahl\u00e9dne do vedlej\u0161\u00edho Vala\u0161sk\u00e9ho Mezi\u0159\u00ed\u010d\u00ed. A tak by\u2026","rel":"","context":"V \u201eFotografie\u201c","block_context":{"text":"Fotografie","link":"https:\/\/kotrla.com\/pmpro\/category\/fotografie\/"},"img":{"alt_text":"","src":"https:\/\/i0.wp.com\/kotrla.com\/pmpro\/wp-content\/uploads\/2019\/09\/02_setkani_IMGP3808-150x150.jpg?resize=350%2C200&ssl=1","width":350,"height":200,"srcset":"https:\/\/i0.wp.com\/kotrla.com\/pmpro\/wp-content\/uploads\/2019\/09\/02_setkani_IMGP3808-150x150.jpg?resize=350%2C200&ssl=1 1x, https:\/\/i0.wp.com\/kotrla.com\/pmpro\/wp-content\/uploads\/2019\/09\/02_setkani_IMGP3808-150x150.jpg?resize=525%2C300&ssl=1 1.5x, https:\/\/i0.wp.com\/kotrla.com\/pmpro\/wp-content\/uploads\/2019\/09\/02_setkani_IMGP3808-150x150.jpg?resize=700%2C400&ssl=1 2x, https:\/\/i0.wp.com\/kotrla.com\/pmpro\/wp-content\/uploads\/2019\/09\/02_setkani_IMGP3808-150x150.jpg?resize=1050%2C600&ssl=1 3x, https:\/\/i0.wp.com\/kotrla.com\/pmpro\/wp-content\/uploads\/2019\/09\/02_setkani_IMGP3808-150x150.jpg?resize=1400%2C800&ssl=1 4x"},"classes":[]},{"id":304,"url":"https:\/\/kotrla.com\/pmpro\/2009\/01\/z-bloku-07-bila\/","url_meta":{"origin":429,"position":4},"title":"Z bloku 07: B\u00edl\u00e1","author":"Pavel Kotrla","date":"13.1.2009","format":false,"excerpt":"Sloupek vy\u0161el v lo\u0148sk\u00e9m posledn\u00edm Tvaru \u010d. 21. T\u00edmto sloupkem kon\u010d\u00ed jeho pravideln\u00e9 publikov\u00e1n\u00ed, ale p\u0159isl\u00edbil jsem nepravideln\u011b. ;) Ale kde nen\u00ed bi\u010d uz\u00e1v\u011brky\u2026 Podle statistik jsme st\u00e1le zdrav\u011bj\u0161\u00ed a do\u017e\u00edv\u00e1me se st\u00e1le del\u0161\u00edho v\u011bku. \u0158\u00edk\u00e1m si, zda to n\u011bjak souvis\u00ed s t\u00edm, \u017ee st\u00e1le m\u00e9n\u011b \u010dteme. Nav\u00edc v\u00fdzkumy uv\u00e1d\u00ed,\u2026","rel":"","context":"V \u201eLiteratura\u201c","block_context":{"text":"Literatura","link":"https:\/\/kotrla.com\/pmpro\/category\/literatura\/"},"img":{"alt_text":"","src":"","width":0,"height":0},"classes":[]},{"id":1966,"url":"https:\/\/kotrla.com\/pmpro\/2014\/05\/fotky-ze-vsetinske-noci-literatury-2014\/","url_meta":{"origin":429,"position":5},"title":"Fotky ze vset\u00ednsk\u00e9 Noci literatury 2014","author":"Pavel Kotrla","date":"19.5.2014","format":false,"excerpt":"Noc literatury na Vset\u00edn\u011b byla v\u00fdborn\u00e1. Pro n\u00e1s \u010dtouc\u00ed (Adam Borzi\u010d a j\u00e1) ur\u010dit\u011b. Douf\u00e1m, \u017ee i pro poslucha\u010de a n\u00e1v\u0161t\u011bvn\u00edky. Skv\u011blou atmosf\u00e9ru ve\u010dera umocnila kapela Noca. Jej\u00ed \u010dlenov\u00e9, Marie Davidov\u00e1 a Ale\u0161 Mrnu\u0161t\u00edk, budou doprov\u00e1zet ve \u010dtvrtek i m\u00e9 \u010dten\u00ed. Na str\u00e1nk\u00e1ch TV Beskyd si m\u016f\u017eete prohl\u00e9dnout video. Dal\u0161\u00ed\u2026","rel":"","context":"V \u201e\u010cten\u00e1\u0159sk\u00fd den\u00edk\u201c","block_context":{"text":"\u010cten\u00e1\u0159sk\u00fd den\u00edk","link":"https:\/\/kotrla.com\/pmpro\/category\/ctenarsky-denik\/"},"img":{"alt_text":"","src":"https:\/\/i0.wp.com\/kotrla.com\/pmpro\/wp-content\/uploads\/2014\/05\/IMG6023.jpg?resize=350%2C200&ssl=1","width":350,"height":200,"srcset":"https:\/\/i0.wp.com\/kotrla.com\/pmpro\/wp-content\/uploads\/2014\/05\/IMG6023.jpg?resize=350%2C200&ssl=1 1x, https:\/\/i0.wp.com\/kotrla.com\/pmpro\/wp-content\/uploads\/2014\/05\/IMG6023.jpg?resize=525%2C300&ssl=1 1.5x"},"classes":[]}],"jetpack_sharing_enabled":true,"_links":{"self":[{"href":"https:\/\/kotrla.com\/pmpro\/wp-json\/wp\/v2\/posts\/429","targetHints":{"allow":["GET"]}}],"collection":[{"href":"https:\/\/kotrla.com\/pmpro\/wp-json\/wp\/v2\/posts"}],"about":[{"href":"https:\/\/kotrla.com\/pmpro\/wp-json\/wp\/v2\/types\/post"}],"author":[{"embeddable":true,"href":"https:\/\/kotrla.com\/pmpro\/wp-json\/wp\/v2\/users\/1"}],"replies":[{"embeddable":true,"href":"https:\/\/kotrla.com\/pmpro\/wp-json\/wp\/v2\/comments?post=429"}],"version-history":[{"count":0,"href":"https:\/\/kotrla.com\/pmpro\/wp-json\/wp\/v2\/posts\/429\/revisions"}],"wp:attachment":[{"href":"https:\/\/kotrla.com\/pmpro\/wp-json\/wp\/v2\/media?parent=429"}],"wp:term":[{"taxonomy":"category","embeddable":true,"href":"https:\/\/kotrla.com\/pmpro\/wp-json\/wp\/v2\/categories?post=429"},{"taxonomy":"post_tag","embeddable":true,"href":"https:\/\/kotrla.com\/pmpro\/wp-json\/wp\/v2\/tags?post=429"}],"curies":[{"name":"wp","href":"https:\/\/api.w.org\/{rel}","templated":true}]}}