{"id":434,"date":"2007-06-26T15:30:00","date_gmt":"2007-06-26T14:30:00","guid":{"rendered":"http:\/\/kotrla.com\/wordpress\/?p=434"},"modified":"2019-11-20T22:36:01","modified_gmt":"2019-11-20T21:36:01","slug":"vasen-podle-terezy","status":"publish","type":"post","link":"https:\/\/kotrla.com\/pmpro\/2007\/06\/vasen-podle-terezy\/","title":{"rendered":"V\u00e1\u0161e\u0148 podle Terezy"},"content":{"rendered":"<p><img loading=\"lazy\" decoding=\"async\" src=\"https:\/\/kotrla.com\/pmpro\/images\/uploads\/pennac_vasen.gif\" border=\"0\" alt=\"Daniel Pennac: V\u00e1\u0161e\u0148 podle Terezy\" width=\"100\" height=\"166\" align=\"right\" \/>Detektivky jsem narozd\u00edl od sci-fi a rodokaps\u016f za\u010dal \u010d\u00edst pom\u011brn\u011b pozd\u011b, vlastn\u011b a\u017e n\u011bkdy ve druh\u00e9m t\u0159et\u00edm ro\u010dn\u00edku gymn\u00e1zia, tedy pokud pominu p\u0159\u00edb\u011bhy Doylova nejslavn\u011bj\u0161\u00edho detektiva. Ale pak jsem zhltal p\u00e1r reg\u00e1l\u016f knihovny. No, \u010dlov\u011bk se toho \u010dasem trochu nasyt\u00ed. Ale stejn\u011b existuj\u00ed knihy autor\u016f, na kter\u00e9 se t\u011b\u0161\u00edm a kter\u00e9 tento \u017e\u00e1nr v\u00fdrazn\u011b p\u0159ekra\u010duj\u00ed. Jedn\u00edm z takov\u00fdch je Daniel Pennac a jeho cyklus z  Belleville o Malauss&#232;novi v roli ob\u011btn\u00edho ber\u00e1nka. Pokud hled\u00e1te n\u011bco inteligentn\u00edho a humorn\u00e9ho, pak doporu\u010duju tento cyklus. \u010cten\u00ed (nejen) na l\u00e9to. <\/p>\n<p>Souvisej\u00edc\u00ed:<br \/>\n<a href=\"https:\/\/kotrla.com\/pmpro\/index.php\/site\/comments\/lidozrouti_z_obchodaku\/\">M\u016fj star\u0161\u00ed p\u0159\u00edsp\u011bvek ke knize Lido\u017erouti z Ocho\u010f\u00e1ku<\/a><br \/>\n<a href=\"http:\/\/www.evene.fr\/celebre\/biographie\/daniel-pennac-136.php\">Profil autora<\/a><br \/>\n<a href=\"http:\/\/fr.wikipedia.org\/wiki\/Daniel_Pennac\">Heslo ve francouzsk\u00e9 Wikipedii<\/a> <br \/>\n<a href=\"http:\/\/www.iliteratura.cz\/clanek.asp?polozkaID=21173\">Daniel Pennac: V\u00e1\u0161e\u0148 podle Terezy (na serveru iLiteratura)<\/a><\/p>\n","protected":false},"excerpt":{"rendered":"<p>Detektivky jsem narozd\u00edl od sci-fi a rodokaps\u016f za\u010dal \u010d\u00edst pom\u011brn\u011b pozd\u011b, vlastn\u011b a\u017e n\u011bkdy ve druh\u00e9m t\u0159et\u00edm ro\u010dn\u00edku gymn\u00e1zia, tedy pokud pominu p\u0159\u00edb\u011bhy Doylova nejslavn\u011bj\u0161\u00edho detektiva. Ale pak jsem zhltal p\u00e1r reg\u00e1l\u016f knihovny. No, \u010dlov\u011bk se toho \u010dasem trochu nasyt\u00ed. Ale stejn\u011b existuj\u00ed knihy autor\u016f, na kter\u00e9 se t\u011b\u0161\u00edm a kter\u00e9 tento \u017e\u00e1nr v\u00fdrazn\u011b p\u0159ekra\u010duj\u00ed. [&hellip;]<\/p>\n","protected":false},"author":1,"featured_media":0,"comment_status":"open","ping_status":"open","sticky":false,"template":"","format":"standard","meta":{"site-sidebar-layout":"default","site-content-layout":"","ast-site-content-layout":"default","site-content-style":"default","site-sidebar-style":"default","ast-global-header-display":"","ast-banner-title-visibility":"","ast-main-header-display":"","ast-hfb-above-header-display":"","ast-hfb-below-header-display":"","ast-hfb-mobile-header-display":"","site-post-title":"","ast-breadcrumbs-content":"","ast-featured-img":"","footer-sml-layout":"","ast-disable-related-posts":"","theme-transparent-header-meta":"","adv-header-id-meta":"","stick-header-meta":"","header-above-stick-meta":"","header-main-stick-meta":"","header-below-stick-meta":"","astra-migrate-meta-layouts":"default","ast-page-background-enabled":"default","ast-page-background-meta":{"desktop":{"background-color":"var(--ast-global-color-5)","background-image":"","background-repeat":"repeat","background-position":"center center","background-size":"auto","background-attachment":"scroll","background-type":"","background-media":"","overlay-type":"","overlay-color":"","overlay-opacity":"","overlay-gradient":""},"tablet":{"background-color":"","background-image":"","background-repeat":"repeat","background-position":"center center","background-size":"auto","background-attachment":"scroll","background-type":"","background-media":"","overlay-type":"","overlay-color":"","overlay-opacity":"","overlay-gradient":""},"mobile":{"background-color":"","background-image":"","background-repeat":"repeat","background-position":"center center","background-size":"auto","background-attachment":"scroll","background-type":"","background-media":"","overlay-type":"","overlay-color":"","overlay-opacity":"","overlay-gradient":""}},"ast-content-background-meta":{"desktop":{"background-color":"var(--ast-global-color-4)","background-image":"","background-repeat":"repeat","background-position":"center center","background-size":"auto","background-attachment":"scroll","background-type":"","background-media":"","overlay-type":"","overlay-color":"","overlay-opacity":"","overlay-gradient":""},"tablet":{"background-color":"var(--ast-global-color-4)","background-image":"","background-repeat":"repeat","background-position":"center center","background-size":"auto","background-attachment":"scroll","background-type":"","background-media":"","overlay-type":"","overlay-color":"","overlay-opacity":"","overlay-gradient":""},"mobile":{"background-color":"var(--ast-global-color-4)","background-image":"","background-repeat":"repeat","background-position":"center center","background-size":"auto","background-attachment":"scroll","background-type":"","background-media":"","overlay-type":"","overlay-color":"","overlay-opacity":"","overlay-gradient":""}},"jetpack_post_was_ever_published":false,"_jetpack_newsletter_access":"","_jetpack_dont_email_post_to_subs":false,"_jetpack_newsletter_tier_id":0,"_jetpack_memberships_contains_paywalled_content":false,"_jetpack_memberships_contains_paid_content":false,"footnotes":""},"categories":[6],"tags":[],"class_list":["post-434","post","type-post","status-publish","format-standard","hentry","category-ctenarsky-denik"],"jetpack_featured_media_url":"","jetpack_shortlink":"https:\/\/wp.me\/p4mLP7-70","jetpack-related-posts":[{"id":810,"url":"https:\/\/kotrla.com\/pmpro\/2005\/02\/tak-trochu-jine-pohlednice\/","url_meta":{"origin":434,"position":0},"title":"Tak trochu jin\u00e9 pohlednice","author":"Pavel Kotrla","date":"26.2.2005","format":false,"excerpt":"Z\u00edskal jsem cyklus \u0161esti netradi\u010dn\u00edch pohlednic, kter\u00e9 ve sv\u00e9 edici jedna b\u00e1se\u0148 vydalo ob\u010dansk\u00e9 sdru\u017een\u00ed Weles. Ve sli\u010dn\u00e9 grafick\u00e9 \u00faprav\u011b jsou zde prezentov\u00e1ny b\u00e1sn\u011b za\u010d\u00ednaj\u00edc\u00edch autor\u016f, kte\u0159\u00ed jsou spjati s Brnem. Nev\u00edm, zda na v\u0161ech m\u00edstech, ale alespo\u0148 na Vset\u00edn\u011b byly distribuov\u00e1ny mezi n\u00e1v\u0161t\u011bvn\u00edky besedy s b\u00fdval\u00fdm \u0161\u00e9fredaktorem \u010dasopisu Weles\u2026","rel":"","context":"V \u201eNeza\u0159azen\u00e9\u201c","block_context":{"text":"Neza\u0159azen\u00e9","link":"https:\/\/kotrla.com\/pmpro\/category\/nezarazene\/"},"img":{"alt_text":"Welesovy pohlednice","src":"https:\/\/i0.wp.com\/kotrla.com\/pmpro\/images\/uploads\/welesovy_pohlednice.gif?resize=350%2C200&ssl=1","width":350,"height":200},"classes":[]},{"id":320,"url":"https:\/\/kotrla.com\/pmpro\/2008\/11\/z-bloku-05-prazdna-mista-na-okraji\/","url_meta":{"origin":434,"position":1},"title":"Z bloku 05: Pr\u00e1zdn\u00e1 m\u00edsta na okraji","author":"Pavel Kotrla","date":"4.11.2008","format":false,"excerpt":"Sloupek vy\u0161el v Tvaru \u010d. 17 (16.10.2008). Ohlas pak v pond\u011bln\u00edku Vladim\u00edra Novotn\u00e9ho Hroz\u00ed n\u00e1m tis\u00edce \u0160pirit\u016f? P\u0159i brouzd\u00e1n\u00ed, kter\u00e9 se mi v l\u00e9t\u011b a na podzim poda\u0159ilo na\u0161t\u011bst\u00ed omezit na nejnutn\u011bj\u0161\u00ed minimum, jsem narazil sv\u00e9ho \u010dasu na rusk\u00e9 str\u00e1nky, kter\u00e9 se v\u011bnovaly geografick\u00e9mu rozm\u00edst\u011bn\u00ed spisovatel\u016f v t\u00e9to rozs\u00e1hl\u00e9 zemi.\u2026","rel":"","context":"V \u201eSloupky pro Tvar\u201c","block_context":{"text":"Sloupky pro Tvar","link":"https:\/\/kotrla.com\/pmpro\/category\/sloupky-pro-tvar\/"},"img":{"alt_text":"","src":"","width":0,"height":0},"classes":[]},{"id":311,"url":"https:\/\/kotrla.com\/pmpro\/2008\/12\/z-bloku-06-renesance\/","url_meta":{"origin":434,"position":2},"title":"Z bloku 06: Renesance","author":"Pavel Kotrla","date":"16.12.2008","format":false,"excerpt":"Sloupek vy\u0161el v Tvaru \u010d. 19 (13.11.2008). Nejenom tento podzimu m\u00e1m dojem, \u017ee o literatu\u0159e se p\u00ed\u0161e v\u00edc ne\u017e se p\u00ed\u0161e literatura samotn\u00e1. A l\u00e1mu si hlavu, zda m\u00e1m trp\u011bt v\u00fd\u010ditkami sv\u011bdom\u00ed, \u017ee k tomu p\u0159isp\u00edv\u00e1m taky. Chvilku se pak v t\u00e9 souvislosti tr\u00e1p\u00edm, co zaj\u00edmav\u00e9ho jsem v posledn\u00edch m\u011bs\u00edc\u00edch\u2026","rel":"","context":"V \u201eLiteratura\u201c","block_context":{"text":"Literatura","link":"https:\/\/kotrla.com\/pmpro\/category\/literatura\/"},"img":{"alt_text":"","src":"","width":0,"height":0},"classes":[]},{"id":9339,"url":"https:\/\/kotrla.com\/pmpro\/2022\/01\/narwhal-nautilus-cephalopod-black\/","url_meta":{"origin":434,"position":3},"title":"Narwhal Nautilus &#8211; Cephalopod Black","author":"Pavel Kotrla","date":"25.1.2022","format":false,"excerpt":"M\u00e1m slabost pro p\u00edstov\u00e1 plnic\u00ed pera (dob\u0159e, nejen pro n\u011b), proto jsem nemohl p\u0159ehl\u00e9dnout americkou zna\u010dku Narwhal. N\u011bkter\u00e9 modely jsou za opravdu dobrou cenu, ale kdy\u017e se objevil model Nautilus... Hm, byla to l\u00e1ska skoro na prvn\u00ed pohled. Skoro. Chv\u00edli jsem v\u00e1hal, a najednou bylo vyprod\u00e1no. A st\u00e1le je\u0161t\u011b je,\u2026","rel":"","context":"V \u201ePlnic\u00ed pera a inkousty\u201c","block_context":{"text":"Plnic\u00ed pera a inkousty","link":"https:\/\/kotrla.com\/pmpro\/category\/plnici-pera\/"},"img":{"alt_text":"","src":"https:\/\/i0.wp.com\/kotrla.com\/pmpro\/wp-content\/uploads\/2022\/01\/narwhal_nautilus_IMGP4192-150x150.jpg?resize=350%2C200&ssl=1","width":350,"height":200,"srcset":"https:\/\/i0.wp.com\/kotrla.com\/pmpro\/wp-content\/uploads\/2022\/01\/narwhal_nautilus_IMGP4192-150x150.jpg?resize=350%2C200&ssl=1 1x, https:\/\/i0.wp.com\/kotrla.com\/pmpro\/wp-content\/uploads\/2022\/01\/narwhal_nautilus_IMGP4192-150x150.jpg?resize=525%2C300&ssl=1 1.5x, https:\/\/i0.wp.com\/kotrla.com\/pmpro\/wp-content\/uploads\/2022\/01\/narwhal_nautilus_IMGP4192-150x150.jpg?resize=700%2C400&ssl=1 2x, https:\/\/i0.wp.com\/kotrla.com\/pmpro\/wp-content\/uploads\/2022\/01\/narwhal_nautilus_IMGP4192-150x150.jpg?resize=1050%2C600&ssl=1 3x, https:\/\/i0.wp.com\/kotrla.com\/pmpro\/wp-content\/uploads\/2022\/01\/narwhal_nautilus_IMGP4192-150x150.jpg?resize=1400%2C800&ssl=1 4x"},"classes":[]},{"id":90,"url":"https:\/\/kotrla.com\/pmpro\/2012\/07\/jasan-u-sedmi-bratru\/","url_meta":{"origin":434,"position":4},"title":"Jasan U sedmi bratr\u016f","author":"Pavel Kotrla","date":"20.7.2012","format":false,"excerpt":"Shodou n\u00e1hod jsem narazil na kr\u00e1tk\u00fd \u010dl\u00e1nek Pov\u011bsti a dohady o star\u00fdch a pam\u00e1tn\u00fdch stromech v \u010cech\u00e1ch, na Morav\u011b a ve Slezsku, kter\u00fd napsal Jan Evangelista Cliadt a kter\u00fd byl publikov\u00e1n v \u010dasopise \u010cesk\u00fd lid, ro\u010d. 17 z roku 1908, ve kter\u00e9m je zmi\u0148ov\u00e1n pam\u00e1tn\u00fd strom u pramene Byst\u0159i\u010dky. Konkr\u00e9tn\u011b\u2026","rel":"","context":"V \u201eByst\u0159i\u010dka\u201c","block_context":{"text":"Byst\u0159i\u010dka","link":"https:\/\/kotrla.com\/pmpro\/category\/bystricka\/"},"img":{"alt_text":"Jasan U sedmi bratr\u016f ","src":"https:\/\/i0.wp.com\/kotrla.com\/pmpro\/images\/uploads\/jasan_u_sedmi_bratru_bystricka.jpg?resize=350%2C200&ssl=1","width":350,"height":200},"classes":[]},{"id":332,"url":"https:\/\/kotrla.com\/pmpro\/2008\/08\/z-bloku-03-binarni-svetlo-binarni-tma\/","url_meta":{"origin":434,"position":5},"title":"Z bloku 03: Bin\u00e1rn\u00ed sv\u011btlo, bin\u00e1rn\u00ed tma","author":"Pavel Kotrla","date":"15.8.2008","format":false,"excerpt":"Sloupek vy\u0161el v Tvaru \u010d. 13 (27.06.2008) Svou malou m\u011brou se pod\u00edl\u00edm na vyd\u00e1v\u00e1n\u00ed Aluze (http:\/\/aluze.cz), revue pro literaturu, filozofii a jin\u00e9, o kter\u00e9m pravd\u011bpodobn\u011b \u010d\u00e1st \u010dten\u00e1\u0159\u016f Tvaru minim\u00e1ln\u011b zaslechla. V lo\u0148sk\u00e9m roce do\u0161lo k drobn\u00e9 metamorf\u00f3ze. Jej\u00ed ti\u0161t\u011bn\u00e1 podoba zanikla a nyn\u00ed vych\u00e1z\u00ed jen v elektronick\u00e9 podob\u011b. Okolnosti, kter\u00e9\u2026","rel":"","context":"V \u201eSloupky pro Tvar\u201c","block_context":{"text":"Sloupky pro Tvar","link":"https:\/\/kotrla.com\/pmpro\/category\/sloupky-pro-tvar\/"},"img":{"alt_text":"","src":"","width":0,"height":0},"classes":[]}],"jetpack_sharing_enabled":true,"_links":{"self":[{"href":"https:\/\/kotrla.com\/pmpro\/wp-json\/wp\/v2\/posts\/434","targetHints":{"allow":["GET"]}}],"collection":[{"href":"https:\/\/kotrla.com\/pmpro\/wp-json\/wp\/v2\/posts"}],"about":[{"href":"https:\/\/kotrla.com\/pmpro\/wp-json\/wp\/v2\/types\/post"}],"author":[{"embeddable":true,"href":"https:\/\/kotrla.com\/pmpro\/wp-json\/wp\/v2\/users\/1"}],"replies":[{"embeddable":true,"href":"https:\/\/kotrla.com\/pmpro\/wp-json\/wp\/v2\/comments?post=434"}],"version-history":[{"count":0,"href":"https:\/\/kotrla.com\/pmpro\/wp-json\/wp\/v2\/posts\/434\/revisions"}],"wp:attachment":[{"href":"https:\/\/kotrla.com\/pmpro\/wp-json\/wp\/v2\/media?parent=434"}],"wp:term":[{"taxonomy":"category","embeddable":true,"href":"https:\/\/kotrla.com\/pmpro\/wp-json\/wp\/v2\/categories?post=434"},{"taxonomy":"post_tag","embeddable":true,"href":"https:\/\/kotrla.com\/pmpro\/wp-json\/wp\/v2\/tags?post=434"}],"curies":[{"name":"wp","href":"https:\/\/api.w.org\/{rel}","templated":true}]}}