{"id":437,"date":"2007-06-24T07:50:01","date_gmt":"2007-06-24T06:50:01","guid":{"rendered":"http:\/\/kotrla.com\/wordpress\/?p=437"},"modified":"2019-11-20T22:36:01","modified_gmt":"2019-11-20T21:36:01","slug":"cunkovo-odhaleni","status":"publish","type":"post","link":"https:\/\/kotrla.com\/pmpro\/2007\/06\/cunkovo-odhaleni\/","title":{"rendered":"\u010cunkovo odhalen\u00ed"},"content":{"rendered":"<p><img loading=\"lazy\" decoding=\"async\" src=\"https:\/\/kotrla.com\/pmpro\/images\/uploads\/odhaleni1.jpg\" border=\"0\" alt=\"Ji\u0159\u00ed \u010cunek - odhalen\u00ed pam\u011btn\u00ed desky Jana Pel\u00e1ra 1\" width=\"420\" height=\"560\" \/><\/p>\n<p><img loading=\"lazy\" decoding=\"async\" src=\"https:\/\/kotrla.com\/pmpro\/images\/uploads\/odhaleni2.jpg\" border=\"0\" alt=\"Ji\u0159\u00ed \u010cunek - odhalen\u00ed pam\u011btn\u00ed desky Jana Pel\u00e1ra 2\" width=\"420\" height=\"315\" \/><\/p>\n<p>\u017d\u00e1dnou senzaci ne\u010dekejte \ud83d\ude42 Slova sice poch\u00e1z\u00ed p\u0159\u00edmo z \u00fast Ji\u0159\u00edho \u010cunka, kter\u00fd m\u00e1 smysl pro humor, jak m\u016f\u017ee potvrdit ka\u017ed\u00fd, kdo s n\u00edm p\u0159i\u0161el do styku, ale jedn\u00e1 se o fotografie ze v\u010derej\u0161\u00edho odhalen\u00ed pam\u011btn\u00ed desky Jana Pel\u00e1ra, o kter\u00e9m jsem tu ji\u017e <a href=\"https:\/\/kotrla.com\/pmpro\/index.php\/site\/jan_pelar_odhaleni_pametni_desky\/\">psal<\/a>.<\/p>\n","protected":false},"excerpt":{"rendered":"<p>\u017d\u00e1dnou senzaci ne\u010dekejte \ud83d\ude42 Slova sice poch\u00e1z\u00ed p\u0159\u00edmo z \u00fast Ji\u0159\u00edho \u010cunka, kter\u00fd m\u00e1 smysl pro humor, jak m\u016f\u017ee potvrdit ka\u017ed\u00fd, kdo s n\u00edm p\u0159i\u0161el do styku, ale jedn\u00e1 se o fotografie ze v\u010derej\u0161\u00edho odhalen\u00ed pam\u011btn\u00ed desky Jana Pel\u00e1ra, o kter\u00e9m jsem tu ji\u017e psal.<\/p>\n","protected":false},"author":1,"featured_media":0,"comment_status":"open","ping_status":"open","sticky":false,"template":"","format":"standard","meta":{"site-sidebar-layout":"default","site-content-layout":"","ast-site-content-layout":"default","site-content-style":"default","site-sidebar-style":"default","ast-global-header-display":"","ast-banner-title-visibility":"","ast-main-header-display":"","ast-hfb-above-header-display":"","ast-hfb-below-header-display":"","ast-hfb-mobile-header-display":"","site-post-title":"","ast-breadcrumbs-content":"","ast-featured-img":"","footer-sml-layout":"","ast-disable-related-posts":"","theme-transparent-header-meta":"","adv-header-id-meta":"","stick-header-meta":"","header-above-stick-meta":"","header-main-stick-meta":"","header-below-stick-meta":"","astra-migrate-meta-layouts":"default","ast-page-background-enabled":"default","ast-page-background-meta":{"desktop":{"background-color":"var(--ast-global-color-5)","background-image":"","background-repeat":"repeat","background-position":"center center","background-size":"auto","background-attachment":"scroll","background-type":"","background-media":"","overlay-type":"","overlay-color":"","overlay-opacity":"","overlay-gradient":""},"tablet":{"background-color":"","background-image":"","background-repeat":"repeat","background-position":"center center","background-size":"auto","background-attachment":"scroll","background-type":"","background-media":"","overlay-type":"","overlay-color":"","overlay-opacity":"","overlay-gradient":""},"mobile":{"background-color":"","background-image":"","background-repeat":"repeat","background-position":"center center","background-size":"auto","background-attachment":"scroll","background-type":"","background-media":"","overlay-type":"","overlay-color":"","overlay-opacity":"","overlay-gradient":""}},"ast-content-background-meta":{"desktop":{"background-color":"var(--ast-global-color-4)","background-image":"","background-repeat":"repeat","background-position":"center center","background-size":"auto","background-attachment":"scroll","background-type":"","background-media":"","overlay-type":"","overlay-color":"","overlay-opacity":"","overlay-gradient":""},"tablet":{"background-color":"var(--ast-global-color-4)","background-image":"","background-repeat":"repeat","background-position":"center center","background-size":"auto","background-attachment":"scroll","background-type":"","background-media":"","overlay-type":"","overlay-color":"","overlay-opacity":"","overlay-gradient":""},"mobile":{"background-color":"var(--ast-global-color-4)","background-image":"","background-repeat":"repeat","background-position":"center center","background-size":"auto","background-attachment":"scroll","background-type":"","background-media":"","overlay-type":"","overlay-color":"","overlay-opacity":"","overlay-gradient":""}},"jetpack_post_was_ever_published":false,"_jetpack_newsletter_access":"","_jetpack_dont_email_post_to_subs":false,"_jetpack_newsletter_tier_id":0,"_jetpack_memberships_contains_paywalled_content":false,"_jetpack_memberships_contains_paid_content":false,"footnotes":""},"categories":[7],"tags":[],"class_list":["post-437","post","type-post","status-publish","format-standard","hentry","category-fotografie"],"jetpack_featured_media_url":"","jetpack_shortlink":"https:\/\/wp.me\/p4mLP7-73","jetpack-related-posts":[{"id":687,"url":"https:\/\/kotrla.com\/pmpro\/2005\/09\/odhaleni-sochy-cenka-kramolise\/","url_meta":{"origin":437,"position":0},"title":"Odhalen\u00ed sochy \u010ce\u0148ka Kramoli\u0161e","author":"Pavel Kotrla","date":"6.9.2005","format":false,"excerpt":"Stane se tak 22. z\u00e1\u0159\u00ed v 16.00 v Ro\u017enov\u011b pod Radho\u0161t\u011bm za \u00fa\u010dasti socha\u0159e Igora Kitzbergera. A jak jinak: v Kramoli\u0161ov\u011b. \u010cen\u011bk Kramoli\u0161 na MVK","rel":"","context":"V \u201eLiteratura\u201c","block_context":{"text":"Literatura","link":"https:\/\/kotrla.com\/pmpro\/category\/literatura\/"},"img":{"alt_text":"","src":"","width":0,"height":0},"classes":[]},{"id":446,"url":"https:\/\/kotrla.com\/pmpro\/2007\/06\/jan-pelar-odhaleni-pametni-desky\/","url_meta":{"origin":437,"position":1},"title":"Jan Pel\u00e1r &#8211; odhalen\u00ed pam\u011btn\u00ed desky","author":"Pavel Kotrla","date":"10.6.2007","format":false,"excerpt":"Prolez\u00e1n\u00ed archiv\u016f a star\u00fdch tisk\u016f m\u00e1 ob\u010das i re\u00e1ln\u00e9 dopady. 23. \u010dervna by m\u011bla b\u00fdt na Byst\u0159i\u010dce na hospod\u011b Na Nov\u00e9 (a\u010d se to nezd\u00e1, kdesi v z\u00e1kladech je to star\u00e1 formansk\u00e1 hospoda) odhalena pam\u011btn\u00ed deska tohoto slavn\u00e9ho muzikanta (a pij\u00e1ka), a to pravd\u011bpodobn\u011b za p\u0159\u00edtomnosti premi\u00e9ra \u010cesk\u00e9 republiky a\u2026","rel":"","context":"V \u201eOsobn\u00ed\u201c","block_context":{"text":"Osobn\u00ed","link":"https:\/\/kotrla.com\/pmpro\/category\/osobni\/"},"img":{"alt_text":"Jan Pellar (Pel\u00e1r) - pam\u011btn\u00ed deska","src":"https:\/\/i0.wp.com\/kotrla.com\/pmpro\/images\/uploads\/jan_pellar_deska.png?resize=350%2C200&ssl=1","width":350,"height":200},"classes":[]},{"id":3531,"url":"https:\/\/kotrla.com\/pmpro\/2018\/03\/nenechejte-si-ujit-vystavu-pavla-drdy\/","url_meta":{"origin":437,"position":2},"title":"Nenechejte si uj\u00edt v\u00fdstavu Pavla Drdy!","author":"Pavel Kotrla","date":"4.3.2018","format":false,"excerpt":"V p\u00e1tek byla v Muzejn\u00edm a galerijn\u00edm centru ve Vala\u0161sk\u00e9m Mezi\u0159\u00ed\u010d\u00ed zah\u00e1jena skv\u011bl\u00e1 v\u00fdstava Pavla Drdy, konan\u00e1 u p\u0159\u00edle\u017eitosti socha\u0159ova \u017eivotn\u00edho jubilea, \u0161edes\u00e1t\u00fdch narozenin, kterou si rozhodn\u011b nenechejte uj\u00edt. Tolik neprvopl\u00e1nov\u00e9 radosti a optimismu v tvorb\u011b na jednom m\u00edst\u011b potk\u00e1te jen z\u0159\u00eddkakdy! V\u00fdstava je velkolep\u011b pojat\u00e1, retrospektivn\u00ed a reprezentativn\u00ed. (V\u00fdstavn\u00ed\u2026","rel":"","context":"V \u201eByst\u0159i\u010dka\u201c","block_context":{"text":"Byst\u0159i\u010dka","link":"https:\/\/kotrla.com\/pmpro\/category\/bystricka\/"},"img":{"alt_text":"","src":"https:\/\/i0.wp.com\/kotrla.com\/pmpro\/wp-content\/uploads\/2018\/03\/pavel_drda_na_houpacce_IMGP3011-150x150.jpg?resize=350%2C200&ssl=1","width":350,"height":200,"srcset":"https:\/\/i0.wp.com\/kotrla.com\/pmpro\/wp-content\/uploads\/2018\/03\/pavel_drda_na_houpacce_IMGP3011-150x150.jpg?resize=350%2C200&ssl=1 1x, https:\/\/i0.wp.com\/kotrla.com\/pmpro\/wp-content\/uploads\/2018\/03\/pavel_drda_na_houpacce_IMGP3011-150x150.jpg?resize=525%2C300&ssl=1 1.5x, https:\/\/i0.wp.com\/kotrla.com\/pmpro\/wp-content\/uploads\/2018\/03\/pavel_drda_na_houpacce_IMGP3011-150x150.jpg?resize=700%2C400&ssl=1 2x, https:\/\/i0.wp.com\/kotrla.com\/pmpro\/wp-content\/uploads\/2018\/03\/pavel_drda_na_houpacce_IMGP3011-150x150.jpg?resize=1050%2C600&ssl=1 3x, https:\/\/i0.wp.com\/kotrla.com\/pmpro\/wp-content\/uploads\/2018\/03\/pavel_drda_na_houpacce_IMGP3011-150x150.jpg?resize=1400%2C800&ssl=1 4x"},"classes":[]},{"id":18,"url":"https:\/\/kotrla.com\/pmpro\/2013\/10\/za-solanskou-konferenci\/","url_meta":{"origin":437,"position":3},"title":"Za sol\u00e1\u0148skou konferenc\u00ed","author":"Pavel Kotrla","date":"20.10.2013","format":false,"excerpt":"Aspo\u0148 mal\u00e9 ohl\u00e9dnut\u00ed. Sborn\u00edk je v p\u0159\u00edprav\u011b a m\u011bl by b\u00fdt venku do m\u011bs\u00edce. Interi\u00e9r zvonice Dalibor Malina Ilja Hartinger a jeho vyzn\u00e1n\u00ed sol\u00e1\u0148sk\u00fdm mal\u00ed\u0159\u016fm Ji\u0159\u00ed Kot\u00e1sek Milan Maz\u00far Drahom\u00edra M\u00ed\u010dkov\u00e1 Miroslav \u0160krabal Miroslav Hor\u00e1k Ji\u0159\u00ed Langer Odhalen\u00ed pomn\u00edku Janu Rokytovi","rel":"","context":"V \u201eOstatn\u00ed\u201c","block_context":{"text":"Ostatn\u00ed","link":"https:\/\/kotrla.com\/pmpro\/category\/ostatni\/"},"img":{"alt_text":"image","src":"https:\/\/i0.wp.com\/kotrla.com\/pmpro\/images\/uploads\/01_solan_zvonice_IGP4857_01.jpg?resize=350%2C200&ssl=1","width":350,"height":200},"classes":[]},{"id":7,"url":"https:\/\/kotrla.com\/pmpro\/2014\/02\/tip-na-dobrou-vystavu-pavel-drda-aloha\/","url_meta":{"origin":437,"position":4},"title":"Tip na dobrou v\u00fdstavu: Pavel Drda &#8211; Aloha","author":"Pavel Kotrla","date":"7.2.2014","format":false,"excerpt":"Tak na v\u010derej\u0161\u00ed vernis\u00e1\u017ei socha\u0159sk\u00e9 v\u00fdstavy ve vala\u0161sko-mezi\u0159\u00ed\u010dsk\u00e9 Kapli bylo opravdu plno. Tak hojn\u011b nav\u0161t\u00edven\u00e9 zah\u00e1jen\u00ed u\u017e dlouho nepamatuji. Drobn\u00e9 info naleznete o Pavlu Drdovi zde. V\u00fdstavu, kterou doprov\u00e1z\u00ed fotky Roberta Gol\u00e1n\u011b, autora p\u0159i pr\u00e1ci v ateli\u00e9ru zachycuje ji\u017e n\u011bkolik let, m\u016f\u017eete nav\u0161t\u00edvit do 30. 3. 2014. O Pavlovi jsem\u2026","rel":"","context":"V \u201eByst\u0159i\u010dka\u201c","block_context":{"text":"Byst\u0159i\u010dka","link":"https:\/\/kotrla.com\/pmpro\/category\/bystricka\/"},"img":{"alt_text":"Pavel Drda","src":"https:\/\/i0.wp.com\/kotrla.com\/pmpro\/images\/uploads\/drda_2014_1.jpg?resize=350%2C200&ssl=1","width":350,"height":200},"classes":[]},{"id":292,"url":"https:\/\/kotrla.com\/pmpro\/2009\/03\/historicke-fotografie-bystricky\/","url_meta":{"origin":437,"position":5},"title":"Historick\u00e9 fotografie Byst\u0159i\u010dky","author":"Pavel Kotrla","date":"2.3.2009","format":false,"excerpt":"Prvn\u00ed syrov\u00fd pokus. N\u011bkolik historick\u00fdch fotografi\u00ed Byst\u0159i\u010dky ve spojen\u00ed s mapou od Googlu.","rel":"","context":"V \u201eFotografie\u201c","block_context":{"text":"Fotografie","link":"https:\/\/kotrla.com\/pmpro\/category\/fotografie\/"},"img":{"alt_text":"Historick\u00e9 fotografie Byst\u0159i\u010dky","src":"https:\/\/i0.wp.com\/kotrla.com\/pmpro\/images\/uploads\/historicke_fotografie_bystricky.jpg?resize=350%2C200&ssl=1","width":350,"height":200},"classes":[]}],"jetpack_sharing_enabled":true,"_links":{"self":[{"href":"https:\/\/kotrla.com\/pmpro\/wp-json\/wp\/v2\/posts\/437","targetHints":{"allow":["GET"]}}],"collection":[{"href":"https:\/\/kotrla.com\/pmpro\/wp-json\/wp\/v2\/posts"}],"about":[{"href":"https:\/\/kotrla.com\/pmpro\/wp-json\/wp\/v2\/types\/post"}],"author":[{"embeddable":true,"href":"https:\/\/kotrla.com\/pmpro\/wp-json\/wp\/v2\/users\/1"}],"replies":[{"embeddable":true,"href":"https:\/\/kotrla.com\/pmpro\/wp-json\/wp\/v2\/comments?post=437"}],"version-history":[{"count":0,"href":"https:\/\/kotrla.com\/pmpro\/wp-json\/wp\/v2\/posts\/437\/revisions"}],"wp:attachment":[{"href":"https:\/\/kotrla.com\/pmpro\/wp-json\/wp\/v2\/media?parent=437"}],"wp:term":[{"taxonomy":"category","embeddable":true,"href":"https:\/\/kotrla.com\/pmpro\/wp-json\/wp\/v2\/categories?post=437"},{"taxonomy":"post_tag","embeddable":true,"href":"https:\/\/kotrla.com\/pmpro\/wp-json\/wp\/v2\/tags?post=437"}],"curies":[{"name":"wp","href":"https:\/\/api.w.org\/{rel}","templated":true}]}}