{"id":4488,"date":"2019-06-21T17:57:00","date_gmt":"2019-06-21T16:57:00","guid":{"rendered":"http:\/\/kotrla.com\/pmpro\/?p=4488"},"modified":"2019-11-20T22:46:27","modified_gmt":"2019-11-20T21:46:27","slug":"100-let-sportu-na-bystricce","status":"publish","type":"post","link":"https:\/\/kotrla.com\/pmpro\/2019\/06\/100-let-sportu-na-bystricce\/","title":{"rendered":"100 let sportu na Byst\u0159i\u010dce"},"content":{"rendered":"<p>Ned\u00e1vno jsme s r\u00e1mci oslav pok\u0159tili bro\u017euru v\u011bnovanou stolet\u00e9 historii organizovan\u00e9ho sportu na Byst\u0159i\u010dce. M\u00e1lokdy se mi poda\u0159\u00ed st\u00e1t na p\u00f3diu vedle <a href=\"https:\/\/www.pribehy20stoleti.cz\/pribehy\/2013525_horst-valasek-1941-pribeh-zivota\/\">sportovn\u00ed legendy<\/a>. \u010cl\u00e1nek o oslav\u00e1ch p\u0159inesl Vala\u0161sk\u00fd den\u00edk <a href=\"https:\/\/valassky.denik.cz\/zpravy_region\/bystricsti-sokolove-slavili-100-let-20190617.html\">Byst\u0159i\u010d\u0161t\u00ed Sokolov\u00e9 slavili 100 let<\/a>. Na <a href=\"http:\/\/www.tjsokolbystricka.cz\/2019\/06\/18\/napsali-o-nas\/\">str\u00e1nk\u00e1ch TJ Sokol Byst\u0159i\u010dka<\/a>\u00a0si m\u016f\u017eete prohl\u00e9dnout i video s retro cvi\u010den\u00edm.<\/p>\n<figure id=\"attachment_4489\" aria-describedby=\"caption-attachment-4489\" style=\"width: 1600px\" class=\"wp-caption alignnone\"><a href=\"https:\/\/kotrla.com\/pmpro\/wp-content\/uploads\/2019\/06\/100_let_tj_sokol_bystricka_IMGP1542.jpg\"><img loading=\"lazy\" decoding=\"async\" class=\"size-full wp-image-4489\" src=\"https:\/\/kotrla.com\/pmpro\/wp-content\/uploads\/2019\/06\/100_let_tj_sokol_bystricka_IMGP1542.jpg\" alt=\"100 let sportu na Byst\u0159i\u010dce\" width=\"1600\" height=\"1064\" srcset=\"https:\/\/kotrla.com\/pmpro\/wp-content\/uploads\/2019\/06\/100_let_tj_sokol_bystricka_IMGP1542.jpg 1600w, https:\/\/kotrla.com\/pmpro\/wp-content\/uploads\/2019\/06\/100_let_tj_sokol_bystricka_IMGP1542-300x200.jpg 300w, https:\/\/kotrla.com\/pmpro\/wp-content\/uploads\/2019\/06\/100_let_tj_sokol_bystricka_IMGP1542-1024x681.jpg 1024w\" sizes=\"auto, (max-width: 1600px) 100vw, 1600px\" \/><\/a><figcaption id=\"caption-attachment-4489\" class=\"wp-caption-text\">100 let sportu na Byst\u0159i\u010dce<\/figcaption><\/figure>\n","protected":false},"excerpt":{"rendered":"<p>Ned\u00e1vno jsme s r\u00e1mci oslav pok\u0159tili bro\u017euru v\u011bnovanou stolet\u00e9 historii organizovan\u00e9ho sportu na Byst\u0159i\u010dce. M\u00e1lokdy se mi poda\u0159\u00ed st\u00e1t na p\u00f3diu vedle sportovn\u00ed legendy. \u010cl\u00e1nek o oslav\u00e1ch p\u0159inesl Vala\u0161sk\u00fd den\u00edk Byst\u0159i\u010d\u0161t\u00ed Sokolov\u00e9 slavili 100 let. Na str\u00e1nk\u00e1ch TJ Sokol Byst\u0159i\u010dka\u00a0si m\u016f\u017eete prohl\u00e9dnout i video s retro cvi\u010den\u00edm.<\/p>\n","protected":false},"author":1,"featured_media":0,"comment_status":"open","ping_status":"open","sticky":false,"template":"","format":"standard","meta":{"site-sidebar-layout":"default","site-content-layout":"","ast-site-content-layout":"default","site-content-style":"default","site-sidebar-style":"default","ast-global-header-display":"","ast-banner-title-visibility":"","ast-main-header-display":"","ast-hfb-above-header-display":"","ast-hfb-below-header-display":"","ast-hfb-mobile-header-display":"","site-post-title":"","ast-breadcrumbs-content":"","ast-featured-img":"","footer-sml-layout":"","ast-disable-related-posts":"","theme-transparent-header-meta":"","adv-header-id-meta":"","stick-header-meta":"","header-above-stick-meta":"","header-main-stick-meta":"","header-below-stick-meta":"","astra-migrate-meta-layouts":"default","ast-page-background-enabled":"default","ast-page-background-meta":{"desktop":{"background-color":"var(--ast-global-color-5)","background-image":"","background-repeat":"repeat","background-position":"center center","background-size":"auto","background-attachment":"scroll","background-type":"","background-media":"","overlay-type":"","overlay-color":"","overlay-opacity":"","overlay-gradient":""},"tablet":{"background-color":"","background-image":"","background-repeat":"repeat","background-position":"center center","background-size":"auto","background-attachment":"scroll","background-type":"","background-media":"","overlay-type":"","overlay-color":"","overlay-opacity":"","overlay-gradient":""},"mobile":{"background-color":"","background-image":"","background-repeat":"repeat","background-position":"center center","background-size":"auto","background-attachment":"scroll","background-type":"","background-media":"","overlay-type":"","overlay-color":"","overlay-opacity":"","overlay-gradient":""}},"ast-content-background-meta":{"desktop":{"background-color":"var(--ast-global-color-4)","background-image":"","background-repeat":"repeat","background-position":"center center","background-size":"auto","background-attachment":"scroll","background-type":"","background-media":"","overlay-type":"","overlay-color":"","overlay-opacity":"","overlay-gradient":""},"tablet":{"background-color":"var(--ast-global-color-4)","background-image":"","background-repeat":"repeat","background-position":"center center","background-size":"auto","background-attachment":"scroll","background-type":"","background-media":"","overlay-type":"","overlay-color":"","overlay-opacity":"","overlay-gradient":""},"mobile":{"background-color":"var(--ast-global-color-4)","background-image":"","background-repeat":"repeat","background-position":"center center","background-size":"auto","background-attachment":"scroll","background-type":"","background-media":"","overlay-type":"","overlay-color":"","overlay-opacity":"","overlay-gradient":""}},"jetpack_post_was_ever_published":false,"_jetpack_newsletter_access":"","_jetpack_dont_email_post_to_subs":false,"_jetpack_newsletter_tier_id":0,"_jetpack_memberships_contains_paywalled_content":false,"_jetpack_memberships_contains_paid_content":false,"footnotes":""},"categories":[5],"tags":[],"class_list":["post-4488","post","type-post","status-publish","format-standard","hentry","category-bystricka"],"jetpack_featured_media_url":"","jetpack_shortlink":"https:\/\/wp.me\/p4mLP7-1ao","jetpack-related-posts":[{"id":10494,"url":"https:\/\/kotrla.com\/pmpro\/2023\/04\/cteni-aleny-mornstajnove-na-bystricce\/","url_meta":{"origin":4488,"position":0},"title":"\u010cten\u00ed Aleny Morn\u0161tajnov\u00e9 na Byst\u0159i\u010dce","author":"Pavel Kotrla","date":"25.4.2023","format":false,"excerpt":"Dne\u0161n\u00ed \u010dten\u00ed Aleny Morn\u0161tajnov\u00e9 z nov\u00e9ho rom\u00e1nu Les v dom\u011b (vydalo Nakladatelstv\u00ed Host) v zapln\u011bn\u00e9 jednac\u00ed m\u00edstnosti obecn\u00edho \u00fa\u0159adu Byst\u0159i\u010dka. Podve\u010der pod taktovkou Jarmily K\u0159enkov\u00e9 z knihovny Byst\u0159i\u010dka. \u00a0","rel":"","context":"V \u201eByst\u0159i\u010dka\u201c","block_context":{"text":"Byst\u0159i\u010dka","link":"https:\/\/kotrla.com\/pmpro\/category\/bystricka\/"},"img":{"alt_text":"","src":"https:\/\/i0.wp.com\/kotrla.com\/pmpro\/wp-content\/uploads\/2023\/04\/am_IMGP5819-150x150.jpg?resize=350%2C200&ssl=1","width":350,"height":200,"srcset":"https:\/\/i0.wp.com\/kotrla.com\/pmpro\/wp-content\/uploads\/2023\/04\/am_IMGP5819-150x150.jpg?resize=350%2C200&ssl=1 1x, https:\/\/i0.wp.com\/kotrla.com\/pmpro\/wp-content\/uploads\/2023\/04\/am_IMGP5819-150x150.jpg?resize=525%2C300&ssl=1 1.5x, https:\/\/i0.wp.com\/kotrla.com\/pmpro\/wp-content\/uploads\/2023\/04\/am_IMGP5819-150x150.jpg?resize=700%2C400&ssl=1 2x, https:\/\/i0.wp.com\/kotrla.com\/pmpro\/wp-content\/uploads\/2023\/04\/am_IMGP5819-150x150.jpg?resize=1050%2C600&ssl=1 3x, https:\/\/i0.wp.com\/kotrla.com\/pmpro\/wp-content\/uploads\/2023\/04\/am_IMGP5819-150x150.jpg?resize=1400%2C800&ssl=1 4x"},"classes":[]},{"id":28,"url":"https:\/\/kotrla.com\/pmpro\/2013\/08\/vlci-na-bystricce\/","url_meta":{"origin":4488,"position":1},"title":"Vlci na Byst\u0159i\u010dce","author":"Pavel Kotrla","date":"2.8.2013","format":false,"excerpt":"St\u0159ede\u010dn\u00ed sezen\u00ed v archivu p\u0159ineslo p\u00e1r nikde nepublikovan\u00fdch zaj\u00edmavost\u00ed. A toto je jedna z nich: \u201eVlk se objevil posledn\u011b asi p\u0159ed 70 lety (pozn\u00e1mky z Byst\u0159. r. 1912. str. III.6.) - tedy asi r. 1840. P\u0159ed roky, dy\u017e bylo vjec vlk\u016f, tu byli p\u0159ejden\u00ed. Za velik\u00fdch mraz\u016f, dy\u017e zamrzne V\u00e1h,\u2026","rel":"","context":"V \u201eByst\u0159i\u010dka\u201c","block_context":{"text":"Byst\u0159i\u010dka","link":"https:\/\/kotrla.com\/pmpro\/category\/bystricka\/"},"img":{"alt_text":"Vlci na Byst\u0159i\u010dce","src":"https:\/\/i0.wp.com\/kotrla.com\/pmpro\/images\/uploads\/vlci_na_bystricce.jpg?resize=350%2C200&ssl=1","width":350,"height":200},"classes":[]},{"id":503,"url":"https:\/\/kotrla.com\/pmpro\/2006\/11\/zvonicka-pri-silnici\/","url_meta":{"origin":4488,"position":2},"title":"Zvoni\u010dka p\u0159i silnici","author":"Pavel Kotrla","date":"28.11.2006","format":false,"excerpt":"..., vedouc\u00ed se od \u00fadoln\u00ed p\u0159ehrady na Byst\u0159i\u010dce k \u017eelezni\u010dn\u00ed zast\u00e1vce R\u016f\u017e\u010fka, m\u011bla bedn\u011bn\u00fd p\u0159\u00edst\u0159e\u0161ek se sedlovou \u0161indelovou st\u0159echou a ku\u017eelovitou st\u0159\u00ed\u0161ku nad zvonkem. V zobrazen\u00e9 podob\u011b u\u017e zvoni\u010dka nestoj\u00ed, jak jsme zjistili v l\u00e9t\u011b 1937. Takto doprovodil fotografii textem jej\u00ed autor Flori\u00e1n Zapletal.\u00a0 Fotografie je tedy z doby, kdy\u2026","rel":"","context":"V \u201eByst\u0159i\u010dka\u201c","block_context":{"text":"Byst\u0159i\u010dka","link":"https:\/\/kotrla.com\/pmpro\/category\/bystricka\/"},"img":{"alt_text":"ji\u017e neexistuj\u00edc\u00ed zvoni\u010dka","src":"https:\/\/i0.wp.com\/kotrla.com\/pmpro\/images\/uploads\/zvonicka_ruzdka_bystricka.jpg?resize=350%2C200&ssl=1","width":350,"height":200},"classes":[]},{"id":3746,"url":"https:\/\/kotrla.com\/pmpro\/2018\/06\/letni-duby-u-nadrazi-se-mozna-stanou-pamatnymi-stromy\/","url_meta":{"origin":4488,"position":3},"title":"Letn\u00ed duby u n\u00e1dra\u017e\u00ed se mo\u017en\u00e1 stanou pam\u00e1tn\u00fdmi stromy","author":"Pavel Kotrla","date":"21.6.2018","format":false,"excerpt":"Tyto duby pamatuj\u00ed dobu, kdy zde TGM vystupoval z vlaku, jejich p\u0159edpokl\u00e1dan\u00e9 st\u00e1\u0159\u00ed je v\u00edce ne\u017e 150 let. V\u0161e sm\u011b\u0159uje k tomu, aby byly vyhl\u00e1\u0161eny pam\u00e1tn\u00fdmi stromy. V minulosti byly pravd\u011bpodobn\u011b sou\u010d\u00e1st\u00ed v\u00edcedruhov\u00e9ho stromo\u0159ad\u00ed pod\u00e9l komunikace. Za domem v pop\u0159ed\u00ed se nach\u00e1z\u00ed d\u0159\u00edv\u011bj\u0161\u00ed budova vlakov\u00e9ho n\u00e1dra\u017e\u00ed. \u00a0","rel":"","context":"V \u201eByst\u0159i\u010dka\u201c","block_context":{"text":"Byst\u0159i\u010dka","link":"https:\/\/kotrla.com\/pmpro\/category\/bystricka\/"},"img":{"alt_text":"Letn\u00ed duby na Byst\u0159i\u010dce","src":"https:\/\/i0.wp.com\/kotrla.com\/pmpro\/wp-content\/uploads\/2018\/06\/duby_IMGP5254.jpg?resize=350%2C200&ssl=1","width":350,"height":200,"srcset":"https:\/\/i0.wp.com\/kotrla.com\/pmpro\/wp-content\/uploads\/2018\/06\/duby_IMGP5254.jpg?resize=350%2C200&ssl=1 1x, https:\/\/i0.wp.com\/kotrla.com\/pmpro\/wp-content\/uploads\/2018\/06\/duby_IMGP5254.jpg?resize=525%2C300&ssl=1 1.5x, https:\/\/i0.wp.com\/kotrla.com\/pmpro\/wp-content\/uploads\/2018\/06\/duby_IMGP5254.jpg?resize=700%2C400&ssl=1 2x, https:\/\/i0.wp.com\/kotrla.com\/pmpro\/wp-content\/uploads\/2018\/06\/duby_IMGP5254.jpg?resize=1050%2C600&ssl=1 3x, https:\/\/i0.wp.com\/kotrla.com\/pmpro\/wp-content\/uploads\/2018\/06\/duby_IMGP5254.jpg?resize=1400%2C800&ssl=1 4x"},"classes":[]},{"id":485,"url":"https:\/\/kotrla.com\/pmpro\/2007\/01\/prohrabovani-ii\/","url_meta":{"origin":4488,"position":4},"title":"Prohrabov\u00e1n\u00ed II","author":"Pavel Kotrla","date":"16.1.2007","format":false,"excerpt":"Tak prohrabov\u00e1n\u00ed opravdu p\u0159in\u00e1\u0161\u00ed zaj\u00edmav\u00e9 v\u00fdsledky i na poli poetick\u00e9m. Op\u011bt to teda nen\u00ed \u017e\u00e1dn\u00fd v\u00fdk\u0159ik, sp\u00ed\u0161 p\u0159\u00edklad jak to ned\u011blat. Ale d\u00e1v\u00e1m to tu hlavn\u011b jako vlastn\u00ed archivn\u00ed pam\u011b\u0165 a\u0165 to pozd\u011bji nemus\u00edm hledat. B\u00e1se\u0148 sama o sob\u011b zaj\u00edmav\u00e1 p\u0159\u00edli\u0161 nen\u00ed, pokud pro sebe opominu geografick\u00e9 vymezen\u00ed, to sp\u00ed\u0161\u2026","rel":"","context":"V \u201eLiteratura\u201c","block_context":{"text":"Literatura","link":"https:\/\/kotrla.com\/pmpro\/category\/literatura\/"},"img":{"alt_text":"","src":"","width":0,"height":0},"classes":[]},{"id":60,"url":"https:\/\/kotrla.com\/pmpro\/2013\/02\/hlavatka-obecna\/","url_meta":{"origin":4488,"position":5},"title":"Hlavatka obecn\u00e1","author":"Pavel Kotrla","date":"17.2.2013","format":false,"excerpt":"Hucho hucho - archivn\u00ed foto v\u00fdlovu hlavatek na Byst\u0159i\u010dce. Bylo a nen\u00ed: \u201eJist\u00fdm do\u010dasn\u00fdm \u00fasp\u011bchem skon\u010dilo vysazov\u00e1n\u00ed nap\u0159. v n\u00e1dr\u017ei Byst\u0159i\u010dka na vset\u00ednsku, odkud v roce 1979 vyt\u00e1hlo do p\u0159\u00edtoku ke t\u0159en\u00ed 64 hlavatek s pr\u016fm\u011brnou d\u00e9lkou kolem 80 cm.\u201c (Chytej.cz)","rel":"","context":"V \u201eByst\u0159i\u010dka\u201c","block_context":{"text":"Byst\u0159i\u010dka","link":"https:\/\/kotrla.com\/pmpro\/category\/bystricka\/"},"img":{"alt_text":"","src":"https:\/\/i0.wp.com\/kotrla.com\/pmpro\/images\/uploads\/hlavatky1.jpg?resize=350%2C200&ssl=1","width":350,"height":200},"classes":[]}],"jetpack_sharing_enabled":true,"_links":{"self":[{"href":"https:\/\/kotrla.com\/pmpro\/wp-json\/wp\/v2\/posts\/4488","targetHints":{"allow":["GET"]}}],"collection":[{"href":"https:\/\/kotrla.com\/pmpro\/wp-json\/wp\/v2\/posts"}],"about":[{"href":"https:\/\/kotrla.com\/pmpro\/wp-json\/wp\/v2\/types\/post"}],"author":[{"embeddable":true,"href":"https:\/\/kotrla.com\/pmpro\/wp-json\/wp\/v2\/users\/1"}],"replies":[{"embeddable":true,"href":"https:\/\/kotrla.com\/pmpro\/wp-json\/wp\/v2\/comments?post=4488"}],"version-history":[{"count":0,"href":"https:\/\/kotrla.com\/pmpro\/wp-json\/wp\/v2\/posts\/4488\/revisions"}],"wp:attachment":[{"href":"https:\/\/kotrla.com\/pmpro\/wp-json\/wp\/v2\/media?parent=4488"}],"wp:term":[{"taxonomy":"category","embeddable":true,"href":"https:\/\/kotrla.com\/pmpro\/wp-json\/wp\/v2\/categories?post=4488"},{"taxonomy":"post_tag","embeddable":true,"href":"https:\/\/kotrla.com\/pmpro\/wp-json\/wp\/v2\/tags?post=4488"}],"curies":[{"name":"wp","href":"https:\/\/api.w.org\/{rel}","templated":true}]}}