{"id":462,"date":"2007-04-23T11:21:00","date_gmt":"2007-04-23T10:21:00","guid":{"rendered":"http:\/\/kotrla.com\/wordpress\/?p=462"},"modified":"2019-11-20T22:36:03","modified_gmt":"2019-11-20T21:36:03","slug":"vstanou-novi-bojovnici","status":"publish","type":"post","link":"https:\/\/kotrla.com\/pmpro\/2007\/04\/vstanou-novi-bojovnici\/","title":{"rendered":"Vstanou nov\u00ed bojovn\u00edci"},"content":{"rendered":"<p><img loading=\"lazy\" decoding=\"async\" src=\"https:\/\/kotrla.com\/pmpro\/images\/uploads\/nova_pokoleni.jpg\" border=\"0\" alt=\"image\" width=\"420\" height=\"315\" \/><\/p>\n<p>Letn\u00ed podve\u010dery nebudou tich\u00e9&#8230;<\/p>\n","protected":false},"excerpt":{"rendered":"<p>Letn\u00ed podve\u010dery nebudou tich\u00e9&#8230;<\/p>\n","protected":false},"author":1,"featured_media":0,"comment_status":"open","ping_status":"open","sticky":false,"template":"","format":"standard","meta":{"site-sidebar-layout":"default","site-content-layout":"","ast-site-content-layout":"default","site-content-style":"default","site-sidebar-style":"default","ast-global-header-display":"","ast-banner-title-visibility":"","ast-main-header-display":"","ast-hfb-above-header-display":"","ast-hfb-below-header-display":"","ast-hfb-mobile-header-display":"","site-post-title":"","ast-breadcrumbs-content":"","ast-featured-img":"","footer-sml-layout":"","ast-disable-related-posts":"","theme-transparent-header-meta":"","adv-header-id-meta":"","stick-header-meta":"","header-above-stick-meta":"","header-main-stick-meta":"","header-below-stick-meta":"","astra-migrate-meta-layouts":"default","ast-page-background-enabled":"default","ast-page-background-meta":{"desktop":{"background-color":"var(--ast-global-color-5)","background-image":"","background-repeat":"repeat","background-position":"center center","background-size":"auto","background-attachment":"scroll","background-type":"","background-media":"","overlay-type":"","overlay-color":"","overlay-opacity":"","overlay-gradient":""},"tablet":{"background-color":"","background-image":"","background-repeat":"repeat","background-position":"center center","background-size":"auto","background-attachment":"scroll","background-type":"","background-media":"","overlay-type":"","overlay-color":"","overlay-opacity":"","overlay-gradient":""},"mobile":{"background-color":"","background-image":"","background-repeat":"repeat","background-position":"center center","background-size":"auto","background-attachment":"scroll","background-type":"","background-media":"","overlay-type":"","overlay-color":"","overlay-opacity":"","overlay-gradient":""}},"ast-content-background-meta":{"desktop":{"background-color":"var(--ast-global-color-4)","background-image":"","background-repeat":"repeat","background-position":"center center","background-size":"auto","background-attachment":"scroll","background-type":"","background-media":"","overlay-type":"","overlay-color":"","overlay-opacity":"","overlay-gradient":""},"tablet":{"background-color":"var(--ast-global-color-4)","background-image":"","background-repeat":"repeat","background-position":"center center","background-size":"auto","background-attachment":"scroll","background-type":"","background-media":"","overlay-type":"","overlay-color":"","overlay-opacity":"","overlay-gradient":""},"mobile":{"background-color":"var(--ast-global-color-4)","background-image":"","background-repeat":"repeat","background-position":"center center","background-size":"auto","background-attachment":"scroll","background-type":"","background-media":"","overlay-type":"","overlay-color":"","overlay-opacity":"","overlay-gradient":""}},"jetpack_post_was_ever_published":false,"_jetpack_newsletter_access":"","_jetpack_dont_email_post_to_subs":false,"_jetpack_newsletter_tier_id":0,"_jetpack_memberships_contains_paywalled_content":false,"_jetpack_memberships_contains_paid_content":false,"footnotes":""},"categories":[7],"tags":[],"class_list":["post-462","post","type-post","status-publish","format-standard","hentry","category-fotografie"],"jetpack_featured_media_url":"","jetpack_shortlink":"https:\/\/wp.me\/p4mLP7-7s","jetpack-related-posts":[{"id":2749,"url":"https:\/\/kotrla.com\/pmpro\/2016\/07\/letni-cteni-na-strese-vsetinske-knihovny-2016\/","url_meta":{"origin":462,"position":0},"title":"Letn\u00ed \u010dten\u00ed na st\u0159e\u0161e vset\u00ednsk\u00e9 knihovny 2016","author":"Pavel Kotrla","date":"7.7.2016","format":false,"excerpt":"P\u0159ij\u010fte se zaposlouchat\u00a024. srpna v\u00a017:00 do vybran\u00fdch text\u016f a hudby na netradi\u010dn\u00edm m\u00edst\u011b: na st\u0159echu vset\u00ednsk\u00e9 knihovny. Hr\u00e1t, zp\u00edvat a \u010d\u00edst budou Spolek Vdolek, Renata Trli\u010d\u00edkov\u00e1, Marie Davidov\u00e1 a vset\u00edn\u0161t\u00ed divadeln\u00edci. Dovol\u00edm si v\u00e1s prov\u00e9st programem. P\u0159edchoz\u00ed dva ro\u010dn\u00edky byly snad p\u0159\u00edjemn\u00fdm p\u0159ekvapen\u00edm, snad se zada\u0159\u00ed i letos. Fotografie ze\u2026","rel":"","context":"V \u201eLiteratura\u201c","block_context":{"text":"Literatura","link":"https:\/\/kotrla.com\/pmpro\/category\/literatura\/"},"img":{"alt_text":"","src":"","width":0,"height":0},"classes":[]},{"id":2413,"url":"https:\/\/kotrla.com\/pmpro\/2015\/08\/letni-cteni-na-strese-vsetinske-knihovny\/","url_meta":{"origin":462,"position":1},"title":"Letn\u00ed \u010dten\u00ed na st\u0159e\u0161e vset\u00ednsk\u00e9 knihovny","author":"Pavel Kotrla","date":"5.8.2015","format":false,"excerpt":"P\u0159ij\u010fte se zaposlouchat do vybran\u00fdch text\u016f a hudby na netradi\u010dn\u00edm m\u00edst\u011b. Hr\u00e1t, zp\u00edvat a \u010d\u00edst budou \u017dambo\u0161i, Renata Trli\u010d\u00edkov\u00e1 nebo Marie Davidov\u00e1. Dovol\u00edm si v\u00e1s prov\u00e9st programem. Souvisej\u00edc\u00ed: Fotografie z lo\u0148sk\u00e9ho \u010dten\u00ed \u00a0","rel":"","context":"V \u201eLiteratura\u201c","block_context":{"text":"Literatura","link":"https:\/\/kotrla.com\/pmpro\/category\/literatura\/"},"img":{"alt_text":"","src":"https:\/\/i0.wp.com\/kotrla.com\/pmpro\/wp-content\/uploads\/2015\/08\/mvk_letni_cteni_na_strese_2015.jpg?resize=350%2C200&ssl=1","width":350,"height":200,"srcset":"https:\/\/i0.wp.com\/kotrla.com\/pmpro\/wp-content\/uploads\/2015\/08\/mvk_letni_cteni_na_strese_2015.jpg?resize=350%2C200&ssl=1 1x, https:\/\/i0.wp.com\/kotrla.com\/pmpro\/wp-content\/uploads\/2015\/08\/mvk_letni_cteni_na_strese_2015.jpg?resize=525%2C300&ssl=1 1.5x"},"classes":[]},{"id":432,"url":"https:\/\/kotrla.com\/pmpro\/2007\/06\/proc-si-predplatit-tvar\/","url_meta":{"origin":462,"position":2},"title":"Pro\u010d si p\u0159edplatit Tvar","author":"Pavel Kotrla","date":"29.6.2007","format":false,"excerpt":"Z p\u0159ikl\u00e1d\u00e1n\u00ed knih k \u010dasopis\u016fm se asi st\u00e1v\u00e1 m\u00f3da: Ps\u00ed v\u00edno, A2. A u\u017e i Tvar, letit\u00fd m\u016fj souputn\u00edk, slibuje: P\u0159edplatitel\u00e9 \u2013 sta\u0159\u00ed i nov\u00ed \u2013 se na podzim do\u010dkaj\u00ed p\u0159ekvapen\u00ed v podob\u011b b\u00e1snick\u00e9 sb\u00edrky Indicie Ond\u0159eje Macury. Ke konci roku pak chyst\u00e1me k vyd\u00e1n\u00ed Kalend\u00e1rium Vladim\u00edra Macury. Ob\u011b knihy\u2026","rel":"","context":"V \u201eLiteratura\u201c","block_context":{"text":"Literatura","link":"https:\/\/kotrla.com\/pmpro\/category\/literatura\/"},"img":{"alt_text":"","src":"","width":0,"height":0},"classes":[]},{"id":3254,"url":"https:\/\/kotrla.com\/pmpro\/2017\/08\/ze-vcerejsiho-krtu\/","url_meta":{"origin":462,"position":3},"title":"Ze v\u010derej\u0161\u00edho k\u0159tu","author":"Pavel Kotrla","date":"3.8.2017","format":false,"excerpt":"Z v\u010derej\u0161\u00edho k\u0159tu knihy Slovinsk\u00fd Film a Franti\u0161ek \u010c\u00e1p na Letn\u00ed filmov\u00e9 \u0161kole.","rel":"","context":"V \u201eFotografie\u201c","block_context":{"text":"Fotografie","link":"https:\/\/kotrla.com\/pmpro\/category\/fotografie\/"},"img":{"alt_text":"","src":"https:\/\/i0.wp.com\/kotrla.com\/pmpro\/wp-content\/uploads\/2017\/08\/01_IMGP9425-150x150.jpg?resize=350%2C200&ssl=1","width":350,"height":200,"srcset":"https:\/\/i0.wp.com\/kotrla.com\/pmpro\/wp-content\/uploads\/2017\/08\/01_IMGP9425-150x150.jpg?resize=350%2C200&ssl=1 1x, https:\/\/i0.wp.com\/kotrla.com\/pmpro\/wp-content\/uploads\/2017\/08\/01_IMGP9425-150x150.jpg?resize=525%2C300&ssl=1 1.5x, https:\/\/i0.wp.com\/kotrla.com\/pmpro\/wp-content\/uploads\/2017\/08\/01_IMGP9425-150x150.jpg?resize=700%2C400&ssl=1 2x, https:\/\/i0.wp.com\/kotrla.com\/pmpro\/wp-content\/uploads\/2017\/08\/01_IMGP9425-150x150.jpg?resize=1050%2C600&ssl=1 3x, https:\/\/i0.wp.com\/kotrla.com\/pmpro\/wp-content\/uploads\/2017\/08\/01_IMGP9425-150x150.jpg?resize=1400%2C800&ssl=1 4x"},"classes":[]},{"id":680,"url":"https:\/\/kotrla.com\/pmpro\/2005\/09\/stari-dobri-ktoz-jsu-bozi-bojovnici-c\/","url_meta":{"origin":462,"position":4},"title":"STA\u0158\u00cd DOB\u0158\u00cd: Kto\u017e js\u00fa Bo\u017e\u00ed bojovn\u00edci (C.)","author":"Pavel Kotrla","date":"25.9.2005","format":false,"excerpt":"Pro kulat\u00fd p\u0159\u00edsp\u011bvek jsem si \u0161anoval tuto pozdn\u011b st\u0159edov\u011bkou borti\u010dku evropsk\u00fdch hitpar\u00e1d. KTO\u017d JS\u00da BO\u017d\u00cd BOJOVN\u00cdCI Kto\u017e js\u00fa Bo\u017e\u00ed bojovn\u00edci a z\u00e1kona jeho, proste\u017e od boha pomoci a \u00fafajte v n\u011bho, \u017ee kone\u010dn\u011b v\u017edycky s n\u00edm sv\u00edt\u011bz\u00edte. Kristus\u0165 v\u00e1m za \u0161kody stoj\u00ed, stokr\u00e1t viec slibuje, pakli kto pro\u0148 \u017eivot slo\u017e\u00ed,\u2026","rel":"","context":"V \u201eSta\u0159\u00ed dob\u0159\u00ed\u201c","block_context":{"text":"Sta\u0159\u00ed dob\u0159\u00ed","link":"https:\/\/kotrla.com\/pmpro\/category\/stari-dobri\/"},"img":{"alt_text":"","src":"","width":0,"height":0},"classes":[]},{"id":13180,"url":"https:\/\/kotrla.com\/pmpro\/2025\/08\/kubenuv-bitov-2025\/","url_meta":{"origin":462,"position":5},"title":"Kub\u011bn\u016fv B\u00edtov 2025","author":"Pavel Kotrla","date":"11.8.2025","format":false,"excerpt":"Po roce se zase \u010detlo pod rozlehl\u00fdm o\u0159e\u0161\u00e1kem v zahrad\u011b b\u00edtovsk\u00e9ho Kafe v ob\u00fdv\u00e1ku. Autorsk\u00e9 \u010dten\u00ed Spole\u010denstv\u00ed Ji\u0159\u00edho Kub\u011bny a p\u0159\u00e1tel bylo sou\u010d\u00e1st\u00ed sedm\u00e9ho setk\u00e1n\u00ed b\u00e1sn\u00edk\u016f a b\u00e1sn\u00ed\u0159ek (10. 8. 2025) u p\u0159\u00edle\u017eitosti vzpom\u00ednky na Ji\u0159\u00edho Kub\u011bnu, kter\u00fd B\u00edtovem a na B\u00edtov\u011b \u017eil. Lo\u0148sk\u00e9 setk\u00e1n\u00ed si m\u016f\u017eete p\u0159ipomenout v p\u0159\u00edsp\u011bvku\u2026","rel":"","context":"V \u201eFotografie\u201c","block_context":{"text":"Fotografie","link":"https:\/\/kotrla.com\/pmpro\/category\/fotografie\/"},"img":{"alt_text":"","src":"https:\/\/i0.wp.com\/kotrla.com\/pmpro\/wp-content\/uploads\/2025\/08\/kubenuv_bitov_2025_IMGP9023-150x150.jpg?resize=350%2C200&ssl=1","width":350,"height":200,"srcset":"https:\/\/i0.wp.com\/kotrla.com\/pmpro\/wp-content\/uploads\/2025\/08\/kubenuv_bitov_2025_IMGP9023-150x150.jpg?resize=350%2C200&ssl=1 1x, https:\/\/i0.wp.com\/kotrla.com\/pmpro\/wp-content\/uploads\/2025\/08\/kubenuv_bitov_2025_IMGP9023-150x150.jpg?resize=525%2C300&ssl=1 1.5x, https:\/\/i0.wp.com\/kotrla.com\/pmpro\/wp-content\/uploads\/2025\/08\/kubenuv_bitov_2025_IMGP9023-150x150.jpg?resize=700%2C400&ssl=1 2x, https:\/\/i0.wp.com\/kotrla.com\/pmpro\/wp-content\/uploads\/2025\/08\/kubenuv_bitov_2025_IMGP9023-150x150.jpg?resize=1050%2C600&ssl=1 3x, https:\/\/i0.wp.com\/kotrla.com\/pmpro\/wp-content\/uploads\/2025\/08\/kubenuv_bitov_2025_IMGP9023-150x150.jpg?resize=1400%2C800&ssl=1 4x"},"classes":[]}],"jetpack_sharing_enabled":true,"_links":{"self":[{"href":"https:\/\/kotrla.com\/pmpro\/wp-json\/wp\/v2\/posts\/462","targetHints":{"allow":["GET"]}}],"collection":[{"href":"https:\/\/kotrla.com\/pmpro\/wp-json\/wp\/v2\/posts"}],"about":[{"href":"https:\/\/kotrla.com\/pmpro\/wp-json\/wp\/v2\/types\/post"}],"author":[{"embeddable":true,"href":"https:\/\/kotrla.com\/pmpro\/wp-json\/wp\/v2\/users\/1"}],"replies":[{"embeddable":true,"href":"https:\/\/kotrla.com\/pmpro\/wp-json\/wp\/v2\/comments?post=462"}],"version-history":[{"count":0,"href":"https:\/\/kotrla.com\/pmpro\/wp-json\/wp\/v2\/posts\/462\/revisions"}],"wp:attachment":[{"href":"https:\/\/kotrla.com\/pmpro\/wp-json\/wp\/v2\/media?parent=462"}],"wp:term":[{"taxonomy":"category","embeddable":true,"href":"https:\/\/kotrla.com\/pmpro\/wp-json\/wp\/v2\/categories?post=462"},{"taxonomy":"post_tag","embeddable":true,"href":"https:\/\/kotrla.com\/pmpro\/wp-json\/wp\/v2\/tags?post=462"}],"curies":[{"name":"wp","href":"https:\/\/api.w.org\/{rel}","templated":true}]}}