{"id":485,"date":"2007-01-16T06:00:00","date_gmt":"2007-01-16T05:00:00","guid":{"rendered":"http:\/\/kotrla.com\/wordpress\/?p=485"},"modified":"2019-11-20T22:36:05","modified_gmt":"2019-11-20T21:36:05","slug":"prohrabovani-ii","status":"publish","type":"post","link":"https:\/\/kotrla.com\/pmpro\/2007\/01\/prohrabovani-ii\/","title":{"rendered":"Prohrabov\u00e1n\u00ed II"},"content":{"rendered":"<p>Tak prohrabov\u00e1n\u00ed opravdu p\u0159in\u00e1\u0161\u00ed zaj\u00edmav\u00e9 v\u00fdsledky i na poli poetick\u00e9m. Op\u011bt to teda nen\u00ed \u017e\u00e1dn\u00fd v\u00fdk\u0159ik, sp\u00ed\u0161 p\u0159\u00edklad jak to ned\u011blat. Ale d\u00e1v\u00e1m to tu hlavn\u011b jako vlastn\u00ed archivn\u00ed pam\u011b\u0165 a\u0165 to pozd\u011bji nemus\u00edm hledat. B\u00e1se\u0148 sama o sob\u011b zaj\u00edmav\u00e1 p\u0159\u00edli\u0161 nen\u00ed, pokud pro sebe opominu geografick\u00e9 vymezen\u00ed, to sp\u00ed\u0161 autor (* 1938), kter\u00fd p\u016fsobil jako agent americk\u00e9 rozv\u011bdky. <\/p>\n<p><b>Anton\u00edn Hery\u00e1n<\/b><br \/>\n<b>BYST\u0158I\u010cKA<\/b><\/p>\n<p>K\u016fzle d\u011btstv\u00ed dov\u00e1d\u00ed,<br \/>\nsk\u0159ivan zp\u00edv\u00e1 o ml\u00e1d\u00ed.<br \/>\nmluv\u00ed tu i pstruzi v \u0159\u00ed\u010dce &#8211;<br \/>\nna Byst\u0159i\u010dce, na Byst\u0159i\u010dce&#8230;<\/p>\n<p>H\u016frka Klenov, velk\u00fd stan<br \/>\ni hrad &#8211; py\u0161n\u00fd zem\u011bp\u00e1n,<br \/>\nd\u00edv\u00e1 se dol\u016f na zrcadlo,<br \/>\nco do hlubok\u00e9 vody spadlo,<br \/>\na tr\u00e1va, list\u00ed pod\u00e9l cesty<br \/>\nm\u00e1lem \u0161kodolib\u011b k\u0159ep\u010d\u00ed, ch\u0159est\u00ed,<br \/>\nale soumrak u\u017e zdaleka<br \/>\nje rosou, st\u00edny vylekal:<br \/>\nA tak ztichly provinile.<\/p>\n<p>Ve\u010der roz\u017eal hv\u011bzdy b\u00edl\u00e9<br \/>\na dech rodn\u00fd, skoro ze sna,<br \/>\nvn\u00edmal jsem te\u010f, v lun\u011b \u017easna&#8230;<\/p>\n<p>D\u00e1lek sl\u00e1va &#8211; poln\u00ed tr\u00e1va,<br \/>\ntu je zem\u011b snu i pr\u00e1va,<br \/>\ntu d\u011btstv\u00ed dosud dov\u00e1d\u00ed<br \/>\na v\u0161echno zp\u00edv\u00e1 o ml\u00e1d\u00ed,<br \/>\nmluv\u00ed tu i pstruzi v \u0159\u00ed\u010dce &#8211;<br \/>\nna Byst\u0159i\u010dce, na Byst\u0159i\u010dce&#8230;<\/p>\n<p>\n<i>Tul\u00e1k na pomez\u00ed, 1994<\/i><\/p>\n","protected":false},"excerpt":{"rendered":"<p>Tak prohrabov\u00e1n\u00ed opravdu p\u0159in\u00e1\u0161\u00ed zaj\u00edmav\u00e9 v\u00fdsledky i na poli poetick\u00e9m. Op\u011bt to teda nen\u00ed \u017e\u00e1dn\u00fd v\u00fdk\u0159ik, sp\u00ed\u0161 p\u0159\u00edklad jak to ned\u011blat. Ale d\u00e1v\u00e1m to tu hlavn\u011b jako vlastn\u00ed archivn\u00ed pam\u011b\u0165 a\u0165 to pozd\u011bji nemus\u00edm hledat. B\u00e1se\u0148 sama o sob\u011b zaj\u00edmav\u00e1 p\u0159\u00edli\u0161 nen\u00ed, pokud pro sebe opominu geografick\u00e9 vymezen\u00ed, to sp\u00ed\u0161 autor (* 1938), kter\u00fd p\u016fsobil [&hellip;]<\/p>\n","protected":false},"author":1,"featured_media":0,"comment_status":"open","ping_status":"open","sticky":false,"template":"","format":"standard","meta":{"site-sidebar-layout":"default","site-content-layout":"","ast-site-content-layout":"default","site-content-style":"default","site-sidebar-style":"default","ast-global-header-display":"","ast-banner-title-visibility":"","ast-main-header-display":"","ast-hfb-above-header-display":"","ast-hfb-below-header-display":"","ast-hfb-mobile-header-display":"","site-post-title":"","ast-breadcrumbs-content":"","ast-featured-img":"","footer-sml-layout":"","ast-disable-related-posts":"","theme-transparent-header-meta":"","adv-header-id-meta":"","stick-header-meta":"","header-above-stick-meta":"","header-main-stick-meta":"","header-below-stick-meta":"","astra-migrate-meta-layouts":"default","ast-page-background-enabled":"default","ast-page-background-meta":{"desktop":{"background-color":"var(--ast-global-color-5)","background-image":"","background-repeat":"repeat","background-position":"center center","background-size":"auto","background-attachment":"scroll","background-type":"","background-media":"","overlay-type":"","overlay-color":"","overlay-opacity":"","overlay-gradient":""},"tablet":{"background-color":"","background-image":"","background-repeat":"repeat","background-position":"center center","background-size":"auto","background-attachment":"scroll","background-type":"","background-media":"","overlay-type":"","overlay-color":"","overlay-opacity":"","overlay-gradient":""},"mobile":{"background-color":"","background-image":"","background-repeat":"repeat","background-position":"center center","background-size":"auto","background-attachment":"scroll","background-type":"","background-media":"","overlay-type":"","overlay-color":"","overlay-opacity":"","overlay-gradient":""}},"ast-content-background-meta":{"desktop":{"background-color":"var(--ast-global-color-4)","background-image":"","background-repeat":"repeat","background-position":"center center","background-size":"auto","background-attachment":"scroll","background-type":"","background-media":"","overlay-type":"","overlay-color":"","overlay-opacity":"","overlay-gradient":""},"tablet":{"background-color":"var(--ast-global-color-4)","background-image":"","background-repeat":"repeat","background-position":"center center","background-size":"auto","background-attachment":"scroll","background-type":"","background-media":"","overlay-type":"","overlay-color":"","overlay-opacity":"","overlay-gradient":""},"mobile":{"background-color":"var(--ast-global-color-4)","background-image":"","background-repeat":"repeat","background-position":"center center","background-size":"auto","background-attachment":"scroll","background-type":"","background-media":"","overlay-type":"","overlay-color":"","overlay-opacity":"","overlay-gradient":""}},"jetpack_post_was_ever_published":false,"_jetpack_newsletter_access":"","_jetpack_dont_email_post_to_subs":false,"_jetpack_newsletter_tier_id":0,"_jetpack_memberships_contains_paywalled_content":false,"_jetpack_memberships_contains_paid_content":false,"footnotes":""},"categories":[2,4],"tags":[],"class_list":["post-485","post","type-post","status-publish","format-standard","hentry","category-literatura","category-ostatni"],"jetpack_featured_media_url":"","jetpack_shortlink":"https:\/\/wp.me\/p4mLP7-7P","jetpack-related-posts":[{"id":192,"url":"https:\/\/kotrla.com\/pmpro\/2010\/08\/dalsi-cteni-a-mala-soutez\/","url_meta":{"origin":485,"position":0},"title":"Dal\u0161\u00ed \u010dten\u00ed a mal\u00e1 sout\u011b\u017e","author":"Pavel Kotrla","date":"4.8.2010","format":false,"excerpt":"\u0158\u00edkal jsem si, ke kter\u00e9 knize, z t\u011bch o kter\u00fdch jsem psal, bych se mohl vr\u00e1tit. Zas a\u017e tak moc jich nen\u00ed, ale p\u0159ece jen: \u010das od \u010dasu po n\u011bkter\u00e9 z nich s\u00e1hnu. Po poezii \u010dast\u011bji, devades\u00e1t\u00e1 l\u00e9ta byla \u00farodn\u00e1 na nov\u00e1 jm\u00e9na a talenty a st\u00e1la za to. Ale\u2026","rel":"","context":"V \u201e\u010cten\u00e1\u0159sk\u00fd den\u00edk\u201c","block_context":{"text":"\u010cten\u00e1\u0159sk\u00fd den\u00edk","link":"https:\/\/kotrla.com\/pmpro\/category\/ctenarsky-denik\/"},"img":{"alt_text":"","src":"","width":0,"height":0},"classes":[]},{"id":763,"url":"https:\/\/kotrla.com\/pmpro\/2005\/05\/pout-novinovymi-stanky\/","url_meta":{"origin":485,"position":1},"title":"Pou\u0165 novinov\u00fdmi st\u00e1nky","author":"Pavel Kotrla","date":"15.5.2005","format":false,"excerpt":"Opravdu jsem m\u011bl dobrou v\u016fli tento t\u00fdden n\u011bco napsat, ale nakonec se mi fakt necht\u011blo. Nen\u00ed to ani tak t\u00edm, \u017ee by nebylo o \u010dem. Jenom se mi necht\u011blo a nav\u00edc jsem \u010detl a \u010detl. Pro \u0161toury: ka\u017ed\u00fd den jednu knihu. Ale nov\u00e9 do\u0161ly :) Proto\u017ee jsem zahl\u00e9dl p\u0159ed \u010dasem\u2026","rel":"","context":"V \u201eNeza\u0159azen\u00e9\u201c","block_context":{"text":"Neza\u0159azen\u00e9","link":"https:\/\/kotrla.com\/pmpro\/category\/nezarazene\/"},"img":{"alt_text":"","src":"","width":0,"height":0},"classes":[]},{"id":320,"url":"https:\/\/kotrla.com\/pmpro\/2008\/11\/z-bloku-05-prazdna-mista-na-okraji\/","url_meta":{"origin":485,"position":2},"title":"Z bloku 05: Pr\u00e1zdn\u00e1 m\u00edsta na okraji","author":"Pavel Kotrla","date":"4.11.2008","format":false,"excerpt":"Sloupek vy\u0161el v Tvaru \u010d. 17 (16.10.2008). Ohlas pak v pond\u011bln\u00edku Vladim\u00edra Novotn\u00e9ho Hroz\u00ed n\u00e1m tis\u00edce \u0160pirit\u016f? P\u0159i brouzd\u00e1n\u00ed, kter\u00e9 se mi v l\u00e9t\u011b a na podzim poda\u0159ilo na\u0161t\u011bst\u00ed omezit na nejnutn\u011bj\u0161\u00ed minimum, jsem narazil sv\u00e9ho \u010dasu na rusk\u00e9 str\u00e1nky, kter\u00e9 se v\u011bnovaly geografick\u00e9mu rozm\u00edst\u011bn\u00ed spisovatel\u016f v t\u00e9to rozs\u00e1hl\u00e9 zemi.\u2026","rel":"","context":"V \u201eSloupky pro Tvar\u201c","block_context":{"text":"Sloupky pro Tvar","link":"https:\/\/kotrla.com\/pmpro\/category\/sloupky-pro-tvar\/"},"img":{"alt_text":"","src":"","width":0,"height":0},"classes":[]},{"id":311,"url":"https:\/\/kotrla.com\/pmpro\/2008\/12\/z-bloku-06-renesance\/","url_meta":{"origin":485,"position":3},"title":"Z bloku 06: Renesance","author":"Pavel Kotrla","date":"16.12.2008","format":false,"excerpt":"Sloupek vy\u0161el v Tvaru \u010d. 19 (13.11.2008). Nejenom tento podzimu m\u00e1m dojem, \u017ee o literatu\u0159e se p\u00ed\u0161e v\u00edc ne\u017e se p\u00ed\u0161e literatura samotn\u00e1. A l\u00e1mu si hlavu, zda m\u00e1m trp\u011bt v\u00fd\u010ditkami sv\u011bdom\u00ed, \u017ee k tomu p\u0159isp\u00edv\u00e1m taky. Chvilku se pak v t\u00e9 souvislosti tr\u00e1p\u00edm, co zaj\u00edmav\u00e9ho jsem v posledn\u00edch m\u011bs\u00edc\u00edch\u2026","rel":"","context":"V \u201eLiteratura\u201c","block_context":{"text":"Literatura","link":"https:\/\/kotrla.com\/pmpro\/category\/literatura\/"},"img":{"alt_text":"","src":"","width":0,"height":0},"classes":[]},{"id":348,"url":"https:\/\/kotrla.com\/pmpro\/2008\/05\/ctenar-pismenek\/","url_meta":{"origin":485,"position":4},"title":"\u010cten\u00e1\u0159 p\u00edsmenek","author":"Pavel Kotrla","date":"25.5.2008","format":false,"excerpt":"Dnes drobn\u00e9 pozn\u00e1mky nad p\u0159e\u010dten\u00fdmi knihami i \u010dasopisy pohromad\u011b. Tak Ps\u00ed v\u00edno m\u00e1 novou grafiku a typografickou \u00fapravu. Zm\u011bna k lep\u0161\u00edmu. Duch otce zakladatele se stejn\u011b vytratil a grafika byla sou\u010dasn\u00e9mu obsahu na obt\u00ed\u017e. \u010c\u00edslo p\u0159edchoz\u00ed mne p\u0159\u00edli\u0161 nezaujalo, to aktu\u00e1ln\u00ed je lep\u0161\u00ed. \u010casopis se op\u011bt v\u011bnuje poezii, tak jak\u2026","rel":"","context":"V \u201e\u010cten\u00e1\u0159sk\u00fd den\u00edk\u201c","block_context":{"text":"\u010cten\u00e1\u0159sk\u00fd den\u00edk","link":"https:\/\/kotrla.com\/pmpro\/category\/ctenarsky-denik\/"},"img":{"alt_text":"","src":"","width":0,"height":0},"classes":[]},{"id":203,"url":"https:\/\/kotrla.com\/pmpro\/2010\/05\/alternativa\/","url_meta":{"origin":485,"position":5},"title":"Alternativa?","author":"Pavel Kotrla","date":"25.5.2010","format":false,"excerpt":"P\u0159ed n\u011bkolika t\u00fddny se odml\u010delo m\u00e9 obl\u00edben\u00e9 internetov\u00e9 r\u00e1dio Woxy. Tedy jen jeho internetov\u00fd stream. Sign\u00e1l tady v kopc\u00edch nen\u00ed ide\u00e1ln\u00ed, a tak p\u0159\u00edjem je pon\u011bkud omezen\u00fd. Tedy pokud nepo\u010d\u00edt\u00e1m satelit, m\u00edt st\u00e1le pu\u0161t\u011bn\u00fd po\u010d\u00edta\u010d kv\u016fli last.fm se mi taky nechce. Vltavu cel\u00fd den nevydr\u017e\u00edm. Tak hledal jsem hledal a\u2026","rel":"","context":"V \u201eOsobn\u00ed\u201c","block_context":{"text":"Osobn\u00ed","link":"https:\/\/kotrla.com\/pmpro\/category\/osobni\/"},"img":{"alt_text":"","src":"","width":0,"height":0},"classes":[]}],"jetpack_sharing_enabled":true,"_links":{"self":[{"href":"https:\/\/kotrla.com\/pmpro\/wp-json\/wp\/v2\/posts\/485","targetHints":{"allow":["GET"]}}],"collection":[{"href":"https:\/\/kotrla.com\/pmpro\/wp-json\/wp\/v2\/posts"}],"about":[{"href":"https:\/\/kotrla.com\/pmpro\/wp-json\/wp\/v2\/types\/post"}],"author":[{"embeddable":true,"href":"https:\/\/kotrla.com\/pmpro\/wp-json\/wp\/v2\/users\/1"}],"replies":[{"embeddable":true,"href":"https:\/\/kotrla.com\/pmpro\/wp-json\/wp\/v2\/comments?post=485"}],"version-history":[{"count":0,"href":"https:\/\/kotrla.com\/pmpro\/wp-json\/wp\/v2\/posts\/485\/revisions"}],"wp:attachment":[{"href":"https:\/\/kotrla.com\/pmpro\/wp-json\/wp\/v2\/media?parent=485"}],"wp:term":[{"taxonomy":"category","embeddable":true,"href":"https:\/\/kotrla.com\/pmpro\/wp-json\/wp\/v2\/categories?post=485"},{"taxonomy":"post_tag","embeddable":true,"href":"https:\/\/kotrla.com\/pmpro\/wp-json\/wp\/v2\/tags?post=485"}],"curies":[{"name":"wp","href":"https:\/\/api.w.org\/{rel}","templated":true}]}}