{"id":50,"date":"2013-04-13T12:00:41","date_gmt":"2013-04-13T11:00:41","guid":{"rendered":"http:\/\/kotrla.com\/wordpress\/?p=50"},"modified":"2019-11-20T22:44:26","modified_gmt":"2019-11-20T21:44:26","slug":"budeme-mit-literarni-radia","status":"publish","type":"post","link":"https:\/\/kotrla.com\/pmpro\/2013\/04\/budeme-mit-literarni-radia\/","title":{"rendered":"Budeme m\u00edt liter\u00e1rn\u00ed r\u00e1dia?"},"content":{"rendered":"<p><img loading=\"lazy\" decoding=\"async\" src=\"https:\/\/kotrla.com\/pmpro\/images\/uploads\/literaturnoe_radio.jpg\" border=\"0\" alt=\"Literaturnoe radio\" width=\"420\" height=\"141\" \/><\/p>\n<p><i>ps\u00e1no pro <a href=\"http:\/\/www.casopis.hostbrno.cz\/\">Host<\/a> 07\/2012.<\/i><\/p>\n<p>Za hork\u00fdch letn\u00edch noc\u00ed se mi snad nej\u010dast\u011bji vrac\u00ed vzpom\u00ednka na \u010dasy p\u0159edinternetov\u00e9. Na noci, kdy se u\u017e necht\u011blo \u010d\u00edst, ale necht\u011blo se ani sp\u00e1t, mo\u017en\u00e1 jen tak le\u017eet a poslouchat. Pominu-li d\u00e1vn\u00e9 l\u00e1sky, pak p\u0159\u00edtelem nejmilej\u0161\u00edm v pr\u00e1v\u011b t\u011bch chv\u00edl\u00edch byl rozhlas, jeho \u010dten\u00ed na dobrou noc a jin\u00e9 liter\u00e1rn\u00ed po\u0159ady na Vltav\u011b a Praze. Liter\u00e1rn\u00edch po\u0159ad\u016f nevys\u00edlaj\u00ed na\u0161e r\u00e1dia m\u00e1lo, ale p\u0159ece jenom, dosud chyb\u00ed stanice, kter\u00e1 by se v\u011bnovala pouze literatu\u0159e. Ani by nemusela vys\u00edlat na kr\u00e1tk\u00fdch vln\u00e1ch. Posta\u010dilo by aspo\u0148 p\u0159es satelit, tak jak to slovensk\u00fdm milovn\u00edk\u016fm literatury nab\u00edz\u00ed <a href=\"http:\/\/www.rozhlas.sk\/radio-litera\">SRo 8 &#8212; R\u00e1dio Litera<\/a> ; ti jsou na tom, d\u00edky t\u00e9to stanici, p\u0159ece jen l\u00e9pe. Do na\u0161eho \u00fadol\u00ed v\u0161ak podobn\u00fd projekt zat\u00edm nezav\u00edtal a \u010dek\u00e1n\u00ed bude asi dlouh\u00e9. A to dnes dokonce m\u016f\u017eeme vypnout po\u010d\u00edta\u010d a pou\u017e\u00edvat internet bez n\u011bj, t\u0159eba pr\u00e1v\u011b k poslechu liter\u00e1rn\u00edch r\u00e1di\u00ed. Sta\u010d\u00ed jen spr\u00e1vn\u00e1 krabi\u010dka, kter\u00e1 tento p\u0159\u00edjem podporuje, nebo chytr\u00fd mobil s p\u0159\u00edslu\u0161nou aplikac\u00ed. Snad nejpohodln\u011bj\u0161\u00ed p\u0159\u00edstup k t\u011bmto stanic\u00edm umo\u017e\u0148uj\u00ed str\u00e1nky TuneIn a stejnojmenn\u00e1 aplikace. Hned se m\u016f\u017eete nechat pohltit \u017eivelnou \u0161pan\u011bl\u0161tinou, kosmopolitn\u00ed angli\u010dtinou, p\u0159\u00edpadn\u011b n\u011bjak\u00fdmi minoritn\u011bj\u0161\u00edmi jazyky. Nebo patetickou ru\u0161tinou, kter\u00e1 (aspo\u0148 u mne) hned navozuje dojem, \u017ee literatura je\u0161t\u011b sv\u00e9 postaven\u00ed neztratila a je j\u00ed p\u0159ikl\u00e1d\u00e1na podstatn\u00e1 v\u00e1ha. <br \/>\nMoj\u00ed obl\u00edbenou stanic\u00ed je rusk\u00e9 <a href=\"http:\/\/litradio.ru\">Literaturnoje radio<\/a>, kter\u00e9 vys\u00edl\u00e1 nep\u0159etr\u017eit\u011b od roku 2007 a jeho\u017e c\u00edlem je podpora modern\u00ed rusk\u00e9 literatury a poezie. A nutno \u0159\u00edci, \u017ee se mu to i da\u0159\u00ed. Dokonce b\u00fdv\u00e1 ozna\u010dov\u00e1no za jeden z nejzaj\u00edmav\u011bj\u0161\u00edch po\u010din\u016f rusk\u00e9ho liter\u00e1rn\u00edho internetu posledn\u00edch let. V jeho programov\u00e9 nab\u00eddce naleznete nejenom liter\u00e1rn\u00ed d\u00edla nejr\u016fzn\u011bj\u0161\u00edch \u017e\u00e1nr\u016f. Krom\u011b po\u0159ad\u016f z vlastn\u00ed produkce nab\u00edz\u00ed p\u0159edev\u0161\u00edm nahr\u00e1vky z b\u00e1snick\u00fdch i prozaick\u00fdch liter\u00e1rn\u00edch setk\u00e1n\u00ed. Stranou samoz\u0159ejm\u011b nez\u016fst\u00e1v\u00e1 ani liter\u00e1rn\u00ed zpravodajstv\u00ed a reflexe nov\u00fdch kni\u017en\u00edch titul\u016f. P\u0159\u00edjemn\u00fd poslech. <\/p>\n<p><i>K p\u0159edchoz\u00edmu textu mi s odstupem nezb\u00fdv\u00e1 ne\u017e na ot\u00e1zku odpov\u011bd\u011bt z\u00e1porn\u011b. Ne, \u010desk\u00e9 liter\u00e1rn\u00ed r\u00e1dia m\u00edt nebudeme. Zabili Leonardo, zabili \u0160estku, pod\u0159\u00edzli \u010desk\u00e9 BBC.<\/i><\/p>\n","protected":false},"excerpt":{"rendered":"<p>ps\u00e1no pro Host 07\/2012. Za hork\u00fdch letn\u00edch noc\u00ed se mi snad nej\u010dast\u011bji vrac\u00ed vzpom\u00ednka na \u010dasy p\u0159edinternetov\u00e9. Na noci, kdy se u\u017e necht\u011blo \u010d\u00edst, ale necht\u011blo se ani sp\u00e1t, mo\u017en\u00e1 jen tak le\u017eet a poslouchat. Pominu-li d\u00e1vn\u00e9 l\u00e1sky, pak p\u0159\u00edtelem nejmilej\u0161\u00edm v pr\u00e1v\u011b t\u011bch chv\u00edl\u00edch byl rozhlas, jeho \u010dten\u00ed na dobrou noc a jin\u00e9 liter\u00e1rn\u00ed [&hellip;]<\/p>\n","protected":false},"author":1,"featured_media":0,"comment_status":"open","ping_status":"open","sticky":false,"template":"","format":"standard","meta":{"site-sidebar-layout":"default","site-content-layout":"","ast-site-content-layout":"default","site-content-style":"default","site-sidebar-style":"default","ast-global-header-display":"","ast-banner-title-visibility":"","ast-main-header-display":"","ast-hfb-above-header-display":"","ast-hfb-below-header-display":"","ast-hfb-mobile-header-display":"","site-post-title":"","ast-breadcrumbs-content":"","ast-featured-img":"","footer-sml-layout":"","ast-disable-related-posts":"","theme-transparent-header-meta":"","adv-header-id-meta":"","stick-header-meta":"","header-above-stick-meta":"","header-main-stick-meta":"","header-below-stick-meta":"","astra-migrate-meta-layouts":"default","ast-page-background-enabled":"default","ast-page-background-meta":{"desktop":{"background-color":"var(--ast-global-color-5)","background-image":"","background-repeat":"repeat","background-position":"center center","background-size":"auto","background-attachment":"scroll","background-type":"","background-media":"","overlay-type":"","overlay-color":"","overlay-opacity":"","overlay-gradient":""},"tablet":{"background-color":"","background-image":"","background-repeat":"repeat","background-position":"center center","background-size":"auto","background-attachment":"scroll","background-type":"","background-media":"","overlay-type":"","overlay-color":"","overlay-opacity":"","overlay-gradient":""},"mobile":{"background-color":"","background-image":"","background-repeat":"repeat","background-position":"center center","background-size":"auto","background-attachment":"scroll","background-type":"","background-media":"","overlay-type":"","overlay-color":"","overlay-opacity":"","overlay-gradient":""}},"ast-content-background-meta":{"desktop":{"background-color":"var(--ast-global-color-4)","background-image":"","background-repeat":"repeat","background-position":"center center","background-size":"auto","background-attachment":"scroll","background-type":"","background-media":"","overlay-type":"","overlay-color":"","overlay-opacity":"","overlay-gradient":""},"tablet":{"background-color":"var(--ast-global-color-4)","background-image":"","background-repeat":"repeat","background-position":"center center","background-size":"auto","background-attachment":"scroll","background-type":"","background-media":"","overlay-type":"","overlay-color":"","overlay-opacity":"","overlay-gradient":""},"mobile":{"background-color":"var(--ast-global-color-4)","background-image":"","background-repeat":"repeat","background-position":"center center","background-size":"auto","background-attachment":"scroll","background-type":"","background-media":"","overlay-type":"","overlay-color":"","overlay-opacity":"","overlay-gradient":""}},"jetpack_post_was_ever_published":false,"_jetpack_newsletter_access":"","_jetpack_dont_email_post_to_subs":false,"_jetpack_newsletter_tier_id":0,"_jetpack_memberships_contains_paywalled_content":false,"_jetpack_memberships_contains_paid_content":false,"footnotes":""},"categories":[9,10],"tags":[],"class_list":["post-50","post","type-post","status-publish","format-standard","hentry","category-internet","category-sloupky-pro-host"],"jetpack_featured_media_url":"","jetpack_shortlink":"https:\/\/wp.me\/p4mLP7-O","jetpack-related-posts":[{"id":120,"url":"https:\/\/kotrla.com\/pmpro\/2011\/12\/moderni-literarni-zpravodajstvi\/","url_meta":{"origin":50,"position":0},"title":"Modern\u00ed liter\u00e1rn\u00ed zpravodajstv\u00ed","author":"Pavel Kotrla","date":"28.12.2011","format":false,"excerpt":"ps\u00e1no pro Host 7\/2011 Str\u00e1nky Festivalu spisovatel\u016f Praha logicky za\u017e\u00edvaj\u00ed sv\u016fj nejv\u011bt\u0161\u00ed n\u00e1por n\u00e1v\u0161t\u011bvnosti \u201ep\u0159ed\u201c akc\u00ed a v dob\u011b jej\u00edho kon\u00e1n\u00ed. Po zbytek roku sice pln\u00ed d\u00edky rozs\u00e1hl\u00e9mu archivu funkci kvalitn\u00edho informa\u010dn\u00edho zdroje, ale p\u0159ece jen jsou sp\u00ed\u0161e statick\u00e9. Zda byl pr\u00e1v\u011b toto impulz pro jeho tv\u016frce, nev\u00edm, ale d\u016fle\u017eit\u011bj\u0161\u00ed\u2026","rel":"","context":"V \u201eInternet\u201c","block_context":{"text":"Internet","link":"https:\/\/kotrla.com\/pmpro\/category\/internet\/"},"img":{"alt_text":"Liter\u00e1rn\u00ed.cz","src":"https:\/\/i0.wp.com\/kotrla.com\/pmpro\/images\/uploads\/literarni_cz.jpg?resize=350%2C200&ssl=1","width":350,"height":200},"classes":[]},{"id":525,"url":"https:\/\/kotrla.com\/pmpro\/2006\/09\/literarni-casopisy-na-pocatku-skolniho-roku\/","url_meta":{"origin":50,"position":1},"title":"Liter\u00e1rn\u00ed \u010dasopisy na po\u010d\u00e1tku \u0161koln\u00edho roku","author":"Pavel Kotrla","date":"8.9.2006","format":false,"excerpt":"Moje kdysi pom\u011brn\u011b pravideln\u00e1 \u010dasopiseck\u00e1 hl\u00eddka tu ji\u017e del\u0161\u00ed dobu nebyla. Nen\u00ed to t\u00edm, \u017ee by v\u0161echny p\u0159estaly vych\u00e1zet, by\u0165 l\u00e9to je tradi\u010dn\u00edm oddechov\u00fdm \u010dasem pro Host nebo Tvar. Jenom se mi zd\u00e1lo, \u017ee nen\u00ed n\u011bjak o \u010dem ps\u00e1t. Za\u010dalo to t\u00edm, \u017ee jsem si p\u0159ed n\u011bkolika t\u00fddny pod dlouh\u00e9m\u2026","rel":"","context":"V \u201e\u010cten\u00e1\u0159sk\u00fd den\u00edk\u201c","block_context":{"text":"\u010cten\u00e1\u0159sk\u00fd den\u00edk","link":"https:\/\/kotrla.com\/pmpro\/category\/ctenarsky-denik\/"},"img":{"alt_text":"\u017divel 27","src":"https:\/\/i0.wp.com\/kotrla.com\/pmpro\/images\/uploads\/zivel_27.gif?resize=350%2C200&ssl=1","width":350,"height":200},"classes":[]},{"id":1336,"url":"https:\/\/kotrla.com\/pmpro\/2003\/05\/zlinsky-festival\/","url_meta":{"origin":50,"position":2},"title":"Zl\u00ednsk\u00fd festival","author":"Pavel Kotrla","date":"29.5.2003","format":false,"excerpt":"Sl\u00edben\u00e9 sice plat\u00ed sto rok\u016f, jak se \u0159\u00edk\u00e1, ale p\u0159ece jenom jsem se dokopal k n\u00e1sleduj\u00edc\u00edm \u0159\u00e1dk\u016fm. Nejsem velk\u00fd p\u0159\u00edtel hromadn\u00fdch akc\u00ed. Tak jedna, dv\u011b v pr\u016fb\u011bhu roku \u00fapln\u011b sta\u010d\u00ed k potla\u010den\u00ed m\u00e9ho nad\u0161en\u00ed. Nic na tom nezm\u011bnil ani vyda\u0159en\u00fd festival ve Zl\u00edn\u011b. Dva dny \u00fapln\u011b sta\u010dily. Nev\u00edm, jestli dopoledn\u00ed\u2026","rel":"","context":"V \u201eNeza\u0159azen\u00e9\u201c","block_context":{"text":"Neza\u0159azen\u00e9","link":"https:\/\/kotrla.com\/pmpro\/category\/nezarazene\/"},"img":{"alt_text":"Kotrla - Hrabal","src":"https:\/\/i0.wp.com\/kotrla.com\/pmpro\/images\/uploads\/kotrla_hrabal.jpg?resize=350%2C200&ssl=1","width":350,"height":200},"classes":[]},{"id":8,"url":"https:\/\/kotrla.com\/pmpro\/2014\/02\/ctenar-casopisu-literarni-noviny-12014\/","url_meta":{"origin":50,"position":3},"title":"\u010cten\u00e1\u0159 \u010dasopis\u016f: Liter\u00e1rn\u00ed noviny 1\/2014","author":"Pavel Kotrla","date":"4.2.2014","format":false,"excerpt":"Kdy\u017e liter\u00e1rn\u00ed noviny ohl\u00e1sily z\u00e1v\u011brem lo\u0148sk\u00e9ho roku p\u0159echod z t\u00fdden\u00edku na periodu m\u011bs\u00ed\u010dn\u00ed, nepova\u017eoval jsem to za velkou trag\u00e9di\u00ed. M\u00e1lokdy jsem je stejn\u011b sta\u010dil p\u0159e\u010d\u00edst v posledn\u00edm roce cel\u00e9. Sp\u00ed\u0161 mne zpravidla \u010d\u00e1st obsahu neoslovila, nap\u0159\u00edklad pro mne zbytn\u00e1 p\u0159\u00edloha Harmonie. Sliboval jsem si, \u017ee budu sv\u011bdkem n\u011bjak\u00e9 z\u00e1sadn\u011bj\u0161\u00ed prom\u011bny,\u2026","rel":"","context":"V \u201e\u010cten\u00e1\u0159sk\u00fd den\u00edk\u201c","block_context":{"text":"\u010cten\u00e1\u0159sk\u00fd den\u00edk","link":"https:\/\/kotrla.com\/pmpro\/category\/ctenarsky-denik\/"},"img":{"alt_text":"","src":"","width":0,"height":0},"classes":[]},{"id":349,"url":"https:\/\/kotrla.com\/pmpro\/2008\/05\/z-bloku-01-ctenar-casopisu-na-konci-obdobi-zimniho-spanku\/","url_meta":{"origin":50,"position":4},"title":"Z bloku 01: \u010cten\u00e1\u0159 \u010dasopis\u016f na konci obdob\u00ed zimn\u00edho sp\u00e1nku","author":"Pavel Kotrla","date":"16.5.2008","format":false,"excerpt":"Tak jsem se nechal ukecat. \u0158\u00edkal jsem si, \u017ee po t\u0159\u00edap\u016fllet\u00e9m psan\u00ed sloupk\u016f (snad se dokopu k tomu, aby tam bylo \u010dasem v\u0161ech t\u0159iat\u0159icet) pro Host u\u017e do toho jen tak nep\u016fjdu. No, ale pro Tvar jsem v\u017edycky m\u011bl tak trochu slabost. Sloupek vy\u0161el v Tvaru \u010d.9 (01.05.2008) \u010cten\u00e1\u0159 \u010dasopis\u016f\u2026","rel":"","context":"V \u201eSloupky pro Tvar\u201c","block_context":{"text":"Sloupky pro Tvar","link":"https:\/\/kotrla.com\/pmpro\/category\/sloupky-pro-tvar\/"},"img":{"alt_text":"","src":"","width":0,"height":0},"classes":[]},{"id":124,"url":"https:\/\/kotrla.com\/pmpro\/2011\/12\/ctenar-poezie-petr-hrbac-jak-plyne-cas\/","url_meta":{"origin":50,"position":5},"title":"\u010cten\u00e1\u0159 poezie: Petr Hrb\u00e1\u010d &#8211; Jak plyne \u010das","author":"Pavel Kotrla","date":"22.12.2011","format":false,"excerpt":"T\u00e9 knize Petra Hrb\u00e1\u010de vydan\u00e9 v edici Srde\u010dn\u00ed v\u00fddej jsem se vyh\u00fdbal. Nejprve jsem do n\u00ed letmo nahl\u00e9dl. Zaujala p\u0159edev\u0161\u00edm ob\u00e1lkou (s kruhov\u00fdm v\u00fd\u0159ezen podbarven\u00fdm rudou, kter\u00fd ihned p\u0159ipomene japonskou vlajku), ale do \u010dten\u00ed se mi necht\u011blo. N\u011bkolik t\u00fddn\u016f le\u017eela na stole. Pak jsem ji za\u0159adil do knihovny. Ale vzhledem\u2026","rel":"","context":"V \u201e\u010cten\u00e1\u0159sk\u00fd den\u00edk\u201c","block_context":{"text":"\u010cten\u00e1\u0159sk\u00fd den\u00edk","link":"https:\/\/kotrla.com\/pmpro\/category\/ctenarsky-denik\/"},"img":{"alt_text":"Petr Hrb\u00e1\u010d - Jak plyne \u010das","src":"https:\/\/i0.wp.com\/kotrla.com\/pmpro\/images\/uploads\/petr_hrbac_jak_plyne_cas.jpg?resize=350%2C200&ssl=1","width":350,"height":200},"classes":[]}],"jetpack_sharing_enabled":true,"_links":{"self":[{"href":"https:\/\/kotrla.com\/pmpro\/wp-json\/wp\/v2\/posts\/50","targetHints":{"allow":["GET"]}}],"collection":[{"href":"https:\/\/kotrla.com\/pmpro\/wp-json\/wp\/v2\/posts"}],"about":[{"href":"https:\/\/kotrla.com\/pmpro\/wp-json\/wp\/v2\/types\/post"}],"author":[{"embeddable":true,"href":"https:\/\/kotrla.com\/pmpro\/wp-json\/wp\/v2\/users\/1"}],"replies":[{"embeddable":true,"href":"https:\/\/kotrla.com\/pmpro\/wp-json\/wp\/v2\/comments?post=50"}],"version-history":[{"count":0,"href":"https:\/\/kotrla.com\/pmpro\/wp-json\/wp\/v2\/posts\/50\/revisions"}],"wp:attachment":[{"href":"https:\/\/kotrla.com\/pmpro\/wp-json\/wp\/v2\/media?parent=50"}],"wp:term":[{"taxonomy":"category","embeddable":true,"href":"https:\/\/kotrla.com\/pmpro\/wp-json\/wp\/v2\/categories?post=50"},{"taxonomy":"post_tag","embeddable":true,"href":"https:\/\/kotrla.com\/pmpro\/wp-json\/wp\/v2\/tags?post=50"}],"curies":[{"name":"wp","href":"https:\/\/api.w.org\/{rel}","templated":true}]}}