{"id":510,"date":"2006-10-19T10:20:00","date_gmt":"2006-10-19T09:20:00","guid":{"rendered":"http:\/\/kotrla.com\/wordpress\/?p=510"},"modified":"2019-11-20T22:36:07","modified_gmt":"2019-11-20T21:36:07","slug":"hrubky-jako-prase","status":"publish","type":"post","link":"https:\/\/kotrla.com\/pmpro\/2006\/10\/hrubky-jako-prase\/","title":{"rendered":"Hrubky jako prase"},"content":{"rendered":"<p><img loading=\"lazy\" decoding=\"async\" src=\"https:\/\/kotrla.com\/pmpro\/images\/uploads\/bajaja_duely.gif\" border=\"0\" alt=\"Anton\u00edn Bajaja: Duely\" width=\"100\" height=\"151\" align=\"right\" \/>Tak ta prvn\u00ed je na z\u00e1lo\u017ece m\u00e9ho obl\u00edben\u00e9ho rom\u00e1nu <i>Anton\u00edna Bajaji<\/i> <b><a href=\"http:\/\/www.kosmas.cz\/knihy\/128109\/duely\/\">Duely<\/a><\/b>, kter\u00fd ned\u00e1vno vydala Mlad\u00e1 fronta v druh\u00e9m vyd\u00e1n\u00ed. Rom\u00e1n stoj\u00ed za p\u0159e\u010dten\u00ed. Doporu\u010duji. Ale Bajaja, <b>Bajaj<u>y<\/b><\/u>. Au to bol\u00ed.<br \/>\nNo, asi tolik, jako prohl\u00e1\u0161en\u00ed m\u00e9ho kamar\u00e1da v\u010dera p\u0159i ob\u011bd\u011b, kdy studenti bohemistiky jsou schopn\u00ed napsat <b>Hrub<u>\u00fd<\/u>n<\/b>. Hrub\u00fd, tak s tvrd\u00fdm&#8230; Au, to bol\u00ed taky.<\/p>\n","protected":false},"excerpt":{"rendered":"<p>Tak ta prvn\u00ed je na z\u00e1lo\u017ece m\u00e9ho obl\u00edben\u00e9ho rom\u00e1nu Anton\u00edna Bajaji Duely, kter\u00fd ned\u00e1vno vydala Mlad\u00e1 fronta v druh\u00e9m vyd\u00e1n\u00ed. Rom\u00e1n stoj\u00ed za p\u0159e\u010dten\u00ed. Doporu\u010duji. Ale Bajaja, Bajajy. Au to bol\u00ed. No, asi tolik, jako prohl\u00e1\u0161en\u00ed m\u00e9ho kamar\u00e1da v\u010dera p\u0159i ob\u011bd\u011b, kdy studenti bohemistiky jsou schopn\u00ed napsat Hrub\u00fdn. Hrub\u00fd, tak s tvrd\u00fdm&#8230; Au, to bol\u00ed [&hellip;]<\/p>\n","protected":false},"author":1,"featured_media":0,"comment_status":"open","ping_status":"open","sticky":false,"template":"","format":"standard","meta":{"site-sidebar-layout":"default","site-content-layout":"","ast-site-content-layout":"default","site-content-style":"default","site-sidebar-style":"default","ast-global-header-display":"","ast-banner-title-visibility":"","ast-main-header-display":"","ast-hfb-above-header-display":"","ast-hfb-below-header-display":"","ast-hfb-mobile-header-display":"","site-post-title":"","ast-breadcrumbs-content":"","ast-featured-img":"","footer-sml-layout":"","ast-disable-related-posts":"","theme-transparent-header-meta":"","adv-header-id-meta":"","stick-header-meta":"","header-above-stick-meta":"","header-main-stick-meta":"","header-below-stick-meta":"","astra-migrate-meta-layouts":"default","ast-page-background-enabled":"default","ast-page-background-meta":{"desktop":{"background-color":"var(--ast-global-color-5)","background-image":"","background-repeat":"repeat","background-position":"center center","background-size":"auto","background-attachment":"scroll","background-type":"","background-media":"","overlay-type":"","overlay-color":"","overlay-opacity":"","overlay-gradient":""},"tablet":{"background-color":"","background-image":"","background-repeat":"repeat","background-position":"center center","background-size":"auto","background-attachment":"scroll","background-type":"","background-media":"","overlay-type":"","overlay-color":"","overlay-opacity":"","overlay-gradient":""},"mobile":{"background-color":"","background-image":"","background-repeat":"repeat","background-position":"center center","background-size":"auto","background-attachment":"scroll","background-type":"","background-media":"","overlay-type":"","overlay-color":"","overlay-opacity":"","overlay-gradient":""}},"ast-content-background-meta":{"desktop":{"background-color":"var(--ast-global-color-4)","background-image":"","background-repeat":"repeat","background-position":"center center","background-size":"auto","background-attachment":"scroll","background-type":"","background-media":"","overlay-type":"","overlay-color":"","overlay-opacity":"","overlay-gradient":""},"tablet":{"background-color":"var(--ast-global-color-4)","background-image":"","background-repeat":"repeat","background-position":"center center","background-size":"auto","background-attachment":"scroll","background-type":"","background-media":"","overlay-type":"","overlay-color":"","overlay-opacity":"","overlay-gradient":""},"mobile":{"background-color":"var(--ast-global-color-4)","background-image":"","background-repeat":"repeat","background-position":"center center","background-size":"auto","background-attachment":"scroll","background-type":"","background-media":"","overlay-type":"","overlay-color":"","overlay-opacity":"","overlay-gradient":""}},"jetpack_post_was_ever_published":false,"_jetpack_newsletter_access":"","_jetpack_dont_email_post_to_subs":false,"_jetpack_newsletter_tier_id":0,"_jetpack_memberships_contains_paywalled_content":false,"_jetpack_memberships_contains_paid_content":false,"footnotes":""},"categories":[2],"tags":[],"class_list":["post-510","post","type-post","status-publish","format-standard","hentry","category-literatura"],"jetpack_featured_media_url":"","jetpack_shortlink":"https:\/\/wp.me\/p4mLP7-8e","jetpack-related-posts":[{"id":898,"url":"https:\/\/kotrla.com\/pmpro\/2004\/10\/rozsireni-meho-rss-agregatoru\/","url_meta":{"origin":510,"position":0},"title":"Roz\u0161\u00ed\u0159en\u00ed m\u00e9ho RSS agreg\u00e1toru","author":"Pavel Kotrla","date":"19.10.2004","format":false,"excerpt":"Tak jsem roz\u0161\u00ed\u0159il a roz\u010dlenil m\u016fj rss agreg\u00e1tor zalo\u017een\u00fd na knihovn\u011b LastRss. Nyn\u00ed jsou str\u00e1nky dv\u011b. Prvn\u00ed shroma\u017e\u010fuje mnou obl\u00edben\u00e9 dom\u00e1c\u00ed zdroje, druh\u00e1 pak ty sv\u011btov\u00e9. Orientace obou je p\u0159ev\u00e1\u017en\u011b liter\u00e1rn\u00ed. Chyb\u00ed rusk\u00e9 zdroje, kter\u00e9 by se m\u011bly \u010dasem objevit v r\u00e1mci jin\u00e9ho, dosud nehotov\u00e9ho, projektu. Agreg\u00e1tor je nejsn\u00e1ze dostupn\u00fd\u2026","rel":"","context":"V \u201eNeza\u0159azen\u00e9\u201c","block_context":{"text":"Neza\u0159azen\u00e9","link":"https:\/\/kotrla.com\/pmpro\/category\/nezarazene\/"},"img":{"alt_text":"","src":"","width":0,"height":0},"classes":[]},{"id":12877,"url":"https:\/\/kotrla.com\/pmpro\/2025\/06\/bibliofilie-potize-se-zenami-a-jeji-uvedeni\/","url_meta":{"origin":510,"position":1},"title":"Bibliofilie Pot\u00ed\u017ee se \u017eenami a jej\u00ed uveden\u00ed","author":"Pavel Kotrla","date":"10.6.2025","format":false,"excerpt":"Ve \u010dtvrtek\u00a05. 6. jsme v pr\u016fb\u011bhu ve\u010d\u00edrku m\u00e9ho jednomu\u017en\u00e9ho nakladatelstv\u00ed Klenov (fotky v p\u0159\u00edsp\u011bvku n\u00ed\u017ee) uvedli moji novou bibliofilii Pot\u00ed\u017ee se \u017eenami. Tentokr\u00e1t jsem spojil s\u00edly spole\u010dn\u011b s v\u00fdtvarnic\u00ed Janouzapou, kter\u00e1 vytvo\u0159ila linoryty k m\u00fdm t\u0159em pov\u00eddk\u00e1m. Ka\u017ed\u00fd v\u00fdtisk tak obsahuje t\u0159i origin\u00e1ly. Najdete je na str\u00e1nce knize v\u011bnovan\u00e9, n\u011bco\u2026","rel":"","context":"V \u201eBibliofilie\u201c","block_context":{"text":"Bibliofilie","link":"https:\/\/kotrla.com\/pmpro\/category\/bibliofilie\/"},"img":{"alt_text":"","src":"https:\/\/i0.wp.com\/kotrla.com\/pmpro\/wp-content\/uploads\/2025\/06\/vecirek_klenova_IMGP7729-150x150.jpg?resize=350%2C200&ssl=1","width":350,"height":200,"srcset":"https:\/\/i0.wp.com\/kotrla.com\/pmpro\/wp-content\/uploads\/2025\/06\/vecirek_klenova_IMGP7729-150x150.jpg?resize=350%2C200&ssl=1 1x, https:\/\/i0.wp.com\/kotrla.com\/pmpro\/wp-content\/uploads\/2025\/06\/vecirek_klenova_IMGP7729-150x150.jpg?resize=525%2C300&ssl=1 1.5x, https:\/\/i0.wp.com\/kotrla.com\/pmpro\/wp-content\/uploads\/2025\/06\/vecirek_klenova_IMGP7729-150x150.jpg?resize=700%2C400&ssl=1 2x, https:\/\/i0.wp.com\/kotrla.com\/pmpro\/wp-content\/uploads\/2025\/06\/vecirek_klenova_IMGP7729-150x150.jpg?resize=1050%2C600&ssl=1 3x, https:\/\/i0.wp.com\/kotrla.com\/pmpro\/wp-content\/uploads\/2025\/06\/vecirek_klenova_IMGP7729-150x150.jpg?resize=1400%2C800&ssl=1 4x"},"classes":[]},{"id":499,"url":"https:\/\/kotrla.com\/pmpro\/2006\/12\/stari-dobri-jiri-tranovsky-tranoscius-cxiv\/","url_meta":{"origin":510,"position":2},"title":"STA\u0158\u00cd DOB\u0158\u00cd: Ji\u0159\u00ed T\u0159anovsk\u00fd (Tranoscius) (CXIV.)","author":"Pavel Kotrla","date":"3.12.2006","format":false,"excerpt":"Evangelick\u00fd kn\u011bz, spisovatel (27. b\u0159ezna nebo 9. dubna 1592, T\u011b\u0161\u00edn \u2013 29. kv\u011btna 1637, Liptovsk\u00fd Mikul\u00e1\u0161), autor kancion\u00e1lu Cithara Sanctorum, kter\u00fd v\u00fdrazn\u011b ovlivnil \u010deskou duchovn\u00ed tvorbu. V\u00edce informac\u00ed nab\u00edz\u00ed nap\u0159. heslo na \u010desk\u00e9 Wikipedii, kter\u00e9 by v n\u011bkter\u00fdm m\u00edstech zaslou\u017eilo roz\u0161i\u0159it a poopravit. Zde p\u0159ipojen\u00fd portr\u00e9t zachycuje asi dvacetilet\u00e9ho autora\u2026","rel":"","context":"V \u201eSta\u0159\u00ed dob\u0159\u00ed\u201c","block_context":{"text":"Sta\u0159\u00ed dob\u0159\u00ed","link":"https:\/\/kotrla.com\/pmpro\/category\/stari-dobri\/"},"img":{"alt_text":"Ji\u0159\u00ed T\u0159anovsk\u00fd (Tranoscius)","src":"https:\/\/i0.wp.com\/kotrla.com\/pmpro\/images\/uploads\/jiri_tranovsky.jpg?resize=350%2C200&ssl=1","width":350,"height":200},"classes":[]},{"id":1319,"url":"https:\/\/kotrla.com\/pmpro\/2003\/06\/je-cas-byt-proti\/","url_meta":{"origin":510,"position":3},"title":"Je \u010das b\u00fdt proti","author":"Pavel Kotrla","date":"16.6.2003","format":false,"excerpt":"Tak i na na\u0161\u00ed mal\u00e9 d\u011bdin\u011b se volilo pro vstup do EU. N\u00e1sleduj\u00edc\u00edm pom\u011brem ANO - 353 x NE - 71. \u00da\u010dast byla 57,7%. Ne\u010dekal jsem tak jednostrann\u00fd v\u00fdsledek. V t\u00e9 mas\u00e1\u017ei hlav v minul\u00fdch t\u00fddnech n\u011bkter\u00e9 podstatn\u00e9 v\u011bci nezazn\u011bly. Vad\u00ed mi to a nez\u00e1le\u017e\u00ed na tom, \u017ee s\u00e1m osobn\u011b\u2026","rel":"","context":"V \u201eNeza\u0159azen\u00e9\u201c","block_context":{"text":"Neza\u0159azen\u00e9","link":"https:\/\/kotrla.com\/pmpro\/category\/nezarazene\/"},"img":{"alt_text":"","src":"","width":0,"height":0},"classes":[]},{"id":3250,"url":"https:\/\/kotrla.com\/pmpro\/2017\/07\/slovinsky-film-a-frantisek-cap\/","url_meta":{"origin":510,"position":4},"title":"Slovinsk\u00fd film a Franti\u0161ek \u010c\u00e1p","author":"Pavel Kotrla","date":"31.7.2017","format":false,"excerpt":"T\u0159et\u00ed kniha m\u00e9ho jednomu\u017en\u00e9ho nakladatelstv\u00ed, tentokr\u00e1t vydan\u00e1 ve spolupr\u00e1ci s Filmov\u00fdm klubem Vset\u00edn. Jsem se letos n\u011bjak rozjel... (ale u\u017e brzd\u00edme). Inici\u00e1torem knihy je Milan Kosteln\u00edk, editorkou Marie Bare\u0161ov\u00e1, redaktorem Martin Luk\u00e1\u0161 a p\u0159eklady ze slovin\u0161tiny po\u0159\u00eddila Jana \u0160nytov\u00e1. K\u0159est knihy prob\u011bhne v r\u00e1mci vernis\u00e1\u017ee v\u00fdstavy Franti\u0161ek \u010c\u00e1p, a to\u2026","rel":"","context":"V \u201eKnihy\u201c","block_context":{"text":"Knihy","link":"https:\/\/kotrla.com\/pmpro\/category\/knihy\/"},"img":{"alt_text":"Slovinsk\u00fd film a Franti\u0161ek \u010c\u00e1p","src":"https:\/\/i0.wp.com\/kotrla.com\/pmpro\/wp-content\/uploads\/2017\/07\/slovinsky_film_a_frantisek_cap.png?resize=350%2C200&ssl=1","width":350,"height":200,"srcset":"https:\/\/i0.wp.com\/kotrla.com\/pmpro\/wp-content\/uploads\/2017\/07\/slovinsky_film_a_frantisek_cap.png?resize=350%2C200&ssl=1 1x, https:\/\/i0.wp.com\/kotrla.com\/pmpro\/wp-content\/uploads\/2017\/07\/slovinsky_film_a_frantisek_cap.png?resize=525%2C300&ssl=1 1.5x, https:\/\/i0.wp.com\/kotrla.com\/pmpro\/wp-content\/uploads\/2017\/07\/slovinsky_film_a_frantisek_cap.png?resize=700%2C400&ssl=1 2x, https:\/\/i0.wp.com\/kotrla.com\/pmpro\/wp-content\/uploads\/2017\/07\/slovinsky_film_a_frantisek_cap.png?resize=1050%2C600&ssl=1 3x, https:\/\/i0.wp.com\/kotrla.com\/pmpro\/wp-content\/uploads\/2017\/07\/slovinsky_film_a_frantisek_cap.png?resize=1400%2C800&ssl=1 4x"},"classes":[]},{"id":209,"url":"https:\/\/kotrla.com\/pmpro\/2010\/05\/jakubova-dvojka\/","url_meta":{"origin":510,"position":5},"title":"Jakubova dvojka","author":"Pavel Kotrla","date":"7.5.2010","format":false,"excerpt":"P\u0159ed sedmi roky byl jeden z prvn\u00edch p\u0159\u00edsp\u011bvk\u016f v\u011bnov\u00e1n vyd\u00e1n\u00ed prvotiny m\u00e9ho kamar\u00e1da Jakuba Chrob\u00e1ka. A ejhle! Sedmiletka se se\u0161la se sedmiletkou a je tu Jakubova druh\u00e1 b\u00e1snick\u00e1 sb\u00edrka: Adresy. Je\u0161t\u011b von\u00ed tisk\u00e1rnou. Vydalo domovsk\u00e9 vset\u00ednsk\u00e9 nakladatelstv\u00ed Dalibora Maliny. Jednu uk\u00e1zku naleznete zde, n\u011bco najdete v Textech a tu je\u2026","rel":"","context":"V \u201eLiteratura\u201c","block_context":{"text":"Literatura","link":"https:\/\/kotrla.com\/pmpro\/category\/literatura\/"},"img":{"alt_text":"Jakub Chrob\u00e1k - Adresy","src":"https:\/\/i0.wp.com\/kotrla.com\/pmpro\/images\/uploads\/adresy.gif?resize=350%2C200&ssl=1","width":350,"height":200},"classes":[]}],"jetpack_sharing_enabled":true,"_links":{"self":[{"href":"https:\/\/kotrla.com\/pmpro\/wp-json\/wp\/v2\/posts\/510","targetHints":{"allow":["GET"]}}],"collection":[{"href":"https:\/\/kotrla.com\/pmpro\/wp-json\/wp\/v2\/posts"}],"about":[{"href":"https:\/\/kotrla.com\/pmpro\/wp-json\/wp\/v2\/types\/post"}],"author":[{"embeddable":true,"href":"https:\/\/kotrla.com\/pmpro\/wp-json\/wp\/v2\/users\/1"}],"replies":[{"embeddable":true,"href":"https:\/\/kotrla.com\/pmpro\/wp-json\/wp\/v2\/comments?post=510"}],"version-history":[{"count":0,"href":"https:\/\/kotrla.com\/pmpro\/wp-json\/wp\/v2\/posts\/510\/revisions"}],"wp:attachment":[{"href":"https:\/\/kotrla.com\/pmpro\/wp-json\/wp\/v2\/media?parent=510"}],"wp:term":[{"taxonomy":"category","embeddable":true,"href":"https:\/\/kotrla.com\/pmpro\/wp-json\/wp\/v2\/categories?post=510"},{"taxonomy":"post_tag","embeddable":true,"href":"https:\/\/kotrla.com\/pmpro\/wp-json\/wp\/v2\/tags?post=510"}],"curies":[{"name":"wp","href":"https:\/\/api.w.org\/{rel}","templated":true}]}}