{"id":513,"date":"2006-10-04T10:55:00","date_gmt":"2006-10-04T09:55:00","guid":{"rendered":"http:\/\/kotrla.com\/wordpress\/?p=513"},"modified":"2019-11-20T22:36:08","modified_gmt":"2019-11-20T21:36:08","slug":"statni-cena-za-literaturu","status":"publish","type":"post","link":"https:\/\/kotrla.com\/pmpro\/2006\/10\/statni-cena-za-literaturu\/","title":{"rendered":"St\u00e1tn\u00ed cena za literaturu?"},"content":{"rendered":"<p>Cosi se \u0161u\u0161k\u00e1. \u017de by jm\u00e9na ocen\u011bn\u00fdch?<br \/>\na) Jm\u00e9no prvn\u00ed &#8211; Zam\u011b\u0159il bych se na produkci nakladatelstv\u00ed <a href=\"http:\/\/dauphin.cz\/\">Dauphin<\/a>.<br \/>\nb) Jm\u00e9no druh\u00e9 &#8211; Inici\u00e1ly FF<\/p>\n<p>Jm\u00e9no prvn\u00ed mo\u017en\u00e1 p\u0159ekvapen\u00edm nebude, dalo by se o\u010dek\u00e1vat. Jm\u00e9no druh\u00e9 asi p\u0159ekvapen\u00edm bude, pro mne tedy je.<\/p>\n","protected":false},"excerpt":{"rendered":"<p>Cosi se \u0161u\u0161k\u00e1. \u017de by jm\u00e9na ocen\u011bn\u00fdch? a) Jm\u00e9no prvn\u00ed &#8211; Zam\u011b\u0159il bych se na produkci nakladatelstv\u00ed Dauphin. b) Jm\u00e9no druh\u00e9 &#8211; Inici\u00e1ly FF Jm\u00e9no prvn\u00ed mo\u017en\u00e1 p\u0159ekvapen\u00edm nebude, dalo by se o\u010dek\u00e1vat. Jm\u00e9no druh\u00e9 asi p\u0159ekvapen\u00edm bude, pro mne tedy je.<\/p>\n","protected":false},"author":1,"featured_media":0,"comment_status":"open","ping_status":"open","sticky":false,"template":"","format":"standard","meta":{"site-sidebar-layout":"default","site-content-layout":"","ast-site-content-layout":"default","site-content-style":"default","site-sidebar-style":"default","ast-global-header-display":"","ast-banner-title-visibility":"","ast-main-header-display":"","ast-hfb-above-header-display":"","ast-hfb-below-header-display":"","ast-hfb-mobile-header-display":"","site-post-title":"","ast-breadcrumbs-content":"","ast-featured-img":"","footer-sml-layout":"","ast-disable-related-posts":"","theme-transparent-header-meta":"","adv-header-id-meta":"","stick-header-meta":"","header-above-stick-meta":"","header-main-stick-meta":"","header-below-stick-meta":"","astra-migrate-meta-layouts":"default","ast-page-background-enabled":"default","ast-page-background-meta":{"desktop":{"background-color":"var(--ast-global-color-5)","background-image":"","background-repeat":"repeat","background-position":"center center","background-size":"auto","background-attachment":"scroll","background-type":"","background-media":"","overlay-type":"","overlay-color":"","overlay-opacity":"","overlay-gradient":""},"tablet":{"background-color":"","background-image":"","background-repeat":"repeat","background-position":"center center","background-size":"auto","background-attachment":"scroll","background-type":"","background-media":"","overlay-type":"","overlay-color":"","overlay-opacity":"","overlay-gradient":""},"mobile":{"background-color":"","background-image":"","background-repeat":"repeat","background-position":"center center","background-size":"auto","background-attachment":"scroll","background-type":"","background-media":"","overlay-type":"","overlay-color":"","overlay-opacity":"","overlay-gradient":""}},"ast-content-background-meta":{"desktop":{"background-color":"var(--ast-global-color-4)","background-image":"","background-repeat":"repeat","background-position":"center center","background-size":"auto","background-attachment":"scroll","background-type":"","background-media":"","overlay-type":"","overlay-color":"","overlay-opacity":"","overlay-gradient":""},"tablet":{"background-color":"var(--ast-global-color-4)","background-image":"","background-repeat":"repeat","background-position":"center center","background-size":"auto","background-attachment":"scroll","background-type":"","background-media":"","overlay-type":"","overlay-color":"","overlay-opacity":"","overlay-gradient":""},"mobile":{"background-color":"var(--ast-global-color-4)","background-image":"","background-repeat":"repeat","background-position":"center center","background-size":"auto","background-attachment":"scroll","background-type":"","background-media":"","overlay-type":"","overlay-color":"","overlay-opacity":"","overlay-gradient":""}},"jetpack_post_was_ever_published":false,"_jetpack_newsletter_access":"","_jetpack_dont_email_post_to_subs":false,"_jetpack_newsletter_tier_id":0,"_jetpack_memberships_contains_paywalled_content":false,"_jetpack_memberships_contains_paid_content":false,"footnotes":""},"categories":[2],"tags":[],"class_list":["post-513","post","type-post","status-publish","format-standard","hentry","category-literatura"],"jetpack_featured_media_url":"","jetpack_shortlink":"https:\/\/wp.me\/p4mLP7-8h","jetpack-related-posts":[{"id":397,"url":"https:\/\/kotrla.com\/pmpro\/2007\/11\/kryci-jmeno-betoven\/","url_meta":{"origin":513,"position":0},"title":"Kryc\u00ed jm\u00e9no B\u00e9toven","author":"Pavel Kotrla","date":"22.11.2007","format":false,"excerpt":"M\u00e1 holou hlavu, hlobok\u00fd hlas a ned\u00e1vno se za\u010dal jako \u0159idi\u010d autobusu pohybovat v okol\u00ed m\u011bst Vset\u00edn - Vala\u0161sk\u00e9 Mezi\u0159\u00ed\u010d\u00ed - Ro\u017enov. Je tu kr\u00e1tce a koluj\u00ed o n\u011bm pov\u011bsti. Omladina u\u017e zd\u00e1li konsternovan\u011b vyhl\u00ed\u017e\u00ed jeho p\u0159\u00edjezd. V jejich tv\u00e1\u0159\u00edch se zra\u010d\u00ed \u00fadiv z nepoznan\u00e9ho. Autobusem zn\u00ed HUDBA. \u017d\u00e1dn\u00fd \u010desk\u00fd\u2026","rel":"","context":"V \u201eOsobn\u00ed\u201c","block_context":{"text":"Osobn\u00ed","link":"https:\/\/kotrla.com\/pmpro\/category\/osobni\/"},"img":{"alt_text":"","src":"","width":0,"height":0},"classes":[]},{"id":382,"url":"https:\/\/kotrla.com\/pmpro\/2008\/01\/stari-dobri-vlado-vlaisavljevic-cxxi\/","url_meta":{"origin":513,"position":1},"title":"STA\u0158\u00cd DOB\u0158\u00cd: Vlado Vlaisavljevi\u0107 (CXXI.)","author":"Pavel Kotrla","date":"27.1.2008","format":false,"excerpt":"Nechal jsem si na recenzi z Tvaru poslat antologii Kor\u00e1b kor\u00e1lov\u00fd \u010dili Tis\u00edc let charv\u00e1tsk\u00e9 poezie v d\u00edle stovky b\u00e1sn\u00edk\u016f vydanou pro mne dosud utajen\u00fdm nakladatelstv\u00edm FORI PRAGUE. Jm\u00e9no po\u0159adatele Du\u0161ana Karpatsk\u00e9ho se mi zd\u00e1lo dostate\u010dnou z\u00e1rukou. A nem\u00fdli jsem se. Se \u0161palkem, kter\u00fd m\u00e1 cca 750 stran se ur\u010dit\u011b\u2026","rel":"","context":"V \u201eSta\u0159\u00ed dob\u0159\u00ed\u201c","block_context":{"text":"Sta\u0159\u00ed dob\u0159\u00ed","link":"https:\/\/kotrla.com\/pmpro\/category\/stari-dobri\/"},"img":{"alt_text":"","src":"","width":0,"height":0},"classes":[]},{"id":11,"url":"https:\/\/kotrla.com\/pmpro\/2014\/01\/slavik-za-mrizi\/","url_meta":{"origin":513,"position":2},"title":"Slav\u00edk za m\u0159\u00ed\u017e\u00ed","author":"Pavel Kotrla","date":"14.1.2014","format":false,"excerpt":"V podstat\u011b jen n\u00e1hoda cht\u011bla tomu, \u017ee jsem do tisku p\u0159ipravoval knihu vset\u00ednsk\u00e9ho autora Ji\u0159\u00edho Mi\u010dka Slav\u00edk za m\u0159\u00ed\u017e\u00ed, kter\u00e1 vy\u0161la v jeho nakladatelstv\u00ed koncem roku. Vlastn\u011b bylo pro mne bylo p\u0159ekvapen\u00edm, jak jm\u00e9no autora, pro mne v tu chv\u00edli zcela nezn\u00e1m\u00e9, tak nakonec i jeho kniha. Ta rom\u00e1novou formou\u2026","rel":"","context":"V \u201eLiteratura\u201c","block_context":{"text":"Literatura","link":"https:\/\/kotrla.com\/pmpro\/category\/literatura\/"},"img":{"alt_text":"Ji\u0159\u00ed Mi\u010dek - Slav\u00edk za m\u0159\u00ed\u017e\u00ed","src":"https:\/\/i0.wp.com\/kotrla.com\/pmpro\/images\/uploads\/jiri_micek_slavik_za_mrizi.jpg?resize=350%2C200&ssl=1","width":350,"height":200},"classes":[]},{"id":298,"url":"https:\/\/kotrla.com\/pmpro\/2009\/02\/vladimir-mlynar-kosta\/","url_meta":{"origin":513,"position":3},"title":"Vladim\u00edr Mlyn\u00e1\u0159: Kosta","author":"Pavel Kotrla","date":"5.2.2009","format":false,"excerpt":"Kde jsou ty \u010dasy, kdy \u0161\u00e9fredaktorem Respektu b\u00fdval Vladim\u00edr Mlyn\u00e1\u0159? Zaj\u00edmalo by mne, jak s odstupem doby hodnot\u00ed sv\u016fj vstup do politiky a v\u00fdstup z n\u00ed. Pot\u011b\u0161uj\u00edc\u00ed je Mlyn\u00e1\u0159\u016fv n\u00e1vrat k \u0159emeslu p\u016fvodn\u00edmu: \u017eurnalistice. Sice jsem o kn\u00ed\u017ece Kosta, vydanou vloni Respektem, v\u011bd\u011bl, ale asi bych si ji s\u00e1m nekoupil.\u2026","rel":"","context":"V \u201e\u010cten\u00e1\u0159sk\u00fd den\u00edk\u201c","block_context":{"text":"\u010cten\u00e1\u0159sk\u00fd den\u00edk","link":"https:\/\/kotrla.com\/pmpro\/category\/ctenarsky-denik\/"},"img":{"alt_text":"Kosta","src":"https:\/\/i0.wp.com\/kotrla.com\/pmpro\/images\/uploads\/kosta.JPG?resize=350%2C200&ssl=1","width":350,"height":200},"classes":[]},{"id":9520,"url":"https:\/\/kotrla.com\/pmpro\/2022\/03\/kamila-hladka\/","url_meta":{"origin":513,"position":4},"title":"Kamila Hladk\u00e1","author":"Pavel Kotrla","date":"11.3.2022","format":false,"excerpt":"Ze v\u010derej\u0161\u00edho \u010dten\u00ed autorky knih Hornick\u00e9 vdovy a Sestry. A dal\u0161\u00ed p\u0159\u00edsp\u011bvek do voln\u00e9ho cyklu Vl\u00e1dci slov. (S novou hra\u010dkou Pentax K3-III se teprve s\u017e\u00edv\u00e1m, ale snad to p\u016fjde.) Jinak ve\u010der s p\u0159edstaven\u00edm druh\u00e9 knihy byl p\u0159\u00edjemn\u00fdm p\u0159ekvapen\u00edm.","rel":"","context":"V \u201eFotografie\u201c","block_context":{"text":"Fotografie","link":"https:\/\/kotrla.com\/pmpro\/category\/fotografie\/"},"img":{"alt_text":"","src":"https:\/\/i0.wp.com\/kotrla.com\/pmpro\/wp-content\/uploads\/2022\/03\/kamila_hladka_IMGP0178-150x150.jpg?resize=350%2C200&ssl=1","width":350,"height":200,"srcset":"https:\/\/i0.wp.com\/kotrla.com\/pmpro\/wp-content\/uploads\/2022\/03\/kamila_hladka_IMGP0178-150x150.jpg?resize=350%2C200&ssl=1 1x, https:\/\/i0.wp.com\/kotrla.com\/pmpro\/wp-content\/uploads\/2022\/03\/kamila_hladka_IMGP0178-150x150.jpg?resize=525%2C300&ssl=1 1.5x, https:\/\/i0.wp.com\/kotrla.com\/pmpro\/wp-content\/uploads\/2022\/03\/kamila_hladka_IMGP0178-150x150.jpg?resize=700%2C400&ssl=1 2x, https:\/\/i0.wp.com\/kotrla.com\/pmpro\/wp-content\/uploads\/2022\/03\/kamila_hladka_IMGP0178-150x150.jpg?resize=1050%2C600&ssl=1 3x, https:\/\/i0.wp.com\/kotrla.com\/pmpro\/wp-content\/uploads\/2022\/03\/kamila_hladka_IMGP0178-150x150.jpg?resize=1400%2C800&ssl=1 4x"},"classes":[]},{"id":12364,"url":"https:\/\/kotrla.com\/pmpro\/2024\/12\/byla-koleda-byla\/","url_meta":{"origin":513,"position":5},"title":"Byla koleda, byla&#8230;","author":"Pavel Kotrla","date":"30.12.2024","format":false,"excerpt":"V\u00fdlet do bibliofilsk\u00e9 poli\u010dky: Dol\u016f kopcem k Betlemu (1937) a Koleda z Lichnova (1942). Ob\u011b spojuje jm\u00e9no ilustr\u00e1tora Anton\u00edna Strnadla.","rel":"","context":"V \u201eBibliofilie\u201c","block_context":{"text":"Bibliofilie","link":"https:\/\/kotrla.com\/pmpro\/category\/bibliofilie\/"},"img":{"alt_text":"","src":"https:\/\/i0.wp.com\/kotrla.com\/pmpro\/wp-content\/uploads\/2024\/12\/koleda_z_lichnova.jpg?resize=350%2C200&ssl=1","width":350,"height":200,"srcset":"https:\/\/i0.wp.com\/kotrla.com\/pmpro\/wp-content\/uploads\/2024\/12\/koleda_z_lichnova.jpg?resize=350%2C200&ssl=1 1x, https:\/\/i0.wp.com\/kotrla.com\/pmpro\/wp-content\/uploads\/2024\/12\/koleda_z_lichnova.jpg?resize=525%2C300&ssl=1 1.5x, https:\/\/i0.wp.com\/kotrla.com\/pmpro\/wp-content\/uploads\/2024\/12\/koleda_z_lichnova.jpg?resize=700%2C400&ssl=1 2x, https:\/\/i0.wp.com\/kotrla.com\/pmpro\/wp-content\/uploads\/2024\/12\/koleda_z_lichnova.jpg?resize=1050%2C600&ssl=1 3x, https:\/\/i0.wp.com\/kotrla.com\/pmpro\/wp-content\/uploads\/2024\/12\/koleda_z_lichnova.jpg?resize=1400%2C800&ssl=1 4x"},"classes":[]}],"jetpack_sharing_enabled":true,"_links":{"self":[{"href":"https:\/\/kotrla.com\/pmpro\/wp-json\/wp\/v2\/posts\/513","targetHints":{"allow":["GET"]}}],"collection":[{"href":"https:\/\/kotrla.com\/pmpro\/wp-json\/wp\/v2\/posts"}],"about":[{"href":"https:\/\/kotrla.com\/pmpro\/wp-json\/wp\/v2\/types\/post"}],"author":[{"embeddable":true,"href":"https:\/\/kotrla.com\/pmpro\/wp-json\/wp\/v2\/users\/1"}],"replies":[{"embeddable":true,"href":"https:\/\/kotrla.com\/pmpro\/wp-json\/wp\/v2\/comments?post=513"}],"version-history":[{"count":0,"href":"https:\/\/kotrla.com\/pmpro\/wp-json\/wp\/v2\/posts\/513\/revisions"}],"wp:attachment":[{"href":"https:\/\/kotrla.com\/pmpro\/wp-json\/wp\/v2\/media?parent=513"}],"wp:term":[{"taxonomy":"category","embeddable":true,"href":"https:\/\/kotrla.com\/pmpro\/wp-json\/wp\/v2\/categories?post=513"},{"taxonomy":"post_tag","embeddable":true,"href":"https:\/\/kotrla.com\/pmpro\/wp-json\/wp\/v2\/tags?post=513"}],"curies":[{"name":"wp","href":"https:\/\/api.w.org\/{rel}","templated":true}]}}