{"id":521,"date":"2006-09-18T10:29:00","date_gmt":"2006-09-18T09:29:00","guid":{"rendered":"http:\/\/kotrla.com\/wordpress\/?p=521"},"modified":"2019-11-20T22:36:09","modified_gmt":"2019-11-20T21:36:09","slug":"surrealismus-z-archivu","status":"publish","type":"post","link":"https:\/\/kotrla.com\/pmpro\/2006\/09\/surrealismus-z-archivu\/","title":{"rendered":"Surrealismus z archivu"},"content":{"rendered":"<p><img loading=\"lazy\" decoding=\"async\" src=\"https:\/\/kotrla.com\/pmpro\/images\/uploads\/analogon_01.jpg\" border=\"0\" alt=\"Analogon 1\" width=\"420\" height=\"585\" \/> <\/p>\n<p>P\u0159i proch\u00e1zen\u00ed star\u00fdch \u010dasopis\u016f jsem narazil i na tuto reklamu na prvn\u00ed \u010d\u00edslo surrealistick\u00e9 revue Analogon z roku 1969, doby dostate\u010dn\u011b surrealistick\u00e9. Od roku 1989 vych\u00e1z\u00ed op\u011btovn\u011b.<\/p>\n","protected":false},"excerpt":{"rendered":"<p>P\u0159i proch\u00e1zen\u00ed star\u00fdch \u010dasopis\u016f jsem narazil i na tuto reklamu na prvn\u00ed \u010d\u00edslo surrealistick\u00e9 revue Analogon z roku 1969, doby dostate\u010dn\u011b surrealistick\u00e9. Od roku 1989 vych\u00e1z\u00ed op\u011btovn\u011b.<\/p>\n","protected":false},"author":1,"featured_media":0,"comment_status":"open","ping_status":"open","sticky":false,"template":"","format":"standard","meta":{"site-sidebar-layout":"default","site-content-layout":"","ast-site-content-layout":"default","site-content-style":"default","site-sidebar-style":"default","ast-global-header-display":"","ast-banner-title-visibility":"","ast-main-header-display":"","ast-hfb-above-header-display":"","ast-hfb-below-header-display":"","ast-hfb-mobile-header-display":"","site-post-title":"","ast-breadcrumbs-content":"","ast-featured-img":"","footer-sml-layout":"","ast-disable-related-posts":"","theme-transparent-header-meta":"","adv-header-id-meta":"","stick-header-meta":"","header-above-stick-meta":"","header-main-stick-meta":"","header-below-stick-meta":"","astra-migrate-meta-layouts":"default","ast-page-background-enabled":"default","ast-page-background-meta":{"desktop":{"background-color":"var(--ast-global-color-5)","background-image":"","background-repeat":"repeat","background-position":"center center","background-size":"auto","background-attachment":"scroll","background-type":"","background-media":"","overlay-type":"","overlay-color":"","overlay-opacity":"","overlay-gradient":""},"tablet":{"background-color":"","background-image":"","background-repeat":"repeat","background-position":"center center","background-size":"auto","background-attachment":"scroll","background-type":"","background-media":"","overlay-type":"","overlay-color":"","overlay-opacity":"","overlay-gradient":""},"mobile":{"background-color":"","background-image":"","background-repeat":"repeat","background-position":"center center","background-size":"auto","background-attachment":"scroll","background-type":"","background-media":"","overlay-type":"","overlay-color":"","overlay-opacity":"","overlay-gradient":""}},"ast-content-background-meta":{"desktop":{"background-color":"var(--ast-global-color-4)","background-image":"","background-repeat":"repeat","background-position":"center center","background-size":"auto","background-attachment":"scroll","background-type":"","background-media":"","overlay-type":"","overlay-color":"","overlay-opacity":"","overlay-gradient":""},"tablet":{"background-color":"var(--ast-global-color-4)","background-image":"","background-repeat":"repeat","background-position":"center center","background-size":"auto","background-attachment":"scroll","background-type":"","background-media":"","overlay-type":"","overlay-color":"","overlay-opacity":"","overlay-gradient":""},"mobile":{"background-color":"var(--ast-global-color-4)","background-image":"","background-repeat":"repeat","background-position":"center center","background-size":"auto","background-attachment":"scroll","background-type":"","background-media":"","overlay-type":"","overlay-color":"","overlay-opacity":"","overlay-gradient":""}},"jetpack_post_was_ever_published":false,"_jetpack_newsletter_access":"","_jetpack_dont_email_post_to_subs":false,"_jetpack_newsletter_tier_id":0,"_jetpack_memberships_contains_paywalled_content":false,"_jetpack_memberships_contains_paid_content":false,"footnotes":""},"categories":[2],"tags":[],"class_list":["post-521","post","type-post","status-publish","format-standard","hentry","category-literatura"],"jetpack_featured_media_url":"","jetpack_shortlink":"https:\/\/wp.me\/p4mLP7-8p","jetpack-related-posts":[{"id":2371,"url":"https:\/\/kotrla.com\/pmpro\/2015\/05\/jan-rous-vybor-z-dila\/","url_meta":{"origin":521,"position":0},"title":"Jan Rous \u2013 V\u00fdbor z d\u00edla","author":"Pavel Kotrla","date":"21.5.2015","format":false,"excerpt":"Tak tento t\u00fdden jsem z tisk\u00e1rny dovezl V\u00fdbor z d\u00edla\u00a0Jana Rouse, kter\u00fd jsem p\u0159ipravil do tisku, opat\u0159il kr\u00e1tk\u00fdm profilem autora a i vys\u00e1zel. Snad jsem tak smazal dluh, kter\u00fd jsem po\u0159\u00e1d n\u011bjak vnit\u0159n\u011b d\u00edky m\u00edstn\u00ed p\u0159\u00edslu\u0161nosti poci\u0165oval. Prost\u011b mne mrzelo, \u017ee by d\u00edlo tohoto pracovit\u00e9ho spoluzakladatele Na\u0161eho Vala\u0161ska m\u011blo zapadnout.\u00a0Do\u2026","rel":"","context":"V \u201eByst\u0159i\u010dka\u201c","block_context":{"text":"Byst\u0159i\u010dka","link":"https:\/\/kotrla.com\/pmpro\/category\/bystricka\/"},"img":{"alt_text":"","src":"https:\/\/i0.wp.com\/kotrla.com\/pmpro\/wp-content\/uploads\/2015\/05\/Jan-Rous-1937.jpg?resize=350%2C200&ssl=1","width":350,"height":200,"srcset":"https:\/\/i0.wp.com\/kotrla.com\/pmpro\/wp-content\/uploads\/2015\/05\/Jan-Rous-1937.jpg?resize=350%2C200&ssl=1 1x, https:\/\/i0.wp.com\/kotrla.com\/pmpro\/wp-content\/uploads\/2015\/05\/Jan-Rous-1937.jpg?resize=525%2C300&ssl=1 1.5x, https:\/\/i0.wp.com\/kotrla.com\/pmpro\/wp-content\/uploads\/2015\/05\/Jan-Rous-1937.jpg?resize=700%2C400&ssl=1 2x"},"classes":[]},{"id":39,"url":"https:\/\/kotrla.com\/pmpro\/2013\/06\/stari-dobri-tin-ujevic-cxxviii\/","url_meta":{"origin":521,"position":1},"title":"STA\u0158\u00cd DOB\u0158\u00cd: Tin Ujevi\u0107 (CXXVIII.)","author":"Pavel Kotrla","date":"9.6.2013","format":false,"excerpt":"Zn\u00e1m\u00fd boh\u00e9m a pijan, jeden ze zakladatel\u016f modern\u00ed jugosl\u00e1vsk\u00e9 poezie. Tin Ujevi\u0107 se narodil roku 1891 ve Vrgoraci v\u00a0Chorvatsku, studoval filosofii. Za spolupr\u00e1ci s\u00a0hnut\u00edm nacionalistick\u00e9 ml\u00e1de\u017ee, do\u017eaduj\u00edc\u00edm se sjednocen\u00ed jihoslovansk\u00fdch n\u00e1rod\u016f a\u00a0svr\u017een\u00ed rakousko-uhersk\u00e9 nadvl\u00e1dy, byl v\u011bzn\u011bn. Sv\u00e9 postoje pozd\u011bji p\u0159ehodnotil. Za prvn\u00ed sv\u011btov\u00e9 v\u00e1lky \u017eil jako emigrant v\u00a0Pa\u0159\u00ed\u017ei. Pozd\u011bji se\u2026","rel":"","context":"V \u201e\u010cten\u00e1\u0159sk\u00fd den\u00edk\u201c","block_context":{"text":"\u010cten\u00e1\u0159sk\u00fd den\u00edk","link":"https:\/\/kotrla.com\/pmpro\/category\/ctenarsky-denik\/"},"img":{"alt_text":"Tin Ujevi\u0107","src":"https:\/\/i0.wp.com\/kotrla.com\/pmpro\/images\/uploads\/tin_ujevic_01.jpg?resize=350%2C200&ssl=1","width":350,"height":200},"classes":[]},{"id":487,"url":"https:\/\/kotrla.com\/pmpro\/2007\/01\/typoglosy\/","url_meta":{"origin":521,"position":2},"title":"Typoglosy","author":"Pavel Kotrla","date":"14.1.2007","format":false,"excerpt":"Tak dnes odkaz na jeden blog neblog. Pokud v\u00e1s zaj\u00edm\u00e1 typografie, pravd\u011bpodobn\u011b jste n\u011bkdy narazili na str\u00e1nky www.sazba.cz, kter\u00e9 \u0159adu let nab\u00edzely, by\u0165 sporadicky, aktuality z t\u00e9to oblasti a stejn\u011b tak i knihy a p\u0159\u00edru\u010dky z t\u00e9to oblasti v PDF. Nyn\u00ed se toto v\u0161e p\u0159esunulo na novou adresu: http:\/\/typoglosy.blogspot.com, kde\u2026","rel":"","context":"V \u201eInternet\u201c","block_context":{"text":"Internet","link":"https:\/\/kotrla.com\/pmpro\/category\/internet\/"},"img":{"alt_text":"","src":"","width":0,"height":0},"classes":[]},{"id":626,"url":"https:\/\/kotrla.com\/pmpro\/2006\/01\/1972-to-musite-videt\/","url_meta":{"origin":521,"position":3},"title":"1972: to mus\u00edte vid\u011bt!","author":"Pavel Kotrla","date":"11.1.2006","format":false,"excerpt":"Fotografie brn\u011bnsk\u00e9 boh\u00e9my z roku 1972, kterou p\u0159inesl na sv\u00fdch str\u00e1nk\u00e1ch \u010cmel\u00e1k a sv\u011bt. Jinak pon\u011bkud utajen\u00fd RSS kan\u00e1l najdete na adrese http:\/\/zebry.cz\/cmelakasvet.cz\/wp-rss.php","rel":"","context":"V \u201eLiteratura\u201c","block_context":{"text":"Literatura","link":"https:\/\/kotrla.com\/pmpro\/category\/literatura\/"},"img":{"alt_text":"","src":"","width":0,"height":0},"classes":[]},{"id":1315,"url":"https:\/\/kotrla.com\/pmpro\/2003\/06\/jeste-k-setkani-v-ruzdce\/","url_meta":{"origin":521,"position":4},"title":"Je\u0161t\u011b k setk\u00e1n\u00ed v R\u016f\u017e\u010fce","author":"Pavel Kotrla","date":"18.6.2003","format":false,"excerpt":"Nejprve jsem si myslel, \u017ee mne napadne n\u011bco nov\u00e9ho, ale pak jsem si vzpomn\u011bl, \u017ee u\u017e jsme (s Martinem \u0160kabrahou a Karlem Hurtou) o tom psali. Tak\u017ee pro\u010d se opakovat. Vala\u0161sko se ji\u017e v dob\u011b T\u0159icetilet\u00e9 v\u00e1lky zapsalo do \u0161ir\u0161\u00edho pov\u011bdom\u00ed svou protikatolickou orientac\u00ed. Platilo to p\u0159edev\u0161\u00edm o ur\u010dit\u00fdch oblastech\u2026","rel":"","context":"V \u201eByst\u0159i\u010dka\u201c","block_context":{"text":"Byst\u0159i\u010dka","link":"https:\/\/kotrla.com\/pmpro\/category\/bystricka\/"},"img":{"alt_text":"image","src":"https:\/\/i0.wp.com\/kotrla.com\/pmpro\/images\/uploads\/pamatnik_ruzdka1.jpg?resize=350%2C200&ssl=1","width":350,"height":200},"classes":[]},{"id":28,"url":"https:\/\/kotrla.com\/pmpro\/2013\/08\/vlci-na-bystricce\/","url_meta":{"origin":521,"position":5},"title":"Vlci na Byst\u0159i\u010dce","author":"Pavel Kotrla","date":"2.8.2013","format":false,"excerpt":"St\u0159ede\u010dn\u00ed sezen\u00ed v archivu p\u0159ineslo p\u00e1r nikde nepublikovan\u00fdch zaj\u00edmavost\u00ed. A toto je jedna z nich: \u201eVlk se objevil posledn\u011b asi p\u0159ed 70 lety (pozn\u00e1mky z Byst\u0159. r. 1912. str. III.6.) - tedy asi r. 1840. P\u0159ed roky, dy\u017e bylo vjec vlk\u016f, tu byli p\u0159ejden\u00ed. Za velik\u00fdch mraz\u016f, dy\u017e zamrzne V\u00e1h,\u2026","rel":"","context":"V \u201eByst\u0159i\u010dka\u201c","block_context":{"text":"Byst\u0159i\u010dka","link":"https:\/\/kotrla.com\/pmpro\/category\/bystricka\/"},"img":{"alt_text":"Vlci na Byst\u0159i\u010dce","src":"https:\/\/i0.wp.com\/kotrla.com\/pmpro\/images\/uploads\/vlci_na_bystricce.jpg?resize=350%2C200&ssl=1","width":350,"height":200},"classes":[]}],"jetpack_sharing_enabled":true,"_links":{"self":[{"href":"https:\/\/kotrla.com\/pmpro\/wp-json\/wp\/v2\/posts\/521","targetHints":{"allow":["GET"]}}],"collection":[{"href":"https:\/\/kotrla.com\/pmpro\/wp-json\/wp\/v2\/posts"}],"about":[{"href":"https:\/\/kotrla.com\/pmpro\/wp-json\/wp\/v2\/types\/post"}],"author":[{"embeddable":true,"href":"https:\/\/kotrla.com\/pmpro\/wp-json\/wp\/v2\/users\/1"}],"replies":[{"embeddable":true,"href":"https:\/\/kotrla.com\/pmpro\/wp-json\/wp\/v2\/comments?post=521"}],"version-history":[{"count":0,"href":"https:\/\/kotrla.com\/pmpro\/wp-json\/wp\/v2\/posts\/521\/revisions"}],"wp:attachment":[{"href":"https:\/\/kotrla.com\/pmpro\/wp-json\/wp\/v2\/media?parent=521"}],"wp:term":[{"taxonomy":"category","embeddable":true,"href":"https:\/\/kotrla.com\/pmpro\/wp-json\/wp\/v2\/categories?post=521"},{"taxonomy":"post_tag","embeddable":true,"href":"https:\/\/kotrla.com\/pmpro\/wp-json\/wp\/v2\/tags?post=521"}],"curies":[{"name":"wp","href":"https:\/\/api.w.org\/{rel}","templated":true}]}}