{"id":531,"date":"2006-08-14T10:16:00","date_gmt":"2006-08-14T09:16:00","guid":{"rendered":"http:\/\/kotrla.com\/wordpress\/?p=531"},"modified":"2019-11-20T22:36:09","modified_gmt":"2019-11-20T21:36:09","slug":"ostrihom","status":"publish","type":"post","link":"https:\/\/kotrla.com\/pmpro\/2006\/08\/ostrihom\/","title":{"rendered":"Ost\u0159ihom"},"content":{"rendered":"<p><img loading=\"lazy\" decoding=\"async\" src=\"https:\/\/kotrla.com\/pmpro\/images\/uploads\/Ostrihom_katedrala.jpg\" border=\"0\" alt=\"image\" width=\"420\" height=\"315\" \/> <\/p>\n<p>Esztergom &#8211; Ostrihom &#8211; Gran &#8211; Strigonium:<br \/>\n<a href=\"http:\/\/cs.wikipedia.org\/wiki\/Ost%26%23345%3Bihom\">http:\/\/cs.wikipedia.org\/wiki\/Ost\u0159ihom<\/a><\/p>\n","protected":false},"excerpt":{"rendered":"<p>Esztergom &#8211; Ostrihom &#8211; Gran &#8211; Strigonium: http:\/\/cs.wikipedia.org\/wiki\/Ost\u0159ihom<\/p>\n","protected":false},"author":1,"featured_media":0,"comment_status":"open","ping_status":"open","sticky":false,"template":"","format":"standard","meta":{"site-sidebar-layout":"default","site-content-layout":"","ast-site-content-layout":"default","site-content-style":"default","site-sidebar-style":"default","ast-global-header-display":"","ast-banner-title-visibility":"","ast-main-header-display":"","ast-hfb-above-header-display":"","ast-hfb-below-header-display":"","ast-hfb-mobile-header-display":"","site-post-title":"","ast-breadcrumbs-content":"","ast-featured-img":"","footer-sml-layout":"","ast-disable-related-posts":"","theme-transparent-header-meta":"","adv-header-id-meta":"","stick-header-meta":"","header-above-stick-meta":"","header-main-stick-meta":"","header-below-stick-meta":"","astra-migrate-meta-layouts":"default","ast-page-background-enabled":"default","ast-page-background-meta":{"desktop":{"background-color":"var(--ast-global-color-5)","background-image":"","background-repeat":"repeat","background-position":"center center","background-size":"auto","background-attachment":"scroll","background-type":"","background-media":"","overlay-type":"","overlay-color":"","overlay-opacity":"","overlay-gradient":""},"tablet":{"background-color":"","background-image":"","background-repeat":"repeat","background-position":"center center","background-size":"auto","background-attachment":"scroll","background-type":"","background-media":"","overlay-type":"","overlay-color":"","overlay-opacity":"","overlay-gradient":""},"mobile":{"background-color":"","background-image":"","background-repeat":"repeat","background-position":"center center","background-size":"auto","background-attachment":"scroll","background-type":"","background-media":"","overlay-type":"","overlay-color":"","overlay-opacity":"","overlay-gradient":""}},"ast-content-background-meta":{"desktop":{"background-color":"var(--ast-global-color-4)","background-image":"","background-repeat":"repeat","background-position":"center center","background-size":"auto","background-attachment":"scroll","background-type":"","background-media":"","overlay-type":"","overlay-color":"","overlay-opacity":"","overlay-gradient":""},"tablet":{"background-color":"var(--ast-global-color-4)","background-image":"","background-repeat":"repeat","background-position":"center center","background-size":"auto","background-attachment":"scroll","background-type":"","background-media":"","overlay-type":"","overlay-color":"","overlay-opacity":"","overlay-gradient":""},"mobile":{"background-color":"var(--ast-global-color-4)","background-image":"","background-repeat":"repeat","background-position":"center center","background-size":"auto","background-attachment":"scroll","background-type":"","background-media":"","overlay-type":"","overlay-color":"","overlay-opacity":"","overlay-gradient":""}},"jetpack_post_was_ever_published":false,"_jetpack_newsletter_access":"","_jetpack_dont_email_post_to_subs":false,"_jetpack_newsletter_tier_id":0,"_jetpack_memberships_contains_paywalled_content":false,"_jetpack_memberships_contains_paid_content":false,"footnotes":""},"categories":[7],"tags":[],"class_list":["post-531","post","type-post","status-publish","format-standard","hentry","category-fotografie"],"jetpack_featured_media_url":"","jetpack_shortlink":"https:\/\/wp.me\/s4mLP7-ostrihom","jetpack-related-posts":[{"id":58,"url":"https:\/\/kotrla.com\/pmpro\/2013\/02\/prvni-a-posledni-michail-arcybasev-delnik-sevyrev\/","url_meta":{"origin":531,"position":0},"title":"Prvn\u00ed a posledn\u00ed: Michail Arcyba\u0161ev &#8211; D\u011bln\u00edk \u0160evyrev","author":"Pavel Kotrla","date":"24.2.2013","format":false,"excerpt":"http:\/\/cs.wikipedia.org\/wiki\/Michail_Petrovi%C4%8D_Arcyba%C5%A1ev","rel":"","context":"V \u201e\u010cten\u00e1\u0159sk\u00fd den\u00edk\u201c","block_context":{"text":"\u010cten\u00e1\u0159sk\u00fd den\u00edk","link":"https:\/\/kotrla.com\/pmpro\/category\/ctenarsky-denik\/"},"img":{"alt_text":"Michail Arcyba\u0161ev - D\u011bln\u00edk \u0160evyrev 1","src":"https:\/\/i0.wp.com\/kotrla.com\/pmpro\/images\/uploads\/arcybysev_prvni.jpg?resize=350%2C200&ssl=1","width":350,"height":200},"classes":[]},{"id":111,"url":"https:\/\/kotrla.com\/pmpro\/2012\/02\/literarni-festival-2012-vsetin\/","url_meta":{"origin":531,"position":1},"title":"Liter\u00e1rn\u00ed festival 2012 (Vset\u00edn)","author":"Pavel Kotrla","date":"26.2.2012","format":false,"excerpt":"Vset\u00ednsk\u00fd liter\u00e1rn\u00ed festival (p\u0159\u00edpadn\u011b na Facebooku) za\u010d\u00edn\u00e1 ji\u017e ve \u010dtvrtek. V jeho r\u00e1mci uv\u00e1d\u00edm t\u0159i liter\u00e1rn\u00ed ve\u010dery. 11. 4. \u2013 Kate\u0159ina Tu\u010dkov\u00e1 http:\/\/www.katerina-tuckova.cz Autorka prozaick\u00fdch knih (Montespani\u00e1da, Vyhn\u00e1n\u00ed Gerty Schnirch, \u017d\u00edtkovsk\u00e9 bohyn\u011b) a \u0159ady odborn\u00fdch publikac\u00ed z oblasti um\u011bn\u00ed. 12. 4. \u2013 Radka Denemarkov\u00e1 - NOV\u00dd TERM\u00cdN Autorka n\u011bkolika v\u00fdrazn\u00fdch\u2026","rel":"","context":"V \u201eLiteratura\u201c","block_context":{"text":"Literatura","link":"https:\/\/kotrla.com\/pmpro\/category\/literatura\/"},"img":{"alt_text":"Liter\u00e1rn\u00ed festival 2012 (Vset\u00edn)","src":"https:\/\/i0.wp.com\/kotrla.com\/pmpro\/images\/uploads\/literarni_festival_vsetin_2012.jpg?resize=350%2C200&ssl=1","width":350,"height":200},"classes":[]},{"id":2258,"url":"https:\/\/kotrla.com\/pmpro\/2014\/12\/tove-janssonova-podzimni-pisen\/","url_meta":{"origin":531,"position":2},"title":"Tove Janssonov\u00e1: Podzimn\u00ed p\u00edse\u0148","author":"Pavel Kotrla","date":"14.12.2014","format":false,"excerpt":"Tove Janssonov\u00e1 je dob\u0159e zn\u00e1m\u00e1 jako autorka slavn\u00fdch Mum\u00ednk\u016f. U\u017e m\u00e9n\u011b se v\u00ed, \u017ee byla i autorkou \u00fasp\u011b\u0161n\u00fdch p\u00eds\u0148ov\u00fdch text\u016f. Kdybych ne\u010detl Enquistovu Knihu podobenstv\u00ed, kterou jsem u\u017e na Twitteru doporu\u010doval a nyn\u00ed mohu jenom zopakovat, tak by mi tato skute\u010dnost asi tak\u00e9 unikla. V jedn\u00e9 z nejsiln\u011bj\u0161\u00edch sc\u00e9n knihy\u2026","rel":"","context":"V \u201eLiteratura\u201c","block_context":{"text":"Literatura","link":"https:\/\/kotrla.com\/pmpro\/category\/literatura\/"},"img":{"alt_text":"","src":"","width":0,"height":0},"classes":[]},{"id":577,"url":"https:\/\/kotrla.com\/pmpro\/2006\/04\/konference-u-prilezitosti-75-narozenin-mojmira-travnicka\/","url_meta":{"origin":531,"position":3},"title":"Konference u p\u0159\u00edle\u017eitosti 75. narozenin Mojm\u00edra Tr\u00e1vn\u00ed\u010dka","author":"Pavel Kotrla","date":"9.4.2006","format":false,"excerpt":"Ve dnech 18. - 19. 10. 2006 se m\u00e1 konat na vset\u00ednsk\u00e9m z\u00e1mku konference u p\u0159\u00edle\u017eitosti 75. narozenin Mojm\u00edra Tr\u00e1vn\u00ed\u010dka, kterou organizuje kamar\u00e1d a redak\u010dn\u00ed kolega Jakub Chrob\u00e1k. P\u0159\u00edli\u0161 informac\u00ed \u010desk\u00fd internet o tomto v\u00fdznamn\u00e9m editorovi, recenzentovi a liter\u00e1rn\u00edm historikovi nenab\u00edz\u00ed. Jo, knihy jsou st\u00e1le knihy. Ale nakonec mne to\u2026","rel":"","context":"V \u201eLiteratura\u201c","block_context":{"text":"Literatura","link":"https:\/\/kotrla.com\/pmpro\/category\/literatura\/"},"img":{"alt_text":"Mojm\u00edr Tr\u00e1vn\u00ed\u010dek","src":"https:\/\/i0.wp.com\/kotrla.com\/pmpro\/images\/uploads\/mojmir_travnicek.jpg?resize=350%2C200&ssl=1","width":350,"height":200},"classes":[]},{"id":596,"url":"https:\/\/kotrla.com\/pmpro\/2006\/03\/darek-od-mamuta\/","url_meta":{"origin":531,"position":4},"title":"D\u00e1rek od Mamuta","author":"Pavel Kotrla","date":"15.3.2006","format":false,"excerpt":"Na stoln\u00edch deskov\u00fdch hr\u00e1ch jsem m\u00edrn\u011b z\u00e1visl\u00fd. Rad\u011bji ne\u017e \u0161achy m\u00e1m d\u00e1mu, vrchc\u00e1by, n\u011bkdy go. A taky jednu hru, kterou jsem a\u017e do minul\u00e9ho t\u00fddne musel hr\u00e1t akor\u00e1t proti po\u010d\u00edta\u010di. A to nen\u00ed ono. Nakonec mi ud\u011blal radost Mamut. Dokonce mi pod\u011bkoval za n\u00e1v\u0161t\u011bvu jeskyn\u011b. Jen tak mi to p\u0159ipomenulo,\u2026","rel":"","context":"V \u201eOsobn\u00ed\u201c","block_context":{"text":"Osobn\u00ed","link":"https:\/\/kotrla.com\/pmpro\/category\/osobni\/"},"img":{"alt_text":"image","src":"https:\/\/i0.wp.com\/kotrla.com\/pmpro\/images\/uploads\/mankala.jpg?resize=350%2C200&ssl=1","width":350,"height":200},"classes":[]},{"id":216,"url":"https:\/\/kotrla.com\/pmpro\/2010\/04\/nespojity-zivot-nespojity-svet\/","url_meta":{"origin":531,"position":5},"title":"Nespojit\u00fd \u017eivot, nespojit\u00fd sv\u011bt","author":"Pavel Kotrla","date":"9.4.2010","format":false,"excerpt":"Minul\u00e9 \u010d\u00edslo Tvaru, z 18. 3., mne pot\u011b\u0161ilo, p\u0159esto\u017ee literatu\u0159e bylo v\u011bnov\u00e1no zd\u00e1nliv\u011b okrajov\u011b. Hlavn\u00edm t\u00e9matem byla diskuze okolo mo\u017en\u00e9ho zaveden\u00ed nov\u00e9ho vzoru p\u00edsma do v\u00fduky. St\u00e1vaj\u00edc\u00ed p\u0159edloha, kter\u00e1 sice nen\u00ed ide\u00e1ln\u00ed, tedy ta, kterou se ro\u010dn\u00edky v\u011bkov\u011b mn\u011b bl\u00edzk\u00e9 u\u010dily ps\u00e1t v prvn\u00ed a druh\u00e9 t\u0159\u00edd\u011b, vy mohla b\u00fdt\u2026","rel":"","context":"V \u201eLiteratura\u201c","block_context":{"text":"Literatura","link":"https:\/\/kotrla.com\/pmpro\/category\/literatura\/"},"img":{"alt_text":"Comenia Script","src":"https:\/\/i0.wp.com\/kotrla.com\/pmpro\/images\/uploads\/comenia_script.gif?resize=350%2C200&ssl=1","width":350,"height":200},"classes":[]}],"jetpack_sharing_enabled":true,"_links":{"self":[{"href":"https:\/\/kotrla.com\/pmpro\/wp-json\/wp\/v2\/posts\/531","targetHints":{"allow":["GET"]}}],"collection":[{"href":"https:\/\/kotrla.com\/pmpro\/wp-json\/wp\/v2\/posts"}],"about":[{"href":"https:\/\/kotrla.com\/pmpro\/wp-json\/wp\/v2\/types\/post"}],"author":[{"embeddable":true,"href":"https:\/\/kotrla.com\/pmpro\/wp-json\/wp\/v2\/users\/1"}],"replies":[{"embeddable":true,"href":"https:\/\/kotrla.com\/pmpro\/wp-json\/wp\/v2\/comments?post=531"}],"version-history":[{"count":0,"href":"https:\/\/kotrla.com\/pmpro\/wp-json\/wp\/v2\/posts\/531\/revisions"}],"wp:attachment":[{"href":"https:\/\/kotrla.com\/pmpro\/wp-json\/wp\/v2\/media?parent=531"}],"wp:term":[{"taxonomy":"category","embeddable":true,"href":"https:\/\/kotrla.com\/pmpro\/wp-json\/wp\/v2\/categories?post=531"},{"taxonomy":"post_tag","embeddable":true,"href":"https:\/\/kotrla.com\/pmpro\/wp-json\/wp\/v2\/tags?post=531"}],"curies":[{"name":"wp","href":"https:\/\/api.w.org\/{rel}","templated":true}]}}