{"id":534,"date":"2006-08-04T19:51:00","date_gmt":"2006-08-04T18:51:00","guid":{"rendered":"http:\/\/kotrla.com\/wordpress\/?p=534"},"modified":"2019-11-20T22:33:10","modified_gmt":"2019-11-20T21:33:10","slug":"valasske-baroko","status":"publish","type":"post","link":"https:\/\/kotrla.com\/pmpro\/2006\/08\/valasske-baroko\/","title":{"rendered":"Vala\u0161sk\u00e9 baroko"},"content":{"rendered":"<p><img loading=\"lazy\" decoding=\"async\" src=\"https:\/\/kotrla.com\/pmpro\/images\/uploads\/valasske-baroko.jpg\" border=\"0\" alt=\"Vala\u0161sk\u00e9 baroko\" width=\"420\" height=\"315\" \/> <\/p>\n<p>M\u016f\u017eete h\u00e1dat kde. \ud83d\ude09<\/p>\n","protected":false},"excerpt":{"rendered":"<p>M\u016f\u017eete h\u00e1dat kde. \ud83d\ude09<\/p>\n","protected":false},"author":1,"featured_media":0,"comment_status":"open","ping_status":"open","sticky":false,"template":"","format":"standard","meta":{"site-sidebar-layout":"default","site-content-layout":"","ast-site-content-layout":"default","site-content-style":"default","site-sidebar-style":"default","ast-global-header-display":"","ast-banner-title-visibility":"","ast-main-header-display":"","ast-hfb-above-header-display":"","ast-hfb-below-header-display":"","ast-hfb-mobile-header-display":"","site-post-title":"","ast-breadcrumbs-content":"","ast-featured-img":"","footer-sml-layout":"","ast-disable-related-posts":"","theme-transparent-header-meta":"","adv-header-id-meta":"","stick-header-meta":"","header-above-stick-meta":"","header-main-stick-meta":"","header-below-stick-meta":"","astra-migrate-meta-layouts":"default","ast-page-background-enabled":"default","ast-page-background-meta":{"desktop":{"background-color":"var(--ast-global-color-5)","background-image":"","background-repeat":"repeat","background-position":"center center","background-size":"auto","background-attachment":"scroll","background-type":"","background-media":"","overlay-type":"","overlay-color":"","overlay-opacity":"","overlay-gradient":""},"tablet":{"background-color":"","background-image":"","background-repeat":"repeat","background-position":"center center","background-size":"auto","background-attachment":"scroll","background-type":"","background-media":"","overlay-type":"","overlay-color":"","overlay-opacity":"","overlay-gradient":""},"mobile":{"background-color":"","background-image":"","background-repeat":"repeat","background-position":"center center","background-size":"auto","background-attachment":"scroll","background-type":"","background-media":"","overlay-type":"","overlay-color":"","overlay-opacity":"","overlay-gradient":""}},"ast-content-background-meta":{"desktop":{"background-color":"var(--ast-global-color-4)","background-image":"","background-repeat":"repeat","background-position":"center center","background-size":"auto","background-attachment":"scroll","background-type":"","background-media":"","overlay-type":"","overlay-color":"","overlay-opacity":"","overlay-gradient":""},"tablet":{"background-color":"var(--ast-global-color-4)","background-image":"","background-repeat":"repeat","background-position":"center center","background-size":"auto","background-attachment":"scroll","background-type":"","background-media":"","overlay-type":"","overlay-color":"","overlay-opacity":"","overlay-gradient":""},"mobile":{"background-color":"var(--ast-global-color-4)","background-image":"","background-repeat":"repeat","background-position":"center center","background-size":"auto","background-attachment":"scroll","background-type":"","background-media":"","overlay-type":"","overlay-color":"","overlay-opacity":"","overlay-gradient":""}},"jetpack_post_was_ever_published":false,"_jetpack_newsletter_access":"","_jetpack_dont_email_post_to_subs":false,"_jetpack_newsletter_tier_id":0,"_jetpack_memberships_contains_paywalled_content":false,"_jetpack_memberships_contains_paid_content":false,"footnotes":""},"categories":[7],"tags":[],"class_list":["post-534","post","type-post","status-publish","format-standard","hentry","category-fotografie"],"jetpack_featured_media_url":"","jetpack_shortlink":"https:\/\/wp.me\/p4mLP7-8C","jetpack-related-posts":[{"id":3806,"url":"https:\/\/kotrla.com\/pmpro\/2018\/08\/valasske-mezirici-se-dockalo-novych-dejin\/","url_meta":{"origin":534,"position":0},"title":"Vala\u0161sk\u00e9 Mezi\u0159\u00ed\u010d\u00ed se do\u010dkalo nov\u00fdch d\u011bjin","author":"Pavel Kotrla","date":"22.8.2018","format":false,"excerpt":"Trvalo to sice o cosi d\u00e9le, ne\u017e se p\u0159edpokl\u00e1dalo, ale i Vala\u0161sk\u00e9 Mezi\u0159\u00ed\u010d\u00ed se do\u010dkalo sv\u00fdch nov\u00fdch d\u011bjin m\u011bsta. Rozpracovan\u00e9 d\u00edlo, jeho\u017e vznik p\u0159eru\u0161ila smrt, p\u0159evzal po sv\u00e9m otci Ladislavu Baletkovi syn Tom\u00e1\u0161, takt\u00e9\u017e \u0159editel St\u00e1tn\u00edho okresn\u00edho archivu Vset\u00edn. Ten ke spolupr\u00e1ci p\u0159izval je\u0161t\u011b Zde\u0148ka Pomklu a Evu \u010cerm\u00e1kovou, kter\u00e9\u2026","rel":"","context":"V \u201eFotografie\u201c","block_context":{"text":"Fotografie","link":"https:\/\/kotrla.com\/pmpro\/category\/fotografie\/"},"img":{"alt_text":"","src":"https:\/\/i0.wp.com\/kotrla.com\/pmpro\/wp-content\/uploads\/2018\/08\/robert_strzinek_tomas_baletka_IMGP5629-150x150.jpg?resize=350%2C200&ssl=1","width":350,"height":200,"srcset":"https:\/\/i0.wp.com\/kotrla.com\/pmpro\/wp-content\/uploads\/2018\/08\/robert_strzinek_tomas_baletka_IMGP5629-150x150.jpg?resize=350%2C200&ssl=1 1x, https:\/\/i0.wp.com\/kotrla.com\/pmpro\/wp-content\/uploads\/2018\/08\/robert_strzinek_tomas_baletka_IMGP5629-150x150.jpg?resize=525%2C300&ssl=1 1.5x, https:\/\/i0.wp.com\/kotrla.com\/pmpro\/wp-content\/uploads\/2018\/08\/robert_strzinek_tomas_baletka_IMGP5629-150x150.jpg?resize=700%2C400&ssl=1 2x, https:\/\/i0.wp.com\/kotrla.com\/pmpro\/wp-content\/uploads\/2018\/08\/robert_strzinek_tomas_baletka_IMGP5629-150x150.jpg?resize=1050%2C600&ssl=1 3x, https:\/\/i0.wp.com\/kotrla.com\/pmpro\/wp-content\/uploads\/2018\/08\/robert_strzinek_tomas_baletka_IMGP5629-150x150.jpg?resize=1400%2C800&ssl=1 4x"},"classes":[]},{"id":2587,"url":"https:\/\/kotrla.com\/pmpro\/2015\/10\/autorska-cteni-jiriho-hajicka-a-tyden-knihoven\/","url_meta":{"origin":534,"position":1},"title":"Autorsk\u00e1 \u010dten\u00ed Ji\u0159\u00edho H\u00e1j\u00ed\u010dka a T\u00fdden knihoven","author":"Pavel Kotrla","date":"1.10.2015","format":false,"excerpt":"Ji\u0159\u00ed H\u00e1j\u00ed\u010dek\u00a0je\u00a0\u010desk\u00fd prozaik, dvojn\u00e1sobn\u00fd dr\u017eitel ocen\u011bn\u00ed Magnesia Litera za sv\u00e9 rom\u00e1ny Selsk\u00fd baroko a Ryb\u00ed krev, kter\u00e1 se stala knihou roku 2013. Srde\u010dn\u011b zvu na jeho \u0161\u0148\u016fru autorsk\u00fdch \u010dten\u00ed, zvl\u00e1\u0161t\u011b pak do Vset\u00edna a do Zl\u00edna, kde budu ve\u010dery moderovat. M\u011bstsk\u00e1 knihovna Hodon\u00edn \u2013\u00a05. 10. 2015, od 17:00 hod. M\u011bstsk\u00e1\u2026","rel":"","context":"V \u201eLiteratura\u201c","block_context":{"text":"Literatura","link":"https:\/\/kotrla.com\/pmpro\/category\/literatura\/"},"img":{"alt_text":"","src":"https:\/\/i0.wp.com\/kotrla.com\/pmpro\/wp-content\/uploads\/2014\/03\/jiri_hajicek2.jpg?resize=350%2C200&ssl=1","width":350,"height":200,"srcset":"https:\/\/i0.wp.com\/kotrla.com\/pmpro\/wp-content\/uploads\/2014\/03\/jiri_hajicek2.jpg?resize=350%2C200&ssl=1 1x, https:\/\/i0.wp.com\/kotrla.com\/pmpro\/wp-content\/uploads\/2014\/03\/jiri_hajicek2.jpg?resize=525%2C300&ssl=1 1.5x, https:\/\/i0.wp.com\/kotrla.com\/pmpro\/wp-content\/uploads\/2014\/03\/jiri_hajicek2.jpg?resize=700%2C400&ssl=1 2x, https:\/\/i0.wp.com\/kotrla.com\/pmpro\/wp-content\/uploads\/2014\/03\/jiri_hajicek2.jpg?resize=1050%2C600&ssl=1 3x"},"classes":[]},{"id":12237,"url":"https:\/\/kotrla.com\/pmpro\/2024\/11\/vytrzeno\/","url_meta":{"origin":534,"position":2},"title":"Vytr\u017eeno&#8230;","author":"Pavel Kotrla","date":"20.11.2024","format":false,"excerpt":"Vytr\u017eeno z kontextu rozpracovan\u00e9 autorsk\u00e9 knihy m\u00e9 obl\u00edben\u00e9 v\u00fdtvarnice Janyzapy. Pobavilo :) R\u00e1d jsem si ji prolistoval. T\u0159eba taky \u010dasem n\u011bco... A\u017e do 8. 12. m\u016f\u017eete nav\u0161t\u00edvit v\u00fdstavu ve vset\u00ednsk\u00e9m kin\u011b Vatra, kde najdete i jej\u00ed pr\u00e1ce.","rel":"","context":"V \u201eFotografie\u201c","block_context":{"text":"Fotografie","link":"https:\/\/kotrla.com\/pmpro\/category\/fotografie\/"},"img":{"alt_text":"","src":"https:\/\/i0.wp.com\/kotrla.com\/pmpro\/wp-content\/uploads\/2024\/11\/IMGP5019bw.jpg?resize=350%2C200&ssl=1","width":350,"height":200,"srcset":"https:\/\/i0.wp.com\/kotrla.com\/pmpro\/wp-content\/uploads\/2024\/11\/IMGP5019bw.jpg?resize=350%2C200&ssl=1 1x, https:\/\/i0.wp.com\/kotrla.com\/pmpro\/wp-content\/uploads\/2024\/11\/IMGP5019bw.jpg?resize=525%2C300&ssl=1 1.5x, https:\/\/i0.wp.com\/kotrla.com\/pmpro\/wp-content\/uploads\/2024\/11\/IMGP5019bw.jpg?resize=700%2C400&ssl=1 2x, https:\/\/i0.wp.com\/kotrla.com\/pmpro\/wp-content\/uploads\/2024\/11\/IMGP5019bw.jpg?resize=1050%2C600&ssl=1 3x, https:\/\/i0.wp.com\/kotrla.com\/pmpro\/wp-content\/uploads\/2024\/11\/IMGP5019bw.jpg?resize=1400%2C800&ssl=1 4x"},"classes":[]},{"id":473,"url":"https:\/\/kotrla.com\/pmpro\/2007\/03\/julio-cortazar-vyherci\/","url_meta":{"origin":534,"position":3},"title":"Julio Cort\u00e1zar: V\u00fdherci","author":"Pavel Kotrla","date":"16.3.2007","format":false,"excerpt":"\u010cekali jsme dlouho, ale je kone\u010dn\u011b tu! Dosud \u010desky nepublikovan\u00fd rom\u00e1n Julia Cort\u00e1zara V\u00fdherci vy\u0161el ve skv\u011bl\u00e9 edici Transatlantika nakladatelstv\u00ed Garamond. A proto\u017ee jeden vala\u0161sk\u00fd borec je p\u0159ece jenom zcestovalej\u0161\u00ed, m\u016f\u017eete si na jeho fotk\u00e1ch prohl\u00e9dnout kav\u00e1rnu Lond\u00fdn, kde se odehr\u00e1v\u00e1 po\u010d\u00e1tek d\u011bje knihy a kde ji tak\u00e9 Cort\u00e1zar \u010d\u00e1ste\u010dn\u011b\u2026","rel":"","context":"V \u201eFotografie\u201c","block_context":{"text":"Fotografie","link":"https:\/\/kotrla.com\/pmpro\/category\/fotografie\/"},"img":{"alt_text":"Julio Cort\u00e1zar: V\u00fdherci","src":"https:\/\/i0.wp.com\/kotrla.com\/pmpro\/images\/uploads\/julio_cortazar_vyherci.gif?resize=350%2C200&ssl=1","width":350,"height":200},"classes":[]},{"id":1324,"url":"https:\/\/kotrla.com\/pmpro\/2003\/06\/ladislav-krajca-zelene-nebe\/","url_meta":{"origin":534,"position":4},"title":"Ladislav Kraj\u010da &#8211; Zelen\u00e9 nebe","author":"Pavel Kotrla","date":"11.6.2003","format":false,"excerpt":"Cesta p\u011b\u0161ky v parn\u00e9m odpoledni byla \u00fachvatn\u00e1. \u010cek\u00e1n\u00ed na autobus je\u0161t\u011b \u00fachvatn\u011bj\u0161\u00ed. Na\u0161t\u011bst\u00ed mne rozpt\u00fdlily n\u00e1pisy na zast\u00e1vce a nov\u00e9 plak\u00e1ty. A ejhle! Na jednom z nich je i jm\u00e9no Ladislava Kraj\u010di. V pr\u016fb\u011bhu hudebn\u00edho festivalu (19. 6. - 21. 6.) \u201eVala\u0161sk\u00fd \u0161pal\u00ed\u010dek 2003\u201c bude ve vala\u0161skomezi\u0159\u00ed\u010dsk\u00e9m M-klubu vystavovat dokument\u00e1rn\u00ed\u2026","rel":"","context":"V \u201eNeza\u0159azen\u00e9\u201c","block_context":{"text":"Neza\u0159azen\u00e9","link":"https:\/\/kotrla.com\/pmpro\/category\/nezarazene\/"},"img":{"alt_text":"","src":"","width":0,"height":0},"classes":[]},{"id":10838,"url":"https:\/\/kotrla.com\/pmpro\/2023\/09\/zuzana-kultanova-spisovatele-do-knihoven\/","url_meta":{"origin":534,"position":5},"title":"Zuzana Kult\u00e1nov\u00e1 (Spisovatel\u00e9 do knihoven)","author":"Pavel Kotrla","date":"20.9.2023","format":false,"excerpt":"Tak\u00e9 v leto\u0161n\u00edm roce pokra\u010duje projekt Asociace spisovatel\u016f Spisovatel\u00e9 do knihoven. Jednou ze zapojen\u00fdch knihoven je i M\u011bstsk\u00e1 knihovna Vala\u0161sk\u00e9 Mezi\u0159\u00ed\u010d\u00ed, kde se v\u010dera uskute\u010dnilo prvn\u00ed \u010dten\u00ed a beseda z cyklu. Hostem byla tentokr\u00e1t Zuzana Kult\u00e1nov\u00e1, autorka pr\u00f3z Augustin Zimmermann (2016) a Zp\u00edv\u00e1\u0161 jako bys plakala (2022). Je to u\u017e\u2026","rel":"","context":"V \u201eFotografie\u201c","block_context":{"text":"Fotografie","link":"https:\/\/kotrla.com\/pmpro\/category\/fotografie\/"},"img":{"alt_text":"","src":"https:\/\/i0.wp.com\/kotrla.com\/pmpro\/wp-content\/uploads\/2023\/09\/zuzana_kultanova_IMGP9489-150x150.jpg?resize=350%2C200&ssl=1","width":350,"height":200,"srcset":"https:\/\/i0.wp.com\/kotrla.com\/pmpro\/wp-content\/uploads\/2023\/09\/zuzana_kultanova_IMGP9489-150x150.jpg?resize=350%2C200&ssl=1 1x, https:\/\/i0.wp.com\/kotrla.com\/pmpro\/wp-content\/uploads\/2023\/09\/zuzana_kultanova_IMGP9489-150x150.jpg?resize=525%2C300&ssl=1 1.5x, https:\/\/i0.wp.com\/kotrla.com\/pmpro\/wp-content\/uploads\/2023\/09\/zuzana_kultanova_IMGP9489-150x150.jpg?resize=700%2C400&ssl=1 2x, https:\/\/i0.wp.com\/kotrla.com\/pmpro\/wp-content\/uploads\/2023\/09\/zuzana_kultanova_IMGP9489-150x150.jpg?resize=1050%2C600&ssl=1 3x, https:\/\/i0.wp.com\/kotrla.com\/pmpro\/wp-content\/uploads\/2023\/09\/zuzana_kultanova_IMGP9489-150x150.jpg?resize=1400%2C800&ssl=1 4x"},"classes":[]}],"jetpack_sharing_enabled":true,"_links":{"self":[{"href":"https:\/\/kotrla.com\/pmpro\/wp-json\/wp\/v2\/posts\/534","targetHints":{"allow":["GET"]}}],"collection":[{"href":"https:\/\/kotrla.com\/pmpro\/wp-json\/wp\/v2\/posts"}],"about":[{"href":"https:\/\/kotrla.com\/pmpro\/wp-json\/wp\/v2\/types\/post"}],"author":[{"embeddable":true,"href":"https:\/\/kotrla.com\/pmpro\/wp-json\/wp\/v2\/users\/1"}],"replies":[{"embeddable":true,"href":"https:\/\/kotrla.com\/pmpro\/wp-json\/wp\/v2\/comments?post=534"}],"version-history":[{"count":0,"href":"https:\/\/kotrla.com\/pmpro\/wp-json\/wp\/v2\/posts\/534\/revisions"}],"wp:attachment":[{"href":"https:\/\/kotrla.com\/pmpro\/wp-json\/wp\/v2\/media?parent=534"}],"wp:term":[{"taxonomy":"category","embeddable":true,"href":"https:\/\/kotrla.com\/pmpro\/wp-json\/wp\/v2\/categories?post=534"},{"taxonomy":"post_tag","embeddable":true,"href":"https:\/\/kotrla.com\/pmpro\/wp-json\/wp\/v2\/tags?post=534"}],"curies":[{"name":"wp","href":"https:\/\/api.w.org\/{rel}","templated":true}]}}