{"id":538,"date":"2006-07-21T10:54:00","date_gmt":"2006-07-21T09:54:00","guid":{"rendered":"http:\/\/kotrla.com\/wordpress\/?p=538"},"modified":"2019-11-20T22:33:10","modified_gmt":"2019-11-20T21:33:10","slug":"oddechovy-cas-michala-viewegha","status":"publish","type":"post","link":"https:\/\/kotrla.com\/pmpro\/2006\/07\/oddechovy-cas-michala-viewegha\/","title":{"rendered":"Oddechov\u00fd \u010das Michala Viewegha"},"content":{"rendered":"<p><img loading=\"lazy\" decoding=\"async\" src=\"https:\/\/kotrla.com\/pmpro\/images\/uploads\/viewegh_denik.jpg\" border=\"0\" alt=\"image\" width=\"104\" height=\"150\" align=\"right\" \/>Moje recenze z T\u00fdden\u00edku Rozhlas na port\u00e1lu \u010cesk\u00e9ho rozhlasu: <br \/>\n<a href=\"http:\/\/www.rozhlas.cz\/kultura\/literatura\/_zprava\/261227\">http:\/\/www.rozhlas.cz\/kultura\/literatura\/_zprava\/261227<\/a><\/p>\n<p>Jsou prost\u011b kn\u00ed\u017eky, do jejich\u017e do\u010dten\u00ed se mus\u00edte nutit. Bohu\u017eel, toto byla jedna z nich.<\/p>\n","protected":false},"excerpt":{"rendered":"<p>Moje recenze z T\u00fdden\u00edku Rozhlas na port\u00e1lu \u010cesk\u00e9ho rozhlasu: http:\/\/www.rozhlas.cz\/kultura\/literatura\/_zprava\/261227 Jsou prost\u011b kn\u00ed\u017eky, do jejich\u017e do\u010dten\u00ed se mus\u00edte nutit. Bohu\u017eel, toto byla jedna z nich.<\/p>\n","protected":false},"author":1,"featured_media":0,"comment_status":"open","ping_status":"open","sticky":false,"template":"","format":"standard","meta":{"site-sidebar-layout":"default","site-content-layout":"","ast-site-content-layout":"default","site-content-style":"default","site-sidebar-style":"default","ast-global-header-display":"","ast-banner-title-visibility":"","ast-main-header-display":"","ast-hfb-above-header-display":"","ast-hfb-below-header-display":"","ast-hfb-mobile-header-display":"","site-post-title":"","ast-breadcrumbs-content":"","ast-featured-img":"","footer-sml-layout":"","ast-disable-related-posts":"","theme-transparent-header-meta":"","adv-header-id-meta":"","stick-header-meta":"","header-above-stick-meta":"","header-main-stick-meta":"","header-below-stick-meta":"","astra-migrate-meta-layouts":"default","ast-page-background-enabled":"default","ast-page-background-meta":{"desktop":{"background-color":"var(--ast-global-color-5)","background-image":"","background-repeat":"repeat","background-position":"center center","background-size":"auto","background-attachment":"scroll","background-type":"","background-media":"","overlay-type":"","overlay-color":"","overlay-opacity":"","overlay-gradient":""},"tablet":{"background-color":"","background-image":"","background-repeat":"repeat","background-position":"center center","background-size":"auto","background-attachment":"scroll","background-type":"","background-media":"","overlay-type":"","overlay-color":"","overlay-opacity":"","overlay-gradient":""},"mobile":{"background-color":"","background-image":"","background-repeat":"repeat","background-position":"center center","background-size":"auto","background-attachment":"scroll","background-type":"","background-media":"","overlay-type":"","overlay-color":"","overlay-opacity":"","overlay-gradient":""}},"ast-content-background-meta":{"desktop":{"background-color":"var(--ast-global-color-4)","background-image":"","background-repeat":"repeat","background-position":"center center","background-size":"auto","background-attachment":"scroll","background-type":"","background-media":"","overlay-type":"","overlay-color":"","overlay-opacity":"","overlay-gradient":""},"tablet":{"background-color":"var(--ast-global-color-4)","background-image":"","background-repeat":"repeat","background-position":"center center","background-size":"auto","background-attachment":"scroll","background-type":"","background-media":"","overlay-type":"","overlay-color":"","overlay-opacity":"","overlay-gradient":""},"mobile":{"background-color":"var(--ast-global-color-4)","background-image":"","background-repeat":"repeat","background-position":"center center","background-size":"auto","background-attachment":"scroll","background-type":"","background-media":"","overlay-type":"","overlay-color":"","overlay-opacity":"","overlay-gradient":""}},"jetpack_post_was_ever_published":false,"_jetpack_newsletter_access":"","_jetpack_dont_email_post_to_subs":false,"_jetpack_newsletter_tier_id":0,"_jetpack_memberships_contains_paywalled_content":false,"_jetpack_memberships_contains_paid_content":false,"footnotes":""},"categories":[13],"tags":[],"class_list":["post-538","post","type-post","status-publish","format-standard","hentry","category-recenze"],"jetpack_featured_media_url":"","jetpack_shortlink":"https:\/\/wp.me\/p4mLP7-8G","jetpack-related-posts":[{"id":1132,"url":"https:\/\/kotrla.com\/pmpro\/2003\/12\/recenze-odjinud\/","url_meta":{"origin":538,"position":0},"title":"Recenze odjinud","author":"Pavel Kotrla","date":"15.12.2003","format":false,"excerpt":"Tentokr\u00e1t ze str\u00e1nek iliteratury. Nejprve na knihu, kter\u00e1 mne nadchla a o kter\u00e9 jsem se zmi\u0148oval aspo\u0148 p\u0159\u00e1tel\u016fm. Jana Hol\u00e1 - Niemi, Mikael: Popmusic z Vittuly. Druh\u00e1 upout\u00e1vka je na recenzi m\u00e9ho kamar\u00e1da Ren\u00e9ho Ko\u010d\u00edka (Andruchovy\u010d, Jurij: Dvan\u00e1ct obru\u010d\u00ed - dal\u0161\u00ed skand\u00e1l ukrajinsk\u00e9 literatury). Hlavn\u011b proto, \u017ee v\u00edm, jak t\u011b\u017ek\u00e9\u2026","rel":"","context":"V \u201eNeza\u0159azen\u00e9\u201c","block_context":{"text":"Neza\u0159azen\u00e9","link":"https:\/\/kotrla.com\/pmpro\/category\/nezarazene\/"},"img":{"alt_text":"","src":"","width":0,"height":0},"classes":[]},{"id":631,"url":"https:\/\/kotrla.com\/pmpro\/2006\/01\/petra-hulova-potreti\/","url_meta":{"origin":538,"position":1},"title":"Petra H\u016flov\u00e1 pot\u0159et\u00ed","author":"Pavel Kotrla","date":"7.1.2006","format":false,"excerpt":"Posledn\u00ed kniha Petry H\u016flov\u00e9 pozb\u00edrala v anket\u011b Lidov\u00fdch novin Kniha roku 2005 n\u011bjak\u00e9 ty hlasy. Mate mne pro\u010d. J\u00e1 z t\u00e9 knihy odv\u00e1zan\u00fd nebyl, viz aktu\u00e1ln\u011b moje recenze na port\u00e1lu \u010cesk\u00e9ho rozhlasu. Nev\u00edm, ale m\u00e1m takov\u00fd utkv\u011bl\u00fd pocit, \u017ee tuto knihu u\u017e podruh\u00e9 \u010d\u00edst nebudu.","rel":"","context":"V \u201eRecenze\u201c","block_context":{"text":"Recenze","link":"https:\/\/kotrla.com\/pmpro\/category\/recenze\/"},"img":{"alt_text":"Petra H\u016flov\u00e1: Cirkus Les M\u00e9moires ","src":"https:\/\/i0.wp.com\/kotrla.com\/pmpro\/images\/uploads\/hulova_cirkus.jpg?resize=350%2C200&ssl=1","width":350,"height":200},"classes":[]},{"id":660,"url":"https:\/\/kotrla.com\/pmpro\/2005\/11\/recenze-recenze\/","url_meta":{"origin":538,"position":2},"title":"Recenze, recenze","author":"Pavel Kotrla","date":"2.11.2005","format":false,"excerpt":"Tak jsem se po del\u0161\u00ed dob\u011b dokopal k aktualizaci str\u00e1nek recenz\u00ed: http:\/\/recenze.kotrla.com\/ N\u011bco m\u00e1lo p\u0159ibylo :)","rel":"","context":"V \u201eRecenze\u201c","block_context":{"text":"Recenze","link":"https:\/\/kotrla.com\/pmpro\/category\/recenze\/"},"img":{"alt_text":"","src":"","width":0,"height":0},"classes":[]},{"id":1317,"url":"https:\/\/kotrla.com\/pmpro\/2003\/06\/dvakrat-z-vetrnych-mlynu\/","url_meta":{"origin":538,"position":3},"title":"Dvakr\u00e1t z V\u011btrn\u00fdch ml\u00fdn\u016f","author":"Pavel Kotrla","date":"17.6.2003","format":false,"excerpt":"Moje recenze pro T\u00fdden\u00edk Rozhlas na knihy Karla \u0160krabala (1969) a Tom\u00e1\u0161e P\u0159idala (1968) http:\/\/www.rozhlas.cz\/kultura\/portal\/_zprava\/77517","rel":"","context":"V \u201eNeza\u0159azen\u00e9\u201c","block_context":{"text":"Neza\u0159azen\u00e9","link":"https:\/\/kotrla.com\/pmpro\/category\/nezarazene\/"},"img":{"alt_text":"","src":"","width":0,"height":0},"classes":[]},{"id":1072,"url":"https:\/\/kotrla.com\/pmpro\/2004\/02\/co-nabidnou-texty-32\/","url_meta":{"origin":538,"position":4},"title":"Co nab\u00eddnou Texty 32","author":"Pavel Kotrla","date":"21.2.2004","format":false,"excerpt":"Po osmi letech fini\u0161ujeme s vyd\u00e1n\u00edm dal\u0161\u00edho zimn\u00edho \u010d\u00edsla. Vlastn\u011b u\u017e kr\u00e1\u010d\u00edme do tisk\u00e1rny. Tak\u017ee v Textech \u010d. 32 najdete n\u00e1sleduj\u00edc\u00ed: Rozhovor Martina \u0160kabrahy s Janem F. Ulrychem o kultu\u0159e a jazyce Lakot\u016f Pr\u00f3za \u0160t\u011bp\u00e1na Ku\u010dery B\u00e1sn\u011b Gabriela Plesky a b\u00e1sn\u011b ze vset\u00ednsk\u00e9 sout\u011b\u017ee Talent ze \u0161upl\u00edku Z p\u0159eklad\u016f to\u2026","rel":"","context":"V \u201eNeza\u0159azen\u00e9\u201c","block_context":{"text":"Neza\u0159azen\u00e9","link":"https:\/\/kotrla.com\/pmpro\/category\/nezarazene\/"},"img":{"alt_text":"","src":"","width":0,"height":0},"classes":[]},{"id":994,"url":"https:\/\/kotrla.com\/pmpro\/2004\/06\/aktualizace-stranek-aluze\/","url_meta":{"origin":538,"position":5},"title":"Aktualizace str\u00e1nek Aluze","author":"Pavel Kotrla","date":"3.6.2004","format":false,"excerpt":"Nov\u011b na str\u00e1nk\u00e1ch naleznete kompletn\u00ed recenze a glosy z \u010d\u00edsel 3\/2002 a 1\/2003.","rel":"","context":"V \u201eNeza\u0159azen\u00e9\u201c","block_context":{"text":"Neza\u0159azen\u00e9","link":"https:\/\/kotrla.com\/pmpro\/category\/nezarazene\/"},"img":{"alt_text":"","src":"","width":0,"height":0},"classes":[]}],"jetpack_sharing_enabled":true,"_links":{"self":[{"href":"https:\/\/kotrla.com\/pmpro\/wp-json\/wp\/v2\/posts\/538","targetHints":{"allow":["GET"]}}],"collection":[{"href":"https:\/\/kotrla.com\/pmpro\/wp-json\/wp\/v2\/posts"}],"about":[{"href":"https:\/\/kotrla.com\/pmpro\/wp-json\/wp\/v2\/types\/post"}],"author":[{"embeddable":true,"href":"https:\/\/kotrla.com\/pmpro\/wp-json\/wp\/v2\/users\/1"}],"replies":[{"embeddable":true,"href":"https:\/\/kotrla.com\/pmpro\/wp-json\/wp\/v2\/comments?post=538"}],"version-history":[{"count":0,"href":"https:\/\/kotrla.com\/pmpro\/wp-json\/wp\/v2\/posts\/538\/revisions"}],"wp:attachment":[{"href":"https:\/\/kotrla.com\/pmpro\/wp-json\/wp\/v2\/media?parent=538"}],"wp:term":[{"taxonomy":"category","embeddable":true,"href":"https:\/\/kotrla.com\/pmpro\/wp-json\/wp\/v2\/categories?post=538"},{"taxonomy":"post_tag","embeddable":true,"href":"https:\/\/kotrla.com\/pmpro\/wp-json\/wp\/v2\/tags?post=538"}],"curies":[{"name":"wp","href":"https:\/\/api.w.org\/{rel}","templated":true}]}}