{"id":547,"date":"2006-06-24T21:12:01","date_gmt":"2006-06-24T20:12:01","guid":{"rendered":"http:\/\/kotrla.com\/wordpress\/?p=547"},"modified":"2019-11-20T22:33:11","modified_gmt":"2019-11-20T21:33:11","slug":"pekne-cerveni-brouci","status":"publish","type":"post","link":"https:\/\/kotrla.com\/pmpro\/2006\/06\/pekne-cerveni-brouci\/","title":{"rendered":"P\u011bkn\u011b \u010derven\u00ed brouci"},"content":{"rendered":"<p><img loading=\"lazy\" decoding=\"async\" src=\"https:\/\/kotrla.com\/pmpro\/images\/uploads\/pekne_cerveni_brouci.jpg\" border=\"0\" alt=\"P\u011bkn\u011b \u010derven\u00ed brouci\" width=\"420\" height=\"315\" \/><\/p>\n","protected":false},"excerpt":{"rendered":"","protected":false},"author":1,"featured_media":0,"comment_status":"open","ping_status":"open","sticky":false,"template":"","format":"standard","meta":{"site-sidebar-layout":"default","site-content-layout":"","ast-site-content-layout":"default","site-content-style":"default","site-sidebar-style":"default","ast-global-header-display":"","ast-banner-title-visibility":"","ast-main-header-display":"","ast-hfb-above-header-display":"","ast-hfb-below-header-display":"","ast-hfb-mobile-header-display":"","site-post-title":"","ast-breadcrumbs-content":"","ast-featured-img":"","footer-sml-layout":"","ast-disable-related-posts":"","theme-transparent-header-meta":"","adv-header-id-meta":"","stick-header-meta":"","header-above-stick-meta":"","header-main-stick-meta":"","header-below-stick-meta":"","astra-migrate-meta-layouts":"default","ast-page-background-enabled":"default","ast-page-background-meta":{"desktop":{"background-color":"var(--ast-global-color-5)","background-image":"","background-repeat":"repeat","background-position":"center center","background-size":"auto","background-attachment":"scroll","background-type":"","background-media":"","overlay-type":"","overlay-color":"","overlay-opacity":"","overlay-gradient":""},"tablet":{"background-color":"","background-image":"","background-repeat":"repeat","background-position":"center center","background-size":"auto","background-attachment":"scroll","background-type":"","background-media":"","overlay-type":"","overlay-color":"","overlay-opacity":"","overlay-gradient":""},"mobile":{"background-color":"","background-image":"","background-repeat":"repeat","background-position":"center center","background-size":"auto","background-attachment":"scroll","background-type":"","background-media":"","overlay-type":"","overlay-color":"","overlay-opacity":"","overlay-gradient":""}},"ast-content-background-meta":{"desktop":{"background-color":"var(--ast-global-color-4)","background-image":"","background-repeat":"repeat","background-position":"center center","background-size":"auto","background-attachment":"scroll","background-type":"","background-media":"","overlay-type":"","overlay-color":"","overlay-opacity":"","overlay-gradient":""},"tablet":{"background-color":"var(--ast-global-color-4)","background-image":"","background-repeat":"repeat","background-position":"center center","background-size":"auto","background-attachment":"scroll","background-type":"","background-media":"","overlay-type":"","overlay-color":"","overlay-opacity":"","overlay-gradient":""},"mobile":{"background-color":"var(--ast-global-color-4)","background-image":"","background-repeat":"repeat","background-position":"center center","background-size":"auto","background-attachment":"scroll","background-type":"","background-media":"","overlay-type":"","overlay-color":"","overlay-opacity":"","overlay-gradient":""}},"jetpack_post_was_ever_published":false,"_jetpack_newsletter_access":"","_jetpack_dont_email_post_to_subs":false,"_jetpack_newsletter_tier_id":0,"_jetpack_memberships_contains_paywalled_content":false,"_jetpack_memberships_contains_paid_content":false,"footnotes":""},"categories":[7],"tags":[],"class_list":["post-547","post","type-post","status-publish","format-standard","hentry","category-fotografie"],"jetpack_featured_media_url":"","jetpack_shortlink":"https:\/\/wp.me\/p4mLP7-8P","jetpack-related-posts":[{"id":248,"url":"https:\/\/kotrla.com\/pmpro\/2009\/09\/potkat-pratele-je-milo-aneb-mezi-nami-zviraty-v-opave\/","url_meta":{"origin":547,"position":0},"title":"Potkat p\u0159\u00e1tele je milo aneb Mezi n\u00e1mi zv\u00ed\u0159aty (v Opav\u011b)","author":"Pavel Kotrla","date":"30.9.2009","format":false,"excerpt":"Byl to p\u011bkn\u00fd den. Vlastn\u011b dvouden. Ale kdy\u017e se nejdete sp\u00e1t, tak to v\u017edycky po\u010d\u00edt\u00e1m za jeden. \u010clov\u011bk aspo\u0148 pomaleji st\u00e1rne. Nechal jsem se zas jednou ukecat a p\u0159ed \u010dtrn\u00e1cti dny vyrazil s p\u0159\u00edsp\u011bvkem na konferenci. Tentokr\u00e1t v\u011bnovanou liter\u00e1rn\u00ed kritice a konanou v r\u00e1mci multikulturn\u00edho festivalu Bezru\u010dova Opava. Konference jak\u2026","rel":"","context":"V \u201eFotografie\u201c","block_context":{"text":"Fotografie","link":"https:\/\/kotrla.com\/pmpro\/category\/fotografie\/"},"img":{"alt_text":"Bo\u017eena Spr\u00e1vcov\u00e1 a Jakub Chrob\u00e1k","src":"https:\/\/i0.wp.com\/kotrla.com\/pmpro\/images\/uploads\/bozena_jakub_IGP9755.jpg?resize=350%2C200&ssl=1","width":350,"height":200},"classes":[]},{"id":392,"url":"https:\/\/kotrla.com\/pmpro\/2007\/12\/dybbuk-pekne-stranky-par-knih-zdarma-ale\/","url_meta":{"origin":547,"position":1},"title":"Dybbuk: p\u011bkn\u00e9 str\u00e1nky, p\u00e1r knih zdarma, ale&#8230;","author":"Pavel Kotrla","date":"6.12.2007","format":false,"excerpt":"\u010cas od \u010dasu se posledn\u00ed dobou objev\u00ed nov\u00e9 liter\u00e1rn\u00ed str\u00e1nky, kter\u00e9 zaujmou. Po nov\u00fdch str\u00e1nk\u00e1ch Martina Reinera, jsou to t\u00e9\u017e nap\u0159\u00edklad str\u00e1nky nakladatelstv\u00ed Dubbuk. Grafikou pot\u011b\u0161\u00ed. Takt\u00e9\u017e t\u00edm, \u017ee obsahuj\u00ed nakladatelsk\u00fd blog nebo n\u011bkolik relativn\u011b zaj\u00edmav\u00fdch knih. Ano, n\u011bjak takto se mi to lib\u00ed. Ale\u2026 Kdo \u010detl polemiku v posledn\u00edch\u2026","rel":"","context":"V \u201eInternet\u201c","block_context":{"text":"Internet","link":"https:\/\/kotrla.com\/pmpro\/category\/internet\/"},"img":{"alt_text":"","src":"","width":0,"height":0},"classes":[]},{"id":633,"url":"https:\/\/kotrla.com\/pmpro\/2006\/01\/mooflex\/","url_meta":{"origin":547,"position":2},"title":"mooflex","author":"Pavel Kotrla","date":"2.1.2006","format":false,"excerpt":"On-line demo beta verze blogovac\u00edho syst\u00e9mu ( http:\/\/www.mooflex.net\/ ) od italsk\u00fdch p\u0159\u00e1tel ml\u00e9ka a tv\u016frc\u016f moo.fx (knihovna efekt\u016f v JavaSciptu - http:\/\/www.mad4milk.net\/ ). Uvid\u00edme, vypad\u00e1 p\u011bkn\u011b, EE ale um\u00ed v\u00edc (\u010de\u0161tina bude).","rel":"","context":"V \u201eInternet\u201c","block_context":{"text":"Internet","link":"https:\/\/kotrla.com\/pmpro\/category\/internet\/"},"img":{"alt_text":"","src":"","width":0,"height":0},"classes":[]},{"id":79,"url":"https:\/\/kotrla.com\/pmpro\/2012\/10\/leteli-proste-radost\/","url_meta":{"origin":547,"position":3},"title":"Let\u011bli: prost\u011b radost","author":"Pavel Kotrla","date":"1.10.2012","format":false,"excerpt":"Pap\u00edrov\u00e9ho draka jsem po\u0159\u00e1dn\u011b nepou\u0161t\u011bl ani nepamatuju. Na\u0161t\u011bst\u00ed v sobotu na Santov\u011b foukalo p\u011bkn\u011b. U\u017eil jsem si to v\u00edc ne\u017e d\u011bti :)","rel":"","context":"V \u201eOsobn\u00ed\u201c","block_context":{"text":"Osobn\u00ed","link":"https:\/\/kotrla.com\/pmpro\/category\/osobni\/"},"img":{"alt_text":"image","src":"https:\/\/i0.wp.com\/kotrla.com\/pmpro\/images\/uploads\/drak_IGP0934.jpg?resize=350%2C200&ssl=1","width":350,"height":200},"classes":[]},{"id":1076,"url":"https:\/\/kotrla.com\/pmpro\/2004\/02\/knihotoc\/","url_meta":{"origin":547,"position":4},"title":"Knihoto\u010d","author":"Pavel Kotrla","date":"15.2.2004","format":false,"excerpt":"Rozjezd p\u011bkn\u00e9 akce zvan\u00e9 Knihoto\u010d, m\u016f\u017eeme sledovat na str\u00e1nk\u00e1ch iLiteratury. C\u00edlem je uv\u00e9st do ob\u011bhu knihy. Na iliteratu\u0159e najdete v\u00edce podrobnost\u00ed. A po ofici\u00e1ln\u00edm zah\u00e1jen\u00ed, z\u00edtra ve\u010der, i podklady pro samolepku, kterou m\u016f\u017eete sami ozna\u010dit knihu, kterou se rozhodnete uv\u00e9st do ob\u011bhu. Seznam knih: http:\/\/www.iliteratura.cz\/clanek.asp?polozkaID=15281 Novinky: http:\/\/www.iliteratura.cz\/clanek.asp?polozkaID=15283","rel":"","context":"V \u201eNeza\u0159azen\u00e9\u201c","block_context":{"text":"Neza\u0159azen\u00e9","link":"https:\/\/kotrla.com\/pmpro\/category\/nezarazene\/"},"img":{"alt_text":"","src":"","width":0,"height":0},"classes":[]},{"id":292,"url":"https:\/\/kotrla.com\/pmpro\/2009\/03\/historicke-fotografie-bystricky\/","url_meta":{"origin":547,"position":5},"title":"Historick\u00e9 fotografie Byst\u0159i\u010dky","author":"Pavel Kotrla","date":"2.3.2009","format":false,"excerpt":"Prvn\u00ed syrov\u00fd pokus. N\u011bkolik historick\u00fdch fotografi\u00ed Byst\u0159i\u010dky ve spojen\u00ed s mapou od Googlu.","rel":"","context":"V \u201eFotografie\u201c","block_context":{"text":"Fotografie","link":"https:\/\/kotrla.com\/pmpro\/category\/fotografie\/"},"img":{"alt_text":"Historick\u00e9 fotografie Byst\u0159i\u010dky","src":"https:\/\/i0.wp.com\/kotrla.com\/pmpro\/images\/uploads\/historicke_fotografie_bystricky.jpg?resize=350%2C200&ssl=1","width":350,"height":200},"classes":[]}],"jetpack_sharing_enabled":true,"_links":{"self":[{"href":"https:\/\/kotrla.com\/pmpro\/wp-json\/wp\/v2\/posts\/547","targetHints":{"allow":["GET"]}}],"collection":[{"href":"https:\/\/kotrla.com\/pmpro\/wp-json\/wp\/v2\/posts"}],"about":[{"href":"https:\/\/kotrla.com\/pmpro\/wp-json\/wp\/v2\/types\/post"}],"author":[{"embeddable":true,"href":"https:\/\/kotrla.com\/pmpro\/wp-json\/wp\/v2\/users\/1"}],"replies":[{"embeddable":true,"href":"https:\/\/kotrla.com\/pmpro\/wp-json\/wp\/v2\/comments?post=547"}],"version-history":[{"count":0,"href":"https:\/\/kotrla.com\/pmpro\/wp-json\/wp\/v2\/posts\/547\/revisions"}],"wp:attachment":[{"href":"https:\/\/kotrla.com\/pmpro\/wp-json\/wp\/v2\/media?parent=547"}],"wp:term":[{"taxonomy":"category","embeddable":true,"href":"https:\/\/kotrla.com\/pmpro\/wp-json\/wp\/v2\/categories?post=547"},{"taxonomy":"post_tag","embeddable":true,"href":"https:\/\/kotrla.com\/pmpro\/wp-json\/wp\/v2\/tags?post=547"}],"curies":[{"name":"wp","href":"https:\/\/api.w.org\/{rel}","templated":true}]}}