{"id":558,"date":"2006-05-24T21:53:00","date_gmt":"2006-05-24T20:53:00","guid":{"rendered":"http:\/\/kotrla.com\/wordpress\/?p=558"},"modified":"2019-11-20T22:33:12","modified_gmt":"2019-11-20T21:33:12","slug":"zmutovane-radiofonicke-cteni","status":"publish","type":"post","link":"https:\/\/kotrla.com\/pmpro\/2006\/05\/zmutovane-radiofonicke-cteni\/","title":{"rendered":"Zmutovan\u00e9 radiofonick\u00e9 \u010dten\u00ed"},"content":{"rendered":"<p>Aneb Jarom\u00edr Typlt na vln\u00e1ch \u010cesk\u00e9ho rozhlasu v nesm\u00edrn\u011b atraktivn\u00edm \u010dase 27. 5. 2006 0:05! \ud83d\ude09 Ale nebudu to p\u0159episovat a tlumo\u010dit, m\u00e1m jarn\u00ed lenoru.<\/p>\n<p><i><b>Jarom\u00edr Typlt<\/b>:P\u0159ijm\u011bte, pros\u00edm, pozv\u00e1n\u00ed na pop\u016flno\u010dn\u00ed poslech m\u00fdch zvukov\u011b-liter\u00e1rn\u00edch experiment\u016f: v noci z p\u00e1tka na sobotu, p\u011bt minut po p\u016flnoci, tak\u017ee u\u017e 27. 5. 2006, uvede \u010cesk\u00fd rozhlas 3-Vltava p\u016flhodinov\u00fd po\u0159ad &#8222;Zmutovan\u00e9 radiofonick\u00e9 \u010dten\u00ed&#8220;, kter\u00fd je dal\u0161\u00edm pokra\u010dov\u00e1n\u00edm cyklu PremEdice Radioateli\u00e9ru. Michal Rataj mi dal p\u0159\u00edle\u017eitost, abych tu pustil svoje nahr\u00e1vky V\u00fdrok Y (2000), Kus \u0161utru (2002), K\u016fra (2005-2006) a Podivn\u00ed p\u0159\u00e1tel\u00e9 (2006), ale i n\u011bkter\u00e9 dal\u0161\u00ed kr\u00e1tk\u00e9 uk\u00e1zky z autorsk\u00fdch \u010dten\u00ed. <br \/>\nPokud se t\u00e9 noci k r\u00e1diu nedostanete a nahr\u00e1vky by V\u00e1s zaj\u00edmaly, nav\u0161tivte internetov\u00fd port\u00e1l rAdioCUSTICA ( <a href=\"http:\/\/www.rozhlas.cz\/radiocustica\/vysilani\/\">http:\/\/www.rozhlas.cz\/radiocustica\/vysilani\/<\/a> ), kde budou od p\u0159\u00ed\u0161t\u00edho t\u00fddne p\u0159ipraveny k on-line poslechu.<br \/>\n<\/i><\/p><\/p>\n","protected":false},"excerpt":{"rendered":"<p>Aneb Jarom\u00edr Typlt na vln\u00e1ch \u010cesk\u00e9ho rozhlasu v nesm\u00edrn\u011b atraktivn\u00edm \u010dase 27. 5. 2006 0:05! \ud83d\ude09 Ale nebudu to p\u0159episovat a tlumo\u010dit, m\u00e1m jarn\u00ed lenoru. Jarom\u00edr Typlt:P\u0159ijm\u011bte, pros\u00edm, pozv\u00e1n\u00ed na pop\u016flno\u010dn\u00ed poslech m\u00fdch zvukov\u011b-liter\u00e1rn\u00edch experiment\u016f: v noci z p\u00e1tka na sobotu, p\u011bt minut po p\u016flnoci, tak\u017ee u\u017e 27. 5. 2006, uvede \u010cesk\u00fd rozhlas 3-Vltava p\u016flhodinov\u00fd [&hellip;]<\/p>\n","protected":false},"author":1,"featured_media":0,"comment_status":"open","ping_status":"open","sticky":false,"template":"","format":"standard","meta":{"site-sidebar-layout":"default","site-content-layout":"","ast-site-content-layout":"default","site-content-style":"default","site-sidebar-style":"default","ast-global-header-display":"","ast-banner-title-visibility":"","ast-main-header-display":"","ast-hfb-above-header-display":"","ast-hfb-below-header-display":"","ast-hfb-mobile-header-display":"","site-post-title":"","ast-breadcrumbs-content":"","ast-featured-img":"","footer-sml-layout":"","ast-disable-related-posts":"","theme-transparent-header-meta":"","adv-header-id-meta":"","stick-header-meta":"","header-above-stick-meta":"","header-main-stick-meta":"","header-below-stick-meta":"","astra-migrate-meta-layouts":"default","ast-page-background-enabled":"default","ast-page-background-meta":{"desktop":{"background-color":"var(--ast-global-color-5)","background-image":"","background-repeat":"repeat","background-position":"center center","background-size":"auto","background-attachment":"scroll","background-type":"","background-media":"","overlay-type":"","overlay-color":"","overlay-opacity":"","overlay-gradient":""},"tablet":{"background-color":"","background-image":"","background-repeat":"repeat","background-position":"center center","background-size":"auto","background-attachment":"scroll","background-type":"","background-media":"","overlay-type":"","overlay-color":"","overlay-opacity":"","overlay-gradient":""},"mobile":{"background-color":"","background-image":"","background-repeat":"repeat","background-position":"center center","background-size":"auto","background-attachment":"scroll","background-type":"","background-media":"","overlay-type":"","overlay-color":"","overlay-opacity":"","overlay-gradient":""}},"ast-content-background-meta":{"desktop":{"background-color":"var(--ast-global-color-4)","background-image":"","background-repeat":"repeat","background-position":"center center","background-size":"auto","background-attachment":"scroll","background-type":"","background-media":"","overlay-type":"","overlay-color":"","overlay-opacity":"","overlay-gradient":""},"tablet":{"background-color":"var(--ast-global-color-4)","background-image":"","background-repeat":"repeat","background-position":"center center","background-size":"auto","background-attachment":"scroll","background-type":"","background-media":"","overlay-type":"","overlay-color":"","overlay-opacity":"","overlay-gradient":""},"mobile":{"background-color":"var(--ast-global-color-4)","background-image":"","background-repeat":"repeat","background-position":"center center","background-size":"auto","background-attachment":"scroll","background-type":"","background-media":"","overlay-type":"","overlay-color":"","overlay-opacity":"","overlay-gradient":""}},"jetpack_post_was_ever_published":false,"_jetpack_newsletter_access":"","_jetpack_dont_email_post_to_subs":false,"_jetpack_newsletter_tier_id":0,"_jetpack_memberships_contains_paywalled_content":false,"_jetpack_memberships_contains_paid_content":false,"footnotes":""},"categories":[2],"tags":[],"class_list":["post-558","post","type-post","status-publish","format-standard","hentry","category-literatura"],"jetpack_featured_media_url":"","jetpack_shortlink":"https:\/\/wp.me\/p4mLP7-90","jetpack-related-posts":[{"id":3240,"url":"https:\/\/kotrla.com\/pmpro\/2017\/07\/jaromir-typlt-ve-vezi\/","url_meta":{"origin":558,"position":0},"title":"Jarom\u00edr Typlt ve V\u011b\u017ei","author":"Pavel Kotrla","date":"3.7.2017","format":false,"excerpt":"Z p\u00e1te\u010dn\u00edho v\u00fdletu na autorsk\u00e9 \u010dten\u00ed do fr\u00fddeck\u00e9 V\u011b\u017ee. \u017de u\u017e se n\u00e1s tam vyst\u0159\u00eddalo. Ostatn\u011b \u010dinnost galerie velmi zda\u0159ile dokumentuje vydan\u00fd sborn\u00edk. Taky v n\u011bm okupuju pap\u00edr.","rel":"","context":"V \u201eFotografie\u201c","block_context":{"text":"Fotografie","link":"https:\/\/kotrla.com\/pmpro\/category\/fotografie\/"},"img":{"alt_text":"","src":"https:\/\/i0.wp.com\/kotrla.com\/pmpro\/wp-content\/uploads\/2017\/07\/jaromir_typlt_IMGP9295.jpg?resize=350%2C200&ssl=1","width":350,"height":200,"srcset":"https:\/\/i0.wp.com\/kotrla.com\/pmpro\/wp-content\/uploads\/2017\/07\/jaromir_typlt_IMGP9295.jpg?resize=350%2C200&ssl=1 1x, https:\/\/i0.wp.com\/kotrla.com\/pmpro\/wp-content\/uploads\/2017\/07\/jaromir_typlt_IMGP9295.jpg?resize=525%2C300&ssl=1 1.5x, https:\/\/i0.wp.com\/kotrla.com\/pmpro\/wp-content\/uploads\/2017\/07\/jaromir_typlt_IMGP9295.jpg?resize=700%2C400&ssl=1 2x, https:\/\/i0.wp.com\/kotrla.com\/pmpro\/wp-content\/uploads\/2017\/07\/jaromir_typlt_IMGP9295.jpg?resize=1050%2C600&ssl=1 3x, https:\/\/i0.wp.com\/kotrla.com\/pmpro\/wp-content\/uploads\/2017\/07\/jaromir_typlt_IMGP9295.jpg?resize=1400%2C800&ssl=1 4x"},"classes":[]},{"id":2496,"url":"https:\/\/kotrla.com\/pmpro\/2015\/08\/dekujeme-za-vase-basne-2015\/","url_meta":{"origin":558,"position":1},"title":"D\u011bkujeme za Va\u0161e b\u00e1sn\u011b! 2015","author":"Pavel Kotrla","date":"25.8.2015","format":false,"excerpt":"Str\u00e1nka akce, kter\u00e9 se tak\u00e9 z\u00fa\u010dastn\u00edm, na Facebooku: https:\/\/www.facebook.com\/dekujeme.za.vase.basne Tiskov\u00e1 zpr\u00e1va: Kratochv\u00edle p\u0159iv\u00edt\u00e1 p\u00e1t\u00fd ro\u010dn\u00edk setk\u00e1n\u00ed b\u00e1sn\u00edk\u016f D\u011bkujeme za Va\u0161e B\u00e1sn\u011b! Tak se jmenuje akce, kterou letos u\u017e pop\u00e1t\u00e9 p\u0159ipravili v Netolic\u00edch b\u00e1sn\u00edci Vojt\u011bch Ku\u010dera a Radek \u0160t\u011bp\u00e1nek a kter\u00e1 se uskute\u010dn\u00ed od 10. do 13. z\u00e1\u0159\u00ed. Je to mezin\u00e1rodn\u00ed\u2026","rel":"","context":"V \u201eLiteratura\u201c","block_context":{"text":"Literatura","link":"https:\/\/kotrla.com\/pmpro\/category\/literatura\/"},"img":{"alt_text":"D\u011bkujeme za Va\u0161e b\u00e1sn\u011b! 2015","src":"https:\/\/i0.wp.com\/kotrla.com\/pmpro\/wp-content\/uploads\/2015\/08\/dekujeme_za_vase_basne_2015.jpg?resize=350%2C200&ssl=1","width":350,"height":200,"srcset":"https:\/\/i0.wp.com\/kotrla.com\/pmpro\/wp-content\/uploads\/2015\/08\/dekujeme_za_vase_basne_2015.jpg?resize=350%2C200&ssl=1 1x, https:\/\/i0.wp.com\/kotrla.com\/pmpro\/wp-content\/uploads\/2015\/08\/dekujeme_za_vase_basne_2015.jpg?resize=525%2C300&ssl=1 1.5x, https:\/\/i0.wp.com\/kotrla.com\/pmpro\/wp-content\/uploads\/2015\/08\/dekujeme_za_vase_basne_2015.jpg?resize=700%2C400&ssl=1 2x, https:\/\/i0.wp.com\/kotrla.com\/pmpro\/wp-content\/uploads\/2015\/08\/dekujeme_za_vase_basne_2015.jpg?resize=1050%2C600&ssl=1 3x, https:\/\/i0.wp.com\/kotrla.com\/pmpro\/wp-content\/uploads\/2015\/08\/dekujeme_za_vase_basne_2015.jpg?resize=1400%2C800&ssl=1 4x"},"classes":[]},{"id":14132,"url":"https:\/\/kotrla.com\/pmpro\/2026\/02\/cteni-petra-borkovce-v-bystrici-pod-hostynem\/","url_meta":{"origin":558,"position":2},"title":"\u010cten\u00ed Petra Borkovce v Byst\u0159ici pod Host\u00fdnem","author":"Pavel Kotrla","date":"21.2.2026","format":false,"excerpt":"Musel jsem tam i zp\u011bt p\u0159ekonat kopce Troj\u00e1k i Tes\u00e1k, ale p\u00e1te\u010dn\u00ed v\u00fdprava kr\u00e1sn\u011b mrazivou noc\u00ed z d\u011bdiny B. do m\u011bsta B. na Petrovo autorsk\u00e9 \u010dten\u00ed ve vile Ton, kter\u00e9 uspo\u0159\u00e1dala podhost\u00fdnsk\u00e1 kulturn\u00ed dru\u017eina Kultur\u00e1k, m\u011bla smysl. Dobr\u00e9 to bylo. Poslechn\u011bte si Petrovy texty aspo\u0148 na port\u00e1lu \u010cesk\u00e9ho rozhlasu.","rel":"","context":"V \u201eKnihy\u201c","block_context":{"text":"Knihy","link":"https:\/\/kotrla.com\/pmpro\/category\/knihy\/"},"img":{"alt_text":"","src":"https:\/\/i0.wp.com\/kotrla.com\/pmpro\/wp-content\/uploads\/2026\/02\/petr_borkovec_IMGP1933-150x150.jpg?resize=350%2C200&ssl=1","width":350,"height":200,"srcset":"https:\/\/i0.wp.com\/kotrla.com\/pmpro\/wp-content\/uploads\/2026\/02\/petr_borkovec_IMGP1933-150x150.jpg?resize=350%2C200&ssl=1 1x, https:\/\/i0.wp.com\/kotrla.com\/pmpro\/wp-content\/uploads\/2026\/02\/petr_borkovec_IMGP1933-150x150.jpg?resize=525%2C300&ssl=1 1.5x, https:\/\/i0.wp.com\/kotrla.com\/pmpro\/wp-content\/uploads\/2026\/02\/petr_borkovec_IMGP1933-150x150.jpg?resize=700%2C400&ssl=1 2x, https:\/\/i0.wp.com\/kotrla.com\/pmpro\/wp-content\/uploads\/2026\/02\/petr_borkovec_IMGP1933-150x150.jpg?resize=1050%2C600&ssl=1 3x, https:\/\/i0.wp.com\/kotrla.com\/pmpro\/wp-content\/uploads\/2026\/02\/petr_borkovec_IMGP1933-150x150.jpg?resize=1400%2C800&ssl=1 4x"},"classes":[]},{"id":471,"url":"https:\/\/kotrla.com\/pmpro\/2007\/03\/czlit-cz-reakce\/","url_meta":{"origin":558,"position":3},"title":"Czlit.cz &#8211; (Re)akce","author":"Pavel Kotrla","date":"19.3.2007","format":false,"excerpt":"P\u0159esto\u017ee to podle stavu t\u00e9to sekce str\u00e1nek tak nevypad\u00e1, je\u0161t\u011b st\u00e1le p\u00ed\u0161u sloupky pro \u010dasopis Host a jejich po\u010det se zvolna bl\u00ed\u017e\u00ed t\u0159ic\u00edtce. Ten p\u0159edposledn\u00ed zve\u0159ejn\u011bn\u00fd v Hostu \u010d. 2\/2007 (zde), kter\u00fd byl v\u011bnov\u00e1n Port\u00e1lu \u010desk\u00e9 literatury vyvolal reakci \u0161\u00e9fredaktora Radima Kop\u00e1\u010de, na kterou nezb\u00fdvalo ne\u017e odpov\u011bd\u011bt. Ob\u00e9 najdete v\u2026","rel":"","context":"V \u201eLiteratura\u201c","block_context":{"text":"Literatura","link":"https:\/\/kotrla.com\/pmpro\/category\/literatura\/"},"img":{"alt_text":"","src":"","width":0,"height":0},"classes":[]},{"id":65,"url":"https:\/\/kotrla.com\/pmpro\/2012\/12\/vyslovim-se-anketa-mezi-literaty-bloggery\/","url_meta":{"origin":558,"position":4},"title":"Vyslov\u00edm se: Anketa mezi liter\u00e1ty bloggery","author":"Pavel Kotrla","date":"26.12.2012","format":false,"excerpt":"Anketn\u00ed ot\u00e1zka Tvaru zn\u011bla: Co v\u00e1s p\u0159im\u011blo k tomu, abyste si zalo\u017eil blog? Naplnilo se va\u0161e p\u016fvodn\u00ed o\u010dek\u00e1v\u00e1n\u00ed? Jak \u010dasto na blogu publikujete a co v\u00e1s obvykle k seps\u00e1n\u00ed nov\u00e9ho p\u0159\u00edsp\u011bvku inspiruje? Odpov\u011bdi vy\u0161ly v jeho posledn\u00edm leto\u0161n\u00edm \u010d\u00edsle. Moje je zde: Na za\u010d\u00e1tku se asi se\u0161ly dv\u011b okolnosti. Skute\u010dnost,\u2026","rel":"","context":"V \u201eInternet\u201c","block_context":{"text":"Internet","link":"https:\/\/kotrla.com\/pmpro\/category\/internet\/"},"img":{"alt_text":"","src":"","width":0,"height":0},"classes":[]},{"id":3101,"url":"https:\/\/kotrla.com\/pmpro\/2017\/03\/texty-71-zima-20162017\/","url_meta":{"origin":558,"position":5},"title":"Texty 71 (zima 2016\/2017)","author":"Pavel Kotrla","date":"6.3.2017","format":false,"excerpt":"Vydali jsme nov\u00e9 \u010d\u00edslo. Naleznete jej k p\u0159e\u010dten\u00ed na http:\/\/casopis-texty.cz\/\u00a0A brzy bude k dispozici tradi\u010dn\u011b i v ti\u0161t\u011bn\u00e9 podob\u011b. OBSAH \u010c\u00cdSLA \u00favodn\u00edk Dalibor Malina: Jepice na sn\u011bhu pr\u00f3za Pavel Kotrla: Zimn\u00ed proch\u00e1zka Zbyn\u011bk Vyb\u00edral:V kav\u00e1rn\u011b; Dove poezie Jana Sovov\u00e1: * * * Tom\u00e1\u0161 Va\u0161ut: Vlnov\u00e1 d\u00e9lka Lucie Schindlerov\u00e1: * *\u2026","rel":"","context":"V \u201eLiteratura\u201c","block_context":{"text":"Literatura","link":"https:\/\/kotrla.com\/pmpro\/category\/literatura\/"},"img":{"alt_text":"","src":"","width":0,"height":0},"classes":[]}],"jetpack_sharing_enabled":true,"_links":{"self":[{"href":"https:\/\/kotrla.com\/pmpro\/wp-json\/wp\/v2\/posts\/558","targetHints":{"allow":["GET"]}}],"collection":[{"href":"https:\/\/kotrla.com\/pmpro\/wp-json\/wp\/v2\/posts"}],"about":[{"href":"https:\/\/kotrla.com\/pmpro\/wp-json\/wp\/v2\/types\/post"}],"author":[{"embeddable":true,"href":"https:\/\/kotrla.com\/pmpro\/wp-json\/wp\/v2\/users\/1"}],"replies":[{"embeddable":true,"href":"https:\/\/kotrla.com\/pmpro\/wp-json\/wp\/v2\/comments?post=558"}],"version-history":[{"count":0,"href":"https:\/\/kotrla.com\/pmpro\/wp-json\/wp\/v2\/posts\/558\/revisions"}],"wp:attachment":[{"href":"https:\/\/kotrla.com\/pmpro\/wp-json\/wp\/v2\/media?parent=558"}],"wp:term":[{"taxonomy":"category","embeddable":true,"href":"https:\/\/kotrla.com\/pmpro\/wp-json\/wp\/v2\/categories?post=558"},{"taxonomy":"post_tag","embeddable":true,"href":"https:\/\/kotrla.com\/pmpro\/wp-json\/wp\/v2\/tags?post=558"}],"curies":[{"name":"wp","href":"https:\/\/api.w.org\/{rel}","templated":true}]}}