{"id":563,"date":"2006-05-08T19:57:01","date_gmt":"2006-05-08T18:57:01","guid":{"rendered":"http:\/\/kotrla.com\/wordpress\/?p=563"},"modified":"2019-11-20T22:33:12","modified_gmt":"2019-11-20T21:33:12","slug":"kytice-morytaty-legendy","status":"publish","type":"post","link":"https:\/\/kotrla.com\/pmpro\/2006\/05\/kytice-morytaty-legendy\/","title":{"rendered":"Kytice: moryt\u00e1ty &amp; legendy"},"content":{"rendered":"<p><img loading=\"lazy\" decoding=\"async\" src=\"https:\/\/kotrla.com\/pmpro\/images\/uploads\/erben_kytice.gif\" border=\"0\" alt=\"Karel Jarom\u00edr Erben: Kytice\" name=\"erben_kytice\" width=\"100\" height=\"138\" align=\"right\" \/><b>Kytice<\/b> <a href=\"http:\/\/cs.wikipedia.org\/wiki\/Karel_Jarom\u00edr_Erben\">Karla Jarom\u00edra Erbena<\/a> je jedno z m\u00e1la \u010desk\u00fdch d\u011bl, kter\u00e9 vzbuzuje trval\u00fd z\u00e1jem nap\u0159\u00ed\u010d generacemi ji\u017e od sv\u00e9ho naps\u00e1n\u00ed. Brabc\u016fv film mne sice p\u0159\u00edli\u0161 nenadchl, ale te\u010f je tu pokus o jin\u00e9 vizu\u00e1ln\u00ed zpracov\u00e1n\u00ed: comicsov\u00e9, kter\u00e9 vydalo nakladatelstv\u00ed <a href=\"http:\/\/www.e-garamond.cz\/index.php?page=kniha&amp;arg1=kytice-komiks-299\">Garamond<\/a>.<br \/>\nKnihu jsem dostal darem, tak\u017ee mne cena cca 400 K\u010d nemus\u00ed p\u0159\u00edli\u0161 rmoutit, ale je dost vysok\u00e1. Comicsov\u00fd p\u0159\u00edstup ke klasice se mi obecn\u011b sp\u00ed\u0161 zamlouv\u00e1. R\u00e1d bych takto m\u011bl rozvedenou celou <a href=\"http:\/\/www.prostor-nakladatelstvi.cz\/detail.asp?id=105948\">Babi\u010dku Bo\u017eeny N\u011bmcov\u00e9 od Martina Vel\u00ed\u0161ka<\/a>. To by se mi l\u00edbilo. U tohoto Erbena nejsem ani zklam\u00e1n, ani nad\u0161en. N\u011bkter\u00e9 b\u00e1sn\u011b jsou zpracov\u00e1ny p\u011bkn\u011b (<i>Polednice<\/i>). Ale pokud budu cht\u00edt s\u00e1hnout po textu, tak v\u00edm, \u017ee si vyberu star\u00e9 vyd\u00e1n\u00ed.<\/p>\n","protected":false},"excerpt":{"rendered":"<p>Kytice Karla Jarom\u00edra Erbena je jedno z m\u00e1la \u010desk\u00fdch d\u011bl, kter\u00e9 vzbuzuje trval\u00fd z\u00e1jem nap\u0159\u00ed\u010d generacemi ji\u017e od sv\u00e9ho naps\u00e1n\u00ed. Brabc\u016fv film mne sice p\u0159\u00edli\u0161 nenadchl, ale te\u010f je tu pokus o jin\u00e9 vizu\u00e1ln\u00ed zpracov\u00e1n\u00ed: comicsov\u00e9, kter\u00e9 vydalo nakladatelstv\u00ed Garamond. Knihu jsem dostal darem, tak\u017ee mne cena cca 400 K\u010d nemus\u00ed p\u0159\u00edli\u0161 rmoutit, ale je [&hellip;]<\/p>\n","protected":false},"author":1,"featured_media":0,"comment_status":"open","ping_status":"open","sticky":false,"template":"","format":"standard","meta":{"site-sidebar-layout":"default","site-content-layout":"","ast-site-content-layout":"default","site-content-style":"default","site-sidebar-style":"default","ast-global-header-display":"","ast-banner-title-visibility":"","ast-main-header-display":"","ast-hfb-above-header-display":"","ast-hfb-below-header-display":"","ast-hfb-mobile-header-display":"","site-post-title":"","ast-breadcrumbs-content":"","ast-featured-img":"","footer-sml-layout":"","ast-disable-related-posts":"","theme-transparent-header-meta":"","adv-header-id-meta":"","stick-header-meta":"","header-above-stick-meta":"","header-main-stick-meta":"","header-below-stick-meta":"","astra-migrate-meta-layouts":"default","ast-page-background-enabled":"default","ast-page-background-meta":{"desktop":{"background-color":"var(--ast-global-color-5)","background-image":"","background-repeat":"repeat","background-position":"center center","background-size":"auto","background-attachment":"scroll","background-type":"","background-media":"","overlay-type":"","overlay-color":"","overlay-opacity":"","overlay-gradient":""},"tablet":{"background-color":"","background-image":"","background-repeat":"repeat","background-position":"center center","background-size":"auto","background-attachment":"scroll","background-type":"","background-media":"","overlay-type":"","overlay-color":"","overlay-opacity":"","overlay-gradient":""},"mobile":{"background-color":"","background-image":"","background-repeat":"repeat","background-position":"center center","background-size":"auto","background-attachment":"scroll","background-type":"","background-media":"","overlay-type":"","overlay-color":"","overlay-opacity":"","overlay-gradient":""}},"ast-content-background-meta":{"desktop":{"background-color":"var(--ast-global-color-4)","background-image":"","background-repeat":"repeat","background-position":"center center","background-size":"auto","background-attachment":"scroll","background-type":"","background-media":"","overlay-type":"","overlay-color":"","overlay-opacity":"","overlay-gradient":""},"tablet":{"background-color":"var(--ast-global-color-4)","background-image":"","background-repeat":"repeat","background-position":"center center","background-size":"auto","background-attachment":"scroll","background-type":"","background-media":"","overlay-type":"","overlay-color":"","overlay-opacity":"","overlay-gradient":""},"mobile":{"background-color":"var(--ast-global-color-4)","background-image":"","background-repeat":"repeat","background-position":"center center","background-size":"auto","background-attachment":"scroll","background-type":"","background-media":"","overlay-type":"","overlay-color":"","overlay-opacity":"","overlay-gradient":""}},"jetpack_post_was_ever_published":false,"_jetpack_newsletter_access":"","_jetpack_dont_email_post_to_subs":false,"_jetpack_newsletter_tier_id":0,"_jetpack_memberships_contains_paywalled_content":false,"_jetpack_memberships_contains_paid_content":false,"footnotes":""},"categories":[6,2],"tags":[],"class_list":["post-563","post","type-post","status-publish","format-standard","hentry","category-ctenarsky-denik","category-literatura"],"jetpack_featured_media_url":"","jetpack_shortlink":"https:\/\/wp.me\/p4mLP7-95","jetpack-related-posts":[{"id":348,"url":"https:\/\/kotrla.com\/pmpro\/2008\/05\/ctenar-pismenek\/","url_meta":{"origin":563,"position":0},"title":"\u010cten\u00e1\u0159 p\u00edsmenek","author":"Pavel Kotrla","date":"25.5.2008","format":false,"excerpt":"Dnes drobn\u00e9 pozn\u00e1mky nad p\u0159e\u010dten\u00fdmi knihami i \u010dasopisy pohromad\u011b. Tak Ps\u00ed v\u00edno m\u00e1 novou grafiku a typografickou \u00fapravu. Zm\u011bna k lep\u0161\u00edmu. Duch otce zakladatele se stejn\u011b vytratil a grafika byla sou\u010dasn\u00e9mu obsahu na obt\u00ed\u017e. \u010c\u00edslo p\u0159edchoz\u00ed mne p\u0159\u00edli\u0161 nezaujalo, to aktu\u00e1ln\u00ed je lep\u0161\u00ed. \u010casopis se op\u011bt v\u011bnuje poezii, tak jak\u2026","rel":"","context":"V \u201e\u010cten\u00e1\u0159sk\u00fd den\u00edk\u201c","block_context":{"text":"\u010cten\u00e1\u0159sk\u00fd den\u00edk","link":"https:\/\/kotrla.com\/pmpro\/category\/ctenarsky-denik\/"},"img":{"alt_text":"","src":"","width":0,"height":0},"classes":[]},{"id":9234,"url":"https:\/\/kotrla.com\/pmpro\/2021\/12\/inkousty-koh-i-noor\/","url_meta":{"origin":563,"position":1},"title":"Inkousty Koh-i-Noor","author":"Pavel Kotrla","date":"12.12.2021","format":false,"excerpt":"\u010cesk\u00e9 inkousty od Koh-i-Nooru zn\u00e1 u n\u00e1s snad ka\u017ed\u00fd. Jejich cena je bezkonkuren\u010dn\u00ed. Nav\u00edc za lahvi\u010dky o objemu 50 ml, co\u017e je u inkoust\u016f sp\u00ed\u0161e nadstandardn\u00ed objem. A i samotn\u00e9 plastov\u00e9 lahvi\u010dky jsou fajn, n\u00e1razuvzdorn\u00e9 a praktick\u00e9. Ale jak\u00e9 jsou tyto inkousty v b\u011b\u017en\u00e9m pou\u017e\u00edv\u00e1n\u00ed? M\u00e1m v \u0161upl\u00edku celou sadu,\u2026","rel":"","context":"V \u201ePlnic\u00ed pera a inkousty\u201c","block_context":{"text":"Plnic\u00ed pera a inkousty","link":"https:\/\/kotrla.com\/pmpro\/category\/plnici-pera\/"},"img":{"alt_text":"","src":"https:\/\/i0.wp.com\/kotrla.com\/pmpro\/wp-content\/uploads\/2021\/12\/koh-i-noor-inkoust_IMGP3955.jpg?resize=350%2C200&ssl=1","width":350,"height":200,"srcset":"https:\/\/i0.wp.com\/kotrla.com\/pmpro\/wp-content\/uploads\/2021\/12\/koh-i-noor-inkoust_IMGP3955.jpg?resize=350%2C200&ssl=1 1x, https:\/\/i0.wp.com\/kotrla.com\/pmpro\/wp-content\/uploads\/2021\/12\/koh-i-noor-inkoust_IMGP3955.jpg?resize=525%2C300&ssl=1 1.5x, https:\/\/i0.wp.com\/kotrla.com\/pmpro\/wp-content\/uploads\/2021\/12\/koh-i-noor-inkoust_IMGP3955.jpg?resize=700%2C400&ssl=1 2x, https:\/\/i0.wp.com\/kotrla.com\/pmpro\/wp-content\/uploads\/2021\/12\/koh-i-noor-inkoust_IMGP3955.jpg?resize=1050%2C600&ssl=1 3x"},"classes":[]},{"id":1372,"url":"https:\/\/kotrla.com\/pmpro\/2003\/04\/dobra-adresa-042003-a-tvar-72003\/","url_meta":{"origin":563,"position":2},"title":"Dobr\u00e1 adresa 04\/2003 a Tvar 7\/2003","author":"Pavel Kotrla","date":"8.4.2003","format":false,"excerpt":"Cel\u00fd nat\u011b\u0161en\u00fd jsem za\u010dal \u010d\u00edst posledn\u00ed \u010d\u00edsla t\u011bchto liter\u00e1rn\u00edch \u010dasopis\u016f.\u00a0 Dobr\u00e1 adresa mne ale p\u0159\u00edli\u0161 nep\u0159esv\u011bd\u010dila. Nest\u00e1v\u00e1 se to u tohoto \u010dasopisu \u010dasto, ale dubnov\u00e9 \u010d\u00edslo je takov\u00e9 n\u011bjak\u00e9 plan\u00e9. \u017de by ub\u00fdvalo sil? T\u011b\u017eko odhadnout. Vy\u0161lo pozd\u011bji ne\u017e je obvykl\u00e9. I kdy\u017e dva dny zpo\u017ed\u011bn\u00ed nen\u00ed v p\u0159\u00edpad\u011b liter\u00e1rn\u00edch\u2026","rel":"","context":"V \u201eNeza\u0159azen\u00e9\u201c","block_context":{"text":"Neza\u0159azen\u00e9","link":"https:\/\/kotrla.com\/pmpro\/category\/nezarazene\/"},"img":{"alt_text":"","src":"","width":0,"height":0},"classes":[]},{"id":345,"url":"https:\/\/kotrla.com\/pmpro\/2008\/05\/jak-se-obejit-bez-adobe-acrobatu\/","url_meta":{"origin":563,"position":3},"title":"Jak se obej\u00edt bez Adobe Acrobatu","author":"Pavel Kotrla","date":"27.5.2008","format":false,"excerpt":"PDF je standard pro v\u00fdm\u011bnu dokument\u016f v elektronick\u00e9 podob\u011b. A\u0165 chceme nebo ne. Bohu\u017eel Adobe Acrobat pro vytv\u00e1\u0159en\u00ed PDF je tak\u00e9 pom\u011brn\u011b drah\u00fd n\u00e1stroj. A tak\u00e9 moloch. V profesion\u00e1ln\u00edm provozu asi nen\u00ed p\u0159\u00edli\u0161 nahraditeln\u00fd. Nebo ano? \u0158ekl bych, \u017ee minim\u00e1ln\u011b \u010d\u00e1ste\u010dn\u011b ano. Pro samotn\u00e9 vytv\u00e1\u0159en\u00ed soubor\u016f PDF je zde PDF\u2026","rel":"","context":"V \u201eInternet\u201c","block_context":{"text":"Internet","link":"https:\/\/kotrla.com\/pmpro\/category\/internet\/"},"img":{"alt_text":"PDF-XChange Viewer","src":"https:\/\/i0.wp.com\/kotrla.com\/pmpro\/images\/uploads\/pdf_x.gif?resize=350%2C200&ssl=1","width":350,"height":200},"classes":[]},{"id":320,"url":"https:\/\/kotrla.com\/pmpro\/2008\/11\/z-bloku-05-prazdna-mista-na-okraji\/","url_meta":{"origin":563,"position":4},"title":"Z bloku 05: Pr\u00e1zdn\u00e1 m\u00edsta na okraji","author":"Pavel Kotrla","date":"4.11.2008","format":false,"excerpt":"Sloupek vy\u0161el v Tvaru \u010d. 17 (16.10.2008). Ohlas pak v pond\u011bln\u00edku Vladim\u00edra Novotn\u00e9ho Hroz\u00ed n\u00e1m tis\u00edce \u0160pirit\u016f? P\u0159i brouzd\u00e1n\u00ed, kter\u00e9 se mi v l\u00e9t\u011b a na podzim poda\u0159ilo na\u0161t\u011bst\u00ed omezit na nejnutn\u011bj\u0161\u00ed minimum, jsem narazil sv\u00e9ho \u010dasu na rusk\u00e9 str\u00e1nky, kter\u00e9 se v\u011bnovaly geografick\u00e9mu rozm\u00edst\u011bn\u00ed spisovatel\u016f v t\u00e9to rozs\u00e1hl\u00e9 zemi.\u2026","rel":"","context":"V \u201eSloupky pro Tvar\u201c","block_context":{"text":"Sloupky pro Tvar","link":"https:\/\/kotrla.com\/pmpro\/category\/sloupky-pro-tvar\/"},"img":{"alt_text":"","src":"","width":0,"height":0},"classes":[]},{"id":229,"url":"https:\/\/kotrla.com\/pmpro\/2010\/01\/nejlepsi-fotograficky-a-nejlepsi-literarni-casopis-roku-2009\/","url_meta":{"origin":563,"position":5},"title":"Nejlep\u0161\u00ed fotografick\u00fd a nejlep\u0161\u00ed liter\u00e1rn\u00ed \u010dasopis roku 2009","author":"Pavel Kotrla","date":"13.1.2010","format":false,"excerpt":"\u017deb\u0159\u00ed\u010dky popul\u00e1rnosti jsou v\u017edycky o\u0161emetn\u00e9. Ale koneckonc\u016f, kde jinde bych m\u011bl prezentovat sv\u016fj n\u00e1zor ne\u017e zde ;) Shodou okolnost\u00ed je to pro mne jeden a t\u00fd\u017e \u010dasopis: Host. Po z\u00e1niku \u010dasopis\u016f PhotoArt a Magaz\u00ednu Fotografie se portfolio \u010dasopis\u016f smrsklo, a tak m\u00e1me DigiFoto, FotoVideo, Digit\u00e1ln\u00ed foto a PhotoLife. V\u011bt\u0161\u00ed \u010d\u00e1st\u2026","rel":"","context":"V \u201e\u010cten\u00e1\u0159sk\u00fd den\u00edk\u201c","block_context":{"text":"\u010cten\u00e1\u0159sk\u00fd den\u00edk","link":"https:\/\/kotrla.com\/pmpro\/category\/ctenarsky-denik\/"},"img":{"alt_text":"\u010dasopis Host","src":"https:\/\/i0.wp.com\/kotrla.com\/pmpro\/images\/uploads\/host_2010_10.jpg?resize=350%2C200&ssl=1","width":350,"height":200},"classes":[]}],"jetpack_sharing_enabled":true,"_links":{"self":[{"href":"https:\/\/kotrla.com\/pmpro\/wp-json\/wp\/v2\/posts\/563","targetHints":{"allow":["GET"]}}],"collection":[{"href":"https:\/\/kotrla.com\/pmpro\/wp-json\/wp\/v2\/posts"}],"about":[{"href":"https:\/\/kotrla.com\/pmpro\/wp-json\/wp\/v2\/types\/post"}],"author":[{"embeddable":true,"href":"https:\/\/kotrla.com\/pmpro\/wp-json\/wp\/v2\/users\/1"}],"replies":[{"embeddable":true,"href":"https:\/\/kotrla.com\/pmpro\/wp-json\/wp\/v2\/comments?post=563"}],"version-history":[{"count":0,"href":"https:\/\/kotrla.com\/pmpro\/wp-json\/wp\/v2\/posts\/563\/revisions"}],"wp:attachment":[{"href":"https:\/\/kotrla.com\/pmpro\/wp-json\/wp\/v2\/media?parent=563"}],"wp:term":[{"taxonomy":"category","embeddable":true,"href":"https:\/\/kotrla.com\/pmpro\/wp-json\/wp\/v2\/categories?post=563"},{"taxonomy":"post_tag","embeddable":true,"href":"https:\/\/kotrla.com\/pmpro\/wp-json\/wp\/v2\/tags?post=563"}],"curies":[{"name":"wp","href":"https:\/\/api.w.org\/{rel}","templated":true}]}}