{"id":564,"date":"2006-04-30T17:13:00","date_gmt":"2006-04-30T16:13:00","guid":{"rendered":"http:\/\/kotrla.com\/wordpress\/?p=564"},"modified":"2019-11-20T22:33:12","modified_gmt":"2019-11-20T21:33:12","slug":"stari-dobri-emil-julis-cx","status":"publish","type":"post","link":"https:\/\/kotrla.com\/pmpro\/2006\/04\/stari-dobri-emil-julis-cx\/","title":{"rendered":"STA\u0158\u00cd DOB\u0158\u00cd: Emil Juli\u0161 (CX.)"},"content":{"rendered":"<p>B\u00e1sn\u00edk (* 1920) pat\u0159\u00edc\u00ed k legend\u00e1m \u010desk\u00e9 experiment\u00e1ln\u00ed poezie. <\/p>\n<p><b>D\u011brav\u00e1 k\u016f\u017ee<\/b><\/p>\n<p>Pr\u016fvan noci a hv\u011bzd.<br \/>\nUsrk\u00e1vat jejich \u010dist\u00fd chlad.<br \/>\nJak dlouho u\u017e.<br \/>\nJak dlouho je\u0161t\u011b.<br \/>\nTouha uchopit to podstatn\u00e9.<\/p>\n<p>Ale co ty hlasy? (Jak dor\u00e1\u017eej\u00ed.)<br \/>\nCo dnes. A co z\u00edtra.<br \/>\nNesrozumiteln\u00fd jazyk zd\u00ed.<br \/>\nVe\u010der co ve\u010der bouchaj\u00ed<br \/>\ndve\u0159e pivnice.<br \/>\nOpil\u00fd zp\u011bv. Opil\u00e1 slova.<\/p>\n<p>Av\u0161ak po \u010dist\u00fdch, \u010dist\u00fdch tou\u017e\u00ed\u0161.<br \/>\nA jen m\u00e1lokdy se nechce probd\u00edt noc<br \/>\nbez krut\u011b \u017eiv\u00fdch sn\u016f.<br \/>\nV t\u00e9 tolik bl\u00edzk\u00e9 zim\u011b parohat\u00ed losi<br \/>\ntr\u00e1pen\u00ed bolest\u00ed<br \/>\nz k\u016f\u017ee vyt\u0159\u00e1saj\u00ed larvy hv\u011bzd. <\/p>\n<p>Souvisej\u00edc\u00ed:\n<\/p>\n<blockquote>\n<p><a href=\"http:\/\/www.vejr.cz\/nakladatelstvi\/julis.html\">Rozs\u00e1hl\u00e9 str\u00e1nky Emila Juli\u0161e p\u0159i nakladatelstv\u00ed Fabio<\/a><\/p>\n<\/blockquote>\n","protected":false},"excerpt":{"rendered":"<p>B\u00e1sn\u00edk (* 1920) pat\u0159\u00edc\u00ed k legend\u00e1m \u010desk\u00e9 experiment\u00e1ln\u00ed poezie. D\u011brav\u00e1 k\u016f\u017ee Pr\u016fvan noci a hv\u011bzd. Usrk\u00e1vat jejich \u010dist\u00fd chlad. Jak dlouho u\u017e. Jak dlouho je\u0161t\u011b. Touha uchopit to podstatn\u00e9. Ale co ty hlasy? (Jak dor\u00e1\u017eej\u00ed.) Co dnes. A co z\u00edtra. Nesrozumiteln\u00fd jazyk zd\u00ed. Ve\u010der co ve\u010der bouchaj\u00ed dve\u0159e pivnice. Opil\u00fd zp\u011bv. Opil\u00e1 slova. Av\u0161ak po [&hellip;]<\/p>\n","protected":false},"author":1,"featured_media":0,"comment_status":"open","ping_status":"open","sticky":false,"template":"","format":"standard","meta":{"site-sidebar-layout":"default","site-content-layout":"","ast-site-content-layout":"default","site-content-style":"default","site-sidebar-style":"default","ast-global-header-display":"","ast-banner-title-visibility":"","ast-main-header-display":"","ast-hfb-above-header-display":"","ast-hfb-below-header-display":"","ast-hfb-mobile-header-display":"","site-post-title":"","ast-breadcrumbs-content":"","ast-featured-img":"","footer-sml-layout":"","ast-disable-related-posts":"","theme-transparent-header-meta":"","adv-header-id-meta":"","stick-header-meta":"","header-above-stick-meta":"","header-main-stick-meta":"","header-below-stick-meta":"","astra-migrate-meta-layouts":"default","ast-page-background-enabled":"default","ast-page-background-meta":{"desktop":{"background-color":"var(--ast-global-color-5)","background-image":"","background-repeat":"repeat","background-position":"center center","background-size":"auto","background-attachment":"scroll","background-type":"","background-media":"","overlay-type":"","overlay-color":"","overlay-opacity":"","overlay-gradient":""},"tablet":{"background-color":"","background-image":"","background-repeat":"repeat","background-position":"center center","background-size":"auto","background-attachment":"scroll","background-type":"","background-media":"","overlay-type":"","overlay-color":"","overlay-opacity":"","overlay-gradient":""},"mobile":{"background-color":"","background-image":"","background-repeat":"repeat","background-position":"center center","background-size":"auto","background-attachment":"scroll","background-type":"","background-media":"","overlay-type":"","overlay-color":"","overlay-opacity":"","overlay-gradient":""}},"ast-content-background-meta":{"desktop":{"background-color":"var(--ast-global-color-4)","background-image":"","background-repeat":"repeat","background-position":"center center","background-size":"auto","background-attachment":"scroll","background-type":"","background-media":"","overlay-type":"","overlay-color":"","overlay-opacity":"","overlay-gradient":""},"tablet":{"background-color":"var(--ast-global-color-4)","background-image":"","background-repeat":"repeat","background-position":"center center","background-size":"auto","background-attachment":"scroll","background-type":"","background-media":"","overlay-type":"","overlay-color":"","overlay-opacity":"","overlay-gradient":""},"mobile":{"background-color":"var(--ast-global-color-4)","background-image":"","background-repeat":"repeat","background-position":"center center","background-size":"auto","background-attachment":"scroll","background-type":"","background-media":"","overlay-type":"","overlay-color":"","overlay-opacity":"","overlay-gradient":""}},"jetpack_post_was_ever_published":false,"_jetpack_newsletter_access":"","_jetpack_dont_email_post_to_subs":false,"_jetpack_newsletter_tier_id":0,"_jetpack_memberships_contains_paywalled_content":false,"_jetpack_memberships_contains_paid_content":false,"footnotes":""},"categories":[8],"tags":[],"class_list":["post-564","post","type-post","status-publish","format-standard","hentry","category-stari-dobri"],"jetpack_featured_media_url":"","jetpack_shortlink":"https:\/\/wp.me\/p4mLP7-96","jetpack-related-posts":[{"id":1061,"url":"https:\/\/kotrla.com\/pmpro\/2004\/03\/stari-dobri-jan-skacel-xxviii\/","url_meta":{"origin":564,"position":0},"title":"STA\u0158\u00cd DOB\u0158\u00cd: Jan Sk\u00e1cel (XXVIII.)","author":"Pavel Kotrla","date":"7.3.2004","format":false,"excerpt":"Nokturno Hl\u00edd\u00e1me vlky dlouho do noci Pak sn\u00edme lunu Z\u016fstanou j\u00e1my pln\u00e9 hv\u011bzd Tma von\u00ed jako n\u00e1mel sladce To se n\u00e1m zrovna nejv\u00edc sp\u00e1t chce a p\u0159em\u00fd\u0161l\u00edme jak smrt oslovit Bez n\u00ed by nebylo d\u011btstv\u00ed krajina dut\u00e9 svobody st\u00e9bel (ze sb\u00edrky D\u00e1vn\u00e9 proso)","rel":"","context":"V \u201eSta\u0159\u00ed dob\u0159\u00ed\u201c","block_context":{"text":"Sta\u0159\u00ed dob\u0159\u00ed","link":"https:\/\/kotrla.com\/pmpro\/category\/stari-dobri\/"},"img":{"alt_text":"","src":"","width":0,"height":0},"classes":[]},{"id":973,"url":"https:\/\/kotrla.com\/pmpro\/2004\/07\/stari-dobri-florbela-espanca-xxxxv\/","url_meta":{"origin":564,"position":1},"title":"STA\u0158\u00cd DOB\u0158\u00cd: Florbela Espanca (XXXXV.)","author":"Pavel Kotrla","date":"4.7.2004","format":false,"excerpt":"Portugalsk\u00e1 b\u00e1sn\u00ed\u0159ka (1894 - 1930), kter\u00e1 sv\u016fj kr\u00e1tk\u00fd \u017eivot se t\u0159emi man\u017eelstv\u00edmi ukon\u010dila p\u0159ed\u00e1vkov\u00e1n\u00edm pr\u00e1\u0161k\u016f na span\u00ed, sv\u00e9 prvn\u00ed sonety napsala ji\u017e v osmi letech. J\u00e1 nejsem ni\u010d\u00ed\u2026 \u2026 \u2026 \u2026 \u2026 \u2026 \u2026 \u2026 \u2026 \u2026 \u2026 \u2026 \u2026 \u2026 \u2026 \u2026 \u2026 \u2026 \u2026 \u2026 \u2026 \u2026 \u2026\u2026","rel":"","context":"V \u201eSta\u0159\u00ed dob\u0159\u00ed\u201c","block_context":{"text":"Sta\u0159\u00ed dob\u0159\u00ed","link":"https:\/\/kotrla.com\/pmpro\/category\/stari-dobri\/"},"img":{"alt_text":"","src":"","width":0,"height":0},"classes":[]},{"id":798,"url":"https:\/\/kotrla.com\/pmpro\/2005\/03\/stari-dobri-bohumil-hrabal-lxxvi\/","url_meta":{"origin":564,"position":2},"title":"STA\u0158\u00cd DOB\u0158\u00cd: Bohumil Hrabal (LXXVI.)","author":"Pavel Kotrla","date":"13.3.2005","format":false,"excerpt":"V dne\u0161n\u00ed ned\u011bln\u00ed chvilce poezie si p\u0159ipomeneme zn\u00e1m\u00e9ho prozaika (* 28. 3. 1914 -\u00a0 \u2020 3. 2. 1997), kter\u00fd nezapom\u00ednal ani na poezii. T\u0159eba ji \u010detl i J. H. Krchovsk\u00fd. ZDRAV\u00cd A KR\u00c1SE VST\u0158\u00cdC KOSMETIKOU ELIDA Bu\u010fte pak potom state\u010dni a plni sn\u011bn\u00ed, kdy\u017e na v\u0161ech m\u00edstech sem t\u00e1hne smrt\u2026","rel":"","context":"V \u201eSta\u0159\u00ed dob\u0159\u00ed\u201c","block_context":{"text":"Sta\u0159\u00ed dob\u0159\u00ed","link":"https:\/\/kotrla.com\/pmpro\/category\/stari-dobri\/"},"img":{"alt_text":"","src":"","width":0,"height":0},"classes":[]},{"id":672,"url":"https:\/\/kotrla.com\/pmpro\/2005\/10\/stari-dobri-charles-baudelaire-cii\/","url_meta":{"origin":564,"position":3},"title":"STA\u0158\u00cd DOB\u0158\u00cd: Charles Baudelaire (CII.)","author":"Pavel Kotrla","date":"9.10.2005","format":false,"excerpt":"POSEDLOST \u00d3 lesy, d\u011bs\u00edte m\u011b jak lo\u010f katedr\u00e1l; hlas varhan dun\u00ed z v\u00e1s; ve zlo\u0159e\u010den\u00e9 hrudi, komnat\u011b smute\u010dn\u00ed, kde chropt\u00ed v\u011b\u010dn\u00fd \u017eal, va\u0161e De profundis n\u00e1m ozv\u011bnou se bud\u00ed. Nen\u00e1vid\u00edm t\u011b, mo\u0159e! Skoky tv\u00e9 a ryk s\u00e1m v sob\u011b nach\u00e1z\u00edm; ten p\u0159eho\u0159k\u00fd sm\u00edch ho\u0159e, j\u00edm\u017e chrl\u00ed ne\u0161\u0165astn\u00edk sv\u00e9 sp\u00edl\u00e1n\u00ed a\u2026","rel":"","context":"V \u201eSta\u0159\u00ed dob\u0159\u00ed\u201c","block_context":{"text":"Sta\u0159\u00ed dob\u0159\u00ed","link":"https:\/\/kotrla.com\/pmpro\/category\/stari-dobri\/"},"img":{"alt_text":"","src":"","width":0,"height":0},"classes":[]},{"id":980,"url":"https:\/\/kotrla.com\/pmpro\/2004\/06\/stari-dobri-sylvia-plathova-xxxxiii\/","url_meta":{"origin":564,"position":4},"title":"STA\u0158\u00cd DOB\u0158\u00cd: Sylvia Plathov\u00e1 (XXXXIII.)","author":"Pavel Kotrla","date":"20.6.2004","format":false,"excerpt":"Ver\u0161e t\u00e9to b\u00e1sn\u00ed\u0159ky (1932 - 1963) pat\u0159\u00ed k tomu nejlep\u0161\u00edmu, co americk\u00e1 literatura po druh\u00e9 sv\u011btov\u00e9 nab\u00eddla. Uk\u00e1zka je se sb\u00edrky Ariel, kter\u00e1 vznikala kr\u00e1tce p\u0159ed dobrovoln\u00fdm odchodem autorky ze \u017eivota. \u010cERVENCOV\u00c9 M\u00c1KY Mal\u00e9 m\u00e1ky, pekeln\u00e9 plam\u00ednky, vy mi neubl\u00ed\u017e\u00edte? \u0160leh\u00e1te sem tam. Nemohu se v\u00e1s dotknout Strk\u00e1m ruce do\u2026","rel":"","context":"V \u201eSta\u0159\u00ed dob\u0159\u00ed\u201c","block_context":{"text":"Sta\u0159\u00ed dob\u0159\u00ed","link":"https:\/\/kotrla.com\/pmpro\/category\/stari-dobri\/"},"img":{"alt_text":"","src":"","width":0,"height":0},"classes":[]},{"id":515,"url":"https:\/\/kotrla.com\/pmpro\/2006\/10\/stari-dobri-vilem-zavada-cxiii\/","url_meta":{"origin":564,"position":5},"title":"STA\u0158\u00cd DOB\u0158\u00cd: Vil\u00e9m Z\u00e1vada (CXIII.)","author":"Pavel Kotrla","date":"1.10.2006","format":false,"excerpt":"\u010cesk\u00fd b\u00e1sn\u00edk, spisovatel a p\u0159ekladatel (22. kv\u011btna 1905 \u2013 30. listopadu 1982). Podzimn\u00ed Sly\u0161 Kant\u00e1ta kos a cik\u00e1d ze st\u0159\u00edbra ukut\u00e1 Tak luzn\u00e9 l\u00e9to a sad u\u017e opad\u00e1v\u00e1 Po nebi hory ohn\u011b jdou k z\u00e1padu pl\u00e1n\u00ed krvavou Na mez\u00edch list za listem plam\u00ednkem \u017elutav\u00fdm za\u017e\u00edh\u00e1 no\u010dn\u00ed chlad Sklizeny \u017en\u011b i\u2026","rel":"","context":"V \u201eSta\u0159\u00ed dob\u0159\u00ed\u201c","block_context":{"text":"Sta\u0159\u00ed dob\u0159\u00ed","link":"https:\/\/kotrla.com\/pmpro\/category\/stari-dobri\/"},"img":{"alt_text":"Vil\u00e9m Z\u00e1vada: Hradn\u00ed v\u011b\u017e (1940)","src":"https:\/\/i0.wp.com\/kotrla.com\/pmpro\/images\/uploads\/vilem_zavada-hradni_vez.gif?resize=350%2C200&ssl=1","width":350,"height":200},"classes":[]}],"jetpack_sharing_enabled":true,"_links":{"self":[{"href":"https:\/\/kotrla.com\/pmpro\/wp-json\/wp\/v2\/posts\/564","targetHints":{"allow":["GET"]}}],"collection":[{"href":"https:\/\/kotrla.com\/pmpro\/wp-json\/wp\/v2\/posts"}],"about":[{"href":"https:\/\/kotrla.com\/pmpro\/wp-json\/wp\/v2\/types\/post"}],"author":[{"embeddable":true,"href":"https:\/\/kotrla.com\/pmpro\/wp-json\/wp\/v2\/users\/1"}],"replies":[{"embeddable":true,"href":"https:\/\/kotrla.com\/pmpro\/wp-json\/wp\/v2\/comments?post=564"}],"version-history":[{"count":0,"href":"https:\/\/kotrla.com\/pmpro\/wp-json\/wp\/v2\/posts\/564\/revisions"}],"wp:attachment":[{"href":"https:\/\/kotrla.com\/pmpro\/wp-json\/wp\/v2\/media?parent=564"}],"wp:term":[{"taxonomy":"category","embeddable":true,"href":"https:\/\/kotrla.com\/pmpro\/wp-json\/wp\/v2\/categories?post=564"},{"taxonomy":"post_tag","embeddable":true,"href":"https:\/\/kotrla.com\/pmpro\/wp-json\/wp\/v2\/tags?post=564"}],"curies":[{"name":"wp","href":"https:\/\/api.w.org\/{rel}","templated":true}]}}