{"id":569,"date":"2006-04-23T21:24:32","date_gmt":"2006-04-23T20:24:32","guid":{"rendered":"http:\/\/kotrla.com\/wordpress\/?p=569"},"modified":"2019-11-20T22:33:12","modified_gmt":"2019-11-20T21:33:12","slug":"ze-stavby-valasske-autostrady","status":"publish","type":"post","link":"https:\/\/kotrla.com\/pmpro\/2006\/04\/ze-stavby-valasske-autostrady\/","title":{"rendered":"Ze stavby vala\u0161sk\u00e9 autostr\u00e1dy"},"content":{"rendered":"<p><img loading=\"lazy\" decoding=\"async\" src=\"https:\/\/kotrla.com\/pmpro\/images\/uploads\/autostrada.jpg\" border=\"0\" alt=\"Vala\u0161sk\u00e1 autostr\u00e1da\" width=\"420\" height=\"315\" \/><\/p>\n<p>Tak tato fotka je jeden z d\u016fvod\u016f, pro\u010d letos budu, tak jako ostatn\u011b v minulosti, op\u011bt volit zelen\u00e9. Letos se tam t\u0159eba dostanou \ud83d\ude42 Nejsem odp\u016frce nov\u00e9 vala\u0161sk\u00e9 autostr\u00e1dy, ale trochu mi vad\u00ed jej\u00ed podoba, kter\u00e1 by mohla v\u00edce respektovat r\u00e1z krajiny a nezab\u00edrat tu nejkvalitn\u011bj\u0161\u00ed hospod\u00e1\u0159skou p\u016fdu. Jsem na to ji\u017e <a href=\"https:\/\/kotrla.com\/pmpro\/index.php\/site\/comments\/kosile_blizsi_nez_kabat\/\">upozor\u0148oval<\/a>. Fotka je po\u0159\u00edzen\u00e1 u rozcest\u00ed na Ratibo\u0159 za Jabl\u016fnkou.<br \/>\nStejn\u011b tak mne zar\u00e1\u017e\u00ed budov\u00e1n\u00ed tov\u00e1rn\u00edch hal na nedalek\u00fdch Bobrk\u00e1ch. Kdysi zde st\u00e1val statek, kam se na robotu chodilo a\u017e z R\u016f\u017e\u010fky a Byst\u0159i\u010dky. Dnes u\u017e po zem\u011bd\u011blstv\u00ed tak\u0159ka \u017e\u00e1dn\u00e1 pam\u00e1tka a jen ty rozr\u016fstaj\u00edc\u00ed se haly.<br \/>\nO na\u0161em vztahu k p\u016fd\u011b ostatn\u011b sv\u011bd\u010d\u00ed i n\u00e1sleduj\u00edc\u00ed sken z aktu\u00e1ln\u00edho \u010d\u00edsla \u010dasopisu <a href=\"http:\/\/vesmir.cz\/\">Vesm\u00edr 4\/2006<\/a> (kliknut\u00edm zv\u011bt\u0161\u00edte). Jako by s p\u0159ib\u00fdvaj\u00edc\u00edm \u010dasem byla p\u016fda n\u011bco st\u00e1le cizej\u0161\u00edho a vzd\u00e1len\u011bj\u0161\u00edho. Aspo\u0148 ty dv\u011b posledn\u00ed formulace na mne tak p\u016fsob\u00ed.<\/p>\n<p><a href=\"https:\/\/kotrla.com\/pmpro\/images\/uploads\/puda2.jpg\"><img loading=\"lazy\" decoding=\"async\" src=\"https:\/\/kotrla.com\/pmpro\/images\/uploads\/puda1.jpg\" border=\"0\" alt=\"P\u016fda v prom\u011bn\u00e1ch let\" width=\"420\" height=\"188\" \/><\/a><\/p>\n","protected":false},"excerpt":{"rendered":"<p>Tak tato fotka je jeden z d\u016fvod\u016f, pro\u010d letos budu, tak jako ostatn\u011b v minulosti, op\u011bt volit zelen\u00e9. Letos se tam t\u0159eba dostanou \ud83d\ude42 Nejsem odp\u016frce nov\u00e9 vala\u0161sk\u00e9 autostr\u00e1dy, ale trochu mi vad\u00ed jej\u00ed podoba, kter\u00e1 by mohla v\u00edce respektovat r\u00e1z krajiny a nezab\u00edrat tu nejkvalitn\u011bj\u0161\u00ed hospod\u00e1\u0159skou p\u016fdu. Jsem na to ji\u017e upozor\u0148oval. Fotka je [&hellip;]<\/p>\n","protected":false},"author":1,"featured_media":0,"comment_status":"open","ping_status":"open","sticky":false,"template":"","format":"standard","meta":{"site-sidebar-layout":"default","site-content-layout":"","ast-site-content-layout":"default","site-content-style":"default","site-sidebar-style":"default","ast-global-header-display":"","ast-banner-title-visibility":"","ast-main-header-display":"","ast-hfb-above-header-display":"","ast-hfb-below-header-display":"","ast-hfb-mobile-header-display":"","site-post-title":"","ast-breadcrumbs-content":"","ast-featured-img":"","footer-sml-layout":"","ast-disable-related-posts":"","theme-transparent-header-meta":"","adv-header-id-meta":"","stick-header-meta":"","header-above-stick-meta":"","header-main-stick-meta":"","header-below-stick-meta":"","astra-migrate-meta-layouts":"default","ast-page-background-enabled":"default","ast-page-background-meta":{"desktop":{"background-color":"var(--ast-global-color-5)","background-image":"","background-repeat":"repeat","background-position":"center center","background-size":"auto","background-attachment":"scroll","background-type":"","background-media":"","overlay-type":"","overlay-color":"","overlay-opacity":"","overlay-gradient":""},"tablet":{"background-color":"","background-image":"","background-repeat":"repeat","background-position":"center center","background-size":"auto","background-attachment":"scroll","background-type":"","background-media":"","overlay-type":"","overlay-color":"","overlay-opacity":"","overlay-gradient":""},"mobile":{"background-color":"","background-image":"","background-repeat":"repeat","background-position":"center center","background-size":"auto","background-attachment":"scroll","background-type":"","background-media":"","overlay-type":"","overlay-color":"","overlay-opacity":"","overlay-gradient":""}},"ast-content-background-meta":{"desktop":{"background-color":"var(--ast-global-color-4)","background-image":"","background-repeat":"repeat","background-position":"center center","background-size":"auto","background-attachment":"scroll","background-type":"","background-media":"","overlay-type":"","overlay-color":"","overlay-opacity":"","overlay-gradient":""},"tablet":{"background-color":"var(--ast-global-color-4)","background-image":"","background-repeat":"repeat","background-position":"center center","background-size":"auto","background-attachment":"scroll","background-type":"","background-media":"","overlay-type":"","overlay-color":"","overlay-opacity":"","overlay-gradient":""},"mobile":{"background-color":"var(--ast-global-color-4)","background-image":"","background-repeat":"repeat","background-position":"center center","background-size":"auto","background-attachment":"scroll","background-type":"","background-media":"","overlay-type":"","overlay-color":"","overlay-opacity":"","overlay-gradient":""}},"jetpack_post_was_ever_published":false,"_jetpack_newsletter_access":"","_jetpack_dont_email_post_to_subs":false,"_jetpack_newsletter_tier_id":0,"_jetpack_memberships_contains_paywalled_content":false,"_jetpack_memberships_contains_paid_content":false,"footnotes":""},"categories":[7,3],"tags":[],"class_list":["post-569","post","type-post","status-publish","format-standard","hentry","category-fotografie","category-osobni"],"jetpack_featured_media_url":"","jetpack_shortlink":"https:\/\/wp.me\/p4mLP7-9b","jetpack-related-posts":[{"id":248,"url":"https:\/\/kotrla.com\/pmpro\/2009\/09\/potkat-pratele-je-milo-aneb-mezi-nami-zviraty-v-opave\/","url_meta":{"origin":569,"position":0},"title":"Potkat p\u0159\u00e1tele je milo aneb Mezi n\u00e1mi zv\u00ed\u0159aty (v Opav\u011b)","author":"Pavel Kotrla","date":"30.9.2009","format":false,"excerpt":"Byl to p\u011bkn\u00fd den. Vlastn\u011b dvouden. Ale kdy\u017e se nejdete sp\u00e1t, tak to v\u017edycky po\u010d\u00edt\u00e1m za jeden. \u010clov\u011bk aspo\u0148 pomaleji st\u00e1rne. Nechal jsem se zas jednou ukecat a p\u0159ed \u010dtrn\u00e1cti dny vyrazil s p\u0159\u00edsp\u011bvkem na konferenci. Tentokr\u00e1t v\u011bnovanou liter\u00e1rn\u00ed kritice a konanou v r\u00e1mci multikulturn\u00edho festivalu Bezru\u010dova Opava. Konference jak\u2026","rel":"","context":"V \u201eFotografie\u201c","block_context":{"text":"Fotografie","link":"https:\/\/kotrla.com\/pmpro\/category\/fotografie\/"},"img":{"alt_text":"Bo\u017eena Spr\u00e1vcov\u00e1 a Jakub Chrob\u00e1k","src":"https:\/\/i0.wp.com\/kotrla.com\/pmpro\/images\/uploads\/bozena_jakub_IGP9755.jpg?resize=350%2C200&ssl=1","width":350,"height":200},"classes":[]},{"id":203,"url":"https:\/\/kotrla.com\/pmpro\/2010\/05\/alternativa\/","url_meta":{"origin":569,"position":1},"title":"Alternativa?","author":"Pavel Kotrla","date":"25.5.2010","format":false,"excerpt":"P\u0159ed n\u011bkolika t\u00fddny se odml\u010delo m\u00e9 obl\u00edben\u00e9 internetov\u00e9 r\u00e1dio Woxy. Tedy jen jeho internetov\u00fd stream. Sign\u00e1l tady v kopc\u00edch nen\u00ed ide\u00e1ln\u00ed, a tak p\u0159\u00edjem je pon\u011bkud omezen\u00fd. Tedy pokud nepo\u010d\u00edt\u00e1m satelit, m\u00edt st\u00e1le pu\u0161t\u011bn\u00fd po\u010d\u00edta\u010d kv\u016fli last.fm se mi taky nechce. Vltavu cel\u00fd den nevydr\u017e\u00edm. Tak hledal jsem hledal a\u2026","rel":"","context":"V \u201eOsobn\u00ed\u201c","block_context":{"text":"Osobn\u00ed","link":"https:\/\/kotrla.com\/pmpro\/category\/osobni\/"},"img":{"alt_text":"","src":"","width":0,"height":0},"classes":[]},{"id":341,"url":"https:\/\/kotrla.com\/pmpro\/2008\/06\/z-bloku-02-dozvuky-lonske-sklizne-literarni\/","url_meta":{"origin":569,"position":2},"title":"Z bloku 02: Dozvuky lo\u0148sk\u00e9 sklizn\u011b liter\u00e1rn\u00ed","author":"Pavel Kotrla","date":"16.6.2008","format":false,"excerpt":"Sloupek vy\u0161el v Tvaru \u010d. 11 (29.05.2008) V\u00edkendov\u00e9 ve\u010dery jsou ji\u017e s \u017eeleznou pravidelnost\u00ed poznamen\u00e1ny jedn\u00edm opakuj\u00edc\u00edm se stereotypem: televizn\u00ed program v\u0161ech kan\u00e1l\u016f p\u016fsob\u00ed dojmem, \u017ee si v\u0161ichni dramaturgov\u00e9 a programov\u00ed \u0159editel\u00e9 vzali volno. Jednou dvakr\u00e1t by to \u010dlov\u011bk pochopil, takto se to ned\u00e1 pou\u017e\u00edt ani jako hlukov\u00e1 kulisa. Zpravidla\u2026","rel":"","context":"V \u201eSloupky pro Tvar\u201c","block_context":{"text":"Sloupky pro Tvar","link":"https:\/\/kotrla.com\/pmpro\/category\/sloupky-pro-tvar\/"},"img":{"alt_text":"","src":"","width":0,"height":0},"classes":[]},{"id":150,"url":"https:\/\/kotrla.com\/pmpro\/2011\/06\/martin-pecina-knihy-a-typografie\/","url_meta":{"origin":569,"position":3},"title":"Martin Pecina: Knihy a typografie","author":"Pavel Kotrla","date":"6.6.2011","format":false,"excerpt":"Minul\u00fd t\u00fdden byl na \u00falovky bohat\u00fd podobn\u011b jako ty p\u0159edchoz\u00ed a nov\u00fdch knih se se\u0161lo hned n\u011bkolik. Jednou z nich je i mnou o\u010dek\u00e1van\u00e1 nov\u00e1 kniha Knihy a typografie Martina Peciny. Vy\u0161la jako 500. publikace nakladatelstv\u00ed Host. T\u011b\u0161il jsem se na ni a o v\u00edkendu ji do\u010detl. Vzhledem k tomu,\u2026","rel":"","context":"V \u201e\u010cten\u00e1\u0159sk\u00fd den\u00edk\u201c","block_context":{"text":"\u010cten\u00e1\u0159sk\u00fd den\u00edk","link":"https:\/\/kotrla.com\/pmpro\/category\/ctenarsky-denik\/"},"img":{"alt_text":"Martin Pecina - Knihy a typografie","src":"https:\/\/i0.wp.com\/kotrla.com\/pmpro\/images\/uploads\/martin_pecina_knihy_a_typografie.jpg?resize=350%2C200&ssl=1","width":350,"height":200},"classes":[]},{"id":6629,"url":"https:\/\/kotrla.com\/pmpro\/2020\/05\/best-quality-czechoslovak-sugar-5-kgs-netto\/","url_meta":{"origin":569,"position":4},"title":"Best Quality Czechoslovak Sugar 5 kgs Netto","author":"Pavel Kotrla","date":"10.5.2020","format":false,"excerpt":"Na Vr\u0161atec n\u00e1s letos nepustili, ale i tak se leto\u0161n\u00ed expedi\u010dn\u00ed v\u00fdlet vyda\u0159il. Po skv\u011bl\u00e9m p\u00e1tku skv\u011bl\u00e1 sobota. Do \u0160tudlova za t\u0159etihorn\u00edm jantarem a d\u00e1l do kopc\u016f. A trochu k\u00fd\u010dovit\u00e9 zar\u00e1mov\u00e1n\u00ed Durchem Zde\u0148ka Fr\u00e1nka ve vala\u0161sk\u00e9 krajin\u011b.","rel":"","context":"V \u201eOsobn\u00ed\u201c","block_context":{"text":"Osobn\u00ed","link":"https:\/\/kotrla.com\/pmpro\/category\/osobni\/"},"img":{"alt_text":"","src":"https:\/\/i0.wp.com\/kotrla.com\/pmpro\/wp-content\/uploads\/2020\/05\/durch_IMGP6307.jpg?resize=350%2C200&ssl=1","width":350,"height":200,"srcset":"https:\/\/i0.wp.com\/kotrla.com\/pmpro\/wp-content\/uploads\/2020\/05\/durch_IMGP6307.jpg?resize=350%2C200&ssl=1 1x, https:\/\/i0.wp.com\/kotrla.com\/pmpro\/wp-content\/uploads\/2020\/05\/durch_IMGP6307.jpg?resize=525%2C300&ssl=1 1.5x, https:\/\/i0.wp.com\/kotrla.com\/pmpro\/wp-content\/uploads\/2020\/05\/durch_IMGP6307.jpg?resize=700%2C400&ssl=1 2x, https:\/\/i0.wp.com\/kotrla.com\/pmpro\/wp-content\/uploads\/2020\/05\/durch_IMGP6307.jpg?resize=1050%2C600&ssl=1 3x, https:\/\/i0.wp.com\/kotrla.com\/pmpro\/wp-content\/uploads\/2020\/05\/durch_IMGP6307.jpg?resize=1400%2C800&ssl=1 4x"},"classes":[]},{"id":189,"url":"https:\/\/kotrla.com\/pmpro\/2010\/09\/ctenar-poezie-martin-pecina-perverse\/","url_meta":{"origin":569,"position":5},"title":"\u010cten\u00e1\u0159 poezie: Martin Pecina &#8211; Perver\u0161e","author":"Pavel Kotrla","date":"30.9.2010","format":false,"excerpt":"B\u00e1snick\u00e1 sb\u00edrka Martina Peciny pat\u0159\u00ed mezi ty, na kter\u00e9 jsem se t\u011b\u0161il. Ve\u0159ejnosti je zn\u00e1m p\u0159edev\u0161\u00edm jako typograf, kter\u00fd stoj\u00ed za sou\u010dasnou podobou mnoha knih nakladatelstv\u00ed Host a kter\u00e9 jeho sb\u00edrku vydalo. V \u010dasopise stejn\u00e9ho jm\u00e9na m\u00e1 pravidelnou rubriku (p\u0159\u00edsp\u011bvky naleznete na jeho blogu), publikuje tak\u00e9 v \u010dasopisu Typo. (Ten\u2026","rel":"","context":"V \u201e\u010cten\u00e1\u0159sk\u00fd den\u00edk\u201c","block_context":{"text":"\u010cten\u00e1\u0159sk\u00fd den\u00edk","link":"https:\/\/kotrla.com\/pmpro\/category\/ctenarsky-denik\/"},"img":{"alt_text":"image","src":"https:\/\/i0.wp.com\/kotrla.com\/pmpro\/images\/uploads\/martin_pecina_perverse.jpg?resize=350%2C200&ssl=1","width":350,"height":200},"classes":[]}],"jetpack_sharing_enabled":true,"_links":{"self":[{"href":"https:\/\/kotrla.com\/pmpro\/wp-json\/wp\/v2\/posts\/569","targetHints":{"allow":["GET"]}}],"collection":[{"href":"https:\/\/kotrla.com\/pmpro\/wp-json\/wp\/v2\/posts"}],"about":[{"href":"https:\/\/kotrla.com\/pmpro\/wp-json\/wp\/v2\/types\/post"}],"author":[{"embeddable":true,"href":"https:\/\/kotrla.com\/pmpro\/wp-json\/wp\/v2\/users\/1"}],"replies":[{"embeddable":true,"href":"https:\/\/kotrla.com\/pmpro\/wp-json\/wp\/v2\/comments?post=569"}],"version-history":[{"count":0,"href":"https:\/\/kotrla.com\/pmpro\/wp-json\/wp\/v2\/posts\/569\/revisions"}],"wp:attachment":[{"href":"https:\/\/kotrla.com\/pmpro\/wp-json\/wp\/v2\/media?parent=569"}],"wp:term":[{"taxonomy":"category","embeddable":true,"href":"https:\/\/kotrla.com\/pmpro\/wp-json\/wp\/v2\/categories?post=569"},{"taxonomy":"post_tag","embeddable":true,"href":"https:\/\/kotrla.com\/pmpro\/wp-json\/wp\/v2\/tags?post=569"}],"curies":[{"name":"wp","href":"https:\/\/api.w.org\/{rel}","templated":true}]}}