{"id":576,"date":"2006-04-15T20:37:00","date_gmt":"2006-04-15T19:37:00","guid":{"rendered":"http:\/\/kotrla.com\/wordpress\/?p=576"},"modified":"2019-11-20T22:33:13","modified_gmt":"2019-11-20T21:33:13","slug":"oblibena-z-archivu","status":"publish","type":"post","link":"https:\/\/kotrla.com\/pmpro\/2006\/04\/oblibena-z-archivu\/","title":{"rendered":"Obl\u00edben\u00e1 z archivu"},"content":{"rendered":"<p><img loading=\"lazy\" decoding=\"async\" src=\"https:\/\/kotrla.com\/pmpro\/images\/uploads\/kravy.jpg\" border=\"0\" alt=\"Kr\u00e1vy\" width=\"420\" height=\"284\" \/><\/p>\n<p>Asi m\u00e1 nejobl\u00edben\u011bj\u0161\u00ed fotka.<\/p>\n","protected":false},"excerpt":{"rendered":"<p>Asi m\u00e1 nejobl\u00edben\u011bj\u0161\u00ed fotka.<\/p>\n","protected":false},"author":1,"featured_media":0,"comment_status":"open","ping_status":"open","sticky":false,"template":"","format":"standard","meta":{"site-sidebar-layout":"default","site-content-layout":"","ast-site-content-layout":"default","site-content-style":"default","site-sidebar-style":"default","ast-global-header-display":"","ast-banner-title-visibility":"","ast-main-header-display":"","ast-hfb-above-header-display":"","ast-hfb-below-header-display":"","ast-hfb-mobile-header-display":"","site-post-title":"","ast-breadcrumbs-content":"","ast-featured-img":"","footer-sml-layout":"","ast-disable-related-posts":"","theme-transparent-header-meta":"","adv-header-id-meta":"","stick-header-meta":"","header-above-stick-meta":"","header-main-stick-meta":"","header-below-stick-meta":"","astra-migrate-meta-layouts":"default","ast-page-background-enabled":"default","ast-page-background-meta":{"desktop":{"background-color":"var(--ast-global-color-5)","background-image":"","background-repeat":"repeat","background-position":"center center","background-size":"auto","background-attachment":"scroll","background-type":"","background-media":"","overlay-type":"","overlay-color":"","overlay-opacity":"","overlay-gradient":""},"tablet":{"background-color":"","background-image":"","background-repeat":"repeat","background-position":"center center","background-size":"auto","background-attachment":"scroll","background-type":"","background-media":"","overlay-type":"","overlay-color":"","overlay-opacity":"","overlay-gradient":""},"mobile":{"background-color":"","background-image":"","background-repeat":"repeat","background-position":"center center","background-size":"auto","background-attachment":"scroll","background-type":"","background-media":"","overlay-type":"","overlay-color":"","overlay-opacity":"","overlay-gradient":""}},"ast-content-background-meta":{"desktop":{"background-color":"var(--ast-global-color-4)","background-image":"","background-repeat":"repeat","background-position":"center center","background-size":"auto","background-attachment":"scroll","background-type":"","background-media":"","overlay-type":"","overlay-color":"","overlay-opacity":"","overlay-gradient":""},"tablet":{"background-color":"var(--ast-global-color-4)","background-image":"","background-repeat":"repeat","background-position":"center center","background-size":"auto","background-attachment":"scroll","background-type":"","background-media":"","overlay-type":"","overlay-color":"","overlay-opacity":"","overlay-gradient":""},"mobile":{"background-color":"var(--ast-global-color-4)","background-image":"","background-repeat":"repeat","background-position":"center center","background-size":"auto","background-attachment":"scroll","background-type":"","background-media":"","overlay-type":"","overlay-color":"","overlay-opacity":"","overlay-gradient":""}},"jetpack_post_was_ever_published":false,"_jetpack_newsletter_access":"","_jetpack_dont_email_post_to_subs":false,"_jetpack_newsletter_tier_id":0,"_jetpack_memberships_contains_paywalled_content":false,"_jetpack_memberships_contains_paid_content":false,"footnotes":""},"categories":[7],"tags":[],"class_list":["post-576","post","type-post","status-publish","format-standard","hentry","category-fotografie"],"jetpack_featured_media_url":"","jetpack_shortlink":"https:\/\/wp.me\/p4mLP7-9i","jetpack-related-posts":[{"id":67,"url":"https:\/\/kotrla.com\/pmpro\/2012\/12\/stejne-misto-rozdil-tricet-let\/","url_meta":{"origin":576,"position":0},"title":"Stejn\u00e9 m\u00edsto, rozd\u00edl t\u0159icet let","author":"Pavel Kotrla","date":"3.12.2012","format":false,"excerpt":"B\u00e1trnka, je\u0161t\u011b z dob, kdy pat\u0159ila k Byst\u0159i\u010dce, nyn\u00ed Mal\u00e1 Byst\u0159ice. Z\u00e1m\u010disko z B\u00e1trnky, foto R. Pavl\u00edk z jara 1932 Z\u00e1m\u010disko z B\u00e1trnky, cca 1960, stejn\u011b tak i n\u00ed\u017ee uveden\u00e1 fotka, ob\u011b z m\u00e9ho archivu","rel":"","context":"V \u201eByst\u0159i\u010dka\u201c","block_context":{"text":"Byst\u0159i\u010dka","link":"https:\/\/kotrla.com\/pmpro\/category\/bystricka\/"},"img":{"alt_text":"B\u00e1trnka 1932","src":"https:\/\/i0.wp.com\/kotrla.com\/pmpro\/images\/uploads\/bystricka_batrnka_1932.jpg?resize=350%2C200&ssl=1","width":350,"height":200},"classes":[]},{"id":204,"url":"https:\/\/kotrla.com\/pmpro\/2010\/05\/fotky-z-vecirku-textu-a-krtu-adres-jakuba-chrobaka\/","url_meta":{"origin":576,"position":1},"title":"Fotky z ve\u010d\u00edrku Text\u016f a k\u0159tu Adres Jakuba Chrob\u00e1ka","author":"Pavel Kotrla","date":"23.5.2010","format":false,"excerpt":"Fotky z p\u00e1te\u010dn\u00edho ve\u010d\u00edrku \u010dasopisu Texty najdete na adrese: http:\/\/texty.kotrla.com\/2010vecirek\/ Fotka kmotra (Petr Hru\u0161ka) s autorem (Jakub Chrob\u00e1k):","rel":"","context":"V \u201eFotografie\u201c","block_context":{"text":"Fotografie","link":"https:\/\/kotrla.com\/pmpro\/category\/fotografie\/"},"img":{"alt_text":"Petr a Jakub","src":"https:\/\/i0.wp.com\/kotrla.com\/pmpro\/images\/uploads\/petr_a_jakub_IGP1862.jpg?resize=350%2C200&ssl=1","width":350,"height":200},"classes":[]},{"id":381,"url":"https:\/\/kotrla.com\/pmpro\/2008\/01\/zima-ma-hlad\/","url_meta":{"origin":576,"position":2},"title":"Zima m\u00e1 hlad","author":"Pavel Kotrla","date":"30.1.2008","format":false,"excerpt":"Letos je zima divn\u00e1. Chv\u00edli je a v\u011bt\u0161inou ne. V kr\u00e1tk\u00e9m \u010dase, kdy byla, to bylo poznat. Jinak fotka vy\u0161la i ve Fotografii 2\/2008.","rel":"","context":"V \u201eFotografie\u201c","block_context":{"text":"Fotografie","link":"https:\/\/kotrla.com\/pmpro\/category\/fotografie\/"},"img":{"alt_text":"Zim\u00e1 m\u00e1 hlad","src":"https:\/\/i0.wp.com\/kotrla.com\/pmpro\/images\/uploads\/zima_ma_hlad.jpg?resize=350%2C200&ssl=1","width":350,"height":200},"classes":[]},{"id":242,"url":"https:\/\/kotrla.com\/pmpro\/2009\/11\/na-vrcholku-hor-dravec-ciha-v-mlze\/","url_meta":{"origin":576,"position":3},"title":"Na vrcholku hor dravec \u010d\u00edh\u00e1 v mlze","author":"Pavel Kotrla","date":"9.11.2009","format":false,"excerpt":"Jedna obl\u00edben\u00e1 z Klenova.","rel":"","context":"V \u201eFotografie\u201c","block_context":{"text":"Fotografie","link":"https:\/\/kotrla.com\/pmpro\/category\/fotografie\/"},"img":{"alt_text":"Na vrcholku hor dravec \u010d\u00edh\u00e1 v mlze","src":"https:\/\/i0.wp.com\/kotrla.com\/pmpro\/images\/uploads\/_IGP0730.jpg?resize=350%2C200&ssl=1","width":350,"height":200},"classes":[]},{"id":569,"url":"https:\/\/kotrla.com\/pmpro\/2006\/04\/ze-stavby-valasske-autostrady\/","url_meta":{"origin":576,"position":4},"title":"Ze stavby vala\u0161sk\u00e9 autostr\u00e1dy","author":"Pavel Kotrla","date":"23.4.2006","format":false,"excerpt":"Tak tato fotka je jeden z d\u016fvod\u016f, pro\u010d letos budu, tak jako ostatn\u011b v minulosti, op\u011bt volit zelen\u00e9. Letos se tam t\u0159eba dostanou :) Nejsem odp\u016frce nov\u00e9 vala\u0161sk\u00e9 autostr\u00e1dy, ale trochu mi vad\u00ed jej\u00ed podoba, kter\u00e1 by mohla v\u00edce respektovat r\u00e1z krajiny a nezab\u00edrat tu nejkvalitn\u011bj\u0161\u00ed hospod\u00e1\u0159skou p\u016fdu. Jsem na\u2026","rel":"","context":"V \u201eFotografie\u201c","block_context":{"text":"Fotografie","link":"https:\/\/kotrla.com\/pmpro\/category\/fotografie\/"},"img":{"alt_text":"Vala\u0161sk\u00e1 autostr\u00e1da","src":"https:\/\/i0.wp.com\/kotrla.com\/pmpro\/images\/uploads\/autostrada.jpg?resize=350%2C200&ssl=1","width":350,"height":200},"classes":[]},{"id":1359,"url":"https:\/\/kotrla.com\/pmpro\/2003\/04\/tak-nam-ji-vypusti\/","url_meta":{"origin":576,"position":5},"title":"Tak n\u00e1m ji vypust\u00ed!","author":"Pavel Kotrla","date":"30.4.2003","format":false,"excerpt":"Tak na podzim n\u00e1m za\u010dnou vypou\u0161t\u011bt p\u0159ehradu. Pr\u00fd bude pr\u00e1zdn\u00e1 tak dvy, t\u0159i roky. Hold u\u017e pot\u0159ebuje n\u011bjakou tu opravu. Sta\u0159enka. Budeme tak ochuzeni o davy turist\u016f a ucpan\u00e9 cesty okolo p\u0159ehrady v tepl\u00fdch a slune\u010dn\u00fdch dnech. Dobr\u00e1 zpr\u00e1va pro cyklisty! Tak\u017ee i pro mne. :-) Fotografie na tituln\u00ed str\u00e1nce\u2026","rel":"","context":"V \u201eByst\u0159i\u010dka\u201c","block_context":{"text":"Byst\u0159i\u010dka","link":"https:\/\/kotrla.com\/pmpro\/category\/bystricka\/"},"img":{"alt_text":"image","src":"https:\/\/i0.wp.com\/kotrla.com\/pmpro\/images\/uploads\/prehrada1.jpg?resize=350%2C200&ssl=1","width":350,"height":200},"classes":[]}],"jetpack_sharing_enabled":true,"_links":{"self":[{"href":"https:\/\/kotrla.com\/pmpro\/wp-json\/wp\/v2\/posts\/576","targetHints":{"allow":["GET"]}}],"collection":[{"href":"https:\/\/kotrla.com\/pmpro\/wp-json\/wp\/v2\/posts"}],"about":[{"href":"https:\/\/kotrla.com\/pmpro\/wp-json\/wp\/v2\/types\/post"}],"author":[{"embeddable":true,"href":"https:\/\/kotrla.com\/pmpro\/wp-json\/wp\/v2\/users\/1"}],"replies":[{"embeddable":true,"href":"https:\/\/kotrla.com\/pmpro\/wp-json\/wp\/v2\/comments?post=576"}],"version-history":[{"count":0,"href":"https:\/\/kotrla.com\/pmpro\/wp-json\/wp\/v2\/posts\/576\/revisions"}],"wp:attachment":[{"href":"https:\/\/kotrla.com\/pmpro\/wp-json\/wp\/v2\/media?parent=576"}],"wp:term":[{"taxonomy":"category","embeddable":true,"href":"https:\/\/kotrla.com\/pmpro\/wp-json\/wp\/v2\/categories?post=576"},{"taxonomy":"post_tag","embeddable":true,"href":"https:\/\/kotrla.com\/pmpro\/wp-json\/wp\/v2\/tags?post=576"}],"curies":[{"name":"wp","href":"https:\/\/api.w.org\/{rel}","templated":true}]}}