{"id":580,"date":"2006-04-05T19:56:01","date_gmt":"2006-04-05T18:56:01","guid":{"rendered":"http:\/\/kotrla.com\/wordpress\/?p=580"},"modified":"2019-11-30T09:57:27","modified_gmt":"2019-11-30T08:57:27","slug":"nad-a2-142006","status":"publish","type":"post","link":"https:\/\/kotrla.com\/pmpro\/2006\/04\/nad-a2-142006\/","title":{"rendered":"Nad A2 14\/2006"},"content":{"rendered":"<p>Dne\u0161n\u00ed \u010d\u00edslo <a href=\"http:\/\/www.tydenika2.cz\">A2<\/a> mne pot\u011b\u0161ilo hlavn\u011b jedn\u00edm drobn\u00fdm \u010dl\u00e1nkem <b>Ji\u0159\u00edho G. R\u016f\u017ei\u010dky<\/b> <i>Hodn\u011b krutej Pomeran\u010d<\/i> na str. 18, kter\u00fd si v\u0161\u00edm\u00e1 po\u0159adu SuperPomeran\u010d \u010cesk\u00e9 televize. (Mne osobn\u011b \u0161tve, \u017ee se v n\u00e1zvu tohoto po\u0159adu celkem nesmysln\u011b objevuje nadu\u017e\u00edvan\u00e9 super.) Krom drobn\u00e9ho rozboru poukazuje \u010dl\u00e1nek na skute\u010dnost, \u017ee Pavel And\u011bl m\u00e1 nyn\u00ed dramaturgicky pod palcem v\u0161echny t\u0159i hudebn\u00ed po\u0159ady <a href=\"http:\/\/www.ceskatelevize.cz\/\">\u010cT<\/a> v\u011bnovan\u00e9 mlad\u00fdm: Poprask, SuperPomeran\u010d a Noc s And\u011blem. Ned\u00e1vno jsem m\u011bl snahu posledn\u011b jmenovan\u00fd po\u0159ad asi tak t\u0159ikr\u00e1t za sebou sledovat. Jak jin\u00fdm slovem nazvat monotemati\u010dnost? Nuda? Asi jo. To sam\u00e9 ten velk\u00fd Pomeran\u010d.<br \/>\nTaky mne napad\u00e1, zda by nest\u00e1lo za to zaktualizovat p\u00eds\u0148ov\u00fd text <a href=\"https:\/\/www.magazinuni.cz\/hudba\/lesik-hajdovsky\/\">Les\u00edka Hajdovsk\u00e9ho<\/a>: <i>A v\u0161echnu hudbu po\u0159\u00e1d \u0159\u00edd\u00ed: Petr Janda, Milo\u0161 Skalka, Pepa Vl\u010dek&#8230; <\/i><\/p>\n<p>Souvisej\u00edc\u00ed:\n<\/p>\n<blockquote>\n<p><a href=\"http:\/\/www1.vltava.cz\/store\/GoodsDetail.asp?sCGoodsID=SE00697778\">Man\u017eel\u00e9&nbsp; &#8211; V\u0161ichni hrajou dob\u0159e<\/a><\/p>\n<\/blockquote>\n","protected":false},"excerpt":{"rendered":"<p>Dne\u0161n\u00ed \u010d\u00edslo A2 mne pot\u011b\u0161ilo hlavn\u011b jedn\u00edm drobn\u00fdm \u010dl\u00e1nkem Ji\u0159\u00edho G. R\u016f\u017ei\u010dky Hodn\u011b krutej Pomeran\u010d na str. 18, kter\u00fd si v\u0161\u00edm\u00e1 po\u0159adu SuperPomeran\u010d \u010cesk\u00e9 televize. (Mne osobn\u011b \u0161tve, \u017ee se v n\u00e1zvu tohoto po\u0159adu celkem nesmysln\u011b objevuje nadu\u017e\u00edvan\u00e9 super.) Krom drobn\u00e9ho rozboru poukazuje \u010dl\u00e1nek na skute\u010dnost, \u017ee Pavel And\u011bl m\u00e1 nyn\u00ed dramaturgicky pod palcem v\u0161echny [&hellip;]<\/p>\n","protected":false},"author":1,"featured_media":0,"comment_status":"open","ping_status":"open","sticky":false,"template":"","format":"standard","meta":{"site-sidebar-layout":"default","site-content-layout":"","ast-site-content-layout":"default","site-content-style":"default","site-sidebar-style":"default","ast-global-header-display":"","ast-banner-title-visibility":"","ast-main-header-display":"","ast-hfb-above-header-display":"","ast-hfb-below-header-display":"","ast-hfb-mobile-header-display":"","site-post-title":"","ast-breadcrumbs-content":"","ast-featured-img":"","footer-sml-layout":"","ast-disable-related-posts":"","theme-transparent-header-meta":"","adv-header-id-meta":"","stick-header-meta":"","header-above-stick-meta":"","header-main-stick-meta":"","header-below-stick-meta":"","astra-migrate-meta-layouts":"default","ast-page-background-enabled":"default","ast-page-background-meta":{"desktop":{"background-color":"var(--ast-global-color-5)","background-image":"","background-repeat":"repeat","background-position":"center center","background-size":"auto","background-attachment":"scroll","background-type":"","background-media":"","overlay-type":"","overlay-color":"","overlay-opacity":"","overlay-gradient":""},"tablet":{"background-color":"","background-image":"","background-repeat":"repeat","background-position":"center center","background-size":"auto","background-attachment":"scroll","background-type":"","background-media":"","overlay-type":"","overlay-color":"","overlay-opacity":"","overlay-gradient":""},"mobile":{"background-color":"","background-image":"","background-repeat":"repeat","background-position":"center center","background-size":"auto","background-attachment":"scroll","background-type":"","background-media":"","overlay-type":"","overlay-color":"","overlay-opacity":"","overlay-gradient":""}},"ast-content-background-meta":{"desktop":{"background-color":"var(--ast-global-color-4)","background-image":"","background-repeat":"repeat","background-position":"center center","background-size":"auto","background-attachment":"scroll","background-type":"","background-media":"","overlay-type":"","overlay-color":"","overlay-opacity":"","overlay-gradient":""},"tablet":{"background-color":"var(--ast-global-color-4)","background-image":"","background-repeat":"repeat","background-position":"center center","background-size":"auto","background-attachment":"scroll","background-type":"","background-media":"","overlay-type":"","overlay-color":"","overlay-opacity":"","overlay-gradient":""},"mobile":{"background-color":"var(--ast-global-color-4)","background-image":"","background-repeat":"repeat","background-position":"center center","background-size":"auto","background-attachment":"scroll","background-type":"","background-media":"","overlay-type":"","overlay-color":"","overlay-opacity":"","overlay-gradient":""}},"jetpack_post_was_ever_published":false,"_jetpack_newsletter_access":"","_jetpack_dont_email_post_to_subs":false,"_jetpack_newsletter_tier_id":0,"_jetpack_memberships_contains_paywalled_content":false,"_jetpack_memberships_contains_paid_content":false,"footnotes":""},"categories":[6],"tags":[],"class_list":["post-580","post","type-post","status-publish","format-standard","hentry","category-ctenarsky-denik"],"jetpack_featured_media_url":"","jetpack_shortlink":"https:\/\/wp.me\/p4mLP7-9m","jetpack-related-posts":[{"id":158,"url":"https:\/\/kotrla.com\/pmpro\/2011\/03\/nedelni-chvilka-poezie\/","url_meta":{"origin":580,"position":0},"title":"Ned\u011bln\u00ed chvilka poezie","author":"Pavel Kotrla","date":"28.3.2011","format":false,"excerpt":"ps\u00e1no pro Host 1\/2011 P\u0159ed d\u00e1vn\u00fdmi a d\u00e1vn\u00fdmi lety, v jedn\u00e9 ji\u017e zmizel\u00e9 zemi, v \u010dase analogov\u00e9 televize, zrn\u00edc\u00edch \u010dernob\u00edl\u00fdch p\u0159\u00edstroj\u016f, v \u010dase st\u00e1tn\u00ed hymny na konci tehdy je\u0161t\u011b ne nep\u0159etr\u017eit\u00e9ho televizn\u00edho vys\u00edl\u00e1n\u00ed, byly ned\u011bln\u00ed ve\u010dery pravideln\u011b zpest\u0159ov\u00e1ny chvilkou poezie. Po\u0159ad se zn\u00e1mou zn\u011blkou l\u00e1kal k obrazovk\u00e1m. A by\u0165 byl\u2026","rel":"","context":"V \u201eInternet\u201c","block_context":{"text":"Internet","link":"https:\/\/kotrla.com\/pmpro\/category\/internet\/"},"img":{"alt_text":"Ned\u011bln\u00ed chvilka poezie","src":"https:\/\/i0.wp.com\/kotrla.com\/pmpro\/images\/uploads\/nedelni_chvilka_poezie.jpg?resize=350%2C200&ssl=1","width":350,"height":200},"classes":[]},{"id":8,"url":"https:\/\/kotrla.com\/pmpro\/2014\/02\/ctenar-casopisu-literarni-noviny-12014\/","url_meta":{"origin":580,"position":1},"title":"\u010cten\u00e1\u0159 \u010dasopis\u016f: Liter\u00e1rn\u00ed noviny 1\/2014","author":"Pavel Kotrla","date":"4.2.2014","format":false,"excerpt":"Kdy\u017e liter\u00e1rn\u00ed noviny ohl\u00e1sily z\u00e1v\u011brem lo\u0148sk\u00e9ho roku p\u0159echod z t\u00fdden\u00edku na periodu m\u011bs\u00ed\u010dn\u00ed, nepova\u017eoval jsem to za velkou trag\u00e9di\u00ed. M\u00e1lokdy jsem je stejn\u011b sta\u010dil p\u0159e\u010d\u00edst v posledn\u00edm roce cel\u00e9. Sp\u00ed\u0161 mne zpravidla \u010d\u00e1st obsahu neoslovila, nap\u0159\u00edklad pro mne zbytn\u00e1 p\u0159\u00edloha Harmonie. Sliboval jsem si, \u017ee budu sv\u011bdkem n\u011bjak\u00e9 z\u00e1sadn\u011bj\u0161\u00ed prom\u011bny,\u2026","rel":"","context":"V \u201e\u010cten\u00e1\u0159sk\u00fd den\u00edk\u201c","block_context":{"text":"\u010cten\u00e1\u0159sk\u00fd den\u00edk","link":"https:\/\/kotrla.com\/pmpro\/category\/ctenarsky-denik\/"},"img":{"alt_text":"","src":"","width":0,"height":0},"classes":[]},{"id":50,"url":"https:\/\/kotrla.com\/pmpro\/2013\/04\/budeme-mit-literarni-radia\/","url_meta":{"origin":580,"position":2},"title":"Budeme m\u00edt liter\u00e1rn\u00ed r\u00e1dia?","author":"Pavel Kotrla","date":"13.4.2013","format":false,"excerpt":"ps\u00e1no pro Host 07\/2012. Za hork\u00fdch letn\u00edch noc\u00ed se mi snad nej\u010dast\u011bji vrac\u00ed vzpom\u00ednka na \u010dasy p\u0159edinternetov\u00e9. Na noci, kdy se u\u017e necht\u011blo \u010d\u00edst, ale necht\u011blo se ani sp\u00e1t, mo\u017en\u00e1 jen tak le\u017eet a poslouchat. Pominu-li d\u00e1vn\u00e9 l\u00e1sky, pak p\u0159\u00edtelem nejmilej\u0161\u00edm v pr\u00e1v\u011b t\u011bch chv\u00edl\u00edch byl rozhlas, jeho \u010dten\u00ed na\u2026","rel":"","context":"V \u201eInternet\u201c","block_context":{"text":"Internet","link":"https:\/\/kotrla.com\/pmpro\/category\/internet\/"},"img":{"alt_text":"Literaturnoe radio","src":"https:\/\/i0.wp.com\/kotrla.com\/pmpro\/images\/uploads\/literaturnoe_radio.jpg?resize=350%2C200&ssl=1","width":350,"height":200},"classes":[]},{"id":1541,"url":"https:\/\/kotrla.com\/pmpro\/2014\/03\/za-ostravskym-kniznim-veletrhem\/","url_meta":{"origin":580,"position":3},"title":"Za ostravsk\u00fdm kni\u017en\u00edm veletrhem","author":"Pavel Kotrla","date":"10.3.2014","format":false,"excerpt":"Ze \u010dty\u0159 ostravsk\u00fdch kni\u017en\u00edch veletrh\u016f jsem vynechal jen ten lo\u0148sk\u00fd, kter\u00fd se mi pracovn\u011b kryl s moskevsk\u00fdm veletrhem vzduchotechniky (co\u017e je akce monstr\u00f3zn\u011bj\u0161\u00edch rozm\u011br\u016f). \u010cty\u0159i ro\u010dn\u00edky a po\u0159\u00e1d to nen\u00ed \u00fapln\u011b ono. Na kni\u017en\u00edm veletrhu bylo sice pom\u011brn\u011b hodn\u011b lid\u00ed. Aspo\u0148 pap\u00edrov\u011b to tedy bude vypadat OK, ale m\u00e1m siln\u00fd\u2026","rel":"","context":"V \u201eKnihy\u201c","block_context":{"text":"Knihy","link":"https:\/\/kotrla.com\/pmpro\/category\/knihy\/"},"img":{"alt_text":"","src":"https:\/\/i0.wp.com\/kotrla.com\/pmpro\/wp-content\/uploads\/2014\/03\/ostravaci_IMG5481.jpg?resize=350%2C200&ssl=1","width":350,"height":200,"srcset":"https:\/\/i0.wp.com\/kotrla.com\/pmpro\/wp-content\/uploads\/2014\/03\/ostravaci_IMG5481.jpg?resize=350%2C200&ssl=1 1x, https:\/\/i0.wp.com\/kotrla.com\/pmpro\/wp-content\/uploads\/2014\/03\/ostravaci_IMG5481.jpg?resize=525%2C300&ssl=1 1.5x"},"classes":[]},{"id":6957,"url":"https:\/\/kotrla.com\/pmpro\/2020\/12\/ctenar-casopisu-lettre-international\/","url_meta":{"origin":580,"position":4},"title":"\u010cten\u00e1\u0159 \u010dasopis\u016f: Lettre International","author":"Pavel Kotrla","date":"5.12.2020","format":false,"excerpt":"Zem\u0159el A. J. Liehm (2. 3. 1924 - 4. 12. 2020). R.I.P. Jeho \u017eivot byl bohat\u00fd a pestr\u00fd. Pro mne v\u0161ak z\u016fst\u00e1v\u00e1 ze v\u0161ech jeho aktivit nejpodstatn\u011bj\u0161\u00ed to, \u017ee zalo\u017eil Lettre internationale. Tato mezin\u00e1rodn\u00ed kulturn\u00ed revue vych\u00e1zela v jednu dobu a\u017e v deseti zem\u00edch (There are now editions in the\u2026","rel":"","context":"V \u201e\u010cten\u00e1\u0159sk\u00fd den\u00edk\u201c","block_context":{"text":"\u010cten\u00e1\u0159sk\u00fd den\u00edk","link":"https:\/\/kotrla.com\/pmpro\/category\/ctenarsky-denik\/"},"img":{"alt_text":"Lettre International","src":"https:\/\/i0.wp.com\/kotrla.com\/pmpro\/wp-content\/uploads\/2020\/12\/lettre_internationale.jpg?resize=350%2C200&ssl=1","width":350,"height":200,"srcset":"https:\/\/i0.wp.com\/kotrla.com\/pmpro\/wp-content\/uploads\/2020\/12\/lettre_internationale.jpg?resize=350%2C200&ssl=1 1x, https:\/\/i0.wp.com\/kotrla.com\/pmpro\/wp-content\/uploads\/2020\/12\/lettre_internationale.jpg?resize=525%2C300&ssl=1 1.5x, https:\/\/i0.wp.com\/kotrla.com\/pmpro\/wp-content\/uploads\/2020\/12\/lettre_internationale.jpg?resize=700%2C400&ssl=1 2x, https:\/\/i0.wp.com\/kotrla.com\/pmpro\/wp-content\/uploads\/2020\/12\/lettre_internationale.jpg?resize=1050%2C600&ssl=1 3x, https:\/\/i0.wp.com\/kotrla.com\/pmpro\/wp-content\/uploads\/2020\/12\/lettre_internationale.jpg?resize=1400%2C800&ssl=1 4x"},"classes":[]},{"id":6,"url":"https:\/\/kotrla.com\/pmpro\/2014\/02\/druhy-a-dalsi-dech-vladimira-merty\/","url_meta":{"origin":580,"position":5},"title":"Druh\u00fd a dal\u0161\u00ed dech Vladim\u00edra Merty","author":"Pavel Kotrla","date":"9.2.2014","format":false,"excerpt":"\u010cerstv\u00e1 novinka Vladim\u00edra Merty Domilov\u00e1no (Gal\u00e9n 2013) je pro mne stejn\u00fdm zjeven\u00edm a p\u0159\u00edjemn\u00fdm p\u0159ekvapen\u00edm jako jeho album Ponorn\u00e9 \u0159eky (2011). Jeho s\u00edla le\u017e\u00ed a pad\u00e1 s texty. V\u0161echny \u00fa\u010dastn\u00edky diskuz\u00ed o anga\u017eovyn\u00e9 poezii bych odk\u00e1zal pr\u00e1v\u011b k poslechu jeho text\u016f. To z\u00e1va\u017en\u00e9 se odehr\u00e1v\u00e1 zde, v\u00edce ne\u017e v t\u011bch\u2026","rel":"","context":"V \u201eLiteratura\u201c","block_context":{"text":"Literatura","link":"https:\/\/kotrla.com\/pmpro\/category\/literatura\/"},"img":{"alt_text":"Vladim\u00edr Merta: Domilov\u00e1no","src":"https:\/\/i0.wp.com\/kotrla.com\/pmpro\/images\/uploads\/merta_domilovano.jpg?resize=350%2C200&ssl=1","width":350,"height":200},"classes":[]}],"jetpack_sharing_enabled":true,"_links":{"self":[{"href":"https:\/\/kotrla.com\/pmpro\/wp-json\/wp\/v2\/posts\/580","targetHints":{"allow":["GET"]}}],"collection":[{"href":"https:\/\/kotrla.com\/pmpro\/wp-json\/wp\/v2\/posts"}],"about":[{"href":"https:\/\/kotrla.com\/pmpro\/wp-json\/wp\/v2\/types\/post"}],"author":[{"embeddable":true,"href":"https:\/\/kotrla.com\/pmpro\/wp-json\/wp\/v2\/users\/1"}],"replies":[{"embeddable":true,"href":"https:\/\/kotrla.com\/pmpro\/wp-json\/wp\/v2\/comments?post=580"}],"version-history":[{"count":0,"href":"https:\/\/kotrla.com\/pmpro\/wp-json\/wp\/v2\/posts\/580\/revisions"}],"wp:attachment":[{"href":"https:\/\/kotrla.com\/pmpro\/wp-json\/wp\/v2\/media?parent=580"}],"wp:term":[{"taxonomy":"category","embeddable":true,"href":"https:\/\/kotrla.com\/pmpro\/wp-json\/wp\/v2\/categories?post=580"},{"taxonomy":"post_tag","embeddable":true,"href":"https:\/\/kotrla.com\/pmpro\/wp-json\/wp\/v2\/tags?post=580"}],"curies":[{"name":"wp","href":"https:\/\/api.w.org\/{rel}","templated":true}]}}