{"id":582,"date":"2006-04-01T18:47:00","date_gmt":"2006-04-01T17:47:00","guid":{"rendered":"http:\/\/kotrla.com\/wordpress\/?p=582"},"modified":"2019-11-20T22:33:13","modified_gmt":"2019-11-20T21:33:13","slug":"zapadoslovanske-jazyky-trochu-jinak","status":"publish","type":"post","link":"https:\/\/kotrla.com\/pmpro\/2006\/04\/zapadoslovanske-jazyky-trochu-jinak\/","title":{"rendered":"Z\u00e1padoslovansk\u00e9 jazyky trochu jinak"},"content":{"rendered":"<p><img loading=\"lazy\" decoding=\"async\" src=\"https:\/\/kotrla.com\/pmpro\/images\/uploads\/ethnologue.png\" border=\"0\" alt=\"Ethnologue\" width=\"420\" height=\"295\" \/><\/p>\n<p><a href=\"http:\/\/www.ethnologue.com\/show_family.asp?subid=92135\">Ethnologue<\/a><br \/>\n<a href=\"http:\/\/en.wikipedia.org\/wiki\/Knaanic\">en.Wikipedia<\/a><\/p>\n","protected":false},"excerpt":{"rendered":"<p>Ethnologue en.Wikipedia<\/p>\n","protected":false},"author":1,"featured_media":0,"comment_status":"open","ping_status":"open","sticky":false,"template":"","format":"standard","meta":{"site-sidebar-layout":"default","site-content-layout":"","ast-site-content-layout":"default","site-content-style":"default","site-sidebar-style":"default","ast-global-header-display":"","ast-banner-title-visibility":"","ast-main-header-display":"","ast-hfb-above-header-display":"","ast-hfb-below-header-display":"","ast-hfb-mobile-header-display":"","site-post-title":"","ast-breadcrumbs-content":"","ast-featured-img":"","footer-sml-layout":"","ast-disable-related-posts":"","theme-transparent-header-meta":"","adv-header-id-meta":"","stick-header-meta":"","header-above-stick-meta":"","header-main-stick-meta":"","header-below-stick-meta":"","astra-migrate-meta-layouts":"default","ast-page-background-enabled":"default","ast-page-background-meta":{"desktop":{"background-color":"var(--ast-global-color-5)","background-image":"","background-repeat":"repeat","background-position":"center center","background-size":"auto","background-attachment":"scroll","background-type":"","background-media":"","overlay-type":"","overlay-color":"","overlay-opacity":"","overlay-gradient":""},"tablet":{"background-color":"","background-image":"","background-repeat":"repeat","background-position":"center center","background-size":"auto","background-attachment":"scroll","background-type":"","background-media":"","overlay-type":"","overlay-color":"","overlay-opacity":"","overlay-gradient":""},"mobile":{"background-color":"","background-image":"","background-repeat":"repeat","background-position":"center center","background-size":"auto","background-attachment":"scroll","background-type":"","background-media":"","overlay-type":"","overlay-color":"","overlay-opacity":"","overlay-gradient":""}},"ast-content-background-meta":{"desktop":{"background-color":"var(--ast-global-color-4)","background-image":"","background-repeat":"repeat","background-position":"center center","background-size":"auto","background-attachment":"scroll","background-type":"","background-media":"","overlay-type":"","overlay-color":"","overlay-opacity":"","overlay-gradient":""},"tablet":{"background-color":"var(--ast-global-color-4)","background-image":"","background-repeat":"repeat","background-position":"center center","background-size":"auto","background-attachment":"scroll","background-type":"","background-media":"","overlay-type":"","overlay-color":"","overlay-opacity":"","overlay-gradient":""},"mobile":{"background-color":"var(--ast-global-color-4)","background-image":"","background-repeat":"repeat","background-position":"center center","background-size":"auto","background-attachment":"scroll","background-type":"","background-media":"","overlay-type":"","overlay-color":"","overlay-opacity":"","overlay-gradient":""}},"jetpack_post_was_ever_published":false,"_jetpack_newsletter_access":"","_jetpack_dont_email_post_to_subs":false,"_jetpack_newsletter_tier_id":0,"_jetpack_memberships_contains_paywalled_content":false,"_jetpack_memberships_contains_paid_content":false,"footnotes":""},"categories":[4],"tags":[],"class_list":["post-582","post","type-post","status-publish","format-standard","hentry","category-ostatni"],"jetpack_featured_media_url":"","jetpack_shortlink":"https:\/\/wp.me\/p4mLP7-9o","jetpack-related-posts":[{"id":9264,"url":"https:\/\/kotrla.com\/pmpro\/2022\/01\/umberto-e\/","url_meta":{"origin":582,"position":0},"title":"Umberto E.","author":"Pavel Kotrla","date":"5.1.2022","format":false,"excerpt":"P\u0159ed devades\u00e1ti lety se narodil Umberto Eco. Trochu jinak si toto v\u00fdro\u010d\u00ed m\u016f\u017eete p\u0159ipomenut d\u00edky comicsu Jmenuji se Umberto E., kter\u00fd pro na\u0161e Texty v letech 1999-2003 kreslil Michal Jare\u0161: http:\/\/casopis-texty.cz\/texty\/knihovnicka\/umberto_e.pdf","rel":"","context":"V \u201eOstatn\u00ed\u201c","block_context":{"text":"Ostatn\u00ed","link":"https:\/\/kotrla.com\/pmpro\/category\/ostatni\/"},"img":{"alt_text":"","src":"https:\/\/i0.wp.com\/kotrla.com\/pmpro\/wp-content\/uploads\/2022\/01\/umberto_e.jpg?resize=350%2C200&ssl=1","width":350,"height":200,"srcset":"https:\/\/i0.wp.com\/kotrla.com\/pmpro\/wp-content\/uploads\/2022\/01\/umberto_e.jpg?resize=350%2C200&ssl=1 1x, https:\/\/i0.wp.com\/kotrla.com\/pmpro\/wp-content\/uploads\/2022\/01\/umberto_e.jpg?resize=525%2C300&ssl=1 1.5x, https:\/\/i0.wp.com\/kotrla.com\/pmpro\/wp-content\/uploads\/2022\/01\/umberto_e.jpg?resize=700%2C400&ssl=1 2x"},"classes":[]},{"id":379,"url":"https:\/\/kotrla.com\/pmpro\/2008\/02\/stin-valasskeho-velikana\/","url_meta":{"origin":582,"position":1},"title":"St\u00edn vala\u0161sk\u00e9ho velik\u00e1na","author":"Pavel Kotrla","date":"3.2.2008","format":false,"excerpt":"Lhoteck\u00fd javor (asi nejfotografovan\u011bj\u0161\u00ed strom v dalek\u00e9m okol\u00ed v\u016fbec) trochu jinak.","rel":"","context":"V \u201eFotografie\u201c","block_context":{"text":"Fotografie","link":"https:\/\/kotrla.com\/pmpro\/category\/fotografie\/"},"img":{"alt_text":"Javor","src":"https:\/\/i0.wp.com\/kotrla.com\/pmpro\/images\/uploads\/stin_valasskeho_velikana.jpg?resize=350%2C200&ssl=1","width":350,"height":200},"classes":[]},{"id":266,"url":"https:\/\/kotrla.com\/pmpro\/2009\/06\/ortika-valasska-24\/","url_meta":{"origin":582,"position":2},"title":"Ortika Vala\u0161sk\u00e1 24","author":"Pavel Kotrla","date":"27.6.2009","format":false,"excerpt":"Leto\u0161n\u00ed dvaceti\u010dty\u0159hodinovka horsk\u00fdch kol je mistrovstv\u00edm \u010cesk\u00e9 republiky. Jezdci dnes odpoledne p\u016fsobili je\u0161t\u011b celkem \u010derstv\u011b. Z\u00edtra budou vypadat jinak.","rel":"","context":"V \u201eFotografie\u201c","block_context":{"text":"Fotografie","link":"https:\/\/kotrla.com\/pmpro\/category\/fotografie\/"},"img":{"alt_text":"Vala\u0161sk\u00e1 24","src":"https:\/\/i0.wp.com\/kotrla.com\/pmpro\/images\/uploads\/valasska24_2009.jpg?resize=350%2C200&ssl=1","width":350,"height":200},"classes":[]},{"id":445,"url":"https:\/\/kotrla.com\/pmpro\/2007\/06\/zemrel-richard-rorty\/","url_meta":{"origin":582,"position":3},"title":"Zem\u0159el Richard Rorty","author":"Pavel Kotrla","date":"11.6.2007","format":false,"excerpt":"(4. \u0159\u00edjna 1931 - 8. \u010dervna 2007) Trochu se skluzem, ale v \u010cech\u00e1ch smrt tohoto v\u00fdznamn\u00e9ho americk\u00e9ho filozofa zat\u00edm unikla pozornosti; via NYTimes. V\u00edce o Rortymna anglick\u00e9 Wikipedii","rel":"","context":"V \u201eOstatn\u00ed\u201c","block_context":{"text":"Ostatn\u00ed","link":"https:\/\/kotrla.com\/pmpro\/category\/ostatni\/"},"img":{"alt_text":"","src":"","width":0,"height":0},"classes":[]},{"id":3684,"url":"https:\/\/kotrla.com\/pmpro\/2018\/04\/karel-prokes-ve-vizitce\/","url_meta":{"origin":582,"position":4},"title":"Karel Proke\u0161 ve Vizitce","author":"Pavel Kotrla","date":"20.4.2018","format":false,"excerpt":"M\u00e1lem mi uniklo! (Je\u0161t\u011b b\u011b\u017e\u00ed v repr\u00edze.) Jinak:\u00a0Hudebn\u00ed publicista, fotograf, dramaturg, ale tak\u00e9 \u010d\u00ed\u0161n\u00edk a spr\u00e1vce pily a vedouc\u00ed legend\u00e1rn\u00edho mezi\u0159\u00ed\u010dsk\u00e9ho M \u2013 klubu \u0159\u00edk\u00e1, \u017ee ho st\u00e1le t\u011b\u0161\u00ed pr\u00e1ce, kterou do roku 1990 nesm\u011bl d\u011blat. Zakladatel jednoho z nejstar\u0161\u00edch hudebn\u00edch festival\u016f v republice Vala\u0161sk\u00fd \u0161pal\u00ed\u010dek byl hostem Evy Lenartov\u00e9.","rel":"","context":"V \u201eOstatn\u00ed\u201c","block_context":{"text":"Ostatn\u00ed","link":"https:\/\/kotrla.com\/pmpro\/category\/ostatni\/"},"img":{"alt_text":"Karel Proke\u0161","src":"https:\/\/i0.wp.com\/kotrla.com\/pmpro\/wp-content\/uploads\/2018\/04\/karel_prokes_IMGP3761-1-300x200.jpg?resize=350%2C200&ssl=1","width":350,"height":200},"classes":[]},{"id":157,"url":"https:\/\/kotrla.com\/pmpro\/2011\/04\/lidove-stavby-na-vsetinsku-knizne\/","url_meta":{"origin":582,"position":5},"title":"Lidov\u00e9 stavby na Vset\u00ednsku kni\u017en\u011b","author":"Pavel Kotrla","date":"3.4.2011","format":false,"excerpt":"Ned\u00e1vno mou knihovni\u010dku roz\u0161\u00ed\u0159ila neprodejn\u00e1 publikace Lidov\u00e9 stavby zn\u00e1m\u00e9 nezn\u00e1m\u00e9 (Zl\u00ednsk\u00fd kraj \u2013 Vset\u00ednsko). Publikace v\u011bnovan\u00e1 Vset\u00ednsku vznikla ve Slov\u00e1ck\u00e9m muzeu a navazuje v r\u00e1mci projektu Identifikace a dokumentace tradi\u010dn\u00edho lidov\u00e9ho stavitelstv\u00ed na ji\u017e vydan\u00e9 publikace v\u011bnovan\u00e9 Uherskohradi\u0161\u0165sku a Zl\u00ednsku. Ka\u017ed\u00e9 obci je v\u011bnov\u00e1na samostatn\u00e1 studie. Ty jsou \u0159azeny abecedn\u011b.\u2026","rel":"","context":"V \u201eByst\u0159i\u010dka\u201c","block_context":{"text":"Byst\u0159i\u010dka","link":"https:\/\/kotrla.com\/pmpro\/category\/bystricka\/"},"img":{"alt_text":"Lidov\u00e9 stavby zn\u00e1m\u00e9 nezn\u00e1m\u00e9 (Zl\u00ednsk\u00fd kraj \u2013 Vset\u00ednsko)","src":"https:\/\/i0.wp.com\/kotrla.com\/pmpro\/images\/uploads\/lidove_stavby_vsetinsko.jpg?resize=350%2C200&ssl=1","width":350,"height":200},"classes":[]}],"jetpack_sharing_enabled":true,"_links":{"self":[{"href":"https:\/\/kotrla.com\/pmpro\/wp-json\/wp\/v2\/posts\/582","targetHints":{"allow":["GET"]}}],"collection":[{"href":"https:\/\/kotrla.com\/pmpro\/wp-json\/wp\/v2\/posts"}],"about":[{"href":"https:\/\/kotrla.com\/pmpro\/wp-json\/wp\/v2\/types\/post"}],"author":[{"embeddable":true,"href":"https:\/\/kotrla.com\/pmpro\/wp-json\/wp\/v2\/users\/1"}],"replies":[{"embeddable":true,"href":"https:\/\/kotrla.com\/pmpro\/wp-json\/wp\/v2\/comments?post=582"}],"version-history":[{"count":0,"href":"https:\/\/kotrla.com\/pmpro\/wp-json\/wp\/v2\/posts\/582\/revisions"}],"wp:attachment":[{"href":"https:\/\/kotrla.com\/pmpro\/wp-json\/wp\/v2\/media?parent=582"}],"wp:term":[{"taxonomy":"category","embeddable":true,"href":"https:\/\/kotrla.com\/pmpro\/wp-json\/wp\/v2\/categories?post=582"},{"taxonomy":"post_tag","embeddable":true,"href":"https:\/\/kotrla.com\/pmpro\/wp-json\/wp\/v2\/tags?post=582"}],"curies":[{"name":"wp","href":"https:\/\/api.w.org\/{rel}","templated":true}]}}