{"id":587,"date":"2006-03-26T18:59:09","date_gmt":"2006-03-26T17:59:09","guid":{"rendered":"http:\/\/kotrla.com\/wordpress\/?p=587"},"modified":"2019-11-20T22:33:14","modified_gmt":"2019-11-20T21:33:14","slug":"stari-dobri-jiri-karasek-ze-lvovic-cviii","status":"publish","type":"post","link":"https:\/\/kotrla.com\/pmpro\/2006\/03\/stari-dobri-jiri-karasek-ze-lvovic-cviii\/","title":{"rendered":"STA\u0158\u00cd DOB\u0158\u00cd: Ji\u0159\u00ed Kar\u00e1sek ze Lvovic (CVIII.)"},"content":{"rendered":"<p><img loading=\"lazy\" decoding=\"async\" src=\"https:\/\/kotrla.com\/pmpro\/images\/uploads\/jiri_karasek_ze_lvovic.jpg\" border=\"0\" alt=\"Ji\u0159\u00ed Kar\u00e1sek ze Lvovic\" width=\"170\" height=\"169\" align=\"right\" \/><\/p>\n<p>\u010cesk\u00fd b\u00e1sn\u00edk, dramatik, prozaik, zakladatel <i>Modern\u00ed revue<\/i> (1871-1951). Proslul t\u00e9\u017e jako sb\u011bratel v\u00fdtvarn\u00e9ho um\u011bn\u00ed a kr\u00e1sn\u00fdch tisk\u016f.<br \/>\nTak\u017ee pro dne\u0161n\u00ed de\u0161tiv\u00fd den jedna b\u00e1se\u0148 z prvotiny kn\u00ed\u017eete \u010desk\u00fdch dekadent\u016f.<\/p>\n<p><b>SPLEEN<\/b><\/p>\n<p>Den za dnem plou\u017e\u00ed se tak mdl\u00fd, tak mdl\u00fd,<br \/>\njak z cel kdy\u017e v k\u00e1p\u00edch chodbami jdou mni\u0161i.<br \/>\n\u0160er zhu\u0161t\u011bn\u00fd, v n\u011bm\u017e barvy uhasly,<br \/>\nv\u0161e zal\u00e9v\u00e1, \u017ee oko nerozli\u0161\u00ed,<br \/>\nkde nebe \u0161ediv\u00e9, kde zem\u011b \u0161ed\u00e1,<br \/>\nkde k\u0159ivka obzoru je zsinal\u00e1 a bled\u00e1.<br \/>\nV\u0161e pr\u0161\u00ed popelem a m\u00eds\u00ed se a sm\u00fdv\u00e1<br \/>\nv tom svitu klamiv\u00e9m, jen\u017e zpola roven st\u00ednu.<br \/>\nA zrak se v pr\u00e1zdno jen a v slit\u00e9 kou\u0159e d\u00edv\u00e1<br \/>\na v chmury sra\u017een\u00e9, z nich\u017e c\u00edtit vlhkost c\u00ednu.<\/p>\n<p>Hned du\u0161e po noci, hned zase po dni tou\u017e\u00ed.<br \/>\nHned tmou se zp\u00edti chce, hned zase \u017e\u00e1rem sp\u00e1lit.<br \/>\nKrok pr\u00e1zdnou jizbou zn\u00ed, kde \u00fanava se plou\u017e\u00ed.<br \/>\nA posl\u00e9z znud\u00ed v\u0161e v tom svitu, mhou jen\u017e zalit<br \/>\nA de\u0161t\u011bm popela a smutkem jeho skonu,<br \/>\nV tom \u0161eru bez kontur a ostr\u00fdch \u010dar a rys\u016f,<br \/>\nBez barev z\u00e1chv\u011bj\u016fv a bez h\u00fd\u0159en\u00ed t\u00f3n\u016f,<br \/>\nKde v st\u00edny pl\u00ed\u017eiv\u00e9 v\u0161e dlou\u017e\u00ed se a schv\u00edv\u00e1.<\/p>\n<p>A du\u0161e znavena se smutkem v\u0161eho spl\u00fdv\u00e1.<\/p>\n<p><i>ze sb\u00edrky Zazd\u011bn\u00e1 okna, 1894<\/i><\/p>\n","protected":false},"excerpt":{"rendered":"<p>\u010cesk\u00fd b\u00e1sn\u00edk, dramatik, prozaik, zakladatel Modern\u00ed revue (1871-1951). Proslul t\u00e9\u017e jako sb\u011bratel v\u00fdtvarn\u00e9ho um\u011bn\u00ed a kr\u00e1sn\u00fdch tisk\u016f. Tak\u017ee pro dne\u0161n\u00ed de\u0161tiv\u00fd den jedna b\u00e1se\u0148 z prvotiny kn\u00ed\u017eete \u010desk\u00fdch dekadent\u016f. SPLEEN Den za dnem plou\u017e\u00ed se tak mdl\u00fd, tak mdl\u00fd, jak z cel kdy\u017e v k\u00e1p\u00edch chodbami jdou mni\u0161i. \u0160er zhu\u0161t\u011bn\u00fd, v n\u011bm\u017e barvy uhasly, v\u0161e [&hellip;]<\/p>\n","protected":false},"author":1,"featured_media":0,"comment_status":"open","ping_status":"open","sticky":false,"template":"","format":"standard","meta":{"site-sidebar-layout":"default","site-content-layout":"","ast-site-content-layout":"default","site-content-style":"default","site-sidebar-style":"default","ast-global-header-display":"","ast-banner-title-visibility":"","ast-main-header-display":"","ast-hfb-above-header-display":"","ast-hfb-below-header-display":"","ast-hfb-mobile-header-display":"","site-post-title":"","ast-breadcrumbs-content":"","ast-featured-img":"","footer-sml-layout":"","ast-disable-related-posts":"","theme-transparent-header-meta":"","adv-header-id-meta":"","stick-header-meta":"","header-above-stick-meta":"","header-main-stick-meta":"","header-below-stick-meta":"","astra-migrate-meta-layouts":"default","ast-page-background-enabled":"default","ast-page-background-meta":{"desktop":{"background-color":"var(--ast-global-color-5)","background-image":"","background-repeat":"repeat","background-position":"center center","background-size":"auto","background-attachment":"scroll","background-type":"","background-media":"","overlay-type":"","overlay-color":"","overlay-opacity":"","overlay-gradient":""},"tablet":{"background-color":"","background-image":"","background-repeat":"repeat","background-position":"center center","background-size":"auto","background-attachment":"scroll","background-type":"","background-media":"","overlay-type":"","overlay-color":"","overlay-opacity":"","overlay-gradient":""},"mobile":{"background-color":"","background-image":"","background-repeat":"repeat","background-position":"center center","background-size":"auto","background-attachment":"scroll","background-type":"","background-media":"","overlay-type":"","overlay-color":"","overlay-opacity":"","overlay-gradient":""}},"ast-content-background-meta":{"desktop":{"background-color":"var(--ast-global-color-4)","background-image":"","background-repeat":"repeat","background-position":"center center","background-size":"auto","background-attachment":"scroll","background-type":"","background-media":"","overlay-type":"","overlay-color":"","overlay-opacity":"","overlay-gradient":""},"tablet":{"background-color":"var(--ast-global-color-4)","background-image":"","background-repeat":"repeat","background-position":"center center","background-size":"auto","background-attachment":"scroll","background-type":"","background-media":"","overlay-type":"","overlay-color":"","overlay-opacity":"","overlay-gradient":""},"mobile":{"background-color":"var(--ast-global-color-4)","background-image":"","background-repeat":"repeat","background-position":"center center","background-size":"auto","background-attachment":"scroll","background-type":"","background-media":"","overlay-type":"","overlay-color":"","overlay-opacity":"","overlay-gradient":""}},"jetpack_post_was_ever_published":false,"_jetpack_newsletter_access":"","_jetpack_dont_email_post_to_subs":false,"_jetpack_newsletter_tier_id":0,"_jetpack_memberships_contains_paywalled_content":false,"_jetpack_memberships_contains_paid_content":false,"footnotes":""},"categories":[8],"tags":[],"class_list":["post-587","post","type-post","status-publish","format-standard","hentry","category-stari-dobri"],"jetpack_featured_media_url":"","jetpack_shortlink":"https:\/\/wp.me\/p4mLP7-9t","jetpack-related-posts":[{"id":669,"url":"https:\/\/kotrla.com\/pmpro\/2005\/10\/stari-dobri-dante-alighieri-ciii\/","url_meta":{"origin":587,"position":0},"title":"STA\u0158\u00cd DOB\u0158\u00cd: Dante Alighieri (CIII.)","author":"Pavel Kotrla","date":"16.10.2005","format":false,"excerpt":"Italsk\u00fd b\u00e1sn\u00edk, jeden z nejv\u00fdznamn\u011bj\u0161\u00edch p\u0159edstavitel\u016f sv\u011btov\u00e9 literatury (* mezi 15. 5. a 15. 6. 1265, \u2020 14. 9. 1321).\u00a0 Divine Comedy Princeton Dante Project BO\u017dSK\u00c1 KOMEDIE (1307\u20131321) 1.1 Kde v p\u016fli \u017eivot n\u00e1\u0161 je se svou pout\u00ed, proch\u00e1zet bylo mi tak temn\u00fdm lesem, \u017ee prav\u00fd sm\u011br jsem nemoh uhodnouti.\u2026","rel":"","context":"V \u201eSta\u0159\u00ed dob\u0159\u00ed\u201c","block_context":{"text":"Sta\u0159\u00ed dob\u0159\u00ed","link":"https:\/\/kotrla.com\/pmpro\/category\/stari-dobri\/"},"img":{"alt_text":"","src":"","width":0,"height":0},"classes":[]},{"id":1001,"url":"https:\/\/kotrla.com\/pmpro\/2004\/05\/stari-dobri-daniil-charms-xxxix\/","url_meta":{"origin":587,"position":1},"title":"STA\u0158\u00cd DOB\u0158\u00cd: Daniil Charms (XXXIX.)","author":"Pavel Kotrla","date":"23.5.2004","format":false,"excerpt":"\u010cLOV\u011aK, KTER\u00dd VY\u0160EL Z DOMU P\u00edsni\u010dka \u010clov\u011bk, kter\u00fd vy\u0161el z domu, M\u011bl h\u016fl a vak t\u011b\u017ek\u00fd. Na dlouhou pou\u0165 Na dlouhou pou\u0165 Vypravil se p\u011b\u0161ky. \u0160el kup\u0159edu a po\u0159\u00e1d vp\u0159ed, Zvyk si p\u0159\u00edmo hled\u011bt. Nespal, nepil, Nepil, nespal, Nespal, nepil, nejed. Pak zmizel v \u010derv\u00e1nc\u00edch Tam, kde je \u010dern\u00fd les.\u2026","rel":"","context":"V \u201eSta\u0159\u00ed dob\u0159\u00ed\u201c","block_context":{"text":"Sta\u0159\u00ed dob\u0159\u00ed","link":"https:\/\/kotrla.com\/pmpro\/category\/stari-dobri\/"},"img":{"alt_text":"","src":"","width":0,"height":0},"classes":[]},{"id":382,"url":"https:\/\/kotrla.com\/pmpro\/2008\/01\/stari-dobri-vlado-vlaisavljevic-cxxi\/","url_meta":{"origin":587,"position":2},"title":"STA\u0158\u00cd DOB\u0158\u00cd: Vlado Vlaisavljevi\u0107 (CXXI.)","author":"Pavel Kotrla","date":"27.1.2008","format":false,"excerpt":"Nechal jsem si na recenzi z Tvaru poslat antologii Kor\u00e1b kor\u00e1lov\u00fd \u010dili Tis\u00edc let charv\u00e1tsk\u00e9 poezie v d\u00edle stovky b\u00e1sn\u00edk\u016f vydanou pro mne dosud utajen\u00fdm nakladatelstv\u00edm FORI PRAGUE. Jm\u00e9no po\u0159adatele Du\u0161ana Karpatsk\u00e9ho se mi zd\u00e1lo dostate\u010dnou z\u00e1rukou. A nem\u00fdli jsem se. Se \u0161palkem, kter\u00fd m\u00e1 cca 750 stran se ur\u010dit\u011b\u2026","rel":"","context":"V \u201eSta\u0159\u00ed dob\u0159\u00ed\u201c","block_context":{"text":"Sta\u0159\u00ed dob\u0159\u00ed","link":"https:\/\/kotrla.com\/pmpro\/category\/stari-dobri\/"},"img":{"alt_text":"","src":"","width":0,"height":0},"classes":[]},{"id":1127,"url":"https:\/\/kotrla.com\/pmpro\/2003\/12\/stari-dobri-vitezslav-nezval-xviii\/","url_meta":{"origin":587,"position":3},"title":"STA\u0158\u00cd DOB\u0158\u00cd: V\u00edt\u011bzslav Nezval (XVIII.)","author":"Pavel Kotrla","date":"21.12.2003","format":false,"excerpt":"M\u00e1m r\u00e1d tohoto b\u00e1sn\u00edka. Spousta jeho poezie sice \u010dasem notn\u011b zastarala, ale i tak se v jeho rozs\u00e1hl\u00e9m d\u00edle d\u00e1 narazit na mnoh\u00e9 p\u0159ekvapen\u00ed. B\u00e1se\u0148 je citov\u00e1na podle III. svazku D\u00edla (1951), odd\u00edl\/sb\u00edrka Hra v kostky (1927-1928). Kdysi jsem cht\u011bl vlastnit v\u0161echny svazky, ale n\u011bkde po dvac\u00e1t\u00e9m jsem to vzdal.\u2026","rel":"","context":"V \u201eSta\u0159\u00ed dob\u0159\u00ed\u201c","block_context":{"text":"Sta\u0159\u00ed dob\u0159\u00ed","link":"https:\/\/kotrla.com\/pmpro\/category\/stari-dobri\/"},"img":{"alt_text":"","src":"","width":0,"height":0},"classes":[]},{"id":1175,"url":"https:\/\/kotrla.com\/pmpro\/2003\/11\/stari-dobri-christian-morgenstern-xi\/","url_meta":{"origin":587,"position":4},"title":"STA\u0158\u00cd DOB\u0158\u00cd: Christian Morgenstern (XI.)","author":"Pavel Kotrla","date":"2.11.2003","format":false,"excerpt":"N\u011bmeck\u00fd b\u00e1sn\u00edk (1871 - 1914), kter\u00fd se proslavil sv\u00fdmi \u0160ibeni\u010dn\u00edmi p\u00edsn\u011bmi, si s\u00e1m cenil v\u00edce sv\u00e9 pozd\u011bj\u0161\u00ed tvorby. U n\u00e1s se poda\u0159ilo n\u011bkter\u00e9 jeho texty zhudebnit t\u0159eba kapel\u00e1m Stromboli a Plastic People. ZEM\u011aPLAZ Zem\u011bplaz v\u011bkem sl\u00e1b a st\u00e1r od \u017eeny sv\u00e9 se odplazil a\u017e ke hrobu, kde kantor snil, a\u2026","rel":"","context":"V \u201eSta\u0159\u00ed dob\u0159\u00ed\u201c","block_context":{"text":"Sta\u0159\u00ed dob\u0159\u00ed","link":"https:\/\/kotrla.com\/pmpro\/category\/stari-dobri\/"},"img":{"alt_text":"","src":"","width":0,"height":0},"classes":[]},{"id":948,"url":"https:\/\/kotrla.com\/pmpro\/2004\/08\/stari-dobri-josif-brodskij-l\/","url_meta":{"origin":587,"position":5},"title":"STA\u0158\u00cd DOB\u0158\u00cd: Josif Brodskij (L.)","author":"Pavel Kotrla","date":"8.8.2004","format":false,"excerpt":"Jeden z m\u00fdch obl\u00edben\u00fdch autor\u016f (24. 5. 1940 - 28. 1. 1996). N\u011bkter\u00fdmi jeho b\u00e1sn\u011bmi jsem fascinov\u00e1n. M\u00e1m je r\u00e1d hlavn\u011b v origin\u00e1le, ale doposud jsem nenalezl odvahu je p\u0159elo\u017eit. Proto nab\u00edz\u00edm ver\u0161e z knihy \u0158\u00edmsk\u00e9 elegie, kter\u00e9 letos v zrcadlov\u00e9m dvojjazy\u010dn\u00e9m vyd\u00e1n\u00ed vydalo mal\u00e9 nakladatelstv\u00ed Opus - Kristina M\u011bd\u00edlkov\u00e1.\u2026","rel":"","context":"V \u201eSta\u0159\u00ed dob\u0159\u00ed\u201c","block_context":{"text":"Sta\u0159\u00ed dob\u0159\u00ed","link":"https:\/\/kotrla.com\/pmpro\/category\/stari-dobri\/"},"img":{"alt_text":"","src":"","width":0,"height":0},"classes":[]}],"jetpack_sharing_enabled":true,"_links":{"self":[{"href":"https:\/\/kotrla.com\/pmpro\/wp-json\/wp\/v2\/posts\/587","targetHints":{"allow":["GET"]}}],"collection":[{"href":"https:\/\/kotrla.com\/pmpro\/wp-json\/wp\/v2\/posts"}],"about":[{"href":"https:\/\/kotrla.com\/pmpro\/wp-json\/wp\/v2\/types\/post"}],"author":[{"embeddable":true,"href":"https:\/\/kotrla.com\/pmpro\/wp-json\/wp\/v2\/users\/1"}],"replies":[{"embeddable":true,"href":"https:\/\/kotrla.com\/pmpro\/wp-json\/wp\/v2\/comments?post=587"}],"version-history":[{"count":0,"href":"https:\/\/kotrla.com\/pmpro\/wp-json\/wp\/v2\/posts\/587\/revisions"}],"wp:attachment":[{"href":"https:\/\/kotrla.com\/pmpro\/wp-json\/wp\/v2\/media?parent=587"}],"wp:term":[{"taxonomy":"category","embeddable":true,"href":"https:\/\/kotrla.com\/pmpro\/wp-json\/wp\/v2\/categories?post=587"},{"taxonomy":"post_tag","embeddable":true,"href":"https:\/\/kotrla.com\/pmpro\/wp-json\/wp\/v2\/tags?post=587"}],"curies":[{"name":"wp","href":"https:\/\/api.w.org\/{rel}","templated":true}]}}