{"id":588,"date":"2006-03-25T22:38:00","date_gmt":"2006-03-25T21:38:00","guid":{"rendered":"http:\/\/kotrla.com\/wordpress\/?p=588"},"modified":"2019-11-20T22:33:14","modified_gmt":"2019-11-20T21:33:14","slug":"rafty-2006","status":"publish","type":"post","link":"https:\/\/kotrla.com\/pmpro\/2006\/03\/rafty-2006\/","title":{"rendered":"Rafty 2006"},"content":{"rendered":"<p><img loading=\"lazy\" decoding=\"async\" src=\"https:\/\/kotrla.com\/pmpro\/images\/uploads\/raft_2003.jpg\" border=\"0\" alt=\"Rafty 2003\" width=\"420\" height=\"314\" \/><\/p>\n<p>Jako byst\u0159i\u010dsk\u00fd patriot mus\u00edm uprozornit na znovu obnoven\u00e9 sj\u00ed\u017ed\u011bn\u00ed na\u0161eho p\u016fvodn\u011b horsk\u00e9ho potoka na raftech, kter\u00e9 se uskute\u010dn\u00ed v sobotu 27. kv\u011btna a ned\u011bli 28. kv\u011btna 2006. Bude to hodn\u011b jin\u00e9, ne\u017e p\u0159edchoz\u00ed ro\u010dn\u00edky. Koryto je upraven\u00e9, p\u0159ehrada opraven\u00e1.<br \/>\nV\u0161echny podstatn\u00e9 informace najdete <a href=\"http:\/\/www.bystricka.cz\/pmachine\/comments.php?id=P53_0_1_0\">v tomto \u010dl\u00e1nku na str\u00e1nk\u00e1ch Byst\u0159i\u010dky<\/a>.<br \/>\nTak\u017ee Te\u010dko, Pavle, kamar\u00e1di liter\u00e1ti! Jdeme do toho? \ud83d\ude09<\/p>\n<p>M\u016fj star\u0161\u00ed souvisej\u00edc\u00ed p\u0159\u00edsp\u011bvek:\n<\/p>\n<blockquote>\n<p><a href=\"https:\/\/kotrla.com\/pmpro\/index.php\/site\/comments\/rafty_bystika_2003\/\">Rafty  &#8211; Byst\u0159i\u010dka 2003<\/a><\/p>\n<\/blockquote>\n","protected":false},"excerpt":{"rendered":"<p>Jako byst\u0159i\u010dsk\u00fd patriot mus\u00edm uprozornit na znovu obnoven\u00e9 sj\u00ed\u017ed\u011bn\u00ed na\u0161eho p\u016fvodn\u011b horsk\u00e9ho potoka na raftech, kter\u00e9 se uskute\u010dn\u00ed v sobotu 27. kv\u011btna a ned\u011bli 28. kv\u011btna 2006. Bude to hodn\u011b jin\u00e9, ne\u017e p\u0159edchoz\u00ed ro\u010dn\u00edky. Koryto je upraven\u00e9, p\u0159ehrada opraven\u00e1. V\u0161echny podstatn\u00e9 informace najdete v tomto \u010dl\u00e1nku na str\u00e1nk\u00e1ch Byst\u0159i\u010dky. Tak\u017ee Te\u010dko, Pavle, kamar\u00e1di liter\u00e1ti! Jdeme [&hellip;]<\/p>\n","protected":false},"author":1,"featured_media":0,"comment_status":"open","ping_status":"open","sticky":false,"template":"","format":"standard","meta":{"site-sidebar-layout":"default","site-content-layout":"","ast-site-content-layout":"default","site-content-style":"default","site-sidebar-style":"default","ast-global-header-display":"","ast-banner-title-visibility":"","ast-main-header-display":"","ast-hfb-above-header-display":"","ast-hfb-below-header-display":"","ast-hfb-mobile-header-display":"","site-post-title":"","ast-breadcrumbs-content":"","ast-featured-img":"","footer-sml-layout":"","ast-disable-related-posts":"","theme-transparent-header-meta":"","adv-header-id-meta":"","stick-header-meta":"","header-above-stick-meta":"","header-main-stick-meta":"","header-below-stick-meta":"","astra-migrate-meta-layouts":"default","ast-page-background-enabled":"default","ast-page-background-meta":{"desktop":{"background-color":"var(--ast-global-color-5)","background-image":"","background-repeat":"repeat","background-position":"center center","background-size":"auto","background-attachment":"scroll","background-type":"","background-media":"","overlay-type":"","overlay-color":"","overlay-opacity":"","overlay-gradient":""},"tablet":{"background-color":"","background-image":"","background-repeat":"repeat","background-position":"center center","background-size":"auto","background-attachment":"scroll","background-type":"","background-media":"","overlay-type":"","overlay-color":"","overlay-opacity":"","overlay-gradient":""},"mobile":{"background-color":"","background-image":"","background-repeat":"repeat","background-position":"center center","background-size":"auto","background-attachment":"scroll","background-type":"","background-media":"","overlay-type":"","overlay-color":"","overlay-opacity":"","overlay-gradient":""}},"ast-content-background-meta":{"desktop":{"background-color":"var(--ast-global-color-4)","background-image":"","background-repeat":"repeat","background-position":"center center","background-size":"auto","background-attachment":"scroll","background-type":"","background-media":"","overlay-type":"","overlay-color":"","overlay-opacity":"","overlay-gradient":""},"tablet":{"background-color":"var(--ast-global-color-4)","background-image":"","background-repeat":"repeat","background-position":"center center","background-size":"auto","background-attachment":"scroll","background-type":"","background-media":"","overlay-type":"","overlay-color":"","overlay-opacity":"","overlay-gradient":""},"mobile":{"background-color":"var(--ast-global-color-4)","background-image":"","background-repeat":"repeat","background-position":"center center","background-size":"auto","background-attachment":"scroll","background-type":"","background-media":"","overlay-type":"","overlay-color":"","overlay-opacity":"","overlay-gradient":""}},"jetpack_post_was_ever_published":false,"_jetpack_newsletter_access":"","_jetpack_dont_email_post_to_subs":false,"_jetpack_newsletter_tier_id":0,"_jetpack_memberships_contains_paywalled_content":false,"_jetpack_memberships_contains_paid_content":false,"footnotes":""},"categories":[5,3],"tags":[],"class_list":["post-588","post","type-post","status-publish","format-standard","hentry","category-bystricka","category-osobni"],"jetpack_featured_media_url":"","jetpack_shortlink":"https:\/\/wp.me\/p4mLP7-9u","jetpack-related-posts":[{"id":11615,"url":"https:\/\/kotrla.com\/pmpro\/2024\/05\/aurora-borealis\/","url_meta":{"origin":588,"position":0},"title":"Aurora Borealis","author":"Pavel Kotrla","date":"11.5.2024","format":false,"excerpt":"Tak poprv\u00e9 se poda\u0159ilo.","rel":"","context":"V \u201eByst\u0159i\u010dka\u201c","block_context":{"text":"Byst\u0159i\u010dka","link":"https:\/\/kotrla.com\/pmpro\/category\/bystricka\/"},"img":{"alt_text":"","src":"https:\/\/i0.wp.com\/kotrla.com\/pmpro\/wp-content\/uploads\/2024\/05\/bystricka_polarni_zare_IMGP2148.jpg?resize=350%2C200&ssl=1","width":350,"height":200,"srcset":"https:\/\/i0.wp.com\/kotrla.com\/pmpro\/wp-content\/uploads\/2024\/05\/bystricka_polarni_zare_IMGP2148.jpg?resize=350%2C200&ssl=1 1x, https:\/\/i0.wp.com\/kotrla.com\/pmpro\/wp-content\/uploads\/2024\/05\/bystricka_polarni_zare_IMGP2148.jpg?resize=525%2C300&ssl=1 1.5x, https:\/\/i0.wp.com\/kotrla.com\/pmpro\/wp-content\/uploads\/2024\/05\/bystricka_polarni_zare_IMGP2148.jpg?resize=700%2C400&ssl=1 2x, https:\/\/i0.wp.com\/kotrla.com\/pmpro\/wp-content\/uploads\/2024\/05\/bystricka_polarni_zare_IMGP2148.jpg?resize=1050%2C600&ssl=1 3x, https:\/\/i0.wp.com\/kotrla.com\/pmpro\/wp-content\/uploads\/2024\/05\/bystricka_polarni_zare_IMGP2148.jpg?resize=1400%2C800&ssl=1 4x"},"classes":[]},{"id":98,"url":"https:\/\/kotrla.com\/pmpro\/2012\/05\/sucho\/","url_meta":{"origin":588,"position":1},"title":"Sucho","author":"Pavel Kotrla","date":"31.5.2012","format":false,"excerpt":"P\u0159ehrada Byst\u0159i\u010dka, stolet\u00e1 d\u00e1ma, pod kask\u00e1dami na konci kv\u011btna. (Stav je teda d\u00e1n p\u0159edev\u0161\u00edm prob\u00edhaj\u00edc\u00ed opravou, p\u0159ehrada m\u00e1 je\u0161t\u011b druhou v\u00fdpust.)","rel":"","context":"V \u201eByst\u0159i\u010dka\u201c","block_context":{"text":"Byst\u0159i\u010dka","link":"https:\/\/kotrla.com\/pmpro\/category\/bystricka\/"},"img":{"alt_text":"image","src":"https:\/\/i0.wp.com\/kotrla.com\/pmpro\/images\/uploads\/sucho_IGP9465.jpg?resize=350%2C200&ssl=1","width":350,"height":200},"classes":[]},{"id":2363,"url":"https:\/\/kotrla.com\/pmpro\/2015\/04\/vzpominky-na-osvobozeni-bystricky-a-ruzdky\/","url_meta":{"origin":588,"position":2},"title":"Vzpom\u00ednky na osvobozen\u00ed Byst\u0159i\u010dky a R\u016f\u017e\u010fky","author":"Pavel Kotrla","date":"24.4.2015","format":false,"excerpt":"V\u00fdro\u010d\u00ed konce Druh\u00e9 sv\u011btov\u00e9 v\u00e1lky se bl\u00ed\u017e\u00ed. P\u0159ipome\u0148me si s drobn\u00fdm p\u0159edstihem pr\u016fb\u011bh osvobozen\u00ed na Byst\u0159i\u010dce a v sousedn\u00ed R\u016f\u017e\u010fce, tak jak je zachycena v publikaci Vset\u00ednsko v boji za svobodu: k historii boj\u016f na Vala\u0161sku v kv\u011btnu 1945. (Vset\u00edn: Pr\u016flom, 1946), kterou sestavil Richard Pavl\u00edk. Oskar Sv\u00e1k: BYST\u0158I\u010cKA Dne\u2026","rel":"","context":"V \u201eByst\u0159i\u010dka\u201c","block_context":{"text":"Byst\u0159i\u010dka","link":"https:\/\/kotrla.com\/pmpro\/category\/bystricka\/"},"img":{"alt_text":"","src":"https:\/\/i0.wp.com\/kotrla.com\/pmpro\/wp-content\/uploads\/2015\/04\/pomnik_ruzdka_popraveni_P1010563.jpg?resize=350%2C200&ssl=1","width":350,"height":200,"srcset":"https:\/\/i0.wp.com\/kotrla.com\/pmpro\/wp-content\/uploads\/2015\/04\/pomnik_ruzdka_popraveni_P1010563.jpg?resize=350%2C200&ssl=1 1x, https:\/\/i0.wp.com\/kotrla.com\/pmpro\/wp-content\/uploads\/2015\/04\/pomnik_ruzdka_popraveni_P1010563.jpg?resize=525%2C300&ssl=1 1.5x, https:\/\/i0.wp.com\/kotrla.com\/pmpro\/wp-content\/uploads\/2015\/04\/pomnik_ruzdka_popraveni_P1010563.jpg?resize=700%2C400&ssl=1 2x"},"classes":[]},{"id":6587,"url":"https:\/\/kotrla.com\/pmpro\/2020\/05\/poeticky-pocatek-kvetna\/","url_meta":{"origin":588,"position":3},"title":"Poetick\u00fd po\u010d\u00e1tek kv\u011btna","author":"Pavel Kotrla","date":"2.5.2020","format":false,"excerpt":"Tak se to n\u011bjak se\u0161lo. Zat\u00edmco Vertigo 1\/2020 uve\u0159ejnilo studii Jakuba Sou\u010dka v\u011bnovanou m\u00fdm dv\u011bma sb\u00edrk\u00e1m, moje ver\u0161e si m\u016f\u017eete p\u0159e\u010d\u00edst v druh\u00e9m \u010d\u00edsle vala\u0161skomezi\u0159\u00ed\u010dsk\u00e9ho NE-VKUSU a p\u00e1t\u00e9m svazku sborn\u00edku Terasa - Zl\u00ednsk\u00e9 liter\u00e1rn\u00ed tr\u017enice. S apr\u00edlov\u00e9ho uveden\u00ed Terasy sice se\u0161lo, ale snad se m\u016f\u017eeme t\u011b\u0161it na podzim. V NE-VKUSU\u2026","rel":"","context":"V \u201eLiteratura\u201c","block_context":{"text":"Literatura","link":"https:\/\/kotrla.com\/pmpro\/category\/literatura\/"},"img":{"alt_text":"","src":"https:\/\/i0.wp.com\/kotrla.com\/pmpro\/wp-content\/uploads\/2020\/05\/Vertigo_1_2020.jpg?resize=350%2C200&ssl=1","width":350,"height":200,"srcset":"https:\/\/i0.wp.com\/kotrla.com\/pmpro\/wp-content\/uploads\/2020\/05\/Vertigo_1_2020.jpg?resize=350%2C200&ssl=1 1x, https:\/\/i0.wp.com\/kotrla.com\/pmpro\/wp-content\/uploads\/2020\/05\/Vertigo_1_2020.jpg?resize=525%2C300&ssl=1 1.5x"},"classes":[]},{"id":766,"url":"https:\/\/kotrla.com\/pmpro\/2005\/05\/literarni-casopisy-na-pocatku-kvetna\/","url_meta":{"origin":588,"position":4},"title":"Liter\u00e1rn\u00ed \u010dasopisy na po\u010d\u00e1tku kv\u011btna","author":"Pavel Kotrla","date":"7.5.2005","format":false,"excerpt":"Neb\u00fdt toho, \u017ee pravideln\u011b poslouch\u00e1m Vltavu, asi bych nezaregistroval, \u017ee m\u016fj obl\u00edben\u00fd \u010dasopis Plav existuj\u00edc\u00ed doposud pouze v internetov\u00e9 verzi za\u010d\u00edn\u00e1 vych\u00e1zet i v ti\u0161t\u011bn\u00e9 podob\u011b. Tato verze m\u00e1 dom\u00e9nu na adrese http:\/\/www.svetovka.cz. U\u017e z toho je patrn\u00e9, na chce navazovat na starou dobrou, ale neexistuj\u00edc\u00ed Sv\u011btovou literaturu. Tento nov\u00fd\u2026","rel":"","context":"V \u201eLiteratura\u201c","block_context":{"text":"Literatura","link":"https:\/\/kotrla.com\/pmpro\/category\/literatura\/"},"img":{"alt_text":"","src":"","width":0,"height":0},"classes":[]},{"id":503,"url":"https:\/\/kotrla.com\/pmpro\/2006\/11\/zvonicka-pri-silnici\/","url_meta":{"origin":588,"position":5},"title":"Zvoni\u010dka p\u0159i silnici","author":"Pavel Kotrla","date":"28.11.2006","format":false,"excerpt":"..., vedouc\u00ed se od \u00fadoln\u00ed p\u0159ehrady na Byst\u0159i\u010dce k \u017eelezni\u010dn\u00ed zast\u00e1vce R\u016f\u017e\u010fka, m\u011bla bedn\u011bn\u00fd p\u0159\u00edst\u0159e\u0161ek se sedlovou \u0161indelovou st\u0159echou a ku\u017eelovitou st\u0159\u00ed\u0161ku nad zvonkem. V zobrazen\u00e9 podob\u011b u\u017e zvoni\u010dka nestoj\u00ed, jak jsme zjistili v l\u00e9t\u011b 1937. Takto doprovodil fotografii textem jej\u00ed autor Flori\u00e1n Zapletal.\u00a0 Fotografie je tedy z doby, kdy\u2026","rel":"","context":"V \u201eByst\u0159i\u010dka\u201c","block_context":{"text":"Byst\u0159i\u010dka","link":"https:\/\/kotrla.com\/pmpro\/category\/bystricka\/"},"img":{"alt_text":"ji\u017e neexistuj\u00edc\u00ed zvoni\u010dka","src":"https:\/\/i0.wp.com\/kotrla.com\/pmpro\/images\/uploads\/zvonicka_ruzdka_bystricka.jpg?resize=350%2C200&ssl=1","width":350,"height":200},"classes":[]}],"jetpack_sharing_enabled":true,"_links":{"self":[{"href":"https:\/\/kotrla.com\/pmpro\/wp-json\/wp\/v2\/posts\/588","targetHints":{"allow":["GET"]}}],"collection":[{"href":"https:\/\/kotrla.com\/pmpro\/wp-json\/wp\/v2\/posts"}],"about":[{"href":"https:\/\/kotrla.com\/pmpro\/wp-json\/wp\/v2\/types\/post"}],"author":[{"embeddable":true,"href":"https:\/\/kotrla.com\/pmpro\/wp-json\/wp\/v2\/users\/1"}],"replies":[{"embeddable":true,"href":"https:\/\/kotrla.com\/pmpro\/wp-json\/wp\/v2\/comments?post=588"}],"version-history":[{"count":0,"href":"https:\/\/kotrla.com\/pmpro\/wp-json\/wp\/v2\/posts\/588\/revisions"}],"wp:attachment":[{"href":"https:\/\/kotrla.com\/pmpro\/wp-json\/wp\/v2\/media?parent=588"}],"wp:term":[{"taxonomy":"category","embeddable":true,"href":"https:\/\/kotrla.com\/pmpro\/wp-json\/wp\/v2\/categories?post=588"},{"taxonomy":"post_tag","embeddable":true,"href":"https:\/\/kotrla.com\/pmpro\/wp-json\/wp\/v2\/tags?post=588"}],"curies":[{"name":"wp","href":"https:\/\/api.w.org\/{rel}","templated":true}]}}