{"id":600,"date":"2006-03-09T20:31:02","date_gmt":"2006-03-09T19:31:02","guid":{"rendered":"http:\/\/kotrla.com\/wordpress\/?p=600"},"modified":"2019-11-20T22:33:15","modified_gmt":"2019-11-20T21:33:15","slug":"a2-na-zacatku-brezna","status":"publish","type":"post","link":"https:\/\/kotrla.com\/pmpro\/2006\/03\/a2-na-zacatku-brezna\/","title":{"rendered":"A2 na za\u010d\u00e1tku b\u0159ezna"},"content":{"rendered":"<p>T\u00fdden\u00edk <a href=\"https:\/\/www.advojka.cz\">A2<\/a> mi za p\u016flro\u010dn\u00ed dobu sv\u00e9 existence pln\u011b nahradil <a href=\"http:\/\/www.literarky.cz\">Liter\u00e1rn\u00ed noviny<\/a>. Bohu\u017eel mus\u00edm \u0159\u00edct, \u017ee je lhostejn\u011b m\u00edj\u00edm v knihkupectv\u00ed a nic mne nel\u00e1k\u00e1 k jejich koupi. A ani k tomu, abych jimi prolistoval. M\u00edval jsem je r\u00e1d, ale jen z nostalgie je kupovat nebudu.<br \/>\nV nov\u00e9 A2 mne pot\u011b\u0161ilo, \u017ee nejenom j\u00e1 pova\u017euji (viz <a href=\"https:\/\/kotrla.com\/pmpro\/index.php\/site\/tudy_proc\/\">tento p\u0159\u00edsp\u011bvek<\/a>) novou rubriku Jany Klus\u00e1kov\u00e9 v Hostu za omyl. Cituji Kazim\u00edra Turka:<i> &#8222;Vylo\u017een\u00fdm p\u0159ehmatem je za\u0159azen\u00ed nov\u00e9 rubriky &#8211; knihovni\u010dky Jany Klus\u00e1kov\u00e9. Texty ur\u010den\u00e9 p\u016fvodn\u011b do rozhlasu p\u016fsob\u00ed v Hostu ban\u00e1ln\u011b.&#8220; <\/i><br \/>\nPosledn\u00ed \u010d\u00edslo pak p\u0159in\u00e1\u0161\u00ed i post\u0159eh z pera Tom\u00e1\u0161e Glance o ned\u00e1vno zem\u0159el\u00e9m a m\u00e9m obl\u00edben\u00e9m b\u00e1sn\u00edku <a href=\"http:\/\/www.vavilon.ru\/texts\/aigi0.html\">Gennadiji Ajgim<\/a>, kter\u00e9ho jsem kdysi rozp\u0159ekl\u00e1dal, ale zat\u00edm chyb\u011bla odvaha se k tomu vr\u00e1tit a dokon\u010dit to. Bloggery by mo\u017en\u00e1 mohl zaj\u00edmat \u010dl\u00e1nek <a href=\"http:\/\/blog.paxik.net\">Pavla Kas\u00edka<\/a> <i>Bloguj\u00ed mana\u017ee\u0159i, \u0161kol\u00e1ci , novin\u00e1\u0159i i anonymov\u00e9<\/i>. Jedn\u00e1 se ale o obecn\u00e9 a informa\u010dn\u00ed shrnut\u00ed, kter\u00e9 nejde nijak do hloubky. By\u0165 m\u00e1m v\u00fdhrady k tematicky koncipovan\u00fdm \u010d\u00edsl\u016fm (a nejsem v tomto n\u00e1zoru osamocen), A2 si svoje m\u00edsto na\u0161la. Snad i \u010dten\u00e1\u0159e. <\/p>\n<p>Souvisej\u00edc\u00ed:\n<\/p>\n<blockquote>\n<p><a href=\"http:\/\/www.iliteratura.cz\/clanek.asp?polozkaID=18687\">Ajgi, Gennadij &#8211; portr\u00e9t autora (nekrolog)<\/a><br \/>\n<a href=\"http:\/\/czlit.cz\/main.php?pageid=248&amp;glos_id=478&amp;PHPSESSID=fb1eab7444986931805a8d0f3b17feee\">Josef Rautenkranz: \u00c1dvojka skoro p\u016flro\u010dn\u00ed: Tedy?<\/a><\/p>\n<\/blockquote>\n","protected":false},"excerpt":{"rendered":"<p>T\u00fdden\u00edk A2 mi za p\u016flro\u010dn\u00ed dobu sv\u00e9 existence pln\u011b nahradil Liter\u00e1rn\u00ed noviny. Bohu\u017eel mus\u00edm \u0159\u00edct, \u017ee je lhostejn\u011b m\u00edj\u00edm v knihkupectv\u00ed a nic mne nel\u00e1k\u00e1 k jejich koupi. A ani k tomu, abych jimi prolistoval. M\u00edval jsem je r\u00e1d, ale jen z nostalgie je kupovat nebudu. V nov\u00e9 A2 mne pot\u011b\u0161ilo, \u017ee nejenom j\u00e1 pova\u017euji [&hellip;]<\/p>\n","protected":false},"author":1,"featured_media":0,"comment_status":"open","ping_status":"open","sticky":false,"template":"","format":"standard","meta":{"site-sidebar-layout":"default","site-content-layout":"","ast-site-content-layout":"default","site-content-style":"default","site-sidebar-style":"default","ast-global-header-display":"","ast-banner-title-visibility":"","ast-main-header-display":"","ast-hfb-above-header-display":"","ast-hfb-below-header-display":"","ast-hfb-mobile-header-display":"","site-post-title":"","ast-breadcrumbs-content":"","ast-featured-img":"","footer-sml-layout":"","ast-disable-related-posts":"","theme-transparent-header-meta":"","adv-header-id-meta":"","stick-header-meta":"","header-above-stick-meta":"","header-main-stick-meta":"","header-below-stick-meta":"","astra-migrate-meta-layouts":"default","ast-page-background-enabled":"default","ast-page-background-meta":{"desktop":{"background-color":"var(--ast-global-color-5)","background-image":"","background-repeat":"repeat","background-position":"center center","background-size":"auto","background-attachment":"scroll","background-type":"","background-media":"","overlay-type":"","overlay-color":"","overlay-opacity":"","overlay-gradient":""},"tablet":{"background-color":"","background-image":"","background-repeat":"repeat","background-position":"center center","background-size":"auto","background-attachment":"scroll","background-type":"","background-media":"","overlay-type":"","overlay-color":"","overlay-opacity":"","overlay-gradient":""},"mobile":{"background-color":"","background-image":"","background-repeat":"repeat","background-position":"center center","background-size":"auto","background-attachment":"scroll","background-type":"","background-media":"","overlay-type":"","overlay-color":"","overlay-opacity":"","overlay-gradient":""}},"ast-content-background-meta":{"desktop":{"background-color":"var(--ast-global-color-4)","background-image":"","background-repeat":"repeat","background-position":"center center","background-size":"auto","background-attachment":"scroll","background-type":"","background-media":"","overlay-type":"","overlay-color":"","overlay-opacity":"","overlay-gradient":""},"tablet":{"background-color":"var(--ast-global-color-4)","background-image":"","background-repeat":"repeat","background-position":"center center","background-size":"auto","background-attachment":"scroll","background-type":"","background-media":"","overlay-type":"","overlay-color":"","overlay-opacity":"","overlay-gradient":""},"mobile":{"background-color":"var(--ast-global-color-4)","background-image":"","background-repeat":"repeat","background-position":"center center","background-size":"auto","background-attachment":"scroll","background-type":"","background-media":"","overlay-type":"","overlay-color":"","overlay-opacity":"","overlay-gradient":""}},"jetpack_post_was_ever_published":false,"_jetpack_newsletter_access":"","_jetpack_dont_email_post_to_subs":false,"_jetpack_newsletter_tier_id":0,"_jetpack_memberships_contains_paywalled_content":false,"_jetpack_memberships_contains_paid_content":false,"footnotes":""},"categories":[6],"tags":[],"class_list":["post-600","post","type-post","status-publish","format-standard","hentry","category-ctenarsky-denik"],"jetpack_featured_media_url":"","jetpack_shortlink":"https:\/\/wp.me\/p4mLP7-9G","jetpack-related-posts":[{"id":150,"url":"https:\/\/kotrla.com\/pmpro\/2011\/06\/martin-pecina-knihy-a-typografie\/","url_meta":{"origin":600,"position":0},"title":"Martin Pecina: Knihy a typografie","author":"Pavel Kotrla","date":"6.6.2011","format":false,"excerpt":"Minul\u00fd t\u00fdden byl na \u00falovky bohat\u00fd podobn\u011b jako ty p\u0159edchoz\u00ed a nov\u00fdch knih se se\u0161lo hned n\u011bkolik. Jednou z nich je i mnou o\u010dek\u00e1van\u00e1 nov\u00e1 kniha Knihy a typografie Martina Peciny. Vy\u0161la jako 500. publikace nakladatelstv\u00ed Host. T\u011b\u0161il jsem se na ni a o v\u00edkendu ji do\u010detl. Vzhledem k tomu,\u2026","rel":"","context":"V \u201e\u010cten\u00e1\u0159sk\u00fd den\u00edk\u201c","block_context":{"text":"\u010cten\u00e1\u0159sk\u00fd den\u00edk","link":"https:\/\/kotrla.com\/pmpro\/category\/ctenarsky-denik\/"},"img":{"alt_text":"Martin Pecina - Knihy a typografie","src":"https:\/\/i0.wp.com\/kotrla.com\/pmpro\/images\/uploads\/martin_pecina_knihy_a_typografie.jpg?resize=350%2C200&ssl=1","width":350,"height":200},"classes":[]},{"id":65,"url":"https:\/\/kotrla.com\/pmpro\/2012\/12\/vyslovim-se-anketa-mezi-literaty-bloggery\/","url_meta":{"origin":600,"position":1},"title":"Vyslov\u00edm se: Anketa mezi liter\u00e1ty bloggery","author":"Pavel Kotrla","date":"26.12.2012","format":false,"excerpt":"Anketn\u00ed ot\u00e1zka Tvaru zn\u011bla: Co v\u00e1s p\u0159im\u011blo k tomu, abyste si zalo\u017eil blog? Naplnilo se va\u0161e p\u016fvodn\u00ed o\u010dek\u00e1v\u00e1n\u00ed? Jak \u010dasto na blogu publikujete a co v\u00e1s obvykle k seps\u00e1n\u00ed nov\u00e9ho p\u0159\u00edsp\u011bvku inspiruje? Odpov\u011bdi vy\u0161ly v jeho posledn\u00edm leto\u0161n\u00edm \u010d\u00edsle. Moje je zde: Na za\u010d\u00e1tku se asi se\u0161ly dv\u011b okolnosti. Skute\u010dnost,\u2026","rel":"","context":"V \u201eInternet\u201c","block_context":{"text":"Internet","link":"https:\/\/kotrla.com\/pmpro\/category\/internet\/"},"img":{"alt_text":"","src":"","width":0,"height":0},"classes":[]},{"id":32,"url":"https:\/\/kotrla.com\/pmpro\/2013\/07\/ctenarsky-denik-jana-sramkova-zazemi\/","url_meta":{"origin":600,"position":2},"title":"\u010cten\u00e1\u0159sk\u00fd den\u00edk: Jana \u0160r\u00e1mkov\u00e1 &#8211; Z\u00e1zem\u00ed","author":"Pavel Kotrla","date":"10.7.2013","format":false,"excerpt":"Pro kolegu jsem si na recenzi vy\u017e\u00e1dal ned\u00e1vno vydanou knihu Jany \u0160r\u00e1mkov\u00e9 Z\u00e1zem\u00ed (Fra 2013). A p\u0159izn\u00e1m se, \u017ee hned jak jsem ji v\u010dera vyt\u00e1hl z po\u0161tovn\u00ed schr\u00e1nky, tak jsem ji p\u0159ed p\u0159eposl\u00e1n\u00edm na jeden z\u00e1tah p\u0159e\u010detl. Nen\u00ed p\u0159\u00edli\u0161 dlouh\u00e1, n\u011bco m\u00e1lo p\u0159es sto t\u0159icet stran, tak\u017ee za podve\u010der bylo\u2026","rel":"","context":"V \u201e\u010cten\u00e1\u0159sk\u00fd den\u00edk\u201c","block_context":{"text":"\u010cten\u00e1\u0159sk\u00fd den\u00edk","link":"https:\/\/kotrla.com\/pmpro\/category\/ctenarsky-denik\/"},"img":{"alt_text":"Jana \u0160r\u00e1mkov\u00e1 - Z\u00e1zem\u00ed","src":"https:\/\/i0.wp.com\/kotrla.com\/pmpro\/images\/uploads\/jana_sramkova_zazemi.jpg?resize=350%2C200&ssl=1","width":350,"height":200},"classes":[]},{"id":349,"url":"https:\/\/kotrla.com\/pmpro\/2008\/05\/z-bloku-01-ctenar-casopisu-na-konci-obdobi-zimniho-spanku\/","url_meta":{"origin":600,"position":3},"title":"Z bloku 01: \u010cten\u00e1\u0159 \u010dasopis\u016f na konci obdob\u00ed zimn\u00edho sp\u00e1nku","author":"Pavel Kotrla","date":"16.5.2008","format":false,"excerpt":"Tak jsem se nechal ukecat. \u0158\u00edkal jsem si, \u017ee po t\u0159\u00edap\u016fllet\u00e9m psan\u00ed sloupk\u016f (snad se dokopu k tomu, aby tam bylo \u010dasem v\u0161ech t\u0159iat\u0159icet) pro Host u\u017e do toho jen tak nep\u016fjdu. No, ale pro Tvar jsem v\u017edycky m\u011bl tak trochu slabost. Sloupek vy\u0161el v Tvaru \u010d.9 (01.05.2008) \u010cten\u00e1\u0159 \u010dasopis\u016f\u2026","rel":"","context":"V \u201eSloupky pro Tvar\u201c","block_context":{"text":"Sloupky pro Tvar","link":"https:\/\/kotrla.com\/pmpro\/category\/sloupky-pro-tvar\/"},"img":{"alt_text":"","src":"","width":0,"height":0},"classes":[]},{"id":140,"url":"https:\/\/kotrla.com\/pmpro\/2011\/07\/erbenovy-oslavy\/","url_meta":{"origin":600,"position":4},"title":"Erbenovy oslavy?","author":"Pavel Kotrla","date":"21.7.2011","format":false,"excerpt":"A\u0165 byly lo\u0148sk\u00e9 oslavy M\u00e1chova v\u00fdro\u010d\u00ed jak\u00e9 tak\u00e9, p\u0159ece jen n\u011bjakou odezvu nalezly. Na oslavy Erbenova v\u00fdro\u010d\u00ed narozen\u00ed u\u017e ale nevybylo. Obec spisovatel\u016f postupn\u011b projedla sv\u016fj majetek, podrobn\u011b pops\u00e1no nap\u0159. v posledn\u00edm p\u0159edpr\u00e1zdninov\u00e9m Hostu. A nikdo jin\u00fd se k tomu, aby p\u0159ipomenul tuto v\u00fdznamnou osobnost, nem\u00e1. Jakoby m\u011bl Erben z\u016fstat\u2026","rel":"","context":"V \u201e\u010cten\u00e1\u0159sk\u00fd den\u00edk\u201c","block_context":{"text":"\u010cten\u00e1\u0159sk\u00fd den\u00edk","link":"https:\/\/kotrla.com\/pmpro\/category\/ctenarsky-denik\/"},"img":{"alt_text":"Karel Jarom\u00edr Erben: Kytice (Pr\u00e1h)","src":"https:\/\/i0.wp.com\/kotrla.com\/pmpro\/images\/uploads\/erben_kytice1.jpg?resize=350%2C200&ssl=1","width":350,"height":200},"classes":[]},{"id":170,"url":"https:\/\/kotrla.com\/pmpro\/2011\/02\/nove-cislo-revue-aluze-nove-i-pro-elektronicke-ctecky-kindle\/","url_meta":{"origin":600,"position":5},"title":"Nov\u00e9 \u010d\u00edslo revue Aluze, nov\u011b i pro elektronick\u00e9 \u010dte\u010dky (Kindle)","author":"Pavel Kotrla","date":"3.2.2011","format":false,"excerpt":"Finalizace posledn\u00edho lo\u0148sk\u00e9ho \u010d\u00edsla, se trochu prot\u00e1hla, ale nov\u00e9 \u010d\u00edslo je zde. Jako obvykle na str\u00e1nk\u00e1ch http:\/\/aluze.cz naleznete jak jeho on-line podobu, tak jednotliv\u00e9 p\u0159\u00edsp\u011bvky i cel\u00e9 \u010d\u00edslo ke sta\u017een\u00ed ve form\u00e1tu PDF. Nov\u011b jsem p\u0159ipravil ke sta\u017een\u00ed tak\u00e9 verzi ve dvou nejroz\u0161\u00ed\u0159en\u011bj\u0161\u00edch form\u00e1tech elektronick\u00fdch knih: EPUB a MOBI. Nechci\u2026","rel":"","context":"V \u201eLiteratura\u201c","block_context":{"text":"Literatura","link":"https:\/\/kotrla.com\/pmpro\/category\/literatura\/"},"img":{"alt_text":"Aluze 3\/2010 ve \u010dte\u010dce Amazon Kindle","src":"https:\/\/i0.wp.com\/kotrla.com\/pmpro\/images\/uploads\/aluze_kindle_screenshot.gif?resize=350%2C200&ssl=1","width":350,"height":200},"classes":[]}],"jetpack_sharing_enabled":true,"_links":{"self":[{"href":"https:\/\/kotrla.com\/pmpro\/wp-json\/wp\/v2\/posts\/600","targetHints":{"allow":["GET"]}}],"collection":[{"href":"https:\/\/kotrla.com\/pmpro\/wp-json\/wp\/v2\/posts"}],"about":[{"href":"https:\/\/kotrla.com\/pmpro\/wp-json\/wp\/v2\/types\/post"}],"author":[{"embeddable":true,"href":"https:\/\/kotrla.com\/pmpro\/wp-json\/wp\/v2\/users\/1"}],"replies":[{"embeddable":true,"href":"https:\/\/kotrla.com\/pmpro\/wp-json\/wp\/v2\/comments?post=600"}],"version-history":[{"count":0,"href":"https:\/\/kotrla.com\/pmpro\/wp-json\/wp\/v2\/posts\/600\/revisions"}],"wp:attachment":[{"href":"https:\/\/kotrla.com\/pmpro\/wp-json\/wp\/v2\/media?parent=600"}],"wp:term":[{"taxonomy":"category","embeddable":true,"href":"https:\/\/kotrla.com\/pmpro\/wp-json\/wp\/v2\/categories?post=600"},{"taxonomy":"post_tag","embeddable":true,"href":"https:\/\/kotrla.com\/pmpro\/wp-json\/wp\/v2\/tags?post=600"}],"curies":[{"name":"wp","href":"https:\/\/api.w.org\/{rel}","templated":true}]}}