{"id":618,"date":"2006-02-02T21:14:01","date_gmt":"2006-02-02T20:14:01","guid":{"rendered":"http:\/\/kotrla.com\/wordpress\/?p=618"},"modified":"2019-11-20T22:33:16","modified_gmt":"2019-11-20T21:33:16","slug":"kosile-blizsi-nez-kabat","status":"publish","type":"post","link":"https:\/\/kotrla.com\/pmpro\/2006\/02\/kosile-blizsi-nez-kabat\/","title":{"rendered":"Ko\u0161ile bli\u017e\u0161\u00ed ne\u017e kab\u00e1t"},"content":{"rendered":"<p>Byla to velk\u00e1 sl\u00e1va, kdy\u017e se ned\u00e1vno zapo\u010dalo s v\u00fdstavbou cesty mezi Vset\u00ednem a Byst\u0159i\u010dkou, kter\u00e1 m\u00e1 d\u00e1le pokra\u010dovat na Vala\u0161sk\u00e9 Mezi\u0159\u00ed\u010d\u00ed. Byla slibov\u00e1na \u010dty\u0159icet let, aspo\u0148 podle kronik a tisku, kter\u00e9 jsem \u010detl. Na str\u00e1nk\u00e1ch ob\u010dansk\u00e9ho sdru\u017een\u00ed <a href=\"http:\/\/www.jadernice.org\">Jadernice<\/a> pak najdete d\u016fvody, pro\u010d byla zastavena. \u017de je komunikace pot\u0159ebn\u00e1 si uv\u011bdomuj\u00ed v\u0161ichni, te\u010f jde o podobu, kter\u00e9 by nejm\u00e9n\u011b naru\u0161ila krajinu a sou\u017eit\u00ed lid\u00ed. Jeden ze star\u00fdch n\u00e1vrh\u016f po\u010d\u00edtal dokonce s velmi dlouh\u00fdm tunelem, ale vala\u0161sk\u00e9 metro asi opravdu nebude. <br \/>\nJinak jadernice jsou opravdu dobr\u00e1 jablka, kter\u00e1 ofici\u00e1ln\u011b jako odr\u016fda neexistuj\u00ed, nebo doned\u00e1vna neexistovala. (Fuj, tak to de enom napsat, u n\u00e1s sa \u0159ekne dobr\u00e9 jabka.)<\/p>\n","protected":false},"excerpt":{"rendered":"<p>Byla to velk\u00e1 sl\u00e1va, kdy\u017e se ned\u00e1vno zapo\u010dalo s v\u00fdstavbou cesty mezi Vset\u00ednem a Byst\u0159i\u010dkou, kter\u00e1 m\u00e1 d\u00e1le pokra\u010dovat na Vala\u0161sk\u00e9 Mezi\u0159\u00ed\u010d\u00ed. Byla slibov\u00e1na \u010dty\u0159icet let, aspo\u0148 podle kronik a tisku, kter\u00e9 jsem \u010detl. Na str\u00e1nk\u00e1ch ob\u010dansk\u00e9ho sdru\u017een\u00ed Jadernice pak najdete d\u016fvody, pro\u010d byla zastavena. \u017de je komunikace pot\u0159ebn\u00e1 si uv\u011bdomuj\u00ed v\u0161ichni, te\u010f jde o [&hellip;]<\/p>\n","protected":false},"author":1,"featured_media":0,"comment_status":"open","ping_status":"open","sticky":false,"template":"","format":"standard","meta":{"site-sidebar-layout":"default","site-content-layout":"","ast-site-content-layout":"default","site-content-style":"default","site-sidebar-style":"default","ast-global-header-display":"","ast-banner-title-visibility":"","ast-main-header-display":"","ast-hfb-above-header-display":"","ast-hfb-below-header-display":"","ast-hfb-mobile-header-display":"","site-post-title":"","ast-breadcrumbs-content":"","ast-featured-img":"","footer-sml-layout":"","ast-disable-related-posts":"","theme-transparent-header-meta":"","adv-header-id-meta":"","stick-header-meta":"","header-above-stick-meta":"","header-main-stick-meta":"","header-below-stick-meta":"","astra-migrate-meta-layouts":"default","ast-page-background-enabled":"default","ast-page-background-meta":{"desktop":{"background-color":"var(--ast-global-color-5)","background-image":"","background-repeat":"repeat","background-position":"center center","background-size":"auto","background-attachment":"scroll","background-type":"","background-media":"","overlay-type":"","overlay-color":"","overlay-opacity":"","overlay-gradient":""},"tablet":{"background-color":"","background-image":"","background-repeat":"repeat","background-position":"center center","background-size":"auto","background-attachment":"scroll","background-type":"","background-media":"","overlay-type":"","overlay-color":"","overlay-opacity":"","overlay-gradient":""},"mobile":{"background-color":"","background-image":"","background-repeat":"repeat","background-position":"center center","background-size":"auto","background-attachment":"scroll","background-type":"","background-media":"","overlay-type":"","overlay-color":"","overlay-opacity":"","overlay-gradient":""}},"ast-content-background-meta":{"desktop":{"background-color":"var(--ast-global-color-4)","background-image":"","background-repeat":"repeat","background-position":"center center","background-size":"auto","background-attachment":"scroll","background-type":"","background-media":"","overlay-type":"","overlay-color":"","overlay-opacity":"","overlay-gradient":""},"tablet":{"background-color":"var(--ast-global-color-4)","background-image":"","background-repeat":"repeat","background-position":"center center","background-size":"auto","background-attachment":"scroll","background-type":"","background-media":"","overlay-type":"","overlay-color":"","overlay-opacity":"","overlay-gradient":""},"mobile":{"background-color":"var(--ast-global-color-4)","background-image":"","background-repeat":"repeat","background-position":"center center","background-size":"auto","background-attachment":"scroll","background-type":"","background-media":"","overlay-type":"","overlay-color":"","overlay-opacity":"","overlay-gradient":""}},"jetpack_post_was_ever_published":false,"_jetpack_newsletter_access":"","_jetpack_dont_email_post_to_subs":false,"_jetpack_newsletter_tier_id":0,"_jetpack_memberships_contains_paywalled_content":false,"_jetpack_memberships_contains_paid_content":false,"footnotes":""},"categories":[1],"tags":[],"class_list":["post-618","post","type-post","status-publish","format-standard","hentry","category-nezarazene"],"jetpack_featured_media_url":"","jetpack_shortlink":"https:\/\/wp.me\/p4mLP7-9Y","jetpack-related-posts":[{"id":910,"url":"https:\/\/kotrla.com\/pmpro\/2004\/10\/nove-cteni-zimohradku\/","url_meta":{"origin":618,"position":0},"title":"Nov\u00e9 \u010dten\u00ed Zimohr\u00e1dku","author":"Pavel Kotrla","date":"1.10.2004","format":false,"excerpt":"Nepat\u0159\u00edm do skupiny \u0161\u0165astlivc\u016f, kter\u00e1 se m\u016f\u017ee chlubit vlastnictv\u00edm prvn\u00edho vyd\u00e1n\u00ed Zimohr\u00e1dku (1965) Ivana Wernische. Zat\u00edm marn\u00e1 byla m\u00e1 pou\u0165 po antikvari\u00e1tech \u010desk\u00fdch. Du\u0161i ni\u010d\u00edc\u00ed vzpom\u00ednku na pouze dvouletou z\u00e1p\u016fj\u010dku t\u00e9to knihy z fondu m\u00e9ho kamar\u00e1da tak zapla\u0161ilo a\u017e nyn\u00ed nov\u00e9 vyd\u00e1n\u00ed v Petrovu, kter\u00e9 je z\u00e1rove\u0148 jubilejn\u00edm svazkem nakladatelstv\u00ed\u2026","rel":"","context":"V \u201eNeza\u0159azen\u00e9\u201c","block_context":{"text":"Neza\u0159azen\u00e9","link":"https:\/\/kotrla.com\/pmpro\/category\/nezarazene\/"},"img":{"alt_text":"","src":"","width":0,"height":0},"classes":[]},{"id":569,"url":"https:\/\/kotrla.com\/pmpro\/2006\/04\/ze-stavby-valasske-autostrady\/","url_meta":{"origin":618,"position":1},"title":"Ze stavby vala\u0161sk\u00e9 autostr\u00e1dy","author":"Pavel Kotrla","date":"23.4.2006","format":false,"excerpt":"Tak tato fotka je jeden z d\u016fvod\u016f, pro\u010d letos budu, tak jako ostatn\u011b v minulosti, op\u011bt volit zelen\u00e9. Letos se tam t\u0159eba dostanou :) Nejsem odp\u016frce nov\u00e9 vala\u0161sk\u00e9 autostr\u00e1dy, ale trochu mi vad\u00ed jej\u00ed podoba, kter\u00e1 by mohla v\u00edce respektovat r\u00e1z krajiny a nezab\u00edrat tu nejkvalitn\u011bj\u0161\u00ed hospod\u00e1\u0159skou p\u016fdu. Jsem na\u2026","rel":"","context":"V \u201eFotografie\u201c","block_context":{"text":"Fotografie","link":"https:\/\/kotrla.com\/pmpro\/category\/fotografie\/"},"img":{"alt_text":"Vala\u0161sk\u00e1 autostr\u00e1da","src":"https:\/\/i0.wp.com\/kotrla.com\/pmpro\/images\/uploads\/autostrada.jpg?resize=350%2C200&ssl=1","width":350,"height":200},"classes":[]},{"id":22,"url":"https:\/\/kotrla.com\/pmpro\/2013\/09\/valassko-historie-a-kultura\/","url_meta":{"origin":618,"position":2},"title":"Vala\u0161sko &#8211; historie a kultura","author":"Pavel Kotrla","date":"21.9.2013","format":false,"excerpt":"M\u00e1m dojem, \u017ee konference Vala\u0161sko \u2013 historie a kultura byla v mnoh\u00e9m p\u0159elomov\u00e1 a mysl\u00edm si, \u017ee \u0159ada z n\u00e1s se k n\u00ed bude je\u0161t\u011b vracet. Revize n\u011bkter\u00fdch teori\u00ed v\u0161ak bude cht\u00edt \u010das na vst\u0159eb\u00e1n\u00ed (vala\u0161sk\u00e9 kolonizace). Ale jsem p\u0159esv\u011bd\u010den\u00fd, \u017ee chystan\u00e1 publikace bude zcela jist\u011b p\u0159\u00ednosem. Skv\u011bl\u00e9 je, \u017ee\u2026","rel":"","context":"V \u201eLiteratura\u201c","block_context":{"text":"Literatura","link":"https:\/\/kotrla.com\/pmpro\/category\/literatura\/"},"img":{"alt_text":"image","src":"https:\/\/i0.wp.com\/kotrla.com\/pmpro\/images\/uploads\/01.jpg?resize=350%2C200&ssl=1","width":350,"height":200},"classes":[]},{"id":3806,"url":"https:\/\/kotrla.com\/pmpro\/2018\/08\/valasske-mezirici-se-dockalo-novych-dejin\/","url_meta":{"origin":618,"position":3},"title":"Vala\u0161sk\u00e9 Mezi\u0159\u00ed\u010d\u00ed se do\u010dkalo nov\u00fdch d\u011bjin","author":"Pavel Kotrla","date":"22.8.2018","format":false,"excerpt":"Trvalo to sice o cosi d\u00e9le, ne\u017e se p\u0159edpokl\u00e1dalo, ale i Vala\u0161sk\u00e9 Mezi\u0159\u00ed\u010d\u00ed se do\u010dkalo sv\u00fdch nov\u00fdch d\u011bjin m\u011bsta. Rozpracovan\u00e9 d\u00edlo, jeho\u017e vznik p\u0159eru\u0161ila smrt, p\u0159evzal po sv\u00e9m otci Ladislavu Baletkovi syn Tom\u00e1\u0161, takt\u00e9\u017e \u0159editel St\u00e1tn\u00edho okresn\u00edho archivu Vset\u00edn. Ten ke spolupr\u00e1ci p\u0159izval je\u0161t\u011b Zde\u0148ka Pomklu a Evu \u010cerm\u00e1kovou, kter\u00e9\u2026","rel":"","context":"V \u201eFotografie\u201c","block_context":{"text":"Fotografie","link":"https:\/\/kotrla.com\/pmpro\/category\/fotografie\/"},"img":{"alt_text":"","src":"https:\/\/i0.wp.com\/kotrla.com\/pmpro\/wp-content\/uploads\/2018\/08\/robert_strzinek_tomas_baletka_IMGP5629-150x150.jpg?resize=350%2C200&ssl=1","width":350,"height":200,"srcset":"https:\/\/i0.wp.com\/kotrla.com\/pmpro\/wp-content\/uploads\/2018\/08\/robert_strzinek_tomas_baletka_IMGP5629-150x150.jpg?resize=350%2C200&ssl=1 1x, https:\/\/i0.wp.com\/kotrla.com\/pmpro\/wp-content\/uploads\/2018\/08\/robert_strzinek_tomas_baletka_IMGP5629-150x150.jpg?resize=525%2C300&ssl=1 1.5x, https:\/\/i0.wp.com\/kotrla.com\/pmpro\/wp-content\/uploads\/2018\/08\/robert_strzinek_tomas_baletka_IMGP5629-150x150.jpg?resize=700%2C400&ssl=1 2x, https:\/\/i0.wp.com\/kotrla.com\/pmpro\/wp-content\/uploads\/2018\/08\/robert_strzinek_tomas_baletka_IMGP5629-150x150.jpg?resize=1050%2C600&ssl=1 3x, https:\/\/i0.wp.com\/kotrla.com\/pmpro\/wp-content\/uploads\/2018\/08\/robert_strzinek_tomas_baletka_IMGP5629-150x150.jpg?resize=1400%2C800&ssl=1 4x"},"classes":[]},{"id":954,"url":"https:\/\/kotrla.com\/pmpro\/2004\/07\/lhotecky-tolerancni-kostel\/","url_meta":{"origin":618,"position":4},"title":"Lhoteck\u00fd toleran\u010dn\u00ed kostel","author":"Pavel Kotrla","date":"31.7.2004","format":false,"excerpt":"Tak jsem se kone\u010dn\u011b dostal k tomu, \u017ee jsem si zakoupil kn\u00ed\u017eku D\u0159ev\u011bn\u00fd toleran\u010dn\u00ed kostel na Velk\u00e9 Lhot\u011b Kate\u0159iny a Pavla K\u0159ivohlav\u00fdch, kterou vloni u p\u0159\u00edle\u017eitosti 220. v\u00fdro\u010d\u00ed zalo\u017een\u00ed kostela vydalo ob\u010dansk\u00e9 sdru\u017een\u00ed D\u016fm na sk\u00e1le. Sice jsem ji v \u017e\u00e1dn\u00e9m z okoln\u00edch knihkupectv\u00ed nevid\u011bl, ale na fa\u0159e v\u00e1m ji\u2026","rel":"","context":"V \u201eNeza\u0159azen\u00e9\u201c","block_context":{"text":"Neza\u0159azen\u00e9","link":"https:\/\/kotrla.com\/pmpro\/category\/nezarazene\/"},"img":{"alt_text":"","src":"","width":0,"height":0},"classes":[]},{"id":239,"url":"https:\/\/kotrla.com\/pmpro\/2009\/12\/pavana-za-mrtve-desky\/","url_meta":{"origin":618,"position":5},"title":"Pav\u00e1na za mrtv\u00e9 desky","author":"Pavel Kotrla","date":"1.12.2009","format":false,"excerpt":"Smrt si nevyb\u00edr\u00e1 a je j\u00ed to jedno: Seagate, IBM, Hitaschi, Western Digital, asi i Maxtor a naposledy Toshiba. Jo, to je tak zhruba seznam pevn\u00fdch disk\u016f, kter\u00e9 mi postupn\u011b v kompech ode\u0161ly. Nev\u00edm \u010d\u00edm to, asi t\u00edm, \u017ee na t\u011bch \u010d\u00edtac\u00edch strojc\u00edch \u010das od \u010dasu opravdu pracuju. Tak\u017ee toto\u2026","rel":"","context":"V \u201eOsobn\u00ed\u201c","block_context":{"text":"Osobn\u00ed","link":"https:\/\/kotrla.com\/pmpro\/category\/osobni\/"},"img":{"alt_text":"","src":"","width":0,"height":0},"classes":[]}],"jetpack_sharing_enabled":true,"_links":{"self":[{"href":"https:\/\/kotrla.com\/pmpro\/wp-json\/wp\/v2\/posts\/618","targetHints":{"allow":["GET"]}}],"collection":[{"href":"https:\/\/kotrla.com\/pmpro\/wp-json\/wp\/v2\/posts"}],"about":[{"href":"https:\/\/kotrla.com\/pmpro\/wp-json\/wp\/v2\/types\/post"}],"author":[{"embeddable":true,"href":"https:\/\/kotrla.com\/pmpro\/wp-json\/wp\/v2\/users\/1"}],"replies":[{"embeddable":true,"href":"https:\/\/kotrla.com\/pmpro\/wp-json\/wp\/v2\/comments?post=618"}],"version-history":[{"count":0,"href":"https:\/\/kotrla.com\/pmpro\/wp-json\/wp\/v2\/posts\/618\/revisions"}],"wp:attachment":[{"href":"https:\/\/kotrla.com\/pmpro\/wp-json\/wp\/v2\/media?parent=618"}],"wp:term":[{"taxonomy":"category","embeddable":true,"href":"https:\/\/kotrla.com\/pmpro\/wp-json\/wp\/v2\/categories?post=618"},{"taxonomy":"post_tag","embeddable":true,"href":"https:\/\/kotrla.com\/pmpro\/wp-json\/wp\/v2\/tags?post=618"}],"curies":[{"name":"wp","href":"https:\/\/api.w.org\/{rel}","templated":true}]}}