{"id":638,"date":"2005-12-24T15:43:00","date_gmt":"2005-12-24T14:43:00","guid":{"rendered":"http:\/\/kotrla.com\/wordpress\/?p=638"},"modified":"2019-11-20T22:33:18","modified_gmt":"2019-11-20T21:33:18","slug":"stari-dobri-karel-jaromir-erben-cvi","status":"publish","type":"post","link":"https:\/\/kotrla.com\/pmpro\/2005\/12\/stari-dobri-karel-jaromir-erben-cvi\/","title":{"rendered":"STA\u0158\u00cd DOB\u0158\u00cd: Karel Jarom\u00edr Erben (CVI.)"},"content":{"rendered":"<p>N\u011bkter\u00fdm z v\u00e1s na str\u00e1nk\u00e1ch chyb\u011bla poezie, kter\u00e1 se tu vyskytovala ve dvou cyklech. Je\u0161t\u011b nev\u00edm, zda je o\u017eiv\u00edm, ale pro tentokr\u00e1t je zde klasika s v\u00e1no\u010dn\u00ed tematikou od prvn\u00edho pra\u017esk\u00e9ho archiv\u00e1\u0159e, b\u00e1sn\u00edka a historika (7. 11. 1811, &#8224; 21. 11. 1870). A jenom mal\u00e1 p\u0159ipom\u00ednka: film \u010dten\u00e1\u0159sk\u00fd z\u00e1\u017eitek nenahrad\u00ed.<\/p>\n<p>\n<b>\u0160t\u011bdr\u00fd den.<\/b><\/p>\n<p>I.<br \/>\nTma jako v hrob\u011b, mr\u00e1z v okna duje,<br \/>\nv sv\u011btnici teplo u kamen;<br \/>\nv krbu se sv\u00edt\u00ed, star\u00e1 pod\u0159imuje,<br \/>\nd\u011bv\u010data p\u0159edou m\u011bkk\u00fd len.<\/p>\n<p>&#8222;To\u010d se a vr\u010d, m\u016fj kolovr\u00e1tku!<br \/>\nejhle adventu ji\u017e na kr\u00e1tku,<br \/>\na bl\u00edzko, blizou\u010dko \u0161t\u011bdr\u00fd den!&#8220;<\/p>\n<p>M\u00edlo-t\u011b d\u011bv\u010deti p\u0159\u00edsti, m\u00edlo<br \/>\nza smutn\u00fdch zimn\u00edch ve\u010der\u016f;<br \/>\nneb nebude darmo jej\u00ed d\u00edlo,<br \/>\ntu pevnou chov\u00e1 d\u016fv\u011bru.<\/p>\n<p>I p\u0159ijde ml\u00e1denec za pilnou pannou,<br \/>\n\u0159ekne: ,Poj\u010f za mne, d\u00edvko m\u00e1!<br \/>\nbudi\u017e ty mi \u017eenkou milovanou,<br \/>\nv\u011brn\u00fdm ti mu\u017eem budu j\u00e1.<\/p>\n<p>J\u00e1 tob\u011b mu\u017eem, ty mn\u011b \u017eenkou,<br \/>\ndej ruku, d\u011bv\u010de rozmil\u00e9!&#8216; &#8211;<br \/>\nA d\u00edvka, co p\u0159edla p\u0159\u00edzi tenkou,<br \/>\nsvatebn\u00ed \u0161ije ko\u0161ile.<\/p>\n<p>&#8222;To\u010d se a vr\u010d, m\u016fj kolovr\u00e1tku!<br \/>\nv\u0161ak jest adventu ji\u017e na kr\u00e1tku,<br \/>\na p\u0159ede dve\u0159mi \u0161t\u011bdr\u00fd den!&#8220;\n<\/p>\n<p><!--more--><\/p>\n<p>II.<br \/>\nHoj, ty \u0161t\u011bdr\u00fd ve\u010dere,<br \/>\nty tajemn\u00fd sv\u00e1tku!<br \/>\nco\u017ee komu dobr\u00e9ho<br \/>\nnese\u0161 na pam\u00e1tku?<\/p>\n<p>Hospod\u00e1\u0159i \u0161t\u011bdrovku,<br \/>\nkrav\u00e1m po v\u00fdslu\u017ece,<br \/>\nkohoutovi \u010desneku,<br \/>\nhrachu jeho dru\u017ece.<\/p>\n<p>Ovocn\u00e9mu stromov\u00ed<br \/>\nod ve\u010de\u0159e kosti,<br \/>\na zlatou\u0161ky na st\u011bnu<br \/>\ntomu, kdo se post\u00ed.<\/p>\n<p>Hoj, j\u00e1 mlad\u00e1 d\u00edv\u010dina,<br \/>\nsrdce nezadan\u00e9:<br \/>\nmn\u011b na mysli jin\u00e9ho,<br \/>\njin\u00e9ho cos tane.<\/p>\n<p>Pod lesem, ach pod lesem,<br \/>\nna tom pansk\u00e9m stav\u011b,<br \/>\nstoj\u00ed vrby sta\u0159eny,<br \/>\nsn\u00edh na \u0161ed\u00e9 hlav\u011b.<\/p>\n<p>Jedna vrba hrbat\u00e1<br \/>\ntajn\u011b dol\u016f k\u00fdv\u00e1,<br \/>\nkde se modr\u00e9 jezero<br \/>\npod ledem ukr\u00fdv\u00e1.<\/p>\n<p>Tu pr\u00fd d\u00edvce v p\u016flnoci,<br \/>\np\u0159i lun\u011b pochodni,<br \/>\nsouzen\u00fd se zjev\u00ed hoch<br \/>\nve hladin\u011b vodn\u00ed.<\/p>\n<p>Hoj, mne p\u016flnoc nelek\u00e1,<br \/>\nani lich\u00e9 V\u011bdy:<br \/>\np\u016fjdu, vezmu sekeru,<br \/>\nprosek\u00e1m ty ledy.<\/p>\n<p>I nahlednu v jezero<br \/>\nhluboko &#8211; hluboko,<br \/>\nmil\u00e9mu se pod\u00edv\u00e1m<br \/>\npevn\u011b okem v oko.<\/p>\n<p>III.<br \/>\nMarie, Hana, dv\u011b jmena mil\u00e1,<br \/>\npanny jak jarn\u00ed r\u016f\u017ee kv\u011bt;<br \/>\nkter\u00e1 by z obou milej\u0161\u00ed byla,<br \/>\nnikdo nem\u016f\u017ee rozum\u011bt.<\/p>\n<p>Jestli\u017ee jedna promluv\u00ed k hochu,<br \/>\ndo ohn\u011b by j\u00ed k v\u016fli \u0161el;<br \/>\npakli se druh\u00e1 usm\u011bje trochu &#8211;<br \/>\nna prvn\u00ed zas by zapomn\u011bl! &#8211;<\/p>\n<p>Nastala p\u016flnoc. Po nebi \u0161\u00ed\u0159e<br \/>\nsbor vysypal se hv\u011bzdi\u010dek,<br \/>\njako ove\u010dky okolo past\u00fd\u0159e,<br \/>\na past\u00fd\u0159 jasn\u00fd m\u011bs\u00ed\u010dek.<\/p>\n<p>Nastala p\u016flnoc, v\u0161ech noc\u00ed m\u00e1ti,<br \/>\np\u016flnoc po \u0161t\u011bdr\u00e9m ve\u010deru;<br \/>\nna mlad\u00e9m sn\u011bhu sv\u011b\u017e\u00ed stopu zn\u00e1ti<br \/>\node vsi p\u0159\u00edmo k jezeru.<\/p>\n<p>Ta jedna kle\u010d\u00ed, nad vodou l\u00ed\u010dko;<br \/>\nta druh\u00e1 stoj\u00ed podle n\u00ed:<br \/>\n&#8222;Hano, Hani\u010dko, zlat\u00e9 srd\u00ed\u010dko!<br \/>\njak\u00e9 tam vid\u00ed\u0161 vid\u011bn\u00ed?&#8220;<\/p>\n<p>&#8222;&#8222;Ach vid\u00edm domek &#8211; ale jen v \u0161e\u0159e &#8211;<br \/>\njako co V\u00e1clav ost\u00e1v\u00e1 &#8211;<br \/>\nv\u0161ak ji\u017e se jasn\u00ed &#8211; ach, vid\u00edm dv\u00e9\u0159e,<br \/>\nve dve\u0159\u00edch mu\u017esk\u00e1 postava!<\/p>\n<p>Na t\u011ble kab\u00e1t zeleni temn\u00e9,<br \/>\nklobouk na stranu &#8211; zn\u00e1m jej, zn\u00e1m,<br \/>\nna n\u011bm ta kytka, co dostal ode mne &#8211;<br \/>\nm\u016fj mil\u00fd bo\u017ee! V\u00e1clav s\u00e1m!!&#8220;&#8220;<\/p>\n<p>Na nohy sko\u010d\u00ed, srdce j\u00ed bije;<br \/>\ndruh\u00e1 p\u0159iklek\u00e1 vedle n\u00ed:<br \/>\n&#8222;&#8222;Zda\u0159 b\u016fh, m\u00e1 mil\u00e1, zlat\u00e1 Marie!<br \/>\njak\u00e9 ty vid\u00ed\u0161 vid\u011bn\u00ed?&#8220;&#8220;<\/p>\n<p>&#8222;Ach vid\u00edm, vid\u00edm &#8211; je mlhy mnoho,<br \/>\nv\u0161ecko je mlhou zatm\u011bl\u00e9;<br \/>\n\u010derven\u00e1 sv\u011btla bl\u00fdskaj\u00ed z toho &#8211;<br \/>\nzd\u00e1 mi se b\u00fdti v kostele.<\/p>\n<p>N\u011bco se \u010dern\u00e1 mezi b\u00edl\u00fdmi &#8211;<br \/>\nv\u0161ak mi se rozedn\u00edv\u00e1 ji\u017e:<br \/>\njsou to dru\u017ei\u010dky, a mezi nimi &#8211;<br \/>\npro boha! rakev &#8211; \u010dern\u00fd k\u0159\u00ed\u017e!&#8220;<\/p>\n<p>IV.<br \/>\nVla\u017en\u00fd v\u011bt\u0159\u00edk la\u0161kuje<br \/>\npo osen\u00ed mlad\u00e9m,<br \/>\nsad i pole kv\u011btov\u00fdm<br \/>\np\u0159iod\u011bny vnadem;<br \/>\nzavzn\u011bla hudba od kostela z r\u00e1na,<br \/>\na za n\u00ed hejsa! kv\u00edt\u00edm osyp\u00e1na<br \/>\njede svatba \u0159adem.<\/p>\n<p>\u0160v\u00e1rn\u00fd \u017eenich jako kv\u011bt<br \/>\nv kole svateb\u010dan\u016f,<br \/>\nkab\u00e1t tmav\u011b zelen\u00fd,<br \/>\nklobouk v jednu stranu:<br \/>\ntak vid\u011bla jej v osudn\u00e9 t\u00e9 dob\u011b,<br \/>\ntak si ji nyn\u00ed dom\u016f vede k sob\u011b,<br \/>\n\u0161v\u00e1rnou \u017eenku Hanu. &#8211; &#8211;<\/p>\n<p>Za\u0161lo l\u00e9to. P\u0159es pole<br \/>\nchladn\u00e9 v\u011btry v\u011bj\u00ed.<br \/>\nZvon\u00ed hrana, na mar\u00e1ch<br \/>\nt\u011blo vyn\u00e1\u0161ej\u00ed;<br \/>\nb\u00edl\u00e9 dru\u017ei\u010dky, planouc\u00ed sv\u00edce,<br \/>\npl\u00e1\u010d, b\u011bdov\u00e1n\u00ed, trouby hlahol\u00edce<br \/>\nz hlubokosti zn\u011bj\u00ed:<br \/>\nMiserere mei!<\/p>\n<p>Koho v\u011bnec zelen\u00fd,<br \/>\nkoho v rakvi kryje?<br \/>\nUm\u0159ela, ach um\u0159ela<br \/>\npanensk\u00e1 lilie!<br \/>\nVykv\u011btla, jak by zal\u00edv\u00e1na rosou,<br \/>\nuvadla, jak by podse\u010dena kosou &#8211;<br \/>\nuboh\u00e1 Marie!<\/p>\n<p>V.<br \/>\nNastala zima, mr\u00e1z v okna duje,<br \/>\nv sv\u011btnici teplo u kamen;<br \/>\nv krbu se sv\u00edt\u00ed, star\u00e1 polehuje,<br \/>\nd\u011bv\u010data zase p\u0159edou len.<\/p>\n<p>&#8222;To\u010d se a vr\u010d, m\u016fj kolovr\u00e1tku!<br \/>\nv\u0161ak jest adventu zase na kr\u00e1tku,<br \/>\na nedaleko \u0161t\u011bdr\u00fd den!<\/p>\n<p>Ach ty \u0161t\u011bdr\u00fd ve\u010dere<br \/>\nnoci divoplodn\u00e9!<br \/>\nkdy\u017e si na t\u011b zpomenu,<br \/>\nk srdci mne to bodne!<\/p>\n<p>Sed\u011bly jsme tak\u00e9 tak<br \/>\nloni pohromad\u011b:<br \/>\na ne\u017e rok se obr\u00e1til,<br \/>\ndv\u011b n\u00e1m chyb\u00ed v \u0159ad\u011b!<\/p>\n<p>Jedna, hlavu zavitou,<br \/>\nko\u0161ili\u010dky \u0161ije;<br \/>\ndruh\u00e1 ji\u017e t\u0159i m\u011bs\u00edce<br \/>\nv \u010dern\u00e9 zemi hnije,<br \/>\nuboh\u00e1 Marie!<\/p>\n<p>Sed\u011bly jsme tak\u00e9 tak<br \/>\njako dnes a v\u010dera:<br \/>\na ne\u017e rok se obr\u00e1t\u00ed &#8211;<br \/>\nkde z n\u00e1s bude kter\u00e1?<\/p>\n<p>To\u010d se a vr\u010d, m\u016fj kolovr\u00e1tku!<br \/>\nv\u0161ecko\u0165 ve sv\u011bt\u011b jen na obr\u00e1tku,<br \/>\na \u017eivot lidsk\u00fd jako sen!<\/p>\n<p>V\u0161ak l\u00e9pe v myln\u00e9 nad\u011bji sn\u00edti,<br \/>\np\u0159ed sebou \u010dirou temnotu,<br \/>\nne\u017eli budoucnost odhaliti,<br \/>\nstra\u0161livou poznati jistotu!&#8220;<\/p>\n","protected":false},"excerpt":{"rendered":"<p>N\u011bkter\u00fdm z v\u00e1s na str\u00e1nk\u00e1ch chyb\u011bla poezie, kter\u00e1 se tu vyskytovala ve dvou cyklech. Je\u0161t\u011b nev\u00edm, zda je o\u017eiv\u00edm, ale pro tentokr\u00e1t je zde klasika s v\u00e1no\u010dn\u00ed tematikou od prvn\u00edho pra\u017esk\u00e9ho archiv\u00e1\u0159e, b\u00e1sn\u00edka a historika (7. 11. 1811, &#8224; 21. 11. 1870). A jenom mal\u00e1 p\u0159ipom\u00ednka: film \u010dten\u00e1\u0159sk\u00fd z\u00e1\u017eitek nenahrad\u00ed. \u0160t\u011bdr\u00fd den. I. Tma jako [&hellip;]<\/p>\n","protected":false},"author":1,"featured_media":0,"comment_status":"open","ping_status":"open","sticky":false,"template":"","format":"standard","meta":{"site-sidebar-layout":"default","site-content-layout":"","ast-site-content-layout":"default","site-content-style":"default","site-sidebar-style":"default","ast-global-header-display":"","ast-banner-title-visibility":"","ast-main-header-display":"","ast-hfb-above-header-display":"","ast-hfb-below-header-display":"","ast-hfb-mobile-header-display":"","site-post-title":"","ast-breadcrumbs-content":"","ast-featured-img":"","footer-sml-layout":"","ast-disable-related-posts":"","theme-transparent-header-meta":"","adv-header-id-meta":"","stick-header-meta":"","header-above-stick-meta":"","header-main-stick-meta":"","header-below-stick-meta":"","astra-migrate-meta-layouts":"default","ast-page-background-enabled":"default","ast-page-background-meta":{"desktop":{"background-color":"var(--ast-global-color-5)","background-image":"","background-repeat":"repeat","background-position":"center center","background-size":"auto","background-attachment":"scroll","background-type":"","background-media":"","overlay-type":"","overlay-color":"","overlay-opacity":"","overlay-gradient":""},"tablet":{"background-color":"","background-image":"","background-repeat":"repeat","background-position":"center center","background-size":"auto","background-attachment":"scroll","background-type":"","background-media":"","overlay-type":"","overlay-color":"","overlay-opacity":"","overlay-gradient":""},"mobile":{"background-color":"","background-image":"","background-repeat":"repeat","background-position":"center center","background-size":"auto","background-attachment":"scroll","background-type":"","background-media":"","overlay-type":"","overlay-color":"","overlay-opacity":"","overlay-gradient":""}},"ast-content-background-meta":{"desktop":{"background-color":"var(--ast-global-color-4)","background-image":"","background-repeat":"repeat","background-position":"center center","background-size":"auto","background-attachment":"scroll","background-type":"","background-media":"","overlay-type":"","overlay-color":"","overlay-opacity":"","overlay-gradient":""},"tablet":{"background-color":"var(--ast-global-color-4)","background-image":"","background-repeat":"repeat","background-position":"center center","background-size":"auto","background-attachment":"scroll","background-type":"","background-media":"","overlay-type":"","overlay-color":"","overlay-opacity":"","overlay-gradient":""},"mobile":{"background-color":"var(--ast-global-color-4)","background-image":"","background-repeat":"repeat","background-position":"center center","background-size":"auto","background-attachment":"scroll","background-type":"","background-media":"","overlay-type":"","overlay-color":"","overlay-opacity":"","overlay-gradient":""}},"jetpack_post_was_ever_published":false,"_jetpack_newsletter_access":"","_jetpack_dont_email_post_to_subs":false,"_jetpack_newsletter_tier_id":0,"_jetpack_memberships_contains_paywalled_content":false,"_jetpack_memberships_contains_paid_content":false,"footnotes":""},"categories":[8],"tags":[],"class_list":["post-638","post","type-post","status-publish","format-standard","hentry","category-stari-dobri"],"jetpack_featured_media_url":"","jetpack_shortlink":"https:\/\/wp.me\/p4mLP7-ai","jetpack-related-posts":[{"id":1199,"url":"https:\/\/kotrla.com\/pmpro\/2003\/10\/stari-dobri-josef-hanzlik-viii\/","url_meta":{"origin":638,"position":0},"title":"STA\u0158\u00cd DOB\u0158\u00cd:&nbsp; Josef Hanzl\u00edk (VIII.)","author":"Pavel Kotrla","date":"12.10.2003","format":false,"excerpt":"\u0160edes\u00e1t\u00e1 l\u00e9ta minul\u00e9ho stolet\u00ed p\u0159inesla \u010desk\u00e9 literatu\u0159e n\u011bkolik p\u0159ekvapen\u00ed. Sv\u00e9ho \u010dasu se mezi n\u011b po\u010d\u00edtala i sb\u00edrka Lampa Josefa Hanzl\u00edka. Smutn\u00e1 b\u00e1se\u0148 pro Lenku Jsem smutn\u00fd, Lenko, a opravdu nev\u00edm, co bych ti dal, lid\u00e9 mi \u0159\u00edkaj\u00ed pane, vy jste smutn\u00fd p\u00e1n - a usm\u00edv\u00e1m se taky docela smutn\u011b. Tak\u2026","rel":"","context":"V \u201eSta\u0159\u00ed dob\u0159\u00ed\u201c","block_context":{"text":"Sta\u0159\u00ed dob\u0159\u00ed","link":"https:\/\/kotrla.com\/pmpro\/category\/stari-dobri\/"},"img":{"alt_text":"","src":"","width":0,"height":0},"classes":[]},{"id":985,"url":"https:\/\/kotrla.com\/pmpro\/2004\/06\/stari-dobri-pavel-javor-xxxxii\/","url_meta":{"origin":638,"position":1},"title":"STA\u0158\u00cd DOB\u0158\u00cd: Pavel Javor (XXXXII.)","author":"Pavel Kotrla","date":"13.6.2004","format":false,"excerpt":"Vlastn\u00edm jm\u00e9nem Ji\u0159\u00ed \u0160kvor (1916 - 1981), zna\u010dnou \u010d\u00e1st \u017eivota str\u00e1vil v emigraci. Monolog mo\u0159e Zde kon\u010d\u00ed ka\u017ed\u00e1 nen\u00e1vist, zde kon\u010d\u00ed ka\u017ed\u00fd c\u00edl - J\u00e1 o tv\u00fdch cest\u00e1ch dob\u0159e v\u00edm. V\u00edm, \u017ee jsi zabloudil! Jsem v\u0161evidouc\u00ed, proto v\u00edm, \u017ee jsi dal i svou krev. Jsou l\u00e1sky, kter\u00e9 padaj\u00ed jak hroudy\u2026","rel":"","context":"V \u201eSta\u0159\u00ed dob\u0159\u00ed\u201c","block_context":{"text":"Sta\u0159\u00ed dob\u0159\u00ed","link":"https:\/\/kotrla.com\/pmpro\/category\/stari-dobri\/"},"img":{"alt_text":"","src":"","width":0,"height":0},"classes":[]},{"id":1096,"url":"https:\/\/kotrla.com\/pmpro\/2004\/01\/stari-dobri-neznamy-korejsky-mistr-xxiii\/","url_meta":{"origin":638,"position":2},"title":"STA\u0158\u00cd DOB\u0158\u00cd: Nezn\u00e1m\u00fd korejsk\u00fd mistr (XXIII.)","author":"Pavel Kotrla","date":"25.1.2004","format":false,"excerpt":"V\u00edm p\u0159inejmen\u0161\u00edm je\u0161t\u011b o jednom milovn\u00edku star\u00e9 korejsk\u00e9 poezie (MJ). V\u00fdbor Chrysant\u00e9my, kter\u00fd p\u0159elo\u017eil Old\u0159ich Vyhl\u00eddal pat\u0159\u00ed k tomu nejlep\u0161\u00edmu z d\u011bdictv\u00ed sv\u011btov\u00e9 poezie. Ver\u0161e jsou ps\u00e1ny ve form\u011b sid\u017eo, v korejsk\u00e9m trojver\u0161\u00ed, kter\u00e9 se do \u010de\u0161tiny p\u0159ev\u00e1d\u00ed jako \u0161estiver\u0161\u00ed. *** Vypil jsem\u2026 ach, nev\u00edm kolik v\u00edna, \u0161el a usnul\u2026","rel":"","context":"V \u201eSta\u0159\u00ed dob\u0159\u00ed\u201c","block_context":{"text":"Sta\u0159\u00ed dob\u0159\u00ed","link":"https:\/\/kotrla.com\/pmpro\/category\/stari-dobri\/"},"img":{"alt_text":"","src":"","width":0,"height":0},"classes":[]},{"id":1117,"url":"https:\/\/kotrla.com\/pmpro\/2004\/01\/stari-dobri-jorge-luis-borges-xx\/","url_meta":{"origin":638,"position":3},"title":"STA\u0158\u00cd DOB\u0158\u00cd: Jorge Luis Borges (XX.)","author":"Pavel Kotrla","date":"4.1.2004","format":false,"excerpt":"Tak u tohoto autora mne mrz\u00ed, \u017ee nevlastn\u00edm \u017e\u00e1dnou knihu jeho poezie. Nikde jsem na ni nenarazil a ani nev\u00edm, zda v\u016fbec \u010desky vy\u0161la. V\u00edm ale, \u017ee jeho b\u00e1sn\u011b a eseje vych\u00e1zely ve Sv\u011btov\u00e9 literatu\u0159e. CHV\u00c1ST\u00c1N\u00cd TICHA Sv\u011bteln\u00e9 p\u00edsmo \u00fato\u010d\u00ed na st\u00edn, z\u00e1zra\u010dn\u011bj\u0161\u00ed ne\u017eli meteory. Vysok\u00e9, nerozeznateln\u00e9 m\u011bsto se zv\u011bt\u0161uje\u2026","rel":"","context":"V \u201eSta\u0159\u00ed dob\u0159\u00ed\u201c","block_context":{"text":"Sta\u0159\u00ed dob\u0159\u00ed","link":"https:\/\/kotrla.com\/pmpro\/category\/stari-dobri\/"},"img":{"alt_text":"","src":"","width":0,"height":0},"classes":[]},{"id":1015,"url":"https:\/\/kotrla.com\/pmpro\/2004\/05\/stari-dobri-alexandr-blok-xxxvi\/","url_meta":{"origin":638,"position":4},"title":"STA\u0158\u00cd DOB\u0158\u00cd: Alexandr Blok (XXXVI.)","author":"Pavel Kotrla","date":"2.5.2004","format":false,"excerpt":"St\u00edn Alexandra Bloka bloudil mezi n\u00e1mi\u2026 Jak divn\u00e9, \u017ee tomuto prastar\u00e9mu \u010dlov\u011bku a v\u011b\u010dn\u00e9mu hleda\u010di, kdy\u017e zem\u0159el, bylo jen \u010dty\u0159icet jedna let Franti\u0161ek Halas (*1880 - \u20201921) ST\u00cdN My dva jsme chod\u00edvali kamsi tam \u2013 po m\u011bstech \u2013 v oknech bled\u00ed lid\u00e9 byli. J\u00e1 kr\u00e1\u010del vp\u0159edu, za mnou on, on\u2026","rel":"","context":"V \u201eSta\u0159\u00ed dob\u0159\u00ed\u201c","block_context":{"text":"Sta\u0159\u00ed dob\u0159\u00ed","link":"https:\/\/kotrla.com\/pmpro\/category\/stari-dobri\/"},"img":{"alt_text":"","src":"","width":0,"height":0},"classes":[]},{"id":1252,"url":"https:\/\/kotrla.com\/pmpro\/2003\/08\/stari-dobri-aloysius-bertrand-iii\/","url_meta":{"origin":638,"position":5},"title":"STA\u0158\u00cd DOB\u0158\u00cd: Aloysius Bertrand (III.)","author":"Pavel Kotrla","date":"23.8.2003","format":false,"excerpt":"SCARBO \u201eA\u017e zem\u0159e\u0161, dostav rozh\u0159e\u0161en\u00ed nebo proklet,\u201c \u0161eptal mi dnes v noci Scarbo do ucha, \u201ebude\u0161 m\u00edt rub\u00e1\u0161 z pavu\u010diny, ba poh\u0159b\u00edm s tebou pavouka.\u201c \u201eAch, nech\u0165 m\u00e1m alespo\u0148 m\u00edsto rub\u00e1\u0161e list osiky, v n\u011bm\u017e m\u011b bude kol\u00e9bat v\u00e1nek z jezera,\u201c odpov\u011bd\u011bl jsem mu s o\u010dima rud\u00fdma, nebo\u0165 jsem tolik\u2026","rel":"","context":"V \u201eSta\u0159\u00ed dob\u0159\u00ed\u201c","block_context":{"text":"Sta\u0159\u00ed dob\u0159\u00ed","link":"https:\/\/kotrla.com\/pmpro\/category\/stari-dobri\/"},"img":{"alt_text":"","src":"","width":0,"height":0},"classes":[]}],"jetpack_sharing_enabled":true,"_links":{"self":[{"href":"https:\/\/kotrla.com\/pmpro\/wp-json\/wp\/v2\/posts\/638","targetHints":{"allow":["GET"]}}],"collection":[{"href":"https:\/\/kotrla.com\/pmpro\/wp-json\/wp\/v2\/posts"}],"about":[{"href":"https:\/\/kotrla.com\/pmpro\/wp-json\/wp\/v2\/types\/post"}],"author":[{"embeddable":true,"href":"https:\/\/kotrla.com\/pmpro\/wp-json\/wp\/v2\/users\/1"}],"replies":[{"embeddable":true,"href":"https:\/\/kotrla.com\/pmpro\/wp-json\/wp\/v2\/comments?post=638"}],"version-history":[{"count":0,"href":"https:\/\/kotrla.com\/pmpro\/wp-json\/wp\/v2\/posts\/638\/revisions"}],"wp:attachment":[{"href":"https:\/\/kotrla.com\/pmpro\/wp-json\/wp\/v2\/media?parent=638"}],"wp:term":[{"taxonomy":"category","embeddable":true,"href":"https:\/\/kotrla.com\/pmpro\/wp-json\/wp\/v2\/categories?post=638"},{"taxonomy":"post_tag","embeddable":true,"href":"https:\/\/kotrla.com\/pmpro\/wp-json\/wp\/v2\/tags?post=638"}],"curies":[{"name":"wp","href":"https:\/\/api.w.org\/{rel}","templated":true}]}}