{"id":644,"date":"2005-12-14T21:24:01","date_gmt":"2005-12-14T20:24:01","guid":{"rendered":"http:\/\/kotrla.com\/wordpress\/?p=644"},"modified":"2019-11-20T22:33:19","modified_gmt":"2019-11-20T21:33:19","slug":"tip-ke-stazeni","status":"publish","type":"post","link":"https:\/\/kotrla.com\/pmpro\/2005\/12\/tip-ke-stazeni\/","title":{"rendered":"Tip ke sta\u017een\u00ed"},"content":{"rendered":"<p>Trocha pov\u00edd\u00e1n\u00ed o poezii nikdy neu\u0161kod\u00ed. \ud83d\ude42<br \/>\n<a href=\"http:\/\/etspraha.cz\/zivot\/abs-prace\/jsramkova\">Jana \u0160r\u00e1mkov\u00e1 &#8211; Paralelismus v hebrejsk\u00e9 poezii: klasifikace a interpretace (pdf, 435 K)<\/a><\/p>\n","protected":false},"excerpt":{"rendered":"<p>Trocha pov\u00edd\u00e1n\u00ed o poezii nikdy neu\u0161kod\u00ed. \ud83d\ude42 Jana \u0160r\u00e1mkov\u00e1 &#8211; Paralelismus v hebrejsk\u00e9 poezii: klasifikace a interpretace (pdf, 435 K)<\/p>\n","protected":false},"author":1,"featured_media":0,"comment_status":"open","ping_status":"open","sticky":false,"template":"","format":"standard","meta":{"site-sidebar-layout":"default","site-content-layout":"","ast-site-content-layout":"default","site-content-style":"default","site-sidebar-style":"default","ast-global-header-display":"","ast-banner-title-visibility":"","ast-main-header-display":"","ast-hfb-above-header-display":"","ast-hfb-below-header-display":"","ast-hfb-mobile-header-display":"","site-post-title":"","ast-breadcrumbs-content":"","ast-featured-img":"","footer-sml-layout":"","ast-disable-related-posts":"","theme-transparent-header-meta":"","adv-header-id-meta":"","stick-header-meta":"","header-above-stick-meta":"","header-main-stick-meta":"","header-below-stick-meta":"","astra-migrate-meta-layouts":"default","ast-page-background-enabled":"default","ast-page-background-meta":{"desktop":{"background-color":"var(--ast-global-color-5)","background-image":"","background-repeat":"repeat","background-position":"center center","background-size":"auto","background-attachment":"scroll","background-type":"","background-media":"","overlay-type":"","overlay-color":"","overlay-opacity":"","overlay-gradient":""},"tablet":{"background-color":"","background-image":"","background-repeat":"repeat","background-position":"center center","background-size":"auto","background-attachment":"scroll","background-type":"","background-media":"","overlay-type":"","overlay-color":"","overlay-opacity":"","overlay-gradient":""},"mobile":{"background-color":"","background-image":"","background-repeat":"repeat","background-position":"center center","background-size":"auto","background-attachment":"scroll","background-type":"","background-media":"","overlay-type":"","overlay-color":"","overlay-opacity":"","overlay-gradient":""}},"ast-content-background-meta":{"desktop":{"background-color":"var(--ast-global-color-4)","background-image":"","background-repeat":"repeat","background-position":"center center","background-size":"auto","background-attachment":"scroll","background-type":"","background-media":"","overlay-type":"","overlay-color":"","overlay-opacity":"","overlay-gradient":""},"tablet":{"background-color":"var(--ast-global-color-4)","background-image":"","background-repeat":"repeat","background-position":"center center","background-size":"auto","background-attachment":"scroll","background-type":"","background-media":"","overlay-type":"","overlay-color":"","overlay-opacity":"","overlay-gradient":""},"mobile":{"background-color":"var(--ast-global-color-4)","background-image":"","background-repeat":"repeat","background-position":"center center","background-size":"auto","background-attachment":"scroll","background-type":"","background-media":"","overlay-type":"","overlay-color":"","overlay-opacity":"","overlay-gradient":""}},"jetpack_post_was_ever_published":false,"_jetpack_newsletter_access":"","_jetpack_dont_email_post_to_subs":false,"_jetpack_newsletter_tier_id":0,"_jetpack_memberships_contains_paywalled_content":false,"_jetpack_memberships_contains_paid_content":false,"footnotes":""},"categories":[2],"tags":[],"class_list":["post-644","post","type-post","status-publish","format-standard","hentry","category-literatura"],"jetpack_featured_media_url":"","jetpack_shortlink":"https:\/\/wp.me\/p4mLP7-ao","jetpack-related-posts":[{"id":13652,"url":"https:\/\/kotrla.com\/pmpro\/2025\/11\/ostravske-uvedeni-sbirky-petra-ligockeho\/","url_meta":{"origin":644,"position":0},"title":"Ostravsk\u00e9 uveden\u00ed sb\u00edrky Petra Ligock\u00e9ho","author":"Pavel Kotrla","date":"28.11.2025","format":false,"excerpt":"Pr\u016f\u0159ez v\u010derej\u0161\u00edm uveden\u00edm b\u00e1snick\u00e9 sb\u00edrky Petra Ligock\u00e9ho P\u0159edt\u00edm ne\u017e se setm\u00ed (Klenov 2025) v r\u00e1mci ve\u010dera Jak m\u00e1lo sta\u010d\u00ed k poezii? v ostravsk\u00e9 Fiducii. P\u0159\u00ed\u0161t\u00ed sobotu pak na Vset\u00edn\u011b!","rel":"","context":"V \u201eKnihy\u201c","block_context":{"text":"Knihy","link":"https:\/\/kotrla.com\/pmpro\/category\/knihy\/"},"img":{"alt_text":"","src":"https:\/\/i0.wp.com\/kotrla.com\/pmpro\/wp-content\/uploads\/2025\/11\/fiducia_IMGP1143-150x150.jpg?resize=350%2C200&ssl=1","width":350,"height":200,"srcset":"https:\/\/i0.wp.com\/kotrla.com\/pmpro\/wp-content\/uploads\/2025\/11\/fiducia_IMGP1143-150x150.jpg?resize=350%2C200&ssl=1 1x, https:\/\/i0.wp.com\/kotrla.com\/pmpro\/wp-content\/uploads\/2025\/11\/fiducia_IMGP1143-150x150.jpg?resize=525%2C300&ssl=1 1.5x, https:\/\/i0.wp.com\/kotrla.com\/pmpro\/wp-content\/uploads\/2025\/11\/fiducia_IMGP1143-150x150.jpg?resize=700%2C400&ssl=1 2x, https:\/\/i0.wp.com\/kotrla.com\/pmpro\/wp-content\/uploads\/2025\/11\/fiducia_IMGP1143-150x150.jpg?resize=1050%2C600&ssl=1 3x, https:\/\/i0.wp.com\/kotrla.com\/pmpro\/wp-content\/uploads\/2025\/11\/fiducia_IMGP1143-150x150.jpg?resize=1400%2C800&ssl=1 4x"},"classes":[]},{"id":1353,"url":"https:\/\/kotrla.com\/pmpro\/2003\/05\/wernisch-wernisch\/","url_meta":{"origin":644,"position":1},"title":"Wernisch, Wernisch&#8230;","author":"Pavel Kotrla","date":"7.5.2003","format":false,"excerpt":"Tak jsem se kone\u010dn\u011b stal \u0161\u0165astn\u00fdm vlastn\u00edkem Blbeck\u00e9 poezie Ivana Wernische. Svazek je to \u00factyhodn\u011b rozs\u00e1hl\u00fd a shrnuje autorovu poezii ze sedmdes\u00e1t\u00fdch a osmdes\u00e1t\u00fdch let, tedy z obdob\u00ed, kdy nemohl ofici\u00e1ln\u011b publikovat. Pravda, kniha to nen\u00ed nejlevn\u011bj\u0161\u00ed (cca 630,- K\u010d), ale asi by nem\u011bla chyb\u011bt v knihovni\u010dce. P\u0159inejmen\u0161\u00edm toho, kdo\u2026","rel":"","context":"V \u201eNeza\u0159azen\u00e9\u201c","block_context":{"text":"Neza\u0159azen\u00e9","link":"https:\/\/kotrla.com\/pmpro\/category\/nezarazene\/"},"img":{"alt_text":"","src":"","width":0,"height":0},"classes":[]},{"id":69,"url":"https:\/\/kotrla.com\/pmpro\/2012\/12\/misto-pro-experiment\/","url_meta":{"origin":644,"position":2},"title":"M\u00edsto pro experiment","author":"Pavel Kotrla","date":"2.12.2012","format":false,"excerpt":"ps\u00e1no pro Host 02\/2012 \u010cesk\u00e1 liter\u00e1rn\u00ed sc\u00e9na \u010dasopisy v\u011bnovan\u00e9 p\u0159ev\u00e1\u017en\u011b poezii skute\u010dn\u011b nepostr\u00e1d\u00e1. Je zde Ps\u00ed v\u00edno, kter\u00e9 m\u00e1 st\u00e1le podtitul \u201e\u010casopis pro sou\u010dasnou poezii\u201c, by\u0165 za dobu sv\u00e9 existence prod\u011blalo v\u00edce prom\u011bn. Z internetov\u00fdch projekt\u016f je zde minim\u00e1ln\u011b Divok\u00e9 v\u00edno. Vzpomene si je\u0161t\u011b n\u011bkdo na \u010dasopis Obratn\u00edk? \u010casopis, kter\u00fd\u2026","rel":"","context":"V \u201eInternet\u201c","block_context":{"text":"Internet","link":"https:\/\/kotrla.com\/pmpro\/category\/internet\/"},"img":{"alt_text":"image","src":"https:\/\/i0.wp.com\/kotrla.com\/pmpro\/images\/uploads\/kloaka.jpg?resize=350%2C200&ssl=1","width":350,"height":200},"classes":[]},{"id":1232,"url":"https:\/\/kotrla.com\/pmpro\/2003\/09\/a-je-tu-novy-tvar\/","url_meta":{"origin":644,"position":3},"title":"A je tu nov\u00fd Tvar","author":"Pavel Kotrla","date":"9.9.2003","format":false,"excerpt":"Doba pr\u00e1zdninov\u00e9ho p\u016fstu skon\u010dila a nov\u00e9 \u010d\u00edslo Tvaru (str\u00e1nky by to cht\u011blo tro\u0161ku zaktualizovat) le\u017eelo v\u010dera ve schr\u00e1nce. Rozhodn\u011b doporu\u010duji rozhovor v \u017eij\u00edc\u00ed legendou Egonem Bondym.\u00a0 Milan Charoust ve sv\u00e9m dopise zaslan\u00e9m redakci reaguje na Tvarem ned\u00e1vno zve\u0159ejn\u011bnou b\u00e1se\u0148 Ji\u0159\u00edho Kub\u011bny. A reakce je to opravdu r\u00e1zn\u00e1, skoro a\u017e dehonestuj\u00edc\u00ed.\u2026","rel":"","context":"V \u201eNeza\u0159azen\u00e9\u201c","block_context":{"text":"Neza\u0159azen\u00e9","link":"https:\/\/kotrla.com\/pmpro\/category\/nezarazene\/"},"img":{"alt_text":"","src":"","width":0,"height":0},"classes":[]},{"id":791,"url":"https:\/\/kotrla.com\/pmpro\/2005\/03\/svetovy-den-poezie\/","url_meta":{"origin":644,"position":4},"title":"Sv\u011btov\u00fd den poezie","author":"Pavel Kotrla","date":"21.3.2005","format":false,"excerpt":"Dne\u0161ek je zasv\u011bcen poezii. Podobnosti na Unesco.org","rel":"","context":"V \u201eLiteratura\u201c","block_context":{"text":"Literatura","link":"https:\/\/kotrla.com\/pmpro\/category\/literatura\/"},"img":{"alt_text":"","src":"","width":0,"height":0},"classes":[]},{"id":2496,"url":"https:\/\/kotrla.com\/pmpro\/2015\/08\/dekujeme-za-vase-basne-2015\/","url_meta":{"origin":644,"position":5},"title":"D\u011bkujeme za Va\u0161e b\u00e1sn\u011b! 2015","author":"Pavel Kotrla","date":"25.8.2015","format":false,"excerpt":"Str\u00e1nka akce, kter\u00e9 se tak\u00e9 z\u00fa\u010dastn\u00edm, na Facebooku: https:\/\/www.facebook.com\/dekujeme.za.vase.basne Tiskov\u00e1 zpr\u00e1va: Kratochv\u00edle p\u0159iv\u00edt\u00e1 p\u00e1t\u00fd ro\u010dn\u00edk setk\u00e1n\u00ed b\u00e1sn\u00edk\u016f D\u011bkujeme za Va\u0161e B\u00e1sn\u011b! Tak se jmenuje akce, kterou letos u\u017e pop\u00e1t\u00e9 p\u0159ipravili v Netolic\u00edch b\u00e1sn\u00edci Vojt\u011bch Ku\u010dera a Radek \u0160t\u011bp\u00e1nek a kter\u00e1 se uskute\u010dn\u00ed od 10. do 13. z\u00e1\u0159\u00ed. Je to mezin\u00e1rodn\u00ed\u2026","rel":"","context":"V \u201eLiteratura\u201c","block_context":{"text":"Literatura","link":"https:\/\/kotrla.com\/pmpro\/category\/literatura\/"},"img":{"alt_text":"D\u011bkujeme za Va\u0161e b\u00e1sn\u011b! 2015","src":"https:\/\/i0.wp.com\/kotrla.com\/pmpro\/wp-content\/uploads\/2015\/08\/dekujeme_za_vase_basne_2015.jpg?resize=350%2C200&ssl=1","width":350,"height":200,"srcset":"https:\/\/i0.wp.com\/kotrla.com\/pmpro\/wp-content\/uploads\/2015\/08\/dekujeme_za_vase_basne_2015.jpg?resize=350%2C200&ssl=1 1x, https:\/\/i0.wp.com\/kotrla.com\/pmpro\/wp-content\/uploads\/2015\/08\/dekujeme_za_vase_basne_2015.jpg?resize=525%2C300&ssl=1 1.5x, https:\/\/i0.wp.com\/kotrla.com\/pmpro\/wp-content\/uploads\/2015\/08\/dekujeme_za_vase_basne_2015.jpg?resize=700%2C400&ssl=1 2x, https:\/\/i0.wp.com\/kotrla.com\/pmpro\/wp-content\/uploads\/2015\/08\/dekujeme_za_vase_basne_2015.jpg?resize=1050%2C600&ssl=1 3x, https:\/\/i0.wp.com\/kotrla.com\/pmpro\/wp-content\/uploads\/2015\/08\/dekujeme_za_vase_basne_2015.jpg?resize=1400%2C800&ssl=1 4x"},"classes":[]}],"jetpack_sharing_enabled":true,"_links":{"self":[{"href":"https:\/\/kotrla.com\/pmpro\/wp-json\/wp\/v2\/posts\/644","targetHints":{"allow":["GET"]}}],"collection":[{"href":"https:\/\/kotrla.com\/pmpro\/wp-json\/wp\/v2\/posts"}],"about":[{"href":"https:\/\/kotrla.com\/pmpro\/wp-json\/wp\/v2\/types\/post"}],"author":[{"embeddable":true,"href":"https:\/\/kotrla.com\/pmpro\/wp-json\/wp\/v2\/users\/1"}],"replies":[{"embeddable":true,"href":"https:\/\/kotrla.com\/pmpro\/wp-json\/wp\/v2\/comments?post=644"}],"version-history":[{"count":0,"href":"https:\/\/kotrla.com\/pmpro\/wp-json\/wp\/v2\/posts\/644\/revisions"}],"wp:attachment":[{"href":"https:\/\/kotrla.com\/pmpro\/wp-json\/wp\/v2\/media?parent=644"}],"wp:term":[{"taxonomy":"category","embeddable":true,"href":"https:\/\/kotrla.com\/pmpro\/wp-json\/wp\/v2\/categories?post=644"},{"taxonomy":"post_tag","embeddable":true,"href":"https:\/\/kotrla.com\/pmpro\/wp-json\/wp\/v2\/tags?post=644"}],"curies":[{"name":"wp","href":"https:\/\/api.w.org\/{rel}","templated":true}]}}