{"id":646,"date":"2005-12-04T21:07:01","date_gmt":"2005-12-04T20:07:01","guid":{"rendered":"http:\/\/kotrla.com\/wordpress\/?p=646"},"modified":"2019-11-20T22:33:19","modified_gmt":"2019-11-20T21:33:19","slug":"prezili-jsme","status":"publish","type":"post","link":"https:\/\/kotrla.com\/pmpro\/2005\/12\/prezili-jsme\/","title":{"rendered":"P\u0159e\u017eili jsme"},"content":{"rendered":"<p><img loading=\"lazy\" decoding=\"async\" src=\"https:\/\/kotrla.com\/pmpro\/images\/uploads\/vecirek_10_foto_1.jpg\" border=\"0\" alt=\"10. ve\u010d\u00edrek Text\u016f\" name=\"10_vecirek\" width=\"420\" height=\"315\" \/><\/p>\n<p>Jako obvykle byla p\u0159\u00ednosn\u011bj\u0161\u00ed ta \u010d\u00e1st neliter\u00e1rn\u00ed \ud83d\ude09 No, v z\u00e1v\u011bru se to trochu rozjelo. Snad se mi poda\u0159\u00ed z nafocen\u00e9ho d\u00e1t dohromady obvyklou fotogalerii.<br \/>\nMuzika byla v\u00fdborn\u00e1, po del\u0161\u00ed dob\u011b se na ve\u010d\u00edrk\u016f <a href=\"http:\/\/casopis-texty.cz\/\">Text\u016f<\/a> tan\u010dilo a\u017e do zemdlen\u00ed.<\/p>\n","protected":false},"excerpt":{"rendered":"<p>Jako obvykle byla p\u0159\u00ednosn\u011bj\u0161\u00ed ta \u010d\u00e1st neliter\u00e1rn\u00ed \ud83d\ude09 No, v z\u00e1v\u011bru se to trochu rozjelo. Snad se mi poda\u0159\u00ed z nafocen\u00e9ho d\u00e1t dohromady obvyklou fotogalerii. Muzika byla v\u00fdborn\u00e1, po del\u0161\u00ed dob\u011b se na ve\u010d\u00edrk\u016f Text\u016f tan\u010dilo a\u017e do zemdlen\u00ed.<\/p>\n","protected":false},"author":1,"featured_media":0,"comment_status":"open","ping_status":"open","sticky":false,"template":"","format":"standard","meta":{"site-sidebar-layout":"default","site-content-layout":"","ast-site-content-layout":"default","site-content-style":"default","site-sidebar-style":"default","ast-global-header-display":"","ast-banner-title-visibility":"","ast-main-header-display":"","ast-hfb-above-header-display":"","ast-hfb-below-header-display":"","ast-hfb-mobile-header-display":"","site-post-title":"","ast-breadcrumbs-content":"","ast-featured-img":"","footer-sml-layout":"","ast-disable-related-posts":"","theme-transparent-header-meta":"","adv-header-id-meta":"","stick-header-meta":"","header-above-stick-meta":"","header-main-stick-meta":"","header-below-stick-meta":"","astra-migrate-meta-layouts":"default","ast-page-background-enabled":"default","ast-page-background-meta":{"desktop":{"background-color":"var(--ast-global-color-5)","background-image":"","background-repeat":"repeat","background-position":"center center","background-size":"auto","background-attachment":"scroll","background-type":"","background-media":"","overlay-type":"","overlay-color":"","overlay-opacity":"","overlay-gradient":""},"tablet":{"background-color":"","background-image":"","background-repeat":"repeat","background-position":"center center","background-size":"auto","background-attachment":"scroll","background-type":"","background-media":"","overlay-type":"","overlay-color":"","overlay-opacity":"","overlay-gradient":""},"mobile":{"background-color":"","background-image":"","background-repeat":"repeat","background-position":"center center","background-size":"auto","background-attachment":"scroll","background-type":"","background-media":"","overlay-type":"","overlay-color":"","overlay-opacity":"","overlay-gradient":""}},"ast-content-background-meta":{"desktop":{"background-color":"var(--ast-global-color-4)","background-image":"","background-repeat":"repeat","background-position":"center center","background-size":"auto","background-attachment":"scroll","background-type":"","background-media":"","overlay-type":"","overlay-color":"","overlay-opacity":"","overlay-gradient":""},"tablet":{"background-color":"var(--ast-global-color-4)","background-image":"","background-repeat":"repeat","background-position":"center center","background-size":"auto","background-attachment":"scroll","background-type":"","background-media":"","overlay-type":"","overlay-color":"","overlay-opacity":"","overlay-gradient":""},"mobile":{"background-color":"var(--ast-global-color-4)","background-image":"","background-repeat":"repeat","background-position":"center center","background-size":"auto","background-attachment":"scroll","background-type":"","background-media":"","overlay-type":"","overlay-color":"","overlay-opacity":"","overlay-gradient":""}},"jetpack_post_was_ever_published":false,"_jetpack_newsletter_access":"","_jetpack_dont_email_post_to_subs":false,"_jetpack_newsletter_tier_id":0,"_jetpack_memberships_contains_paywalled_content":false,"_jetpack_memberships_contains_paid_content":false,"footnotes":""},"categories":[2],"tags":[],"class_list":["post-646","post","type-post","status-publish","format-standard","hentry","category-literatura"],"jetpack_featured_media_url":"","jetpack_shortlink":"https:\/\/wp.me\/p4mLP7-aq","jetpack-related-posts":[{"id":12364,"url":"https:\/\/kotrla.com\/pmpro\/2024\/12\/byla-koleda-byla\/","url_meta":{"origin":646,"position":0},"title":"Byla koleda, byla&#8230;","author":"Pavel Kotrla","date":"30.12.2024","format":false,"excerpt":"V\u00fdlet do bibliofilsk\u00e9 poli\u010dky: Dol\u016f kopcem k Betlemu (1937) a Koleda z Lichnova (1942). Ob\u011b spojuje jm\u00e9no ilustr\u00e1tora Anton\u00edna Strnadla.","rel":"","context":"V \u201eBibliofilie\u201c","block_context":{"text":"Bibliofilie","link":"https:\/\/kotrla.com\/pmpro\/category\/bibliofilie\/"},"img":{"alt_text":"","src":"https:\/\/i0.wp.com\/kotrla.com\/pmpro\/wp-content\/uploads\/2024\/12\/koleda_z_lichnova.jpg?resize=350%2C200&ssl=1","width":350,"height":200,"srcset":"https:\/\/i0.wp.com\/kotrla.com\/pmpro\/wp-content\/uploads\/2024\/12\/koleda_z_lichnova.jpg?resize=350%2C200&ssl=1 1x, https:\/\/i0.wp.com\/kotrla.com\/pmpro\/wp-content\/uploads\/2024\/12\/koleda_z_lichnova.jpg?resize=525%2C300&ssl=1 1.5x, https:\/\/i0.wp.com\/kotrla.com\/pmpro\/wp-content\/uploads\/2024\/12\/koleda_z_lichnova.jpg?resize=700%2C400&ssl=1 2x, https:\/\/i0.wp.com\/kotrla.com\/pmpro\/wp-content\/uploads\/2024\/12\/koleda_z_lichnova.jpg?resize=1050%2C600&ssl=1 3x, https:\/\/i0.wp.com\/kotrla.com\/pmpro\/wp-content\/uploads\/2024\/12\/koleda_z_lichnova.jpg?resize=1400%2C800&ssl=1 4x"},"classes":[]},{"id":178,"url":"https:\/\/kotrla.com\/pmpro\/2010\/11\/zkratka-byla-delsi-zato-vsak-mene-schudna\/","url_meta":{"origin":646,"position":1},"title":"Zkratka byla del\u0161\u00ed, zato v\u0161ak m\u00e9n\u011b sch\u016fdn\u00e1","author":"Pavel Kotrla","date":"17.11.2010","format":false,"excerpt":"A pak ta mlha, tma a kopce. Vzpomn\u011bl jsem si star\u00e9ho mal\u00ed\u0159e H. a jeho vypr\u00e1v\u011bn\u00ed, jak bylo t\u011b\u017ek\u00e9 naj\u00edt cestu z hospody na Sol\u00e1ni k bl\u00edzk\u00e9 chalup\u011b. Snad dorazili i posledn\u00ed.","rel":"","context":"V \u201eOsobn\u00ed\u201c","block_context":{"text":"Osobn\u00ed","link":"https:\/\/kotrla.com\/pmpro\/category\/osobni\/"},"img":{"alt_text":"Zkratka byla del\u0161\u00ed, zato v\u0161ak m\u00e9n\u011b sch\u016fdn\u00e1","src":"https:\/\/i0.wp.com\/kotrla.com\/pmpro\/images\/uploads\/zkratka_byla_delsi_IGP4722.jpg?resize=350%2C200&ssl=1","width":350,"height":200},"classes":[]},{"id":14001,"url":"https:\/\/kotrla.com\/pmpro\/2026\/01\/helena-salichova-tvary-skryte-ve-dreve\/","url_meta":{"origin":646,"position":2},"title":"Helena Salichov\u00e1 \u2013 Tvary skryt\u00e9 ve d\u0159ev\u011b","author":"Pavel Kotrla","date":"22.1.2026","format":false,"excerpt":"Ned\u011bln\u00ed v\u00fdprava do ocelov\u00e9ho m\u011bsta a galerie Gong. G. sice \u0159\u00edkala, \u017ee asi drobn\u011b sn\u011b\u017e\u00ed, ale sp\u00ed\u0161 to byla ta zn\u00e1m\u00e1 ostravsk\u00e1 omrzlina. Krom Tvar\u016f skryt\u00fdch ve d\u0159ev\u011b Heleny Salichov\u00e9 t\u00e9\u017e dv\u011b dal\u0161\u00ed v\u00fdstavy, Neuropolis Kri\u0161tofa Kintery a Pioneers (op-art a kinetick\u00e9 um\u011bn\u00ed). Radost to byla. V\u0161echny t\u0159i v\u00fdstavy. Nav\u00edc\u2026","rel":"","context":"V \u201eOsobn\u00ed\u201c","block_context":{"text":"Osobn\u00ed","link":"https:\/\/kotrla.com\/pmpro\/category\/osobni\/"},"img":{"alt_text":"","src":"https:\/\/i0.wp.com\/kotrla.com\/pmpro\/wp-content\/uploads\/2026\/01\/salichova_IMGP1658-150x150.jpg?resize=350%2C200&ssl=1","width":350,"height":200,"srcset":"https:\/\/i0.wp.com\/kotrla.com\/pmpro\/wp-content\/uploads\/2026\/01\/salichova_IMGP1658-150x150.jpg?resize=350%2C200&ssl=1 1x, https:\/\/i0.wp.com\/kotrla.com\/pmpro\/wp-content\/uploads\/2026\/01\/salichova_IMGP1658-150x150.jpg?resize=525%2C300&ssl=1 1.5x, https:\/\/i0.wp.com\/kotrla.com\/pmpro\/wp-content\/uploads\/2026\/01\/salichova_IMGP1658-150x150.jpg?resize=700%2C400&ssl=1 2x, https:\/\/i0.wp.com\/kotrla.com\/pmpro\/wp-content\/uploads\/2026\/01\/salichova_IMGP1658-150x150.jpg?resize=1050%2C600&ssl=1 3x, https:\/\/i0.wp.com\/kotrla.com\/pmpro\/wp-content\/uploads\/2026\/01\/salichova_IMGP1658-150x150.jpg?resize=1400%2C800&ssl=1 4x"},"classes":[]},{"id":9502,"url":"https:\/\/kotrla.com\/pmpro\/2022\/02\/mirkovi-machalovi-byla-udelena-cena-mesta-vsetina\/","url_meta":{"origin":646,"position":3},"title":"Mirkovi Machalovi byla ud\u011blena Cena m\u011bsta Vset\u00edna","author":"Pavel Kotrla","date":"23.2.2022","format":false,"excerpt":"Vset\u00ednsk\u00fd socha\u0159, a m\u016fj dlouholet\u00fd p\u0159\u00edtel, Miroslav Machala obdr\u017eel Cenu m\u011bsta Vset\u00edna. Velk\u00e1 gratulace! I na m\u00fdch str\u00e1nk\u00e1ch si m\u016f\u017eete p\u0159ipomenout aspo\u0148 n\u011bco m\u00e1lo z jeho aktivit: Meridian 18,\u00a0 Machala-Gol\u00e1\u0148, Setk\u00e1n\u00ed ~ Rencontre: vernis\u00e1\u017e. A tak\u00e9 jsme v m\u00e9m Klenov\u011b vydali sborn\u00edk Mirkovi! k jeho sedmdes\u00e1tin\u00e1m. N\u011bkolik kus\u016f st\u00e1le naleznete\u2026","rel":"","context":"V \u201eNakladatelstv\u00ed Klenov\u201c","block_context":{"text":"Nakladatelstv\u00ed Klenov","link":"https:\/\/kotrla.com\/pmpro\/category\/nakladatelstvi-klenov\/"},"img":{"alt_text":"Miroslav Machala","src":"https:\/\/i0.wp.com\/kotrla.com\/pmpro\/wp-content\/uploads\/2020\/05\/miroslav_machala_IMGP6180bw.jpg?resize=350%2C200&ssl=1","width":350,"height":200,"srcset":"https:\/\/i0.wp.com\/kotrla.com\/pmpro\/wp-content\/uploads\/2020\/05\/miroslav_machala_IMGP6180bw.jpg?resize=350%2C200&ssl=1 1x, https:\/\/i0.wp.com\/kotrla.com\/pmpro\/wp-content\/uploads\/2020\/05\/miroslav_machala_IMGP6180bw.jpg?resize=525%2C300&ssl=1 1.5x, https:\/\/i0.wp.com\/kotrla.com\/pmpro\/wp-content\/uploads\/2020\/05\/miroslav_machala_IMGP6180bw.jpg?resize=700%2C400&ssl=1 2x, https:\/\/i0.wp.com\/kotrla.com\/pmpro\/wp-content\/uploads\/2020\/05\/miroslav_machala_IMGP6180bw.jpg?resize=1050%2C600&ssl=1 3x, https:\/\/i0.wp.com\/kotrla.com\/pmpro\/wp-content\/uploads\/2020\/05\/miroslav_machala_IMGP6180bw.jpg?resize=1400%2C800&ssl=1 4x"},"classes":[]},{"id":483,"url":"https:\/\/kotrla.com\/pmpro\/2007\/01\/aktualizace-fotobanky\/","url_meta":{"origin":646,"position":4},"title":"Aktualizace fotobanky","author":"Pavel Kotrla","date":"26.1.2007","format":false,"excerpt":"Galerie b\u011b\u017e\u00edc\u00ed na Copermine byla aktualizov\u00e1na na novou verzi. P\u0159i t\u00e9 p\u0159\u00edle\u017eitosti byla p\u0159id\u00e1na jedna fotosada: http:\/\/foto.kotrla.com\/","rel":"","context":"V \u201eFotografie\u201c","block_context":{"text":"Fotografie","link":"https:\/\/kotrla.com\/pmpro\/category\/fotografie\/"},"img":{"alt_text":"Katolick\u00fd kostel ve Vala\u0161sk\u00e9 Byst\u0159ici","src":"https:\/\/i0.wp.com\/kotrla.com\/pmpro\/images\/uploads\/Valasska_Bystrice_katolicky_kostel.jpg?resize=350%2C200&ssl=1","width":350,"height":200},"classes":[]},{"id":618,"url":"https:\/\/kotrla.com\/pmpro\/2006\/02\/kosile-blizsi-nez-kabat\/","url_meta":{"origin":646,"position":5},"title":"Ko\u0161ile bli\u017e\u0161\u00ed ne\u017e kab\u00e1t","author":"Pavel Kotrla","date":"2.2.2006","format":false,"excerpt":"Byla to velk\u00e1 sl\u00e1va, kdy\u017e se ned\u00e1vno zapo\u010dalo s v\u00fdstavbou cesty mezi Vset\u00ednem a Byst\u0159i\u010dkou, kter\u00e1 m\u00e1 d\u00e1le pokra\u010dovat na Vala\u0161sk\u00e9 Mezi\u0159\u00ed\u010d\u00ed. Byla slibov\u00e1na \u010dty\u0159icet let, aspo\u0148 podle kronik a tisku, kter\u00e9 jsem \u010detl. Na str\u00e1nk\u00e1ch ob\u010dansk\u00e9ho sdru\u017een\u00ed Jadernice pak najdete d\u016fvody, pro\u010d byla zastavena. \u017de je komunikace pot\u0159ebn\u00e1 si\u2026","rel":"","context":"V \u201eNeza\u0159azen\u00e9\u201c","block_context":{"text":"Neza\u0159azen\u00e9","link":"https:\/\/kotrla.com\/pmpro\/category\/nezarazene\/"},"img":{"alt_text":"","src":"","width":0,"height":0},"classes":[]}],"jetpack_sharing_enabled":true,"_links":{"self":[{"href":"https:\/\/kotrla.com\/pmpro\/wp-json\/wp\/v2\/posts\/646","targetHints":{"allow":["GET"]}}],"collection":[{"href":"https:\/\/kotrla.com\/pmpro\/wp-json\/wp\/v2\/posts"}],"about":[{"href":"https:\/\/kotrla.com\/pmpro\/wp-json\/wp\/v2\/types\/post"}],"author":[{"embeddable":true,"href":"https:\/\/kotrla.com\/pmpro\/wp-json\/wp\/v2\/users\/1"}],"replies":[{"embeddable":true,"href":"https:\/\/kotrla.com\/pmpro\/wp-json\/wp\/v2\/comments?post=646"}],"version-history":[{"count":0,"href":"https:\/\/kotrla.com\/pmpro\/wp-json\/wp\/v2\/posts\/646\/revisions"}],"wp:attachment":[{"href":"https:\/\/kotrla.com\/pmpro\/wp-json\/wp\/v2\/media?parent=646"}],"wp:term":[{"taxonomy":"category","embeddable":true,"href":"https:\/\/kotrla.com\/pmpro\/wp-json\/wp\/v2\/categories?post=646"},{"taxonomy":"post_tag","embeddable":true,"href":"https:\/\/kotrla.com\/pmpro\/wp-json\/wp\/v2\/tags?post=646"}],"curies":[{"name":"wp","href":"https:\/\/api.w.org\/{rel}","templated":true}]}}