{"id":648,"date":"2005-11-28T21:05:00","date_gmt":"2005-11-28T20:05:00","guid":{"rendered":"http:\/\/kotrla.com\/wordpress\/?p=648"},"modified":"2019-11-20T22:33:19","modified_gmt":"2019-11-20T21:33:19","slug":"texty-39-v-pdf","status":"publish","type":"post","link":"https:\/\/kotrla.com\/pmpro\/2005\/11\/texty-39-v-pdf\/","title":{"rendered":"Texty 39 v PDF"},"content":{"rendered":"<p>A jsou zde: <a href=\"http:\/\/casopis-texty.cz\/pdf\/texty_39.pdf\">podzimn\u00ed \u010d\u00edslo Text\u016f 39<\/a>.<\/p>\n","protected":false},"excerpt":{"rendered":"<p>A jsou zde: podzimn\u00ed \u010d\u00edslo Text\u016f 39.<\/p>\n","protected":false},"author":1,"featured_media":0,"comment_status":"open","ping_status":"open","sticky":false,"template":"","format":"standard","meta":{"site-sidebar-layout":"default","site-content-layout":"","ast-site-content-layout":"default","site-content-style":"default","site-sidebar-style":"default","ast-global-header-display":"","ast-banner-title-visibility":"","ast-main-header-display":"","ast-hfb-above-header-display":"","ast-hfb-below-header-display":"","ast-hfb-mobile-header-display":"","site-post-title":"","ast-breadcrumbs-content":"","ast-featured-img":"","footer-sml-layout":"","ast-disable-related-posts":"","theme-transparent-header-meta":"","adv-header-id-meta":"","stick-header-meta":"","header-above-stick-meta":"","header-main-stick-meta":"","header-below-stick-meta":"","astra-migrate-meta-layouts":"default","ast-page-background-enabled":"default","ast-page-background-meta":{"desktop":{"background-color":"var(--ast-global-color-5)","background-image":"","background-repeat":"repeat","background-position":"center center","background-size":"auto","background-attachment":"scroll","background-type":"","background-media":"","overlay-type":"","overlay-color":"","overlay-opacity":"","overlay-gradient":""},"tablet":{"background-color":"","background-image":"","background-repeat":"repeat","background-position":"center center","background-size":"auto","background-attachment":"scroll","background-type":"","background-media":"","overlay-type":"","overlay-color":"","overlay-opacity":"","overlay-gradient":""},"mobile":{"background-color":"","background-image":"","background-repeat":"repeat","background-position":"center center","background-size":"auto","background-attachment":"scroll","background-type":"","background-media":"","overlay-type":"","overlay-color":"","overlay-opacity":"","overlay-gradient":""}},"ast-content-background-meta":{"desktop":{"background-color":"var(--ast-global-color-4)","background-image":"","background-repeat":"repeat","background-position":"center center","background-size":"auto","background-attachment":"scroll","background-type":"","background-media":"","overlay-type":"","overlay-color":"","overlay-opacity":"","overlay-gradient":""},"tablet":{"background-color":"var(--ast-global-color-4)","background-image":"","background-repeat":"repeat","background-position":"center center","background-size":"auto","background-attachment":"scroll","background-type":"","background-media":"","overlay-type":"","overlay-color":"","overlay-opacity":"","overlay-gradient":""},"mobile":{"background-color":"var(--ast-global-color-4)","background-image":"","background-repeat":"repeat","background-position":"center center","background-size":"auto","background-attachment":"scroll","background-type":"","background-media":"","overlay-type":"","overlay-color":"","overlay-opacity":"","overlay-gradient":""}},"jetpack_post_was_ever_published":false,"_jetpack_newsletter_access":"","_jetpack_dont_email_post_to_subs":false,"_jetpack_newsletter_tier_id":0,"_jetpack_memberships_contains_paywalled_content":false,"_jetpack_memberships_contains_paid_content":false,"footnotes":""},"categories":[2],"tags":[],"class_list":["post-648","post","type-post","status-publish","format-standard","hentry","category-literatura"],"jetpack_featured_media_url":"","jetpack_shortlink":"https:\/\/wp.me\/p4mLP7-as","jetpack-related-posts":[{"id":187,"url":"https:\/\/kotrla.com\/pmpro\/2010\/10\/texty-52\/","url_meta":{"origin":648,"position":0},"title":"Texty 52","author":"Pavel Kotrla","date":"6.10.2010","format":false,"excerpt":"Tak, nov\u00e9 \u010d\u00edslo Text\u016f je tu. Konec kalend\u00e1\u0159n\u00edho l\u00e9ta jsme sice o p\u00e1r dn\u00ed pro\u0161vihli, ale \u017e\u00e1dn\u00e1 hr\u016fza. Nev\u00edm pro\u010d, ale tohle \u010d\u00edslo mi p\u0159ipom\u00edn\u00e1 mu\u017esk\u00fd tanec. (Co\u017e mi p\u0159ipom\u00edn\u00e1, \u017ee zas netu\u0161\u00edm pro\u010d m\u00e1 na Last.fm tato m\u00e1 obl\u00edben\u00e1 rusk\u00e1 skupina tag \"siberian suicidal post-punk\".) Samoz\u0159ejm\u011b, i vy m\u016f\u017eete\u2026","rel":"","context":"V \u201eLiteratura\u201c","block_context":{"text":"Literatura","link":"https:\/\/kotrla.com\/pmpro\/category\/literatura\/"},"img":{"alt_text":"\u010dasopis Texty","src":"https:\/\/i0.wp.com\/kotrla.com\/pmpro\/images\/uploads\/texty_logo.gif?resize=350%2C200&ssl=1","width":350,"height":200},"classes":[]},{"id":237,"url":"https:\/\/kotrla.com\/pmpro\/2009\/12\/texty-49-podzim-2009\/","url_meta":{"origin":648,"position":1},"title":"Texty 49 &#8211; podzim 2009","author":"Pavel Kotrla","date":"14.12.2009","format":false,"excerpt":"Pr\u00e1v\u011b jsme vydali podzimn\u00ed \u010d\u00edslo \u010dasopisu Texty. \u010c\u00edslo v PDF m\u016f\u017eete stahovat zde: texty_49.pdf Obsah: \u00favodn\u00edk Jakub Chrob\u00e1k: Nastavovan\u00e1 pol\u00e9vka poezie Ond\u0159ej Hlo\u017eek Luk\u00e1\u0161 Vlach Pavl\u00edna Pulcov\u00e1 p\u0159eklad Gy\u00f6rgy Spir\u00f3: Vyvolen\u00e1 Tatjana Groma\u010da: \u010cernoch (\u00faryvek z rom\u00e1nu) Wojciech \u0141\u0119cki: B\u00e1sn\u011b jen tak Tracy A. Burnsov\u00e1: \u010cty\u0159icet Martin \u0160kabraha: O literatu\u0159e,\u2026","rel":"","context":"V \u201eLiteratura\u201c","block_context":{"text":"Literatura","link":"https:\/\/kotrla.com\/pmpro\/category\/literatura\/"},"img":{"alt_text":"\u010dasopis Texty","src":"https:\/\/i0.wp.com\/kotrla.com\/pmpro\/images\/uploads\/texty_logo.gif?resize=350%2C200&ssl=1","width":350,"height":200},"classes":[]},{"id":735,"url":"https:\/\/kotrla.com\/pmpro\/2005\/06\/texty-37-s-poslednim-zachvevem-jara\/","url_meta":{"origin":648,"position":2},"title":"Texty 37 &#8211; s posledn\u00edm z\u00e1chv\u011bvem jara","author":"Pavel Kotrla","date":"21.6.2005","format":false,"excerpt":"Ano, r\u00e1no bylo je\u0161t\u011b jaro :) A hle, jarn\u00ed \u010d\u00edslo Text\u016f je zde, zat\u00edm pouze v PDF, ale je. Do tisk\u00e1rny u\u017e ode\u0161lo v\u010dera, ale n\u011bkdy je ten internet prost\u011b pomalej\u0161\u00ed m\u00e9dium\u2026","rel":"","context":"V \u201eLiteratura\u201c","block_context":{"text":"Literatura","link":"https:\/\/kotrla.com\/pmpro\/category\/literatura\/"},"img":{"alt_text":"","src":"","width":0,"height":0},"classes":[]},{"id":3488,"url":"https:\/\/kotrla.com\/pmpro\/2018\/01\/texty-74-podzim-2017\/","url_meta":{"origin":648,"position":3},"title":"Texty 74 (podzim 2017)","author":"Pavel Kotrla","date":"14.1.2018","format":false,"excerpt":"Podzim v lednu? Tak drobn\u00fd skluz, ale p\u0159ece jen \u2013 nov\u00e9 \u010d\u00edslo Text\u016f je tu.\u00a0\u010c\u00edslo si m\u016f\u017eete p\u0159e\u010d\u00edst tak\u00e9 na\u00a0https:\/\/www.scribd.com\/document\/369130127\/Texty-74 nebo si jej st\u00e1hnout v PDF z archivu.\u00a0Nov\u011b jsou Texty k nalezen\u00ed tak\u00e9 na\u00a0https:\/\/issuu.com\/texty Obsah: \u00favodn\u00edk Ren\u00e9 Ko\u010d\u00edk: Lyrik p\u0159ece v\u00ed pr\u00f3za Petr M\u011brka: * * * Bo\u017eena Plaveck\u00e1: Utonut\u00ed\u2026","rel":"","context":"V \u201eLiteratura\u201c","block_context":{"text":"Literatura","link":"https:\/\/kotrla.com\/pmpro\/category\/literatura\/"},"img":{"alt_text":"","src":"","width":0,"height":0},"classes":[]},{"id":3029,"url":"https:\/\/kotrla.com\/pmpro\/2016\/11\/texty-70-podzim-2016\/","url_meta":{"origin":648,"position":4},"title":"Texty 70 (podzim 2016)","author":"Pavel Kotrla","date":"28.11.2016","format":false,"excerpt":"Pr\u00e1v\u011b jsme vydali podzimn\u00ed \u010d\u00edslo Text\u016f. Sedmdes\u00e1t\u00e9 \u010d\u00edslo, kter\u00e9 je trochu jin\u00e9 ne\u017e obvykle. P\u0159edev\u0161\u00edm m\u00e1 v\u00fdjime\u010dn\u011b dvojn\u00e1sobn\u00fd rozsah, co\u017e je v p\u0159\u00edpad\u011b ti\u0161t\u011bn\u00e9 verze u na\u0161eho form\u00e1tu ji\u017e na hran\u011b proveditelnosti. Krom obvykl\u00e9ho p\u0159in\u00e1\u0161\u00ed \u010d\u00edslo tentokr\u00e1t blok v\u011bnovan\u00fd Petru \u0160pangerovi a jeho nedo\u017eit\u00fdm pades\u00e1tin\u00e1m. Jeho inici\u00e1torem je Miroslav Srna.\u2026","rel":"","context":"V \u201eLiteratura\u201c","block_context":{"text":"Literatura","link":"https:\/\/kotrla.com\/pmpro\/category\/literatura\/"},"img":{"alt_text":"","src":"","width":0,"height":0},"classes":[]},{"id":73,"url":"https:\/\/kotrla.com\/pmpro\/2012\/11\/prave-jsme-vydali-nove-cislo-casopisu-texty-59\/","url_meta":{"origin":648,"position":5},"title":"Pr\u00e1v\u011b jsme vydali nov\u00e9 \u010d\u00edslo \u010dasopisu: Texty 59","author":"Pavel Kotrla","date":"11.11.2012","format":false,"excerpt":"Nov\u00e9 \u010d\u00edslo Text\u016f m\u016f\u017eete stahovat zde. V ti\u0161t\u011bn\u00e9 podob\u011b by m\u011blo b\u00fdt dostupn\u00e9 (snad) na p\u00e1te\u010dn\u00edm ve\u010d\u00edrku. Texty 59","rel":"","context":"V \u201eLiteratura\u201c","block_context":{"text":"Literatura","link":"https:\/\/kotrla.com\/pmpro\/category\/literatura\/"},"img":{"alt_text":"","src":"","width":0,"height":0},"classes":[]}],"jetpack_sharing_enabled":true,"_links":{"self":[{"href":"https:\/\/kotrla.com\/pmpro\/wp-json\/wp\/v2\/posts\/648","targetHints":{"allow":["GET"]}}],"collection":[{"href":"https:\/\/kotrla.com\/pmpro\/wp-json\/wp\/v2\/posts"}],"about":[{"href":"https:\/\/kotrla.com\/pmpro\/wp-json\/wp\/v2\/types\/post"}],"author":[{"embeddable":true,"href":"https:\/\/kotrla.com\/pmpro\/wp-json\/wp\/v2\/users\/1"}],"replies":[{"embeddable":true,"href":"https:\/\/kotrla.com\/pmpro\/wp-json\/wp\/v2\/comments?post=648"}],"version-history":[{"count":0,"href":"https:\/\/kotrla.com\/pmpro\/wp-json\/wp\/v2\/posts\/648\/revisions"}],"wp:attachment":[{"href":"https:\/\/kotrla.com\/pmpro\/wp-json\/wp\/v2\/media?parent=648"}],"wp:term":[{"taxonomy":"category","embeddable":true,"href":"https:\/\/kotrla.com\/pmpro\/wp-json\/wp\/v2\/categories?post=648"},{"taxonomy":"post_tag","embeddable":true,"href":"https:\/\/kotrla.com\/pmpro\/wp-json\/wp\/v2\/tags?post=648"}],"curies":[{"name":"wp","href":"https:\/\/api.w.org\/{rel}","templated":true}]}}