{"id":65,"date":"2012-12-26T22:02:15","date_gmt":"2012-12-26T21:02:15","guid":{"rendered":"http:\/\/kotrla.com\/wordpress\/?p=65"},"modified":"2019-11-20T22:44:27","modified_gmt":"2019-11-20T21:44:27","slug":"vyslovim-se-anketa-mezi-literaty-bloggery","status":"publish","type":"post","link":"https:\/\/kotrla.com\/pmpro\/2012\/12\/vyslovim-se-anketa-mezi-literaty-bloggery\/","title":{"rendered":"Vyslov\u00edm se: Anketa mezi liter\u00e1ty bloggery"},"content":{"rendered":"<p>Anketn\u00ed ot\u00e1zka <a href=\"http:\/\/www.itvar.cz\">Tvaru<\/a> zn\u011bla: Co v\u00e1s p\u0159im\u011blo k tomu, abyste si zalo\u017eil blog? Naplnilo se va\u0161e p\u016fvodn\u00ed o\u010dek\u00e1v\u00e1n\u00ed? Jak \u010dasto na blogu publikujete a co v\u00e1s obvykle k seps\u00e1n\u00ed nov\u00e9ho p\u0159\u00edsp\u011bvku inspiruje?<br \/>\nOdpov\u011bdi vy\u0161ly v jeho posledn\u00edm leto\u0161n\u00edm \u010d\u00edsle.<\/p>\n<p>Moje je zde:<br \/>\nNa za\u010d\u00e1tku se asi se\u0161ly dv\u011b okolnosti. Skute\u010dnost, \u017ee jsem si psal, podobn\u011b jako i m\u00ed p\u0159\u00e1tel\u00e9, pap\u00edrov\u00fd den\u00edk a skute\u010dnost, \u017ee publikov\u00e1n\u00ed na internetu se stalo snadn\u00fdm. Objevila se \u0159ada slu\u017eeb, kter\u00e9 umo\u017e\u0148ovaly snadn\u00e9 zalo\u017een\u00ed vlastn\u00edho blogu a t\u00e9\u017e skripty, kter\u00e9 umo\u017e\u0148ovaly snadnou instalaci na vlastn\u00ed server. Tak\u017ee nebyl d\u016fvod pro\u010d to nezkusit. Nem\u011bl jsem \u017e\u00e1dn\u00e9 velk\u00e9 ambice, tak\u017ee z\u00e1jem mne sp\u00ed\u0161 p\u0159\u00edjemn\u011b p\u0159ekvapil a koneckonc\u016f p\u0159ekvapuje mne dodnes. Sna\u017e\u00edm se publikovat n\u011bkolikr\u00e1t za m\u011bs\u00edc, n\u011bkdy to jde l\u00e9pe, n\u011bkdy h\u016f\u0159, ale po t\u011bch deseti letech je to do velk\u00e9 m\u00edry u\u017e i setrva\u010dnost. Rozhodn\u011b je p\u0159\u00edsp\u011bvk\u016f m\u00e9n\u011b ne\u017e v prvn\u00edch letech. A taky pravideln\u00e9 sloupky, kter\u00e9 publikuji v Hostu bych d\u0159\u00edve publikoval nejprve na blogu. Nyn\u00ed je to v obr\u00e1cen\u00e9m po\u0159ad\u00ed. Nav\u00edc to p\u016fvodn\u00ed nad\u0161en\u00ed, \u017ee to technicky jde a funguje je pry\u010d. Ale blog sv\u016fj okruh pravideln\u00fdch \u010dten\u00e1\u0159e m\u00e1 a t\u011b\u0161\u00ed jak n\u00e1v\u0161t\u011bvy nov\u00fdch \u010dten\u00e1\u0159\u016f, tak skute\u010dnost, \u017ee to n\u011bkdo \u010dte. <\/p>\n<p>Dal\u0161\u00ed publikovan\u00e9 odpov\u011bdi:<br \/>\n<a href=\"http:\/\/www.typlt.cz\/index.php?content=blog#spot460\">Jarom\u00edr Typlt: Blog ve sv\u00e9m zrcadle<\/a><br \/>\n<a href=\"http:\/\/nehybnost.blogspot.cz\/2012\/12\/vyslovim-se.html\">Vojt\u011bch Ku\u010dera<\/a><\/p>\n","protected":false},"excerpt":{"rendered":"<p>Anketn\u00ed ot\u00e1zka Tvaru zn\u011bla: Co v\u00e1s p\u0159im\u011blo k tomu, abyste si zalo\u017eil blog? Naplnilo se va\u0161e p\u016fvodn\u00ed o\u010dek\u00e1v\u00e1n\u00ed? Jak \u010dasto na blogu publikujete a co v\u00e1s obvykle k seps\u00e1n\u00ed nov\u00e9ho p\u0159\u00edsp\u011bvku inspiruje? Odpov\u011bdi vy\u0161ly v jeho posledn\u00edm leto\u0161n\u00edm \u010d\u00edsle. Moje je zde: Na za\u010d\u00e1tku se asi se\u0161ly dv\u011b okolnosti. Skute\u010dnost, \u017ee jsem si psal, podobn\u011b [&hellip;]<\/p>\n","protected":false},"author":1,"featured_media":0,"comment_status":"open","ping_status":"open","sticky":false,"template":"","format":"standard","meta":{"site-sidebar-layout":"default","site-content-layout":"","ast-site-content-layout":"default","site-content-style":"default","site-sidebar-style":"default","ast-global-header-display":"","ast-banner-title-visibility":"","ast-main-header-display":"","ast-hfb-above-header-display":"","ast-hfb-below-header-display":"","ast-hfb-mobile-header-display":"","site-post-title":"","ast-breadcrumbs-content":"","ast-featured-img":"","footer-sml-layout":"","ast-disable-related-posts":"","theme-transparent-header-meta":"","adv-header-id-meta":"","stick-header-meta":"","header-above-stick-meta":"","header-main-stick-meta":"","header-below-stick-meta":"","astra-migrate-meta-layouts":"default","ast-page-background-enabled":"default","ast-page-background-meta":{"desktop":{"background-color":"var(--ast-global-color-5)","background-image":"","background-repeat":"repeat","background-position":"center center","background-size":"auto","background-attachment":"scroll","background-type":"","background-media":"","overlay-type":"","overlay-color":"","overlay-opacity":"","overlay-gradient":""},"tablet":{"background-color":"","background-image":"","background-repeat":"repeat","background-position":"center center","background-size":"auto","background-attachment":"scroll","background-type":"","background-media":"","overlay-type":"","overlay-color":"","overlay-opacity":"","overlay-gradient":""},"mobile":{"background-color":"","background-image":"","background-repeat":"repeat","background-position":"center center","background-size":"auto","background-attachment":"scroll","background-type":"","background-media":"","overlay-type":"","overlay-color":"","overlay-opacity":"","overlay-gradient":""}},"ast-content-background-meta":{"desktop":{"background-color":"var(--ast-global-color-4)","background-image":"","background-repeat":"repeat","background-position":"center center","background-size":"auto","background-attachment":"scroll","background-type":"","background-media":"","overlay-type":"","overlay-color":"","overlay-opacity":"","overlay-gradient":""},"tablet":{"background-color":"var(--ast-global-color-4)","background-image":"","background-repeat":"repeat","background-position":"center center","background-size":"auto","background-attachment":"scroll","background-type":"","background-media":"","overlay-type":"","overlay-color":"","overlay-opacity":"","overlay-gradient":""},"mobile":{"background-color":"var(--ast-global-color-4)","background-image":"","background-repeat":"repeat","background-position":"center center","background-size":"auto","background-attachment":"scroll","background-type":"","background-media":"","overlay-type":"","overlay-color":"","overlay-opacity":"","overlay-gradient":""}},"jetpack_post_was_ever_published":false,"_jetpack_newsletter_access":"","_jetpack_dont_email_post_to_subs":false,"_jetpack_newsletter_tier_id":0,"_jetpack_memberships_contains_paywalled_content":false,"_jetpack_memberships_contains_paid_content":false,"footnotes":""},"categories":[9,2],"tags":[],"class_list":["post-65","post","type-post","status-publish","format-standard","hentry","category-internet","category-literatura"],"jetpack_featured_media_url":"","jetpack_shortlink":"https:\/\/wp.me\/p4mLP7-13","jetpack-related-posts":[{"id":592,"url":"https:\/\/kotrla.com\/pmpro\/2006\/03\/ktere-literarni-weblogy-ctu\/","url_meta":{"origin":65,"position":0},"title":"Kter\u00e9 liter\u00e1rn\u00ed weblogy \u010dtu?","author":"Pavel Kotrla","date":"19.3.2006","format":false,"excerpt":"P\u0159evod star\u00fdch str\u00e1nek z pMachine na ExpressionEngine je v\u00edcem\u00e9n\u011b u konce (pokud nepo\u010d\u00edt\u00e1m je\u0161t\u011b st\u00e1le nedokon\u010denou \u010de\u0161tinu syst\u00e9mu). Zda zprovozn\u00edm p\u016fvodn\u00ed sidebary pro Operu a Mozillu je\u0161t\u011b nev\u00edm, ale kone\u010dn\u011b jsem p\u0159evedl (a hlavn\u011b aktualizoval) m\u016fj star\u00fd seznam \u010desk\u00fdch a sv\u011btov\u00fdch blog\u016f, kter\u00e9 \u010dtu. Nejsou v\u0161echny, zat\u00edm chyb\u00ed t\u0159eba ty\u2026","rel":"","context":"V \u201eOsobn\u00ed\u201c","block_context":{"text":"Osobn\u00ed","link":"https:\/\/kotrla.com\/pmpro\/category\/osobni\/"},"img":{"alt_text":"","src":"","width":0,"height":0},"classes":[]},{"id":1176,"url":"https:\/\/kotrla.com\/pmpro\/2003\/11\/polyedit-stihla-alternativa\/","url_meta":{"origin":65,"position":1},"title":"PolyEdit &#8211; \u0161t\u00edhl\u00e1 alternativa","author":"Pavel Kotrla","date":"1.11.2003","format":false,"excerpt":"Kancel\u00e1\u0159sk\u00fd bal\u00edk od Microsoftu je mou no\u010dn\u00ed m\u016frou. No, sp\u00ed\u0161 lid\u00e9, kte\u0159\u00ed tento produkt dosud pou\u017e\u00edvaj\u00ed. Jsem prost\u011b p\u0159\u00edznivce alternativ, kter\u00fd st\u00e1le nem\u016f\u017ee zapomenout na star\u00e9 dobr\u00e9 AmiPro, jeho re\u017eim konceptu, kter\u00fd se dal vyvolat pomoc\u00ed kl\u00e1vesov\u00e9 zkratky, nebo k pln\u00e9mu uspokojen\u00ed vy\u0159e\u0161en\u00fd re\u017eim korektury. Jeho n\u00e1stupce Lotus SmartSuite (\u2026","rel":"","context":"V \u201eNeza\u0159azen\u00e9\u201c","block_context":{"text":"Neza\u0159azen\u00e9","link":"https:\/\/kotrla.com\/pmpro\/category\/nezarazene\/"},"img":{"alt_text":"PolyEdit","src":"https:\/\/i0.wp.com\/kotrla.com\/pmpro\/images\/uploads\/polyedit.gif?resize=350%2C200&ssl=1","width":350,"height":200},"classes":[]},{"id":2018,"url":"https:\/\/kotrla.com\/pmpro\/2014\/07\/kobzan-v-ulicich\/","url_meta":{"origin":65,"position":2},"title":"Kobz\u00e1\u0148 v ulic\u00edch","author":"Pavel Kotrla","date":"1.7.2014","format":false,"excerpt":"Tak je\u0161t\u011b trochu na region\u00e1ln\u00ed notu. Pokud n\u00e1hodou pojedete p\u0159es Velk\u00e9 Karlovice, m\u00e1te v t\u011bchto dnech mo\u017enost v m\u00edstn\u00edm muzeu nav\u0161t\u00edvit v\u00fdstavu \u010cty\u0159i ze Sol\u00e1n\u011b. Doporu\u010duji, proto\u017ee na v\u00e1s \u010dekaj\u00ed pohromad\u011b d\u00edla Schneiderkova, Pode\u0161vova, Kobz\u00e1\u0148ova a Hofmanova. Tedy autor\u016f, kter\u00e9 pojilo jak jedno m\u00edsto, tak tak\u00e9 skute\u010dnost, \u017ee pat\u0159ili na\u2026","rel":"","context":"V \u201eLiteratura\u201c","block_context":{"text":"Literatura","link":"https:\/\/kotrla.com\/pmpro\/category\/literatura\/"},"img":{"alt_text":"","src":"https:\/\/i0.wp.com\/kotrla.com\/pmpro\/wp-content\/uploads\/2014\/07\/jan_kobzan_zahumeni_IMG_5808.jpg?resize=350%2C200&ssl=1","width":350,"height":200,"srcset":"https:\/\/i0.wp.com\/kotrla.com\/pmpro\/wp-content\/uploads\/2014\/07\/jan_kobzan_zahumeni_IMG_5808.jpg?resize=350%2C200&ssl=1 1x, https:\/\/i0.wp.com\/kotrla.com\/pmpro\/wp-content\/uploads\/2014\/07\/jan_kobzan_zahumeni_IMG_5808.jpg?resize=525%2C300&ssl=1 1.5x, https:\/\/i0.wp.com\/kotrla.com\/pmpro\/wp-content\/uploads\/2014\/07\/jan_kobzan_zahumeni_IMG_5808.jpg?resize=700%2C400&ssl=1 2x, https:\/\/i0.wp.com\/kotrla.com\/pmpro\/wp-content\/uploads\/2014\/07\/jan_kobzan_zahumeni_IMG_5808.jpg?resize=1050%2C600&ssl=1 3x"},"classes":[]},{"id":1226,"url":"https:\/\/kotrla.com\/pmpro\/2003\/09\/cteni-do-kapsy\/","url_meta":{"origin":65,"position":3},"title":"\u010cten\u00ed do kapsy","author":"Pavel Kotrla","date":"12.9.2003","format":false,"excerpt":"M\u00e1m to \u0161t\u011bst\u00ed, \u017ee d\u00edky laskavosti autor\u016f Pavla Jan\u00e1\u010dka a Michala Jare\u0161e si mohu listovat v publikaci Sv\u011bt rodokapsu, kterou vydalo nakladatelstv\u00ed Karolinum. Jedn\u00e1 se o 450 stran siln\u00fd komentovan\u00fd soupis se\u0161itov\u00fdch rom\u00e1nov\u00fdch edic 30. a 40. let 20. stolet\u00ed, jak zn\u00ed podtitul knihy. U\u017eite\u010dn\u00fd a chv\u00e1lyhodn\u00fd po\u010din. Sv\u011bd\u010d\u00ed p\u0159inejmen\u0161\u00edm\u2026","rel":"","context":"V \u201eNeza\u0159azen\u00e9\u201c","block_context":{"text":"Neza\u0159azen\u00e9","link":"https:\/\/kotrla.com\/pmpro\/category\/nezarazene\/"},"img":{"alt_text":"","src":"","width":0,"height":0},"classes":[]},{"id":182,"url":"https:\/\/kotrla.com\/pmpro\/2010\/10\/malonaklad-to-by-mohla-byt-cesta\/","url_meta":{"origin":65,"position":4},"title":"Malon\u00e1klad &#8211; to by mohla b\u00fdt cesta","author":"Pavel Kotrla","date":"17.10.2010","format":false,"excerpt":"Nechal jsem si z Tvaru poslat na recenzi P\u011btidenn\u00ed komedii m\u011bstskou od V\u00e1clava B\u00f6hmsche. Krom toho \u017ee jsem si ji cht\u011bl p\u0159e\u010d\u00edst, tu byl je\u0161t\u011b druh\u00fd d\u016fvod: v\u00edm, \u017ee ji autor vydal malon\u00e1kladem. Print On Demand. Jo, to si \u010das od \u010dasu \u0159\u00edk\u00e1v\u00e1m, \u017ee to je ta cesta, po kter\u00e9\u2026","rel":"","context":"V \u201eLiteratura\u201c","block_context":{"text":"Literatura","link":"https:\/\/kotrla.com\/pmpro\/category\/literatura\/"},"img":{"alt_text":"image","src":"https:\/\/i0.wp.com\/kotrla.com\/pmpro\/images\/uploads\/pod_1.jpg?resize=350%2C200&ssl=1","width":350,"height":200},"classes":[]},{"id":936,"url":"https:\/\/kotrla.com\/pmpro\/2004\/08\/puskin-a-onegin-skutecnost-a-fikce\/","url_meta":{"origin":65,"position":5},"title":"Pu\u0161kin a On\u011bgin: skute\u010dnost a fikce","author":"Pavel Kotrla","date":"20.8.2004","format":false,"excerpt":"Pr\u00e1v\u011b jsem do\u010detl Exotiku - V\u00fdbor z prac\u00ed tartusk\u00e9 \u0161koly, jinak 11. svazek Strukturalistick\u00e9 knihovny, kterou vyd\u00e1v\u00e1 nakladatelstv\u00ed Host. N\u011bkter\u00e9 svazky t\u00e9to \u0159ady nebyly p\u0159ij\u00edm\u00e1ny pr\u00e1v\u011b s nad\u0161en\u00edm a n\u011bkter\u00e9 v\u00fdtky jsou adresov\u00e1ny i tomuto svazku. N\u011bkomu se zd\u00e1 m\u00e1lo reprezentativn\u00ed a v\u00fdb\u011br zahrnut\u00fdch stat\u00ed chaotick\u00fd. Mo\u017en\u00e1 je na t\u011bchto\u2026","rel":"","context":"V \u201eNeza\u0159azen\u00e9\u201c","block_context":{"text":"Neza\u0159azen\u00e9","link":"https:\/\/kotrla.com\/pmpro\/category\/nezarazene\/"},"img":{"alt_text":"","src":"","width":0,"height":0},"classes":[]}],"jetpack_sharing_enabled":true,"_links":{"self":[{"href":"https:\/\/kotrla.com\/pmpro\/wp-json\/wp\/v2\/posts\/65","targetHints":{"allow":["GET"]}}],"collection":[{"href":"https:\/\/kotrla.com\/pmpro\/wp-json\/wp\/v2\/posts"}],"about":[{"href":"https:\/\/kotrla.com\/pmpro\/wp-json\/wp\/v2\/types\/post"}],"author":[{"embeddable":true,"href":"https:\/\/kotrla.com\/pmpro\/wp-json\/wp\/v2\/users\/1"}],"replies":[{"embeddable":true,"href":"https:\/\/kotrla.com\/pmpro\/wp-json\/wp\/v2\/comments?post=65"}],"version-history":[{"count":0,"href":"https:\/\/kotrla.com\/pmpro\/wp-json\/wp\/v2\/posts\/65\/revisions"}],"wp:attachment":[{"href":"https:\/\/kotrla.com\/pmpro\/wp-json\/wp\/v2\/media?parent=65"}],"wp:term":[{"taxonomy":"category","embeddable":true,"href":"https:\/\/kotrla.com\/pmpro\/wp-json\/wp\/v2\/categories?post=65"},{"taxonomy":"post_tag","embeddable":true,"href":"https:\/\/kotrla.com\/pmpro\/wp-json\/wp\/v2\/tags?post=65"}],"curies":[{"name":"wp","href":"https:\/\/api.w.org\/{rel}","templated":true}]}}