{"id":66,"date":"2012-12-12T22:42:52","date_gmt":"2012-12-12T21:42:52","guid":{"rendered":"http:\/\/kotrla.com\/wordpress\/?p=66"},"modified":"2019-11-20T22:44:27","modified_gmt":"2019-11-20T21:44:27","slug":"zatim-tma","status":"publish","type":"post","link":"https:\/\/kotrla.com\/pmpro\/2012\/12\/zatim-tma\/","title":{"rendered":"Zat\u00edm tma"},"content":{"rendered":"<p><img loading=\"lazy\" decoding=\"async\" src=\"https:\/\/kotrla.com\/pmpro\/images\/uploads\/zatim_tma_IGP0129.jpg\" border=\"0\" alt=\"Zat\u00edm tma\" width=\"420\" height=\"285\" \/><\/p>\n","protected":false},"excerpt":{"rendered":"","protected":false},"author":1,"featured_media":0,"comment_status":"open","ping_status":"open","sticky":false,"template":"","format":"standard","meta":{"site-sidebar-layout":"default","site-content-layout":"","ast-site-content-layout":"default","site-content-style":"default","site-sidebar-style":"default","ast-global-header-display":"","ast-banner-title-visibility":"","ast-main-header-display":"","ast-hfb-above-header-display":"","ast-hfb-below-header-display":"","ast-hfb-mobile-header-display":"","site-post-title":"","ast-breadcrumbs-content":"","ast-featured-img":"","footer-sml-layout":"","ast-disable-related-posts":"","theme-transparent-header-meta":"","adv-header-id-meta":"","stick-header-meta":"","header-above-stick-meta":"","header-main-stick-meta":"","header-below-stick-meta":"","astra-migrate-meta-layouts":"default","ast-page-background-enabled":"default","ast-page-background-meta":{"desktop":{"background-color":"var(--ast-global-color-5)","background-image":"","background-repeat":"repeat","background-position":"center center","background-size":"auto","background-attachment":"scroll","background-type":"","background-media":"","overlay-type":"","overlay-color":"","overlay-opacity":"","overlay-gradient":""},"tablet":{"background-color":"","background-image":"","background-repeat":"repeat","background-position":"center center","background-size":"auto","background-attachment":"scroll","background-type":"","background-media":"","overlay-type":"","overlay-color":"","overlay-opacity":"","overlay-gradient":""},"mobile":{"background-color":"","background-image":"","background-repeat":"repeat","background-position":"center center","background-size":"auto","background-attachment":"scroll","background-type":"","background-media":"","overlay-type":"","overlay-color":"","overlay-opacity":"","overlay-gradient":""}},"ast-content-background-meta":{"desktop":{"background-color":"var(--ast-global-color-4)","background-image":"","background-repeat":"repeat","background-position":"center center","background-size":"auto","background-attachment":"scroll","background-type":"","background-media":"","overlay-type":"","overlay-color":"","overlay-opacity":"","overlay-gradient":""},"tablet":{"background-color":"var(--ast-global-color-4)","background-image":"","background-repeat":"repeat","background-position":"center center","background-size":"auto","background-attachment":"scroll","background-type":"","background-media":"","overlay-type":"","overlay-color":"","overlay-opacity":"","overlay-gradient":""},"mobile":{"background-color":"var(--ast-global-color-4)","background-image":"","background-repeat":"repeat","background-position":"center center","background-size":"auto","background-attachment":"scroll","background-type":"","background-media":"","overlay-type":"","overlay-color":"","overlay-opacity":"","overlay-gradient":""}},"jetpack_post_was_ever_published":false,"_jetpack_newsletter_access":"","_jetpack_dont_email_post_to_subs":false,"_jetpack_newsletter_tier_id":0,"_jetpack_memberships_contains_paywalled_content":false,"_jetpack_memberships_contains_paid_content":false,"footnotes":""},"categories":[7],"tags":[],"class_list":["post-66","post","type-post","status-publish","format-standard","hentry","category-fotografie"],"jetpack_featured_media_url":"","jetpack_shortlink":"https:\/\/wp.me\/p4mLP7-14","jetpack-related-posts":[{"id":787,"url":"https:\/\/kotrla.com\/pmpro\/2005\/03\/panorama-vypustene-prehrady-bystricka\/","url_meta":{"origin":66,"position":0},"title":"Panorama vypu\u0161t\u011bn\u00e9 p\u0159ehrady Byst\u0159i\u010dka","author":"Pavel Kotrla","date":"24.3.2005","format":false,"excerpt":"Voda je zat\u00edm pouze z rozt\u00e1t\u00e9ho sn\u011bhu, ale u\u017e brzy se za\u010dne napou\u0161t\u011bt :) Velk\u00e1 fotografie je v pokra\u010dov\u00e1n\u00ed.","rel":"","context":"V \u201eByst\u0159i\u010dka\u201c","block_context":{"text":"Byst\u0159i\u010dka","link":"https:\/\/kotrla.com\/pmpro\/category\/bystricka\/"},"img":{"alt_text":"Panorama - n\u00e1hled","src":"https:\/\/i0.wp.com\/kotrla.com\/pmpro\/images\/uploads\/panorama_prehrady_small.jpg?resize=350%2C200&ssl=1","width":350,"height":200},"classes":[]},{"id":1300,"url":"https:\/\/kotrla.com\/pmpro\/2003\/07\/archivni-zabery-bystricky\/","url_meta":{"origin":66,"position":1},"title":"Archivn\u00ed z\u00e1b\u011bry Byst\u0159i\u010dky","author":"Pavel Kotrla","date":"2.7.2003","format":false,"excerpt":"Moje galerie fotografi\u00ed bude muset po\u010dkat. Noci jsou kr\u00e1tk\u00e9 a nespln\u011bn\u00fdch \u00fakol\u016f mnoho. Ale pokud m\u00e1te r\u00e1di archivn\u00ed fotografie, tak m\u016f\u017eete nav\u0161t\u00edvit odkaz http:\/\/www.bystricka.cz\/foto\/index.php Jsou zde k vid\u011bn\u00ed pohlednice (zat\u00edm) zachycuj\u00edc\u00ed prom\u011bny m\u00e9 rodn\u00e9 obce v pr\u016fb\u011bhu minul\u00e9ho stolet\u00ed. Nechyb\u00ed ani z\u00e1b\u011bry dokumentuj\u00edc\u00ed stav p\u0159ed zapo\u010det\u00edm v\u00fdstavby p\u0159ehrady. Pokud n\u011bkdo\u2026","rel":"","context":"V \u201eNeza\u0159azen\u00e9\u201c","block_context":{"text":"Neza\u0159azen\u00e9","link":"https:\/\/kotrla.com\/pmpro\/category\/nezarazene\/"},"img":{"alt_text":"","src":"","width":0,"height":0},"classes":[]},{"id":3343,"url":"https:\/\/kotrla.com\/pmpro\/2017\/09\/jak-lecit-strach-z-vysek\/","url_meta":{"origin":66,"position":2},"title":"Jak l\u00e9\u010dit strach z v\u00fd\u0161ek?","author":"Pavel Kotrla","date":"28.9.2017","format":false,"excerpt":"Jako ne\u00fa\u010dinn\u011bj\u0161\u00ed terapie se zat\u00edm osv\u011bd\u010duje \u010das od \u010dasu na n\u011bjakou tu v\u011b\u017e, st\u0159echu hradu, z\u00e1mku nebo pal\u00e1ce vy\u0161plhat. Hmm, takov\u00e1 l\u00e9\u010dba \u0161okem. Ale ty v\u00fdhledy! Jako t\u0159eba dnes v Tel\u010di. Najdete mne n\u011bkde ve st\u00ednu vr\u017een\u00e9m v\u011b\u017e\u00ed. A p\u0159ece: l\u00e9to dnes do Tel\u010de je\u0161t\u011b dorazilo. Velk\u00e9 panorama si m\u016f\u017eete\u2026","rel":"","context":"V \u201eFotografie\u201c","block_context":{"text":"Fotografie","link":"https:\/\/kotrla.com\/pmpro\/category\/fotografie\/"},"img":{"alt_text":"Panorama m\u011bsta Tel\u010d","src":"https:\/\/i0.wp.com\/kotrla.com\/pmpro\/wp-content\/uploads\/2017\/09\/panorama_telc_male.jpg?resize=350%2C200&ssl=1","width":350,"height":200,"srcset":"https:\/\/i0.wp.com\/kotrla.com\/pmpro\/wp-content\/uploads\/2017\/09\/panorama_telc_male.jpg?resize=350%2C200&ssl=1 1x, https:\/\/i0.wp.com\/kotrla.com\/pmpro\/wp-content\/uploads\/2017\/09\/panorama_telc_male.jpg?resize=525%2C300&ssl=1 1.5x, https:\/\/i0.wp.com\/kotrla.com\/pmpro\/wp-content\/uploads\/2017\/09\/panorama_telc_male.jpg?resize=700%2C400&ssl=1 2x, https:\/\/i0.wp.com\/kotrla.com\/pmpro\/wp-content\/uploads\/2017\/09\/panorama_telc_male.jpg?resize=1050%2C600&ssl=1 3x, https:\/\/i0.wp.com\/kotrla.com\/pmpro\/wp-content\/uploads\/2017\/09\/panorama_telc_male.jpg?resize=1400%2C800&ssl=1 4x"},"classes":[]},{"id":10076,"url":"https:\/\/kotrla.com\/pmpro\/2022\/12\/z-uvedeni-basnicke-sbirky-vezenska-strava-jiriho-simcika\/","url_meta":{"origin":66,"position":3},"title":"Z uveden\u00ed b\u00e1snick\u00e9 sb\u00edrky V\u011bze\u0148sk\u00e1 strava Ji\u0159\u00edho \u0160im\u010d\u00edka","author":"Pavel Kotrla","date":"4.12.2022","format":false,"excerpt":"N\u011bkolik fotek z v\u010derej\u0161\u00edho uveden\u00ed b\u00e1snick\u00e9 prvotiny Ji\u0159\u00edho \u0160im\u010d\u00edka V\u011bze\u0148sk\u00e1 strava ve vala\u0161skomezi\u0159\u00ed\u010dsk\u00e9m Prostoru, kterou vydalo nakladatelstv\u00ed Dobr\u00fd d\u016fvod. Tam v\u00e1m byla tma... Focen\u00ed p\u0159\u00edli\u0161 nep\u0159\u00e1la, ale aspo\u0148 z\u00e1b\u011br\u016f z poveden\u00e9ho ve\u010dera a setk\u00e1n\u00ed t\u0159\u00ed b\u00e1snick\u00fdch generac\u00ed. (Byl jsem ta nejstar\u0161\u00ed.) Jsem r\u00e1d, \u017ee jsem mohl \u010d\u00edst po boku Kl\u00e1ry\u2026","rel":"","context":"V \u201eFotografie\u201c","block_context":{"text":"Fotografie","link":"https:\/\/kotrla.com\/pmpro\/category\/fotografie\/"},"img":{"alt_text":"","src":"https:\/\/i0.wp.com\/kotrla.com\/pmpro\/wp-content\/uploads\/2022\/12\/vezenska_strava_IMGP4113-150x150.jpg?resize=350%2C200&ssl=1","width":350,"height":200,"srcset":"https:\/\/i0.wp.com\/kotrla.com\/pmpro\/wp-content\/uploads\/2022\/12\/vezenska_strava_IMGP4113-150x150.jpg?resize=350%2C200&ssl=1 1x, https:\/\/i0.wp.com\/kotrla.com\/pmpro\/wp-content\/uploads\/2022\/12\/vezenska_strava_IMGP4113-150x150.jpg?resize=525%2C300&ssl=1 1.5x, https:\/\/i0.wp.com\/kotrla.com\/pmpro\/wp-content\/uploads\/2022\/12\/vezenska_strava_IMGP4113-150x150.jpg?resize=700%2C400&ssl=1 2x, https:\/\/i0.wp.com\/kotrla.com\/pmpro\/wp-content\/uploads\/2022\/12\/vezenska_strava_IMGP4113-150x150.jpg?resize=1050%2C600&ssl=1 3x, https:\/\/i0.wp.com\/kotrla.com\/pmpro\/wp-content\/uploads\/2022\/12\/vezenska_strava_IMGP4113-150x150.jpg?resize=1400%2C800&ssl=1 4x"},"classes":[]},{"id":12418,"url":"https:\/\/kotrla.com\/pmpro\/2025\/01\/vcera-na-skok-v-arkadii\/","url_meta":{"origin":66,"position":4},"title":"V\u010dera na skok v Ark\u00e1dii","author":"Pavel Kotrla","date":"19.1.2025","format":false,"excerpt":"B\u00e1sn\u00edk a kur\u00e1tor Pavel Petr v ohro\u017een\u00ed! Doch\u00e1zel mu m\u016fj dub\u011bnkov\u00fd inkoust. Ale nebezpe\u010d\u00ed bylo za\u017eehn\u00e1no a jedny z posledn\u00edch lahvi\u010dek inkoustu\u00a0 Jsem tma jsem mu v\u010dera p\u0159edal. Autor\u016fv cyklus hrad\u016f vid\u011bn\u00fdch, kter\u00fd je kreslen\u00fd pr\u00e1v\u011b t\u00edmto inkoustem a kter\u00fd autor zve\u0159ej\u0148uje na sv\u00e9m facebookov\u00e9m profilu, tak m\u016f\u017ee d\u00e1l pokra\u010dovat.\u2026","rel":"","context":"V \u201eFotografie\u201c","block_context":{"text":"Fotografie","link":"https:\/\/kotrla.com\/pmpro\/category\/fotografie\/"},"img":{"alt_text":"","src":"https:\/\/i0.wp.com\/kotrla.com\/pmpro\/wp-content\/uploads\/2025\/01\/pavel_petr_vrsatec_1.jpg?resize=350%2C200&ssl=1","width":350,"height":200,"srcset":"https:\/\/i0.wp.com\/kotrla.com\/pmpro\/wp-content\/uploads\/2025\/01\/pavel_petr_vrsatec_1.jpg?resize=350%2C200&ssl=1 1x, https:\/\/i0.wp.com\/kotrla.com\/pmpro\/wp-content\/uploads\/2025\/01\/pavel_petr_vrsatec_1.jpg?resize=525%2C300&ssl=1 1.5x, https:\/\/i0.wp.com\/kotrla.com\/pmpro\/wp-content\/uploads\/2025\/01\/pavel_petr_vrsatec_1.jpg?resize=700%2C400&ssl=1 2x, https:\/\/i0.wp.com\/kotrla.com\/pmpro\/wp-content\/uploads\/2025\/01\/pavel_petr_vrsatec_1.jpg?resize=1050%2C600&ssl=1 3x, https:\/\/i0.wp.com\/kotrla.com\/pmpro\/wp-content\/uploads\/2025\/01\/pavel_petr_vrsatec_1.jpg?resize=1400%2C800&ssl=1 4x"},"classes":[]},{"id":229,"url":"https:\/\/kotrla.com\/pmpro\/2010\/01\/nejlepsi-fotograficky-a-nejlepsi-literarni-casopis-roku-2009\/","url_meta":{"origin":66,"position":5},"title":"Nejlep\u0161\u00ed fotografick\u00fd a nejlep\u0161\u00ed liter\u00e1rn\u00ed \u010dasopis roku 2009","author":"Pavel Kotrla","date":"13.1.2010","format":false,"excerpt":"\u017deb\u0159\u00ed\u010dky popul\u00e1rnosti jsou v\u017edycky o\u0161emetn\u00e9. Ale koneckonc\u016f, kde jinde bych m\u011bl prezentovat sv\u016fj n\u00e1zor ne\u017e zde ;) Shodou okolnost\u00ed je to pro mne jeden a t\u00fd\u017e \u010dasopis: Host. Po z\u00e1niku \u010dasopis\u016f PhotoArt a Magaz\u00ednu Fotografie se portfolio \u010dasopis\u016f smrsklo, a tak m\u00e1me DigiFoto, FotoVideo, Digit\u00e1ln\u00ed foto a PhotoLife. V\u011bt\u0161\u00ed \u010d\u00e1st\u2026","rel":"","context":"V \u201e\u010cten\u00e1\u0159sk\u00fd den\u00edk\u201c","block_context":{"text":"\u010cten\u00e1\u0159sk\u00fd den\u00edk","link":"https:\/\/kotrla.com\/pmpro\/category\/ctenarsky-denik\/"},"img":{"alt_text":"\u010dasopis Host","src":"https:\/\/i0.wp.com\/kotrla.com\/pmpro\/images\/uploads\/host_2010_10.jpg?resize=350%2C200&ssl=1","width":350,"height":200},"classes":[]}],"jetpack_sharing_enabled":true,"_links":{"self":[{"href":"https:\/\/kotrla.com\/pmpro\/wp-json\/wp\/v2\/posts\/66","targetHints":{"allow":["GET"]}}],"collection":[{"href":"https:\/\/kotrla.com\/pmpro\/wp-json\/wp\/v2\/posts"}],"about":[{"href":"https:\/\/kotrla.com\/pmpro\/wp-json\/wp\/v2\/types\/post"}],"author":[{"embeddable":true,"href":"https:\/\/kotrla.com\/pmpro\/wp-json\/wp\/v2\/users\/1"}],"replies":[{"embeddable":true,"href":"https:\/\/kotrla.com\/pmpro\/wp-json\/wp\/v2\/comments?post=66"}],"version-history":[{"count":0,"href":"https:\/\/kotrla.com\/pmpro\/wp-json\/wp\/v2\/posts\/66\/revisions"}],"wp:attachment":[{"href":"https:\/\/kotrla.com\/pmpro\/wp-json\/wp\/v2\/media?parent=66"}],"wp:term":[{"taxonomy":"category","embeddable":true,"href":"https:\/\/kotrla.com\/pmpro\/wp-json\/wp\/v2\/categories?post=66"},{"taxonomy":"post_tag","embeddable":true,"href":"https:\/\/kotrla.com\/pmpro\/wp-json\/wp\/v2\/tags?post=66"}],"curies":[{"name":"wp","href":"https:\/\/api.w.org\/{rel}","templated":true}]}}