{"id":663,"date":"2005-10-25T19:26:00","date_gmt":"2005-10-25T18:26:00","guid":{"rendered":"http:\/\/kotrla.com\/wordpress\/?p=663"},"modified":"2019-11-20T22:33:20","modified_gmt":"2019-11-20T21:33:20","slug":"tabor-s-orisky-a-kyselicou","status":"publish","type":"post","link":"https:\/\/kotrla.com\/pmpro\/2005\/10\/tabor-s-orisky-a-kyselicou\/","title":{"rendered":"T\u00e1bor s &#8222;o\u0159\u00ed\u0161ky&#8220; a kyselicou"},"content":{"rendered":"<p><img loading=\"lazy\" decoding=\"async\" src=\"https:\/\/kotrla.com\/pmpro\/images\/uploads\/balik_tabor_2005.jpg\" border=\"0\" alt=\"T\u00e1bor s &#8222;o\u0159\u00ed\u0161ky&#8220; a kyselicou\" name=\"image\" width=\"420\" height=\"358\" \/><\/p>\n<p>Tak je\u0161t\u011b dal\u0161\u00ed vzpom\u00ednka na leto\u0161n\u00ed <a href=\"http:\/\/prekladatelskytabor.kotrla.com\">p\u0159ekladatelsk\u00fd t\u00e1bor<\/a>. Tentokr\u00e1t od \u0160t\u011bp\u00e1na Bal\u00edka. Vy\u0161la v 44. \u010d\u00edsle T\u00fdden\u00edku Rozhlas.<\/p>\n","protected":false},"excerpt":{"rendered":"<p>Tak je\u0161t\u011b dal\u0161\u00ed vzpom\u00ednka na leto\u0161n\u00ed p\u0159ekladatelsk\u00fd t\u00e1bor. Tentokr\u00e1t od \u0160t\u011bp\u00e1na Bal\u00edka. Vy\u0161la v 44. \u010d\u00edsle T\u00fdden\u00edku Rozhlas.<\/p>\n","protected":false},"author":1,"featured_media":0,"comment_status":"open","ping_status":"open","sticky":false,"template":"","format":"standard","meta":{"site-sidebar-layout":"default","site-content-layout":"","ast-site-content-layout":"default","site-content-style":"default","site-sidebar-style":"default","ast-global-header-display":"","ast-banner-title-visibility":"","ast-main-header-display":"","ast-hfb-above-header-display":"","ast-hfb-below-header-display":"","ast-hfb-mobile-header-display":"","site-post-title":"","ast-breadcrumbs-content":"","ast-featured-img":"","footer-sml-layout":"","ast-disable-related-posts":"","theme-transparent-header-meta":"","adv-header-id-meta":"","stick-header-meta":"","header-above-stick-meta":"","header-main-stick-meta":"","header-below-stick-meta":"","astra-migrate-meta-layouts":"default","ast-page-background-enabled":"default","ast-page-background-meta":{"desktop":{"background-color":"var(--ast-global-color-5)","background-image":"","background-repeat":"repeat","background-position":"center center","background-size":"auto","background-attachment":"scroll","background-type":"","background-media":"","overlay-type":"","overlay-color":"","overlay-opacity":"","overlay-gradient":""},"tablet":{"background-color":"","background-image":"","background-repeat":"repeat","background-position":"center center","background-size":"auto","background-attachment":"scroll","background-type":"","background-media":"","overlay-type":"","overlay-color":"","overlay-opacity":"","overlay-gradient":""},"mobile":{"background-color":"","background-image":"","background-repeat":"repeat","background-position":"center center","background-size":"auto","background-attachment":"scroll","background-type":"","background-media":"","overlay-type":"","overlay-color":"","overlay-opacity":"","overlay-gradient":""}},"ast-content-background-meta":{"desktop":{"background-color":"var(--ast-global-color-4)","background-image":"","background-repeat":"repeat","background-position":"center center","background-size":"auto","background-attachment":"scroll","background-type":"","background-media":"","overlay-type":"","overlay-color":"","overlay-opacity":"","overlay-gradient":""},"tablet":{"background-color":"var(--ast-global-color-4)","background-image":"","background-repeat":"repeat","background-position":"center center","background-size":"auto","background-attachment":"scroll","background-type":"","background-media":"","overlay-type":"","overlay-color":"","overlay-opacity":"","overlay-gradient":""},"mobile":{"background-color":"var(--ast-global-color-4)","background-image":"","background-repeat":"repeat","background-position":"center center","background-size":"auto","background-attachment":"scroll","background-type":"","background-media":"","overlay-type":"","overlay-color":"","overlay-opacity":"","overlay-gradient":""}},"jetpack_post_was_ever_published":false,"_jetpack_newsletter_access":"","_jetpack_dont_email_post_to_subs":false,"_jetpack_newsletter_tier_id":0,"_jetpack_memberships_contains_paywalled_content":false,"_jetpack_memberships_contains_paid_content":false,"footnotes":""},"categories":[2,3],"tags":[],"class_list":["post-663","post","type-post","status-publish","format-standard","hentry","category-literatura","category-osobni"],"jetpack_featured_media_url":"","jetpack_shortlink":"https:\/\/wp.me\/p4mLP7-aH","jetpack-related-posts":[{"id":526,"url":"https:\/\/kotrla.com\/pmpro\/2006\/09\/tabor-je-za-nami\/","url_meta":{"origin":663,"position":0},"title":"T\u00e1bor je za n\u00e1mi","author":"Pavel Kotrla","date":"3.9.2006","format":false,"excerpt":"Vyda\u0159il se. N\u011bkte\u0159\u00ed z \u00fa\u010dastn\u00edku leto\u0161n\u00edho t\u00e1bora.","rel":"","context":"V \u201eLiteratura\u201c","block_context":{"text":"Literatura","link":"https:\/\/kotrla.com\/pmpro\/category\/literatura\/"},"img":{"alt_text":"image","src":"https:\/\/i0.wp.com\/kotrla.com\/pmpro\/images\/uploads\/tabor_2006.jpg?resize=350%2C200&ssl=1","width":350,"height":200},"classes":[]},{"id":676,"url":"https:\/\/kotrla.com\/pmpro\/2005\/09\/jeste-jeden-prekladatelsky-tabor\/","url_meta":{"origin":663,"position":1},"title":"Je\u0161t\u011b jeden p\u0159ekladatelsk\u00fd t\u00e1bor","author":"Pavel Kotrla","date":"29.9.2005","format":false,"excerpt":"\u010cl\u00e1nek o n\u00e1mi po\u0159\u00e1dan\u00e9m st\u0159edoevropsk\u00e9m p\u0159ekladatelsk\u00e9m t\u00e1boru na Soumaru.cz.","rel":"","context":"V \u201eLiteratura\u201c","block_context":{"text":"Literatura","link":"https:\/\/kotrla.com\/pmpro\/category\/literatura\/"},"img":{"alt_text":"","src":"","width":0,"height":0},"classes":[]},{"id":89,"url":"https:\/\/kotrla.com\/pmpro\/2012\/08\/tabor-zacal\/","url_meta":{"origin":663,"position":2},"title":"T\u00e1bor za\u010dal","author":"Pavel Kotrla","date":"23.8.2012","format":false,"excerpt":"P\u00e1t\u00fd ro\u010dn\u00edk p\u0159ekladatelsk\u00e9ho t\u00e1bora v pln\u00e9m proudu. Letos: Polsko, Slovinsko, Chorvatsko, N\u011bmecko, Ukrajina, USA, Kanada.","rel":"","context":"V \u201eOsobn\u00ed\u201c","block_context":{"text":"Osobn\u00ed","link":"https:\/\/kotrla.com\/pmpro\/category\/osobni\/"},"img":{"alt_text":"image","src":"https:\/\/i0.wp.com\/kotrla.com\/pmpro\/images\/uploads\/_IGP0414.jpg?resize=350%2C200&ssl=1","width":350,"height":200},"classes":[]},{"id":533,"url":"https:\/\/kotrla.com\/pmpro\/2006\/08\/prekladatelsky-tabor-2006-aktualizace\/","url_meta":{"origin":663,"position":3},"title":"P\u0159ekladatelsk\u00fd t\u00e1bor 2006: aktualizace","author":"Pavel Kotrla","date":"7.8.2006","format":false,"excerpt":"Byly zaktualizov\u00e1ny str\u00e1nky leto\u0161n\u00edho p\u0159ekladatelsk\u00e9ho t\u00e1bora: http:\/\/prekladatelskytabor.kotrla.com\/index.php","rel":"","context":"V \u201eLiteratura\u201c","block_context":{"text":"Literatura","link":"https:\/\/kotrla.com\/pmpro\/category\/literatura\/"},"img":{"alt_text":"P\u0159ekladatelsk\u00fd t\u00e1bor 2005","src":"https:\/\/i0.wp.com\/kotrla.com\/pmpro\/images\/uploads\/tabor_2005_stany.jpg?resize=350%2C200&ssl=1","width":350,"height":200},"classes":[]},{"id":974,"url":"https:\/\/kotrla.com\/pmpro\/2004\/07\/stredoevropsky-prekladatelsky-tabor-2\/","url_meta":{"origin":663,"position":4},"title":"St\u0159edoevropsk\u00fd p\u0159ekladatelsk\u00fd t\u00e1bor","author":"Pavel Kotrla","date":"1.7.2004","format":false,"excerpt":"Nov\u00e1 str\u00e1nka ( http:\/\/prekladatelskytabor.kotrla.com\/ ) informuj\u00edc\u00ed o pl\u00e1novan\u00e9m setk\u00e1n\u00ed mlad\u00fdch zahrani\u010dn\u00edch bohemist\u016f. Ob\u011bt\u00ed se u\u017e p\u0159ihl\u00e1silo dost. ;)","rel":"","context":"V \u201eNeza\u0159azen\u00e9\u201c","block_context":{"text":"Neza\u0159azen\u00e9","link":"https:\/\/kotrla.com\/pmpro\/category\/nezarazene\/"},"img":{"alt_text":"","src":"","width":0,"height":0},"classes":[]},{"id":88,"url":"https:\/\/kotrla.com\/pmpro\/2012\/08\/tabor-skoncil\/","url_meta":{"origin":663,"position":5},"title":"T\u00e1bor skon\u010dil","author":"Pavel Kotrla","date":"27.8.2012","format":false,"excerpt":"V\u00edce t\u0159eba zde: Na Byst\u0159i\u010dku se sjeli zahrani\u010dn\u00ed studenti \u010de\u0161tiny","rel":"","context":"V \u201eLiteratura\u201c","block_context":{"text":"Literatura","link":"https:\/\/kotrla.com\/pmpro\/category\/literatura\/"},"img":{"alt_text":"P\u0159ekladatelsk\u00fd t\u00e1bor 2012 01","src":"https:\/\/i0.wp.com\/kotrla.com\/pmpro\/images\/uploads\/prekladatelsky_tabor_IGP0454.jpg?resize=350%2C200&ssl=1","width":350,"height":200},"classes":[]}],"jetpack_sharing_enabled":true,"_links":{"self":[{"href":"https:\/\/kotrla.com\/pmpro\/wp-json\/wp\/v2\/posts\/663","targetHints":{"allow":["GET"]}}],"collection":[{"href":"https:\/\/kotrla.com\/pmpro\/wp-json\/wp\/v2\/posts"}],"about":[{"href":"https:\/\/kotrla.com\/pmpro\/wp-json\/wp\/v2\/types\/post"}],"author":[{"embeddable":true,"href":"https:\/\/kotrla.com\/pmpro\/wp-json\/wp\/v2\/users\/1"}],"replies":[{"embeddable":true,"href":"https:\/\/kotrla.com\/pmpro\/wp-json\/wp\/v2\/comments?post=663"}],"version-history":[{"count":0,"href":"https:\/\/kotrla.com\/pmpro\/wp-json\/wp\/v2\/posts\/663\/revisions"}],"wp:attachment":[{"href":"https:\/\/kotrla.com\/pmpro\/wp-json\/wp\/v2\/media?parent=663"}],"wp:term":[{"taxonomy":"category","embeddable":true,"href":"https:\/\/kotrla.com\/pmpro\/wp-json\/wp\/v2\/categories?post=663"},{"taxonomy":"post_tag","embeddable":true,"href":"https:\/\/kotrla.com\/pmpro\/wp-json\/wp\/v2\/tags?post=663"}],"curies":[{"name":"wp","href":"https:\/\/api.w.org\/{rel}","templated":true}]}}