{"id":669,"date":"2005-10-16T19:12:04","date_gmt":"2005-10-16T18:12:04","guid":{"rendered":"http:\/\/kotrla.com\/wordpress\/?p=669"},"modified":"2019-11-20T22:33:21","modified_gmt":"2019-11-20T21:33:21","slug":"stari-dobri-dante-alighieri-ciii","status":"publish","type":"post","link":"https:\/\/kotrla.com\/pmpro\/2005\/10\/stari-dobri-dante-alighieri-ciii\/","title":{"rendered":"STA\u0158\u00cd DOB\u0158\u00cd: Dante Alighieri (CIII.)"},"content":{"rendered":"<p>Italsk\u00fd b\u00e1sn\u00edk, jeden z nejv\u00fdznamn\u011bj\u0161\u00edch p\u0159edstavitel\u016f sv\u011btov\u00e9 literatury (* mezi 15. 5. a 15. 6. 1265, &#8224; 14. 9. 1321).&nbsp;\n<\/p>\n<ul>\n<li><a href=\"http:\/\/www.divinecomedy.org\">Divine Comedy<\/a><\/li>\n<li><a href=\"http:\/\/etcweb.princeton.edu\/dante\/pdp\/index.html\">Princeton Dante Project<\/a><\/li>\n<\/ul>\n<p><b>BO\u017dSK\u00c1 KOMEDIE (1307&#8211;1321)<\/b><\/p>\n<p>1.1 Kde v p\u016fli \u017eivot n\u00e1\u0161 je se svou pout\u00ed,<br \/>\nproch\u00e1zet bylo mi tak temn\u00fdm lesem,<br \/>\n\u017ee prav\u00fd sm\u011br jsem nemoh uhodnouti.<br \/>\nAch, trudno l\u00ed\u010dit ona m\u00edsta, kde jsem<br \/>\nprobloudil ten hvozd div\u00fd, drsn\u00fd, tmav\u00fd,<br \/>\n\u017ee na to dosud vzpom\u00edn\u00e1m jen s d\u011bsem.<\/p>\n<p>***<\/p>\n<p>I mysl\u00edm, \u017ee ti bude ku prosp\u011bchu,<br \/>\np\u016fjde\u0161-li za mnou: pr\u016fvodcem chci b\u00fdti,<br \/>\njen\u017e povede t\u011b m\u00edsty v\u011b\u010dn\u00fdch vzdech\u016f.<br \/>\nUsly\u0161\u00ed\u0161 sk\u0159eky zoufalc\u016f tam zn\u00edti,<br \/>\nuvid\u00ed\u0161 d\u00e1vn\u00e9 duchy v utrpen\u00ed<br \/>\nsmrt druhou vz\u00fdvati a boln\u011b v\u00fdti.<br \/>\nPak uz\u0159\u00ed\u0161 ty, jim\u017e ohe\u0148 tr\u00fdzn\u00ed nen\u00ed,<br \/>\nneb sm\u011bj\u00ed nad\u011bji a v\u00edru m\u00edti,<br \/>\n\u017ee bu\u010f kdy bu\u010f, p\u0159ec dojdou vykoupen\u00ed.<br \/>\nV\u0161ak, chce\u0161-li s\u00eddla v\u0161eho blaha z\u0159\u00edti,<br \/>\npak sv\u011b\u0159 se du\u0161i hodn\u011bj\u0161\u00ed, ne\u017e m\u00e1 je,<br \/>\ns n\u00ed\u017e nech\u00e1m t\u011b, a\u017e budu musit j\u00edti,<br \/>\nneb onen c\u00edsa\u0159, jen\u017e je vl\u00e1dcem r\u00e1je,<br \/>\n\u017ee vzdorn\u011b vzep\u0159el jsem se jeho \u0159\u00e1du,<br \/>\nnechce, bych koho uved v jeho kraje.<br \/>\nOn tam je kr\u00e1lem, a\u010d m\u00e1 v\u0161ude vl\u00e1du,<br \/>\ntam jeho m\u011bsto, jeho tr\u016fn tam stoj\u00ed:<br \/>\n&#8221;\u00d3 bla\u017een, koho zvol\u00ed ve svou radu!&#8221;<br \/>\nA j\u00e1 mu d\u00edm: &#8221;Sly\u0161, p\u011bv\u010de, prosbu moji<br \/>\np\u0159i Bohu, jej\u017e jsi neznal, neoslavil:<br \/>\nAbych zde u\u0161el hor\u0161\u00edmu snad boji,<br \/>\nmne zave\u010f v m\u00edsta, kam jsi pr\u00e1v\u011b pravil,<br \/>\nbych br\u00e1nu Petra zhl\u00e9d i ty, jim\u017e ve tm\u011b<br \/>\nni jiskru nad\u011bje P\u00e1n nez\u016fstavil!&#8221;<br \/>\nTu vykro\u010dil. J\u00e1 za n\u00edm \u0161el, kam ved m\u011b.<\/p>\n<p>***<\/p>\n<p>1.2 MNOU P\u0158ICH\u00c1Z\u00cd SE K S\u00cdDLU VYHO\u0160T\u011aNC\u016e,<br \/>\nMNOU P\u0158ICH\u00c1Z\u00cd SE DO V\u011a\u010cN\u00c9HO BOLU,<br \/>\nMNOU P\u0158ICH\u00c1Z\u00cd SE V \u0158\u00cd\u0160I ZATRACENC\u016e.<br \/>\nP\u00c1N SPRAVEDLNOST DAL MI DO \u00daKOLU!<br \/>\nJSEM D\u00cdLO, KTER\u00c9 CHT\u011aLY K SV\u011aTA SP\u00c1SE<br \/>\nMOC BO\u017d\u00cd, MOUDROST S PRVN\u00cd L\u00c1SKOU SPOLU!<br \/>\nNEBYLO P\u0158ED M\u00ddM VZNIKEM V\u011aC\u00cd V \u010cASE,<br \/>\nJEN V\u011aCI V\u011a\u010cN\u00c9. J\u00c1 TAK V\u011a\u010cN\u00c1 PR\u00c1V\u011a:<br \/>\nNAD\u011aJE ZANECH, KDO MNOU UB\u00cdR\u00c1 SE!<\/p>\n<p>Ta slova d\u011bsn\u00e1 nadepsan\u00e1 tmav\u011b<br \/>\njsem uvid\u011bl tam na pr\u016f\u010del\u00ed br\u00e1ny<br \/>\na \u0159ek: &#8221;To t\u011b\u017eko srovn\u00e1v\u00e1m si v hlav\u011b!&#8221;<br \/>\nOn, jemu\u017e mnoh\u00e9 v\u011bdomosti d\u00e1ny,<br \/>\npravil: &#8221;Zde slu\u0161\u00ed nechat lst\u00ed i zmatk\u016f,<br \/>\numrtvit strach sv\u016fj a b\u00fdt odhodlan\u00fd!<br \/>\nJsme tam, kam \u0159ekl jsem, \u017ee p\u016fjdem vkr\u00e1tku,<br \/>\nbys uz\u0159el zavr\u017eenc\u016f velkou muku,<br \/>\njim\u017e rozum vzat byl, nejvy\u0161\u0161\u00ed v\u0161ech statk\u016f.&#8221;<br \/>\nA pak svou rukou stisknuv moji ruku,<br \/>\ns radost\u00ed na tv\u00e1\u0159i mn\u011b pro pot\u011bchu,<br \/>\ndo j\u00edcnu ved m\u011b tajemstv\u00ed a hluku.<br \/>\nTam bylo n\u00e1\u0159ku, v\u00fdk\u0159ik\u016f a vzdech\u016f,<br \/>\nje\u017e nesly se do bezhv\u011bzdn\u00e9ho vzduchu,<br \/>\na\u017e v slz\u00e1ch sotva popadal jsem dechu.<br \/>\nJazyky divn\u00e9, \u0159e\u010di hrozn\u00e9 suchu,<br \/>\ndivok\u00e9 sk\u0159eky, rozzu\u0159en\u00e9 \u0159van\u00ed,<br \/>\nv\u00fdskot a tleskot v\u0161ech t\u011bch b\u011bdn\u00fdch duch\u016f<br \/>\nh\u0159mot p\u016fsobily, kter\u00e9 bez ust\u00e1n\u00ed<br \/>\nvzduchem, jen\u017e bez barvy a \u010dasu, krou\u017e\u00ed<br \/>\njak p\u00edsku smr\u0161\u0165, ji\u017e vichr \u017eene pl\u00e1n\u00ed.<br \/>\nMne tak\u00e9 schv\u00e1til d\u011bs, jen\u017e se tam plou\u017e\u00ed,<br \/>\na \u0159ek jsem: &#8221;Mist\u0159e, jak\u00e9 jsou to davy?<br \/>\nJak\u00fd to lid se tady mukou sou\u017e\u00ed?&#8221;<br \/>\nTu pravil on: &#8221;Tak \u017ealostn\u011b tu tr\u00e1v\u00ed<br \/>\ntrest v\u011b\u010dn\u00fd b\u011bdn\u00e9 du\u0161e smutn\u00fdch tvor\u016f,<br \/>\nkte\u0159\u00ed si \u017eili bez hany a sl\u00e1vy.<br \/>\nJsou p\u0159idru\u017eeni k zbab\u011bl\u00e9mu sboru<br \/>\nand\u011bl\u016f, kte\u0159\u00ed jenom sebe ctili,<br \/>\nne v\u011brni Bohu, ani\u017e plni vzdoru.<br \/>\nNebe je svrhlo, by je net\u0159\u00edsnili, <br \/>\na peklo nevzalo je za sv\u00e9 u\u010dn\u011b,<br \/>\naby h\u0159\u00ed\u0161n\u00edci se jimi nepy\u0161nili.&#8221;<br \/>\nA j\u00e1: &#8221;\u00d3 mist\u0159e, co to, \u017ee tak hlu\u010dn\u011b<br \/>\nti tady b\u011bduj\u00ed a na\u0159\u00edkaj\u00ed?&#8221;<br \/>\nOn odpov\u011bd\u011bl: &#8221;Pov\u00edm ti to stru\u010dn\u011b.<br \/>\nTo t\u00edm, \u017ee smrti marn\u011b vy\u010dk\u00e1vaj\u00ed,<br \/>\nv\u0161ak \u017eit\u00ed jejich slep\u00e9 je, \u017ee st\u00e1le<br \/>\nv z\u00e1visti osud jin\u00fdch tvor\u016f maj\u00ed.<br \/>\nJim spravedlnost s l\u00e1skou nen\u00ed k chv\u00e1le,<br \/>\nna sv\u011bt\u011b s \u00factou nikdo se k nim nezn\u00e1.<br \/>\nNemluvme o nich! Hle\u010f, a poj\u010fme d\u00e1le!&#8221;<br \/>\nI vid\u011bl jsem, jak vlajka jak\u00e1s hv\u011bzdn\u00e1<br \/>\ntak rychle krou\u017e\u00edc kup\u0159edu se hnala,<br \/>\njak strhov\u00e1na do prostoru bez dna,<br \/>\na za n\u00ed v\u0159ava takov\u00e1 se brala, <br \/>\n\u017ee bych byl nev\u011b\u0159il, \u017ee lidsk\u00fdch syn\u016f<br \/>\nsmrt na sv\u011bt\u011b u\u017e tolik posb\u00edrala.<br \/>\nMnoh\u00e9ho znal jsem v onom davu st\u00edn\u016f,<br \/>\nv\u0161ak jednoho jsem zvl\u00e1\u0161t\u011b rozezn\u00e1val:<br \/>\nten pro zbab\u011blost vzdal se slavn\u00fdch \u010din\u016f.<br \/>\nTu poznal jsem, \u017ee v\u0159ava ta je n\u00e1val,<br \/>\nt\u011bch tvor\u016f n\u00e1val hnusn\u00fd, p\u0159eo\u0161kliv\u00fd,<br \/>\njen\u017e B\u016fh ni \u010f\u00e1bel za sv\u00e9 neuzn\u00e1val.<br \/>\nNebyli, b\u011bdn\u00ed, nikdy zcela \u017eivi,<br \/>\nv\u0161ak nyn\u00ed bodal je a dr\u00e1sal nah\u00e9<br \/>\nroj vos a st\u0159e\u010dk\u016f rozdr\u00e1\u017ed\u011bn\u00edm div\u00fd.<br \/>\nJim z tv\u00e1\u0159\u00ed tekly proudy krve vlah\u00e9<br \/>\na se slzami k noh\u00e1m se jim lily,<br \/>\nkde hltal hnusn\u00fd hmyz ty kapky drah\u00e9.<br \/>\nKdy\u017e kup\u0159edu jsem pohl\u00e9dl v t\u00e9 chv\u00edli,<br \/>\nu velk\u00e9 \u0159eky zhl\u00e9d jsem lid\u00ed \u0159ady <br \/>\na pravil jsem: \u00d3 poshov, mist\u0159e mil\u00fd,<br \/>\nneb r\u00e1d bych v\u011bd\u011bl, co ti lid\u00e9 v\u0161ady,<br \/>\nji\u017e na p\u0159evoz tu \u010dekaj\u00ed v tom shonu,<br \/>\njak to i v \u0161eru rozezn\u00e1v\u00e1m tady.&#8221;<br \/>\nOn odpov\u011bd\u011bl: &#8221;Pozn\u00e1\u0161 i v\u011bc onu,<br \/>\njen pose\u010dkej, a\u017e nohy na\u0161e vkro\u010d\u00ed<br \/>\nna smutn\u00e9 b\u0159ehy \u0159eky Acheronu!&#8221;<br \/>\nA j\u00e1 hned zahanben\u011b sklopil o\u010di,<br \/>\nneb jsem se b\u00e1l, \u017ee cestou k \u0159ece man\u011b<br \/>\nm\u00e1 \u0159e\u010d mu zase do my\u0161lenek sko\u010d\u00ed.<br \/>\nVtom hle, k n\u00e1m po hladin\u011b vodn\u00ed pl\u00e1n\u011b <br \/>\n\u010dlunem se plav\u00ed sta\u0159ec b\u011blovlas\u00fd<br \/>\na vol\u00e1&#8221;! Du\u0161e, odsouzen\u00e9 k han\u011b,<br \/>\nvy nedoufejte spat\u0159it rajsk\u00e9 kr\u00e1sy!<br \/>\nNa druh\u00fd b\u0159eh v\u00e1s dopravit mn\u011b slu\u0161\u00ed,<br \/>\nkde tma a \u017e\u00e1r a mr\u00e1z je v\u011b\u010dn\u00e9 \u010dasy.<br \/>\nV\u0161ak ty, jen\u017e tady jsi svou \u017eivou du\u0161\u00ed,<br \/>\nty mrtv\u00e9 nech a odstup neprodlen\u011b!&#8221;<br \/>\nKdy\u017e jsem v\u0161ak z\u016fstal, jak bych nem\u011bl u\u0161\u00ed,<br \/>\nd\u00e1l h\u0159\u00edmal: &#8221;P\u0159i t\u00e9 \u0159eky jm\u00e9n\u011b<br \/>\nobra\u0165 se jinam ve sv\u00e9m putov\u00e1n\u00ed<br \/>\na hledej \u010dlun, jen\u017e zat\u00ed\u017een je m\u00e9n\u011b!&#8221;<br \/>\n&#8221;Charonte,&#8221; \u0159ek m\u016fj pr\u016fvodce, &#8221;nech l\u00e1n\u00ed:<br \/>\nTak cht\u011bj\u00ed tomu tam, kde v\u0161e se zm\u016f\u017ee,<br \/>\nco se jen chce. I neptej se u\u017e ani!&#8221;<\/p>\n<p><i>P\u0159elo\u017eil O. F. Babler<\/i><\/p>\n","protected":false},"excerpt":{"rendered":"<p>Italsk\u00fd b\u00e1sn\u00edk, jeden z nejv\u00fdznamn\u011bj\u0161\u00edch p\u0159edstavitel\u016f sv\u011btov\u00e9 literatury (* mezi 15. 5. a 15. 6. 1265, &#8224; 14. 9. 1321).&nbsp; Divine Comedy Princeton Dante Project BO\u017dSK\u00c1 KOMEDIE (1307&#8211;1321) 1.1 Kde v p\u016fli \u017eivot n\u00e1\u0161 je se svou pout\u00ed, proch\u00e1zet bylo mi tak temn\u00fdm lesem, \u017ee prav\u00fd sm\u011br jsem nemoh uhodnouti. Ach, trudno l\u00ed\u010dit ona m\u00edsta, [&hellip;]<\/p>\n","protected":false},"author":1,"featured_media":0,"comment_status":"open","ping_status":"open","sticky":false,"template":"","format":"standard","meta":{"site-sidebar-layout":"default","site-content-layout":"","ast-site-content-layout":"default","site-content-style":"default","site-sidebar-style":"default","ast-global-header-display":"","ast-banner-title-visibility":"","ast-main-header-display":"","ast-hfb-above-header-display":"","ast-hfb-below-header-display":"","ast-hfb-mobile-header-display":"","site-post-title":"","ast-breadcrumbs-content":"","ast-featured-img":"","footer-sml-layout":"","ast-disable-related-posts":"","theme-transparent-header-meta":"","adv-header-id-meta":"","stick-header-meta":"","header-above-stick-meta":"","header-main-stick-meta":"","header-below-stick-meta":"","astra-migrate-meta-layouts":"default","ast-page-background-enabled":"default","ast-page-background-meta":{"desktop":{"background-color":"var(--ast-global-color-5)","background-image":"","background-repeat":"repeat","background-position":"center center","background-size":"auto","background-attachment":"scroll","background-type":"","background-media":"","overlay-type":"","overlay-color":"","overlay-opacity":"","overlay-gradient":""},"tablet":{"background-color":"","background-image":"","background-repeat":"repeat","background-position":"center center","background-size":"auto","background-attachment":"scroll","background-type":"","background-media":"","overlay-type":"","overlay-color":"","overlay-opacity":"","overlay-gradient":""},"mobile":{"background-color":"","background-image":"","background-repeat":"repeat","background-position":"center center","background-size":"auto","background-attachment":"scroll","background-type":"","background-media":"","overlay-type":"","overlay-color":"","overlay-opacity":"","overlay-gradient":""}},"ast-content-background-meta":{"desktop":{"background-color":"var(--ast-global-color-4)","background-image":"","background-repeat":"repeat","background-position":"center center","background-size":"auto","background-attachment":"scroll","background-type":"","background-media":"","overlay-type":"","overlay-color":"","overlay-opacity":"","overlay-gradient":""},"tablet":{"background-color":"var(--ast-global-color-4)","background-image":"","background-repeat":"repeat","background-position":"center center","background-size":"auto","background-attachment":"scroll","background-type":"","background-media":"","overlay-type":"","overlay-color":"","overlay-opacity":"","overlay-gradient":""},"mobile":{"background-color":"var(--ast-global-color-4)","background-image":"","background-repeat":"repeat","background-position":"center center","background-size":"auto","background-attachment":"scroll","background-type":"","background-media":"","overlay-type":"","overlay-color":"","overlay-opacity":"","overlay-gradient":""}},"jetpack_post_was_ever_published":false,"_jetpack_newsletter_access":"","_jetpack_dont_email_post_to_subs":false,"_jetpack_newsletter_tier_id":0,"_jetpack_memberships_contains_paywalled_content":false,"_jetpack_memberships_contains_paid_content":false,"footnotes":""},"categories":[8],"tags":[],"class_list":["post-669","post","type-post","status-publish","format-standard","hentry","category-stari-dobri"],"jetpack_featured_media_url":"","jetpack_shortlink":"https:\/\/wp.me\/p4mLP7-aN","jetpack-related-posts":[{"id":818,"url":"https:\/\/kotrla.com\/pmpro\/2005\/02\/stari-dobri-zygmunt-krasinski-lxxii\/","url_meta":{"origin":669,"position":0},"title":"STA\u0158\u00cd DOB\u0158\u00cd: Zygmunt Krasi\u0144ski (LXXII.)","author":"Pavel Kotrla","date":"13.2.2005","format":false,"excerpt":"Knihy ze Salonn\u00ed bibliot\u00e9hy J. Otty pat\u0159\u00ed k t\u011bm v\u011bkov\u011b nejstar\u0161\u00edm v m\u00e9 knihovn\u011b. Kniha Zygmunta Krasi\u0144sk\u00e9ho (* 19. 2. 1812, \u2020 23. 2. 1859), ze kter\u00e9 je dne\u0161n\u00ed uk\u00e1zka, je z roku 1880. Rud\u00e1 pl\u00e1t\u011bn\u00e1 ob\u00e1lka na h\u0159bet\u011b dosud nevybledla, pap\u00edr se nel\u00e1me. Um\u011bli sta\u0159\u00ed p\u00e1nov\u00e9 d\u011blat knihy! I\u2026","rel":"","context":"V \u201eSta\u0159\u00ed dob\u0159\u00ed\u201c","block_context":{"text":"Sta\u0159\u00ed dob\u0159\u00ed","link":"https:\/\/kotrla.com\/pmpro\/category\/stari-dobri\/"},"img":{"alt_text":"","src":"","width":0,"height":0},"classes":[]},{"id":693,"url":"https:\/\/kotrla.com\/pmpro\/2005\/08\/stari-dobri-salvatore-quasimodo-xcvii\/","url_meta":{"origin":669,"position":1},"title":"STA\u0158\u00cd DOB\u0158\u00cd: Salvatore Quasimodo (XCVII.)","author":"Pavel Kotrla","date":"28.8.2005","format":false,"excerpt":"Italsk\u00fd b\u00e1sn\u00edk (* 20. 8. 1901, \u2020 14. 6. 1968), nositel Nobelovy ceny za literaturu (1956). V\u00edce informac\u00ed na http:\/\/it.wikipedia.org\/wiki\/Salvatore_Quasimodo Apollion\u016fv zp\u011bv Pozemsk\u00e1 noci, v tv\u00e9m chladn\u00e9m ohni se mi tolikr\u00e1t zal\u00edbilo a se\u0161el jsem mezi smrteln\u00e9. A vid\u011bl jsem mu\u017ee sklon\u011bn\u00e9ho nad milen\u010din\u00fdm kl\u00ednem, jak naslouch\u00e1 sv\u00e9mu zrozen\u00ed a\u2026","rel":"","context":"V \u201eSta\u0159\u00ed dob\u0159\u00ed\u201c","block_context":{"text":"Sta\u0159\u00ed dob\u0159\u00ed","link":"https:\/\/kotrla.com\/pmpro\/category\/stari-dobri\/"},"img":{"alt_text":"","src":"","width":0,"height":0},"classes":[]},{"id":948,"url":"https:\/\/kotrla.com\/pmpro\/2004\/08\/stari-dobri-josif-brodskij-l\/","url_meta":{"origin":669,"position":2},"title":"STA\u0158\u00cd DOB\u0158\u00cd: Josif Brodskij (L.)","author":"Pavel Kotrla","date":"8.8.2004","format":false,"excerpt":"Jeden z m\u00fdch obl\u00edben\u00fdch autor\u016f (24. 5. 1940 - 28. 1. 1996). N\u011bkter\u00fdmi jeho b\u00e1sn\u011bmi jsem fascinov\u00e1n. M\u00e1m je r\u00e1d hlavn\u011b v origin\u00e1le, ale doposud jsem nenalezl odvahu je p\u0159elo\u017eit. Proto nab\u00edz\u00edm ver\u0161e z knihy \u0158\u00edmsk\u00e9 elegie, kter\u00e9 letos v zrcadlov\u00e9m dvojjazy\u010dn\u00e9m vyd\u00e1n\u00ed vydalo mal\u00e9 nakladatelstv\u00ed Opus - Kristina M\u011bd\u00edlkov\u00e1.\u2026","rel":"","context":"V \u201eSta\u0159\u00ed dob\u0159\u00ed\u201c","block_context":{"text":"Sta\u0159\u00ed dob\u0159\u00ed","link":"https:\/\/kotrla.com\/pmpro\/category\/stari-dobri\/"},"img":{"alt_text":"","src":"","width":0,"height":0},"classes":[]},{"id":768,"url":"https:\/\/kotrla.com\/pmpro\/2005\/05\/stari-dobri-frantisek-gellner-lxxxi\/","url_meta":{"origin":669,"position":3},"title":"STA\u0158\u00cd DOB\u0158\u00cd: Franti\u0161ek Gellner (LXXXI.)","author":"Pavel Kotrla","date":"1.5.2005","format":false,"excerpt":"Trocha optimismu v rozkvetl\u00e9m jaru z pera rebela neza\u0161kod\u00ed (* 19. 6. 1881, \u2020 asi z\u00e1\u0159\u00ed 1914). POSLEDN\u00cd V\u011aCI Po \u010dem kdy srdce v touze bilo z toho se nic nesplnilo. Kde moje nad\u011bje jsou dnes? S\u00e1m jsem je v\u0161echny k hrobu nes. Minula \u017eit\u00ed polovice - a bezpochyby n\u011bco\u2026","rel":"","context":"V \u201eSta\u0159\u00ed dob\u0159\u00ed\u201c","block_context":{"text":"Sta\u0159\u00ed dob\u0159\u00ed","link":"https:\/\/kotrla.com\/pmpro\/category\/stari-dobri\/"},"img":{"alt_text":"","src":"","width":0,"height":0},"classes":[]},{"id":1015,"url":"https:\/\/kotrla.com\/pmpro\/2004\/05\/stari-dobri-alexandr-blok-xxxvi\/","url_meta":{"origin":669,"position":4},"title":"STA\u0158\u00cd DOB\u0158\u00cd: Alexandr Blok (XXXVI.)","author":"Pavel Kotrla","date":"2.5.2004","format":false,"excerpt":"St\u00edn Alexandra Bloka bloudil mezi n\u00e1mi\u2026 Jak divn\u00e9, \u017ee tomuto prastar\u00e9mu \u010dlov\u011bku a v\u011b\u010dn\u00e9mu hleda\u010di, kdy\u017e zem\u0159el, bylo jen \u010dty\u0159icet jedna let Franti\u0161ek Halas (*1880 - \u20201921) ST\u00cdN My dva jsme chod\u00edvali kamsi tam \u2013 po m\u011bstech \u2013 v oknech bled\u00ed lid\u00e9 byli. J\u00e1 kr\u00e1\u010del vp\u0159edu, za mnou on, on\u2026","rel":"","context":"V \u201eSta\u0159\u00ed dob\u0159\u00ed\u201c","block_context":{"text":"Sta\u0159\u00ed dob\u0159\u00ed","link":"https:\/\/kotrla.com\/pmpro\/category\/stari-dobri\/"},"img":{"alt_text":"","src":"","width":0,"height":0},"classes":[]},{"id":946,"url":"https:\/\/kotrla.com\/pmpro\/2004\/08\/stari-dobri-jaroslav-seifert-li\/","url_meta":{"origin":669,"position":5},"title":"STA\u0158\u00cd DOB\u0158\u00cd: Jaroslav Seifert (LI.)","author":"Pavel Kotrla","date":"15.8.2004","format":false,"excerpt":"ROBINSON CRUSOE Vzpom\u00ednka hezk\u00e1 hlavou se mi m\u00edh\u00e1: jak kr\u00e1sn\u00e1 by byla jedna d\u011btsk\u00e1 kniha, kterou jsem dostal s m\u00edsou cukrl\u00e1tek; Robinson byl to a s n\u00edm \u010dern\u00fd P\u00e1tek. Nikdy bych za ni necht\u011bl knihu jinou, spal jsem s n\u00ed v\u011brn\u011b v\u017edycky pod pe\u0159inou. \u017dil jsem s n\u00ed l\u00e9ta na\u2026","rel":"","context":"V \u201eSta\u0159\u00ed dob\u0159\u00ed\u201c","block_context":{"text":"Sta\u0159\u00ed dob\u0159\u00ed","link":"https:\/\/kotrla.com\/pmpro\/category\/stari-dobri\/"},"img":{"alt_text":"","src":"","width":0,"height":0},"classes":[]}],"jetpack_sharing_enabled":true,"_links":{"self":[{"href":"https:\/\/kotrla.com\/pmpro\/wp-json\/wp\/v2\/posts\/669","targetHints":{"allow":["GET"]}}],"collection":[{"href":"https:\/\/kotrla.com\/pmpro\/wp-json\/wp\/v2\/posts"}],"about":[{"href":"https:\/\/kotrla.com\/pmpro\/wp-json\/wp\/v2\/types\/post"}],"author":[{"embeddable":true,"href":"https:\/\/kotrla.com\/pmpro\/wp-json\/wp\/v2\/users\/1"}],"replies":[{"embeddable":true,"href":"https:\/\/kotrla.com\/pmpro\/wp-json\/wp\/v2\/comments?post=669"}],"version-history":[{"count":0,"href":"https:\/\/kotrla.com\/pmpro\/wp-json\/wp\/v2\/posts\/669\/revisions"}],"wp:attachment":[{"href":"https:\/\/kotrla.com\/pmpro\/wp-json\/wp\/v2\/media?parent=669"}],"wp:term":[{"taxonomy":"category","embeddable":true,"href":"https:\/\/kotrla.com\/pmpro\/wp-json\/wp\/v2\/categories?post=669"},{"taxonomy":"post_tag","embeddable":true,"href":"https:\/\/kotrla.com\/pmpro\/wp-json\/wp\/v2\/tags?post=669"}],"curies":[{"name":"wp","href":"https:\/\/api.w.org\/{rel}","templated":true}]}}