{"id":670,"date":"2005-10-13T19:11:00","date_gmt":"2005-10-13T18:11:00","guid":{"rendered":"http:\/\/kotrla.com\/wordpress\/?p=670"},"modified":"2019-11-20T22:33:21","modified_gmt":"2019-11-20T21:33:21","slug":"dny-kdy-odchazi-pratele","status":"publish","type":"post","link":"https:\/\/kotrla.com\/pmpro\/2005\/10\/dny-kdy-odchazi-pratele\/","title":{"rendered":"Dny, kdy odch\u00e1z\u00ed p\u0159\u00e1tel\u00e9"},"content":{"rendered":"<p>Dnes jsme naposled doprovodili jednoho z p\u0159\u00e1tel, jeho\u017e ver\u0161e jste n\u011bkolikr\u00e1t mohli \u010d\u00edst i v na\u0161em \u010dasopise.<\/p>\n<p><b>JAN V\u00c1LEK<\/b><\/p>\n<p><b>Hmyz na trnech <\/b><\/p>\n<p>rozk\u0159\u00eddlil se pt\u00e1k na ostnit\u00e9 trnce<br \/>\nco p\u011bnou kv\u011bt\u016f st\u00fdsk\u00e1 trpce<br \/>\njeden r\u00e1z do roka <\/p>\n<p>rozzp\u00edval se pt\u00e1k na trnce plan\u00e9<br \/>\njak prvn\u00ed, druh\u00e9, prv\u00e9 zas, dan\u00e9<br \/>\nsh\u016fry jsou&#8230;oj, zvysoka <\/p>\n<p>p\u011bna opadne, na mez\u00edch c\u00edt\u00ed trnka v\u00e1t<br \/>\nlist\u00ed ovadne, na trnech zn\u00e1t<br \/>\njak umn\u00fd zp\u011bv stejn\u00fd i kat<\/p>\n","protected":false},"excerpt":{"rendered":"<p>Dnes jsme naposled doprovodili jednoho z p\u0159\u00e1tel, jeho\u017e ver\u0161e jste n\u011bkolikr\u00e1t mohli \u010d\u00edst i v na\u0161em \u010dasopise. JAN V\u00c1LEK Hmyz na trnech rozk\u0159\u00eddlil se pt\u00e1k na ostnit\u00e9 trnce co p\u011bnou kv\u011bt\u016f st\u00fdsk\u00e1 trpce jeden r\u00e1z do roka rozzp\u00edval se pt\u00e1k na trnce plan\u00e9 jak prvn\u00ed, druh\u00e9, prv\u00e9 zas, dan\u00e9 sh\u016fry jsou&#8230;oj, zvysoka p\u011bna opadne, na [&hellip;]<\/p>\n","protected":false},"author":1,"featured_media":0,"comment_status":"open","ping_status":"open","sticky":false,"template":"","format":"standard","meta":{"site-sidebar-layout":"default","site-content-layout":"","ast-site-content-layout":"default","site-content-style":"default","site-sidebar-style":"default","ast-global-header-display":"","ast-banner-title-visibility":"","ast-main-header-display":"","ast-hfb-above-header-display":"","ast-hfb-below-header-display":"","ast-hfb-mobile-header-display":"","site-post-title":"","ast-breadcrumbs-content":"","ast-featured-img":"","footer-sml-layout":"","ast-disable-related-posts":"","theme-transparent-header-meta":"","adv-header-id-meta":"","stick-header-meta":"","header-above-stick-meta":"","header-main-stick-meta":"","header-below-stick-meta":"","astra-migrate-meta-layouts":"default","ast-page-background-enabled":"default","ast-page-background-meta":{"desktop":{"background-color":"var(--ast-global-color-5)","background-image":"","background-repeat":"repeat","background-position":"center center","background-size":"auto","background-attachment":"scroll","background-type":"","background-media":"","overlay-type":"","overlay-color":"","overlay-opacity":"","overlay-gradient":""},"tablet":{"background-color":"","background-image":"","background-repeat":"repeat","background-position":"center center","background-size":"auto","background-attachment":"scroll","background-type":"","background-media":"","overlay-type":"","overlay-color":"","overlay-opacity":"","overlay-gradient":""},"mobile":{"background-color":"","background-image":"","background-repeat":"repeat","background-position":"center center","background-size":"auto","background-attachment":"scroll","background-type":"","background-media":"","overlay-type":"","overlay-color":"","overlay-opacity":"","overlay-gradient":""}},"ast-content-background-meta":{"desktop":{"background-color":"var(--ast-global-color-4)","background-image":"","background-repeat":"repeat","background-position":"center center","background-size":"auto","background-attachment":"scroll","background-type":"","background-media":"","overlay-type":"","overlay-color":"","overlay-opacity":"","overlay-gradient":""},"tablet":{"background-color":"var(--ast-global-color-4)","background-image":"","background-repeat":"repeat","background-position":"center center","background-size":"auto","background-attachment":"scroll","background-type":"","background-media":"","overlay-type":"","overlay-color":"","overlay-opacity":"","overlay-gradient":""},"mobile":{"background-color":"var(--ast-global-color-4)","background-image":"","background-repeat":"repeat","background-position":"center center","background-size":"auto","background-attachment":"scroll","background-type":"","background-media":"","overlay-type":"","overlay-color":"","overlay-opacity":"","overlay-gradient":""}},"jetpack_post_was_ever_published":false,"_jetpack_newsletter_access":"","_jetpack_dont_email_post_to_subs":false,"_jetpack_newsletter_tier_id":0,"_jetpack_memberships_contains_paywalled_content":false,"_jetpack_memberships_contains_paid_content":false,"footnotes":""},"categories":[2,3],"tags":[],"class_list":["post-670","post","type-post","status-publish","format-standard","hentry","category-literatura","category-osobni"],"jetpack_featured_media_url":"","jetpack_shortlink":"https:\/\/wp.me\/p4mLP7-aO","jetpack-related-posts":[{"id":847,"url":"https:\/\/kotrla.com\/pmpro\/2005\/01\/kdo-je-autorem-nasledujicich-versu-70\/","url_meta":{"origin":670,"position":0},"title":"Kdo je autorem n\u00e1sleduj\u00edc\u00edch ver\u0161\u016f? (70)","author":"Pavel Kotrla","date":"3.1.2005","format":false,"excerpt":"Zat\u00edm \u017e\u00e1dn\u00e1 odpov\u011b\u010f na ot\u00e1zku minulou. Porad\u00edme: str\u00fdc jednoho ze spr\u00e1vn\u00fdch lu\u0161titel\u016f minul\u00fdch ot\u00e1zek. :) No, a m\u00e1me tu novou b\u00e1se\u0148: Kdo je autorem? Rovnou napov\u00edd\u00e1m: autorem je \u017eena, \u010ce\u0161ka. V\u00e1noce pro dceru Lucii Obratem ruky si m\u011b tahle tepl\u00e1 zima z\u00edsk\u00e1 U\u017e ani nev\u00edm, jak vypad\u00e1 sn\u00edh b\u00edl\u00fd A\u017e\u2026","rel":"","context":"V \u201eKdo je autorem?\u201c","block_context":{"text":"Kdo je autorem?","link":"https:\/\/kotrla.com\/pmpro\/category\/kdo-je-autorem\/"},"img":{"alt_text":"","src":"","width":0,"height":0},"classes":[]},{"id":172,"url":"https:\/\/kotrla.com\/pmpro\/2011\/01\/ctenar-poezie-jaroslav-zila-v-hrudi-ptak\/","url_meta":{"origin":670,"position":1},"title":"\u010cten\u00e1\u0159 poezie: Jaroslav \u017dila &#8211; V hrudi pt\u00e1k","author":"Pavel Kotrla","date":"6.1.2011","format":false,"excerpt":"Jaroslav \u017dila byl asi prvn\u00ed b\u00e1sn\u00edk, se kter\u00fdm jsem se setkal pracovn\u011b na\u017eivo, kdy\u017e jsem s n\u00edm p\u0159ipravoval n\u011bjak\u00fd po\u0159ad pro ostravsk\u00fd rozhlas u p\u0159\u00edle\u017eitosti vyd\u00e1n\u00ed jeho b\u00e1snick\u00e9 prvotiny Dr\u00e1py kamen\u016f (1994). Vy\u0161la v nakladatelstv\u00ed Sfinga, kter\u00e9 vydalo tak\u00e9 prvn\u00ed knihy Norberta Holuba, Petra Hru\u0161ky nebo Jana Balab\u00e1na. Byl p\u0159edv\u00e1no\u010dn\u00ed\u2026","rel":"","context":"V \u201e\u010cten\u00e1\u0159sk\u00fd den\u00edk\u201c","block_context":{"text":"\u010cten\u00e1\u0159sk\u00fd den\u00edk","link":"https:\/\/kotrla.com\/pmpro\/category\/ctenarsky-denik\/"},"img":{"alt_text":"Jaroslav \u017dila - V hrudi pt\u00e1k","src":"https:\/\/i0.wp.com\/kotrla.com\/pmpro\/images\/uploads\/jaroslav_zila_v_hrudi_ptak.gif?resize=350%2C200&ssl=1","width":350,"height":200},"classes":[]},{"id":1202,"url":"https:\/\/kotrla.com\/pmpro\/2003\/10\/kdo-je-autorem-nasledujicich-versu-10\/","url_meta":{"origin":670,"position":2},"title":"Kdo je autorem n\u00e1sleduj\u00edc\u00edch ver\u0161\u016f? (10)","author":"Pavel Kotrla","date":"7.10.2003","format":false,"excerpt":"Je\u0161t\u011b st\u00e1le tu nejsem. :-) Ale pro povahy hr\u00e1\u010dsk\u00e9 tu m\u00e1me dal\u0161\u00ed h\u00e1dane\u010dku. To jsem zv\u011bdav. Autor nen\u00ed za b\u00e1sn\u00edka p\u0159\u00edli\u0161 pova\u017eov\u00e1n. Aspo\u0148 v\u011bt\u0161ina u\u010debnic o t\u00e9to skute\u010dnosti ml\u010d\u00ed. Uvid\u00edme, jak se s t\u00edm poperete. Ot\u00e1zka z\u016fst\u00e1v\u00e1 st\u00e1le stejn\u00e1: Kdo je autorem n\u00e1sleduj\u00edc\u00edch ver\u0161\u016f? \u010cernej pad\u00e1k Kdo nem\u00e1 kam se\u2026","rel":"","context":"V \u201eKdo je autorem?\u201c","block_context":{"text":"Kdo je autorem?","link":"https:\/\/kotrla.com\/pmpro\/category\/kdo-je-autorem\/"},"img":{"alt_text":"","src":"","width":0,"height":0},"classes":[]},{"id":193,"url":"https:\/\/kotrla.com\/pmpro\/2010\/08\/akvarium-tkadlena\/","url_meta":{"origin":670,"position":3},"title":"Akv\u00e1rium: Tkadlena","author":"Pavel Kotrla","date":"2.8.2010","format":false,"excerpt":"N\u011bco m\u00e1lo t\u00f3n\u016f pro tyto dny z m\u00e9ho obl\u00edben\u00e9ho alba a m\u00e9ho rusofilsk\u00e9ho \u0161upl\u00edku. St\u00e1hnout p\u00edse\u0148 v MP3 Tkadlena Zd\u00e1lo se mi, \u017ee jsem tkadlenou, co \u010dasto ve snu b\u00fdv\u00e1 mnou. Dlouho jsem nech\u00e1pal, jestli j\u00e1 se zd\u00e1m j\u00ed nebo zda ona je sen m\u016fj Ano, v\u00edm, \u017ee o tom\u2026","rel":"","context":"V \u201eOsobn\u00ed\u201c","block_context":{"text":"Osobn\u00ed","link":"https:\/\/kotrla.com\/pmpro\/category\/osobni\/"},"img":{"alt_text":"Akvarium","src":"https:\/\/i0.wp.com\/kotrla.com\/pmpro\/images\/uploads\/akvarium_cd.jpg?resize=350%2C200&ssl=1","width":350,"height":200},"classes":[]},{"id":683,"url":"https:\/\/kotrla.com\/pmpro\/2005\/09\/kdo-je-autorem-nasledujicich-versu-106\/","url_meta":{"origin":670,"position":4},"title":"Kdo je autorem n\u00e1sleduj\u00edc\u00edch ver\u0161\u016f? (106)","author":"Pavel Kotrla","date":"12.9.2005","format":false,"excerpt":"Ot\u00e1zka pro dal\u0161\u00ed pond\u011bl\u00ed. J\u00cdZDA NA KONCI \u0159eka lo\u010f pluje krajinami nebe pt\u00e1k nad n\u00ed krou\u017e\u00ed \u010darod\u011bj ukazuje mrtv\u00e9 my\u0161i tabulku na n\u00ed je ps\u00e1no: bylo mi bude bude mi bylo ale pr\u00e1v\u011b je mi b\u00fdt","rel":"","context":"V \u201eKdo je autorem?\u201c","block_context":{"text":"Kdo je autorem?","link":"https:\/\/kotrla.com\/pmpro\/category\/kdo-je-autorem\/"},"img":{"alt_text":"","src":"","width":0,"height":0},"classes":[]},{"id":702,"url":"https:\/\/kotrla.com\/pmpro\/2005\/08\/kdo-je-autorem-nasledujicich-versu-102\/","url_meta":{"origin":670,"position":5},"title":"Kdo je autorem n\u00e1sleduj\u00edc\u00edch ver\u0161\u016f? (102)","author":"Pavel Kotrla","date":"15.8.2005","format":false,"excerpt":"Minul\u00e1 stolet\u00ed u mne p\u0159\u00edli\u0161 nostalgie nevyvol\u00e1vaj\u00ed, ale \u010das od \u010dasu je t\u0159eba nakouknout i do nich. Kdy\u017e u\u017e byl tak p\u011bkn\u011b uhodnut minule Alois Jir\u00e1sek, tak je tu dal\u0161\u00ed d\u0159evn\u00ed kousek z \u010desk\u00fdh luh\u016f a h\u00e1j\u016f. Kdopak n\u00e1m to jenom napsal? Klas. Ju\u017e rychle zraji, dob\u0159e v\u00edm, a brzy\u2026","rel":"","context":"V \u201eKdo je autorem?\u201c","block_context":{"text":"Kdo je autorem?","link":"https:\/\/kotrla.com\/pmpro\/category\/kdo-je-autorem\/"},"img":{"alt_text":"","src":"","width":0,"height":0},"classes":[]}],"jetpack_sharing_enabled":true,"_links":{"self":[{"href":"https:\/\/kotrla.com\/pmpro\/wp-json\/wp\/v2\/posts\/670","targetHints":{"allow":["GET"]}}],"collection":[{"href":"https:\/\/kotrla.com\/pmpro\/wp-json\/wp\/v2\/posts"}],"about":[{"href":"https:\/\/kotrla.com\/pmpro\/wp-json\/wp\/v2\/types\/post"}],"author":[{"embeddable":true,"href":"https:\/\/kotrla.com\/pmpro\/wp-json\/wp\/v2\/users\/1"}],"replies":[{"embeddable":true,"href":"https:\/\/kotrla.com\/pmpro\/wp-json\/wp\/v2\/comments?post=670"}],"version-history":[{"count":0,"href":"https:\/\/kotrla.com\/pmpro\/wp-json\/wp\/v2\/posts\/670\/revisions"}],"wp:attachment":[{"href":"https:\/\/kotrla.com\/pmpro\/wp-json\/wp\/v2\/media?parent=670"}],"wp:term":[{"taxonomy":"category","embeddable":true,"href":"https:\/\/kotrla.com\/pmpro\/wp-json\/wp\/v2\/categories?post=670"},{"taxonomy":"post_tag","embeddable":true,"href":"https:\/\/kotrla.com\/pmpro\/wp-json\/wp\/v2\/tags?post=670"}],"curies":[{"name":"wp","href":"https:\/\/api.w.org\/{rel}","templated":true}]}}