{"id":676,"date":"2005-09-29T18:48:00","date_gmt":"2005-09-29T17:48:00","guid":{"rendered":"http:\/\/kotrla.com\/wordpress\/?p=676"},"modified":"2019-11-20T22:33:21","modified_gmt":"2019-11-20T21:33:21","slug":"jeste-jeden-prekladatelsky-tabor","status":"publish","type":"post","link":"https:\/\/kotrla.com\/pmpro\/2005\/09\/jeste-jeden-prekladatelsky-tabor\/","title":{"rendered":"Je\u0161t\u011b jeden p\u0159ekladatelsk\u00fd t\u00e1bor"},"content":{"rendered":"<p>\u010cl\u00e1nek o n\u00e1mi po\u0159\u00e1dan\u00e9m <a href=\"http:\/\/prekladatelskytabor.kotrla.com\">st\u0159edoevropsk\u00e9m p\u0159ekladatelsk\u00e9m t\u00e1boru<\/a> na <a href=\"http:\/\/www.soumar.cz\/index.php%3Fmu%3DA350%26webfull%3D3%26webcol%3D1%22+title%3D%22Soumaru.cz\">Soumaru.cz<\/a>.<\/p>\n","protected":false},"excerpt":{"rendered":"<p>\u010cl\u00e1nek o n\u00e1mi po\u0159\u00e1dan\u00e9m st\u0159edoevropsk\u00e9m p\u0159ekladatelsk\u00e9m t\u00e1boru na Soumaru.cz.<\/p>\n","protected":false},"author":1,"featured_media":0,"comment_status":"open","ping_status":"open","sticky":false,"template":"","format":"standard","meta":{"site-sidebar-layout":"default","site-content-layout":"","ast-site-content-layout":"default","site-content-style":"default","site-sidebar-style":"default","ast-global-header-display":"","ast-banner-title-visibility":"","ast-main-header-display":"","ast-hfb-above-header-display":"","ast-hfb-below-header-display":"","ast-hfb-mobile-header-display":"","site-post-title":"","ast-breadcrumbs-content":"","ast-featured-img":"","footer-sml-layout":"","ast-disable-related-posts":"","theme-transparent-header-meta":"","adv-header-id-meta":"","stick-header-meta":"","header-above-stick-meta":"","header-main-stick-meta":"","header-below-stick-meta":"","astra-migrate-meta-layouts":"default","ast-page-background-enabled":"default","ast-page-background-meta":{"desktop":{"background-color":"var(--ast-global-color-5)","background-image":"","background-repeat":"repeat","background-position":"center center","background-size":"auto","background-attachment":"scroll","background-type":"","background-media":"","overlay-type":"","overlay-color":"","overlay-opacity":"","overlay-gradient":""},"tablet":{"background-color":"","background-image":"","background-repeat":"repeat","background-position":"center center","background-size":"auto","background-attachment":"scroll","background-type":"","background-media":"","overlay-type":"","overlay-color":"","overlay-opacity":"","overlay-gradient":""},"mobile":{"background-color":"","background-image":"","background-repeat":"repeat","background-position":"center center","background-size":"auto","background-attachment":"scroll","background-type":"","background-media":"","overlay-type":"","overlay-color":"","overlay-opacity":"","overlay-gradient":""}},"ast-content-background-meta":{"desktop":{"background-color":"var(--ast-global-color-4)","background-image":"","background-repeat":"repeat","background-position":"center center","background-size":"auto","background-attachment":"scroll","background-type":"","background-media":"","overlay-type":"","overlay-color":"","overlay-opacity":"","overlay-gradient":""},"tablet":{"background-color":"var(--ast-global-color-4)","background-image":"","background-repeat":"repeat","background-position":"center center","background-size":"auto","background-attachment":"scroll","background-type":"","background-media":"","overlay-type":"","overlay-color":"","overlay-opacity":"","overlay-gradient":""},"mobile":{"background-color":"var(--ast-global-color-4)","background-image":"","background-repeat":"repeat","background-position":"center center","background-size":"auto","background-attachment":"scroll","background-type":"","background-media":"","overlay-type":"","overlay-color":"","overlay-opacity":"","overlay-gradient":""}},"jetpack_post_was_ever_published":false,"_jetpack_newsletter_access":"","_jetpack_dont_email_post_to_subs":false,"_jetpack_newsletter_tier_id":0,"_jetpack_memberships_contains_paywalled_content":false,"_jetpack_memberships_contains_paid_content":false,"footnotes":""},"categories":[2,3],"tags":[],"class_list":["post-676","post","type-post","status-publish","format-standard","hentry","category-literatura","category-osobni"],"jetpack_featured_media_url":"","jetpack_shortlink":"https:\/\/wp.me\/p4mLP7-aU","jetpack-related-posts":[{"id":663,"url":"https:\/\/kotrla.com\/pmpro\/2005\/10\/tabor-s-orisky-a-kyselicou\/","url_meta":{"origin":676,"position":0},"title":"T\u00e1bor s &#8222;o\u0159\u00ed\u0161ky&#8220; a kyselicou","author":"Pavel Kotrla","date":"25.10.2005","format":false,"excerpt":"Tak je\u0161t\u011b dal\u0161\u00ed vzpom\u00ednka na leto\u0161n\u00ed p\u0159ekladatelsk\u00fd t\u00e1bor. Tentokr\u00e1t od \u0160t\u011bp\u00e1na Bal\u00edka. Vy\u0161la v 44. \u010d\u00edsle T\u00fdden\u00edku Rozhlas.","rel":"","context":"V \u201eLiteratura\u201c","block_context":{"text":"Literatura","link":"https:\/\/kotrla.com\/pmpro\/category\/literatura\/"},"img":{"alt_text":"T\u00e1bor s \u201eo\u0159\u00ed\u0161ky\u201c a kyselicou","src":"https:\/\/i0.wp.com\/kotrla.com\/pmpro\/images\/uploads\/balik_tabor_2005.jpg?resize=350%2C200&ssl=1","width":350,"height":200},"classes":[]},{"id":149,"url":"https:\/\/kotrla.com\/pmpro\/2011\/06\/stredoevropsky-prekladatelsky-tabor\/","url_meta":{"origin":676,"position":1},"title":"St\u0159edoevropsk\u00fd p\u0159ekladatelsk\u00fd t\u00e1bor","author":"Pavel Kotrla","date":"7.6.2011","format":false,"excerpt":"IV. ro\u010dn\u00edk. Po p\u011btilet\u00e9 pauze. St\u00e1le jsme v\u00e1hali. Ale nakonec jste n\u00e1s p\u0159esv\u011bd\u010dili. Ne\u017e jsem sta\u010dil zaktualizovat str\u00e1nky, tak m\u00e1me plno :) http:\/\/prekladatelskytabor.kotrla.com\/ (P\u0159\u00edpadn\u00ed z\u00e1jemci nech\u0165 se ozvou Tom\u00e1\u0161 Va\u0161utovi. Uvid\u00edme, zda se d\u00e1 je\u0161t\u011b n\u011bco podniknout.)","rel":"","context":"V \u201eLiteratura\u201c","block_context":{"text":"Literatura","link":"https:\/\/kotrla.com\/pmpro\/category\/literatura\/"},"img":{"alt_text":"","src":"","width":0,"height":0},"classes":[]},{"id":689,"url":"https:\/\/kotrla.com\/pmpro\/2005\/09\/prekladatelsky-tabor-2005\/","url_meta":{"origin":676,"position":2},"title":"P\u0159ekladatelsk\u00fd t\u00e1bor 2005","author":"Pavel Kotrla","date":"4.9.2005","format":false,"excerpt":"Tak aspo\u0148 jedna na \u00favod, dal\u0161\u00ed v pr\u016fb\u011bhu n\u00e1sleduj\u00edc\u00edch dn\u016f na str\u00e1nce t\u00e1bora: http:\/\/prekladatelskytabor.kotrla.com","rel":"","context":"V \u201eLiteratura\u201c","block_context":{"text":"Literatura","link":"https:\/\/kotrla.com\/pmpro\/category\/literatura\/"},"img":{"alt_text":"P\u0159ekladatelsk\u00fd t\u00e1bor 2005","src":"https:\/\/i0.wp.com\/kotrla.com\/pmpro\/images\/uploads\/tabor_2005_prvni.jpg?resize=350%2C200&ssl=1","width":350,"height":200},"classes":[]},{"id":533,"url":"https:\/\/kotrla.com\/pmpro\/2006\/08\/prekladatelsky-tabor-2006-aktualizace\/","url_meta":{"origin":676,"position":3},"title":"P\u0159ekladatelsk\u00fd t\u00e1bor 2006: aktualizace","author":"Pavel Kotrla","date":"7.8.2006","format":false,"excerpt":"Byly zaktualizov\u00e1ny str\u00e1nky leto\u0161n\u00edho p\u0159ekladatelsk\u00e9ho t\u00e1bora: http:\/\/prekladatelskytabor.kotrla.com\/index.php","rel":"","context":"V \u201eLiteratura\u201c","block_context":{"text":"Literatura","link":"https:\/\/kotrla.com\/pmpro\/category\/literatura\/"},"img":{"alt_text":"P\u0159ekladatelsk\u00fd t\u00e1bor 2005","src":"https:\/\/i0.wp.com\/kotrla.com\/pmpro\/images\/uploads\/tabor_2005_stany.jpg?resize=350%2C200&ssl=1","width":350,"height":200},"classes":[]},{"id":526,"url":"https:\/\/kotrla.com\/pmpro\/2006\/09\/tabor-je-za-nami\/","url_meta":{"origin":676,"position":4},"title":"T\u00e1bor je za n\u00e1mi","author":"Pavel Kotrla","date":"3.9.2006","format":false,"excerpt":"Vyda\u0159il se. N\u011bkte\u0159\u00ed z \u00fa\u010dastn\u00edku leto\u0161n\u00edho t\u00e1bora.","rel":"","context":"V \u201eLiteratura\u201c","block_context":{"text":"Literatura","link":"https:\/\/kotrla.com\/pmpro\/category\/literatura\/"},"img":{"alt_text":"image","src":"https:\/\/i0.wp.com\/kotrla.com\/pmpro\/images\/uploads\/tabor_2006.jpg?resize=350%2C200&ssl=1","width":350,"height":200},"classes":[]},{"id":479,"url":"https:\/\/kotrla.com\/pmpro\/2007\/02\/potapec-v-tisku-a-televizi\/","url_meta":{"origin":676,"position":5},"title":"Pot\u00e1p\u011b\u010d v tisku a televizi","author":"Pavel Kotrla","date":"13.2.2007","format":false,"excerpt":"V posledn\u00edch dnech Pot\u00e1p\u011b\u010d zaujal p\u00e1r zb\u00fdvaj\u00edc\u00edch ne\u0161\u0165astn\u00edk\u016f, kte\u0159\u00ed je\u0161t\u011b \u010dtou literaturu. Nejprve v tisku. Mal\u00fd \u010dl\u00e1nek ve V\u00edkendu Hospod\u00e1\u0159sk\u00fdch novin. A pak je tu n\u011bco m\u00e9ho pov\u00edd\u00e1n\u00ed o elektronick\u00e9 literatu\u0159e pro \u010ceskou televizi. Na tom nat\u00e1\u010den\u00ed byl nejzaj\u00edmav\u011bj\u0161\u00ed technologick\u00fd pokrok, kter\u00fd se dotkl mask\u00e9rny. Odli\u010dov\u00e1n\u00ed nyn\u00ed prob\u00edh\u00e1 n\u00e1m n\u011bkter\u00fdm\u2026","rel":"","context":"V \u201eInternet\u201c","block_context":{"text":"Internet","link":"https:\/\/kotrla.com\/pmpro\/category\/internet\/"},"img":{"alt_text":"","src":"","width":0,"height":0},"classes":[]}],"jetpack_sharing_enabled":true,"_links":{"self":[{"href":"https:\/\/kotrla.com\/pmpro\/wp-json\/wp\/v2\/posts\/676","targetHints":{"allow":["GET"]}}],"collection":[{"href":"https:\/\/kotrla.com\/pmpro\/wp-json\/wp\/v2\/posts"}],"about":[{"href":"https:\/\/kotrla.com\/pmpro\/wp-json\/wp\/v2\/types\/post"}],"author":[{"embeddable":true,"href":"https:\/\/kotrla.com\/pmpro\/wp-json\/wp\/v2\/users\/1"}],"replies":[{"embeddable":true,"href":"https:\/\/kotrla.com\/pmpro\/wp-json\/wp\/v2\/comments?post=676"}],"version-history":[{"count":0,"href":"https:\/\/kotrla.com\/pmpro\/wp-json\/wp\/v2\/posts\/676\/revisions"}],"wp:attachment":[{"href":"https:\/\/kotrla.com\/pmpro\/wp-json\/wp\/v2\/media?parent=676"}],"wp:term":[{"taxonomy":"category","embeddable":true,"href":"https:\/\/kotrla.com\/pmpro\/wp-json\/wp\/v2\/categories?post=676"},{"taxonomy":"post_tag","embeddable":true,"href":"https:\/\/kotrla.com\/pmpro\/wp-json\/wp\/v2\/tags?post=676"}],"curies":[{"name":"wp","href":"https:\/\/api.w.org\/{rel}","templated":true}]}}