{"id":69,"date":"2012-12-02T21:07:44","date_gmt":"2012-12-02T20:07:44","guid":{"rendered":"http:\/\/kotrla.com\/wordpress\/?p=69"},"modified":"2019-11-20T22:44:27","modified_gmt":"2019-11-20T21:44:27","slug":"misto-pro-experiment","status":"publish","type":"post","link":"https:\/\/kotrla.com\/pmpro\/2012\/12\/misto-pro-experiment\/","title":{"rendered":"M\u00edsto pro experiment"},"content":{"rendered":"<p><a href=\"http:\/\/kloaka.membrana.sk\/\"><img loading=\"lazy\" decoding=\"async\" src=\"https:\/\/kotrla.com\/pmpro\/images\/uploads\/kloaka.jpg\" alt=\"image\" width=\"420\" height=\"272\" border=\"0\" \/><\/a><\/p>\n<p><i>ps\u00e1no pro <a href=\"http:\/\/www.casopis.hostbrno.cz\/\">Host<\/a> 02\/2012<\/i><\/p>\n<p>\u010cesk\u00e1 liter\u00e1rn\u00ed sc\u00e9na \u010dasopisy v\u011bnovan\u00e9 p\u0159ev\u00e1\u017en\u011b poezii skute\u010dn\u011b nepostr\u00e1d\u00e1. Je zde <a href=\"http:\/\/www.psivino.cz\">Ps\u00ed v\u00edno<\/a>, kter\u00e9 m\u00e1 st\u00e1le podtitul \u201e\u010casopis pro sou\u010dasnou poezii\u201c, by\u0165 za dobu sv\u00e9 existence prod\u011blalo v\u00edce prom\u011bn. Z internetov\u00fdch projekt\u016f je zde minim\u00e1ln\u011b <a href=\"http:\/\/www.divokevino.cz\">Divok\u00e9 v\u00edno<\/a>. Vzpomene si je\u0161t\u011b n\u011bkdo na \u010dasopis Obratn\u00edk? \u010casopis, kter\u00fd by byl v\u011bnov\u00e1n pouze experiment\u00e1ln\u00ed poezii, v\u0161ak nem\u00e1me. P\u016fvodn\u011b jsem se domn\u00edval, \u017ee s rozvojem internetu a jeho mo\u017enostmi za\u017eije experiment\u00e1ln\u00ed poezie svou renesanci, \u010di sp\u00ed\u0161 nov\u00fd vzmach, ale nic tomu nenasv\u011bd\u010duje.<br \/>\nNa slovensk\u00fd magaz\u00edn <a href=\"http:\/\/kloaka.membrana.sk\">Kloaka<\/a> pro experiment\u00e1ln\u00ed a nekonven\u010dn\u00ed tvorbu, vyd\u00e1van\u00fd sdru\u017een\u00edm Literis, jsem poprv\u00e9 narazil v roce 2010 a od t\u00e9 doby pat\u0159\u00edm k jeho pravideln\u00fdm \u010dten\u00e1\u0159\u016fm, nebo\u0165 jeho doposud vydan\u00e1 \u010d\u00edsla jsou k dispozici tak\u00e9 ke sta\u017een\u00ed ve form\u00e1tu pdf. \u010casopis sice vych\u00e1z\u00ed i v ti\u0161t\u011bn\u00e9 podob\u011b, ale p\u0159izn\u00e1v\u00e1m, \u017ee tu jsem v rukou doposud nem\u011bl. I p\u0159es v\u00fdlu\u010dn\u00e9 zam\u011b\u0159en\u00ed se redak\u010dn\u00edmu kolektivu da\u0159\u00ed \u010dasopis vyd\u00e1vat druh\u00fdm rokem, co\u017e p\u0159ekonalo m\u00e9 o\u010dek\u00e1v\u00e1n\u00ed. Krom\u011b poezie dost\u00e1vaj\u00ed prostor i dal\u0161\u00ed obvykl\u00e9 \u010dasopiseck\u00e9 form\u00e1ty, rozhovory, eseje, recenze. A u experiment\u00e1ln\u00ed poezie nep\u0159ekvap\u00ed, \u017ee d\u016fle\u017eitou roli hraje i v\u00fdtvarn\u00e1 slo\u017eka. Krom samotn\u00e9ho periodika naleznete na str\u00e1nk\u00e1ch i dal\u0161\u00ed informace o d\u011bn\u00ed spjat\u00e9m s \u010dasopisem a experiment\u00e1ln\u00ed poezi\u00ed nebo tak\u00e9 experiment\u00e1ln\u00ed sb\u00edrku Energy Kamila Zbru\u017ee.<br \/>\nV dob\u011b psan\u00ed m\u00e9ho \u201etipu\u201c byla na str\u00e1nk\u00e1ch zve\u0159ejn\u011bna i ochutn\u00e1vka z p\u0159\u00ed\u0161t\u00edho \u010d\u00edsla v podob\u011b recenze na b\u00e1snickou sb\u00edrku Ond\u0159eje Buddeuse 50 007 znak\u016f v\u010detn\u011b mezer. M\u016f\u017ee n\u00e1s t\u011b\u0161it, \u017ee reflektov\u00e1na je tak i zcela aktu\u00e1ln\u00ed tvorba z \u010desk\u00e9ho prost\u0159ed\u00ed, nav\u00edc takov\u00e1, kter\u00e1 za pozornost skute\u010dn\u011b stoj\u00ed.<br \/>\n\u010casopis mo\u017en\u00e1 nezaujme v\u0161echny \u010dten\u00e1\u0159e a pravd\u011bpodobn\u011b na to ani neaspiruje, nicm\u00e9n\u011b pro sezn\u00e1men\u00ed se s jedn\u00edm sm\u011brem v\u00fdvoje poezie m\u016f\u017ee b\u00fdt n\u00e1v\u0161t\u011bva jeho str\u00e1nek u\u017eite\u010dn\u00e1.<\/p>\n","protected":false},"excerpt":{"rendered":"<p>ps\u00e1no pro Host 02\/2012 \u010cesk\u00e1 liter\u00e1rn\u00ed sc\u00e9na \u010dasopisy v\u011bnovan\u00e9 p\u0159ev\u00e1\u017en\u011b poezii skute\u010dn\u011b nepostr\u00e1d\u00e1. Je zde Ps\u00ed v\u00edno, kter\u00e9 m\u00e1 st\u00e1le podtitul \u201e\u010casopis pro sou\u010dasnou poezii\u201c, by\u0165 za dobu sv\u00e9 existence prod\u011blalo v\u00edce prom\u011bn. Z internetov\u00fdch projekt\u016f je zde minim\u00e1ln\u011b Divok\u00e9 v\u00edno. Vzpomene si je\u0161t\u011b n\u011bkdo na \u010dasopis Obratn\u00edk? \u010casopis, kter\u00fd by byl v\u011bnov\u00e1n pouze experiment\u00e1ln\u00ed [&hellip;]<\/p>\n","protected":false},"author":1,"featured_media":0,"comment_status":"open","ping_status":"open","sticky":false,"template":"","format":"standard","meta":{"site-sidebar-layout":"default","site-content-layout":"","ast-site-content-layout":"default","site-content-style":"default","site-sidebar-style":"default","ast-global-header-display":"","ast-banner-title-visibility":"","ast-main-header-display":"","ast-hfb-above-header-display":"","ast-hfb-below-header-display":"","ast-hfb-mobile-header-display":"","site-post-title":"","ast-breadcrumbs-content":"","ast-featured-img":"","footer-sml-layout":"","ast-disable-related-posts":"","theme-transparent-header-meta":"","adv-header-id-meta":"","stick-header-meta":"","header-above-stick-meta":"","header-main-stick-meta":"","header-below-stick-meta":"","astra-migrate-meta-layouts":"default","ast-page-background-enabled":"default","ast-page-background-meta":{"desktop":{"background-color":"var(--ast-global-color-5)","background-image":"","background-repeat":"repeat","background-position":"center center","background-size":"auto","background-attachment":"scroll","background-type":"","background-media":"","overlay-type":"","overlay-color":"","overlay-opacity":"","overlay-gradient":""},"tablet":{"background-color":"","background-image":"","background-repeat":"repeat","background-position":"center center","background-size":"auto","background-attachment":"scroll","background-type":"","background-media":"","overlay-type":"","overlay-color":"","overlay-opacity":"","overlay-gradient":""},"mobile":{"background-color":"","background-image":"","background-repeat":"repeat","background-position":"center center","background-size":"auto","background-attachment":"scroll","background-type":"","background-media":"","overlay-type":"","overlay-color":"","overlay-opacity":"","overlay-gradient":""}},"ast-content-background-meta":{"desktop":{"background-color":"var(--ast-global-color-4)","background-image":"","background-repeat":"repeat","background-position":"center center","background-size":"auto","background-attachment":"scroll","background-type":"","background-media":"","overlay-type":"","overlay-color":"","overlay-opacity":"","overlay-gradient":""},"tablet":{"background-color":"var(--ast-global-color-4)","background-image":"","background-repeat":"repeat","background-position":"center center","background-size":"auto","background-attachment":"scroll","background-type":"","background-media":"","overlay-type":"","overlay-color":"","overlay-opacity":"","overlay-gradient":""},"mobile":{"background-color":"var(--ast-global-color-4)","background-image":"","background-repeat":"repeat","background-position":"center center","background-size":"auto","background-attachment":"scroll","background-type":"","background-media":"","overlay-type":"","overlay-color":"","overlay-opacity":"","overlay-gradient":""}},"jetpack_post_was_ever_published":false,"_jetpack_newsletter_access":"","_jetpack_dont_email_post_to_subs":false,"_jetpack_newsletter_tier_id":0,"_jetpack_memberships_contains_paywalled_content":false,"_jetpack_memberships_contains_paid_content":false,"footnotes":""},"categories":[9,2,10],"tags":[],"class_list":["post-69","post","type-post","status-publish","format-standard","hentry","category-internet","category-literatura","category-sloupky-pro-host"],"jetpack_featured_media_url":"","jetpack_shortlink":"https:\/\/wp.me\/p4mLP7-17","jetpack-related-posts":[{"id":396,"url":"https:\/\/kotrla.com\/pmpro\/2007\/11\/ctenar-casopisu-ctenar-poezie-wagon-iii2007\/","url_meta":{"origin":69,"position":0},"title":"\u010cten\u00e1\u0159 \u010dasopis\u016f &#8211; \u010dten\u00e1\u0159 poezie: Wagon III\/2007","author":"Pavel Kotrla","date":"29.11.2007","format":false,"excerpt":"\u00dactyhodn\u00fd po\u010din se poda\u0159il redakci on-line liter\u00e1rn\u00edho almanachu Wagon. Jeho leto\u0161n\u00ed t\u0159et\u00ed \u010d\u00edslo je v\u011bnov\u00e1no p\u0159ev\u00e1\u017en\u011b \u010desk\u00e9 experiment\u00e1ln\u00ed poezii a m\u00e1 557(!) stran. Vizu\u00e1ln\u011b-poetick\u00e9 orgie. Taky dlouho trv\u00e1, ne\u017e se t\u00edm \u010dlov\u011bk prokou\u0161e. T\u00e9ma je pojedn\u00e1no opravdu \u0161iroce. Neomezuje se pouze na historickou exkurzi, ale p\u0159in\u00e1\u0161\u00ed i tvorbu autor\u016f sou\u010dasn\u00fdch.\u2026","rel":"","context":"V \u201e\u010cten\u00e1\u0159sk\u00fd den\u00edk\u201c","block_context":{"text":"\u010cten\u00e1\u0159sk\u00fd den\u00edk","link":"https:\/\/kotrla.com\/pmpro\/category\/ctenarsky-denik\/"},"img":{"alt_text":"Wagon 3\/2007","src":"https:\/\/i0.wp.com\/kotrla.com\/pmpro\/images\/uploads\/wagon_3_07.png?resize=350%2C200&ssl=1","width":350,"height":200},"classes":[]},{"id":214,"url":"https:\/\/kotrla.com\/pmpro\/2010\/04\/kloaka-1-22010\/","url_meta":{"origin":69,"position":1},"title":"Kloaka 1-2\/2010","author":"Pavel Kotrla","date":"22.4.2010","format":false,"excerpt":"Tento t\u00fdden jsem poprv\u00e9 narazil na slovensk\u00fd magaz\u00edn experiment\u00e1ln\u00ed a nekonven\u010dn\u00ed tvorby, jeho\u017e prvn\u00ed v\u00edce ne\u017e stostr\u00e1nkov\u00e9 dvoj\u010d\u00edslo si v PDF m\u016f\u017eete st\u00e1hnou na adrese http:\/\/kloaka.membrana.sk. Nejv\u011bt\u0161\u00ed prostor dostala poezie (v\u010detn\u011b tvorby \u010desk\u00fdch autor\u016f), ale \u010d\u00edslo p\u0159in\u00e1\u0161\u00ed i rozhovor, teoretick\u00e9 texty, recenzi, pr\u00f3zu. Pravdou je, \u017ee ne v\u0161echny texty mne\u2026","rel":"","context":"V \u201e\u010cten\u00e1\u0159sk\u00fd den\u00edk\u201c","block_context":{"text":"\u010cten\u00e1\u0159sk\u00fd den\u00edk","link":"https:\/\/kotrla.com\/pmpro\/category\/ctenarsky-denik\/"},"img":{"alt_text":"Kloaka","src":"https:\/\/i0.wp.com\/kotrla.com\/pmpro\/images\/uploads\/kloaka.gif?resize=350%2C200&ssl=1","width":350,"height":200},"classes":[]},{"id":1366,"url":"https:\/\/kotrla.com\/pmpro\/2003\/04\/psi-vino-242003\/","url_meta":{"origin":69,"position":2},"title":"Ps\u00ed v\u00edno 24\/2003","author":"Pavel Kotrla","date":"19.4.2003","format":false,"excerpt":"Kdy\u017e jsem se p\u0159ed n\u011bkolika lety poprv\u00e9 setkal s vydavatelem Ps\u00edho v\u00edna, b\u00e1sn\u00edkem, v\u00fdtvarn\u00edkem a kulturn\u00edm organiz\u00e1torem Jaroslavem Kovandou, tak m\u016fj prvn\u00ed pocit byl rozpa\u010dit\u00fd. Vinu na tom nesu p\u0159edev\u0161\u00edm j\u00e1, proto\u017ee jsem nev\u011b\u0159il jeho up\u0159\u00edmnosti, se kterou ji\u017e tehdy nab\u00edzel spolupr\u00e1ci. Texty ji\u017e m\u011bly v existenci drobn\u00fd n\u00e1skok, kter\u00fd\u2026","rel":"","context":"V \u201eNeza\u0159azen\u00e9\u201c","block_context":{"text":"Neza\u0159azen\u00e9","link":"https:\/\/kotrla.com\/pmpro\/category\/nezarazene\/"},"img":{"alt_text":"","src":"","width":0,"height":0},"classes":[]},{"id":197,"url":"https:\/\/kotrla.com\/pmpro\/2010\/07\/na-hrbete-delfina\/","url_meta":{"origin":69,"position":3},"title":"Na h\u0159bet\u011b delf\u00edna","author":"Pavel Kotrla","date":"25.7.2010","format":false,"excerpt":"ps\u00e1no pro Host 6\/2010 Portfolio rusk\u00fdch liter\u00e1rn\u00edch \u010dasopis\u016f mne asi nikdy nep\u0159estane udivovat, ostatn\u011b z\u00e1kladn\u00ed p\u0159ehled sami m\u016f\u017eete z\u00edskat na serveru \u0416\u0443\u0440\u043d\u0430\u043b\u044c\u043d\u044b\u0439 \u0437\u0430\u043b, kter\u00fd p\u0159in\u00e1\u0161\u00ed informace o n\u011bkter\u00fdch z nich a kter\u00fd je z\u00e1rove\u0148 jejich virtu\u00e1ln\u00edm archivem. Je to st\u00e1le velk\u00e1 zem\u011b\u2026 Kdy\u017e legend\u00e1rn\u00ed b\u00e1sn\u00edk Ari\u00f3n z M\u00e9thymny vezen na\u2026","rel":"","context":"V \u201eInternet\u201c","block_context":{"text":"Internet","link":"https:\/\/kotrla.com\/pmpro\/category\/internet\/"},"img":{"alt_text":"image","src":"https:\/\/i0.wp.com\/kotrla.com\/pmpro\/images\/uploads\/arion.gif?resize=350%2C200&ssl=1","width":350,"height":200},"classes":[]},{"id":229,"url":"https:\/\/kotrla.com\/pmpro\/2010\/01\/nejlepsi-fotograficky-a-nejlepsi-literarni-casopis-roku-2009\/","url_meta":{"origin":69,"position":4},"title":"Nejlep\u0161\u00ed fotografick\u00fd a nejlep\u0161\u00ed liter\u00e1rn\u00ed \u010dasopis roku 2009","author":"Pavel Kotrla","date":"13.1.2010","format":false,"excerpt":"\u017deb\u0159\u00ed\u010dky popul\u00e1rnosti jsou v\u017edycky o\u0161emetn\u00e9. Ale koneckonc\u016f, kde jinde bych m\u011bl prezentovat sv\u016fj n\u00e1zor ne\u017e zde ;) Shodou okolnost\u00ed je to pro mne jeden a t\u00fd\u017e \u010dasopis: Host. Po z\u00e1niku \u010dasopis\u016f PhotoArt a Magaz\u00ednu Fotografie se portfolio \u010dasopis\u016f smrsklo, a tak m\u00e1me DigiFoto, FotoVideo, Digit\u00e1ln\u00ed foto a PhotoLife. V\u011bt\u0161\u00ed \u010d\u00e1st\u2026","rel":"","context":"V \u201e\u010cten\u00e1\u0159sk\u00fd den\u00edk\u201c","block_context":{"text":"\u010cten\u00e1\u0159sk\u00fd den\u00edk","link":"https:\/\/kotrla.com\/pmpro\/category\/ctenarsky-denik\/"},"img":{"alt_text":"\u010dasopis Host","src":"https:\/\/i0.wp.com\/kotrla.com\/pmpro\/images\/uploads\/host_2010_10.jpg?resize=350%2C200&ssl=1","width":350,"height":200},"classes":[]},{"id":332,"url":"https:\/\/kotrla.com\/pmpro\/2008\/08\/z-bloku-03-binarni-svetlo-binarni-tma\/","url_meta":{"origin":69,"position":5},"title":"Z bloku 03: Bin\u00e1rn\u00ed sv\u011btlo, bin\u00e1rn\u00ed tma","author":"Pavel Kotrla","date":"15.8.2008","format":false,"excerpt":"Sloupek vy\u0161el v Tvaru \u010d. 13 (27.06.2008) Svou malou m\u011brou se pod\u00edl\u00edm na vyd\u00e1v\u00e1n\u00ed Aluze (http:\/\/aluze.cz), revue pro literaturu, filozofii a jin\u00e9, o kter\u00e9m pravd\u011bpodobn\u011b \u010d\u00e1st \u010dten\u00e1\u0159\u016f Tvaru minim\u00e1ln\u011b zaslechla. V lo\u0148sk\u00e9m roce do\u0161lo k drobn\u00e9 metamorf\u00f3ze. Jej\u00ed ti\u0161t\u011bn\u00e1 podoba zanikla a nyn\u00ed vych\u00e1z\u00ed jen v elektronick\u00e9 podob\u011b. Okolnosti, kter\u00e9\u2026","rel":"","context":"V \u201eSloupky pro Tvar\u201c","block_context":{"text":"Sloupky pro Tvar","link":"https:\/\/kotrla.com\/pmpro\/category\/sloupky-pro-tvar\/"},"img":{"alt_text":"","src":"","width":0,"height":0},"classes":[]}],"jetpack_sharing_enabled":true,"_links":{"self":[{"href":"https:\/\/kotrla.com\/pmpro\/wp-json\/wp\/v2\/posts\/69","targetHints":{"allow":["GET"]}}],"collection":[{"href":"https:\/\/kotrla.com\/pmpro\/wp-json\/wp\/v2\/posts"}],"about":[{"href":"https:\/\/kotrla.com\/pmpro\/wp-json\/wp\/v2\/types\/post"}],"author":[{"embeddable":true,"href":"https:\/\/kotrla.com\/pmpro\/wp-json\/wp\/v2\/users\/1"}],"replies":[{"embeddable":true,"href":"https:\/\/kotrla.com\/pmpro\/wp-json\/wp\/v2\/comments?post=69"}],"version-history":[{"count":0,"href":"https:\/\/kotrla.com\/pmpro\/wp-json\/wp\/v2\/posts\/69\/revisions"}],"wp:attachment":[{"href":"https:\/\/kotrla.com\/pmpro\/wp-json\/wp\/v2\/media?parent=69"}],"wp:term":[{"taxonomy":"category","embeddable":true,"href":"https:\/\/kotrla.com\/pmpro\/wp-json\/wp\/v2\/categories?post=69"},{"taxonomy":"post_tag","embeddable":true,"href":"https:\/\/kotrla.com\/pmpro\/wp-json\/wp\/v2\/tags?post=69"}],"curies":[{"name":"wp","href":"https:\/\/api.w.org\/{rel}","templated":true}]}}