{"id":717,"date":"2005-07-20T21:01:00","date_gmt":"2005-07-20T20:01:00","guid":{"rendered":"http:\/\/kotrla.com\/wordpress\/?p=717"},"modified":"2019-11-20T22:33:25","modified_gmt":"2019-11-20T21:33:25","slug":"kniha-kterou-jsem-nebyl-schopen-docist","status":"publish","type":"post","link":"https:\/\/kotrla.com\/pmpro\/2005\/07\/kniha-kterou-jsem-nebyl-schopen-docist\/","title":{"rendered":"Kniha, kterou jsem nebyl schopen do\u010d\u00edst"},"content":{"rendered":"<p>Asi st\u00e1rnu. Jo, prost\u011b jak je \u010dlov\u011bku nad t\u0159icet, tak u\u017e m\u00e1 asi v\u011bkem zakalen\u00fd zrak. No, ale kn\u00ed\u017eku, kterou zde chci zm\u00ednit, bych asi nebyl schopen do\u010d\u00edst ani p\u0159ed deseti nebo patn\u00e1cti lety. Nen\u00ed to p\u0159\u00edpad Odyssea, ke kter\u00e9mu m\u00e1 \u010dlov\u011bk \u010das od \u010dasu puzen\u00ed se vracet. Je to t\u00edm, \u017ee ta kniha mi p\u0159ipad\u00e1 blb\u00e1. Na mysli m\u00e1m pr\u00f3zu <b>Nat\u00e1lie Koc\u00e1bov\u00e9 &#8211; Schola alternativa<\/b>. Kniha je p\u011bkn\u011b vypraven\u00e1, redak\u010dn\u011b dob\u0159e p\u0159ipraven\u00e1, ale prost\u011b jsem se \u00fapln\u011b minul z obsahem.<br \/>\nNic proti autorce, na fotk\u00e1ch je to hezk\u00e1 holka. Ale jestli jsou i jej\u00ed ostatn\u00ed knihy jako tato&#8230;<\/p>\n","protected":false},"excerpt":{"rendered":"<p>Asi st\u00e1rnu. Jo, prost\u011b jak je \u010dlov\u011bku nad t\u0159icet, tak u\u017e m\u00e1 asi v\u011bkem zakalen\u00fd zrak. No, ale kn\u00ed\u017eku, kterou zde chci zm\u00ednit, bych asi nebyl schopen do\u010d\u00edst ani p\u0159ed deseti nebo patn\u00e1cti lety. Nen\u00ed to p\u0159\u00edpad Odyssea, ke kter\u00e9mu m\u00e1 \u010dlov\u011bk \u010das od \u010dasu puzen\u00ed se vracet. Je to t\u00edm, \u017ee ta kniha mi [&hellip;]<\/p>\n","protected":false},"author":1,"featured_media":0,"comment_status":"open","ping_status":"open","sticky":false,"template":"","format":"standard","meta":{"site-sidebar-layout":"default","site-content-layout":"","ast-site-content-layout":"default","site-content-style":"default","site-sidebar-style":"default","ast-global-header-display":"","ast-banner-title-visibility":"","ast-main-header-display":"","ast-hfb-above-header-display":"","ast-hfb-below-header-display":"","ast-hfb-mobile-header-display":"","site-post-title":"","ast-breadcrumbs-content":"","ast-featured-img":"","footer-sml-layout":"","ast-disable-related-posts":"","theme-transparent-header-meta":"","adv-header-id-meta":"","stick-header-meta":"","header-above-stick-meta":"","header-main-stick-meta":"","header-below-stick-meta":"","astra-migrate-meta-layouts":"default","ast-page-background-enabled":"default","ast-page-background-meta":{"desktop":{"background-color":"var(--ast-global-color-5)","background-image":"","background-repeat":"repeat","background-position":"center center","background-size":"auto","background-attachment":"scroll","background-type":"","background-media":"","overlay-type":"","overlay-color":"","overlay-opacity":"","overlay-gradient":""},"tablet":{"background-color":"","background-image":"","background-repeat":"repeat","background-position":"center center","background-size":"auto","background-attachment":"scroll","background-type":"","background-media":"","overlay-type":"","overlay-color":"","overlay-opacity":"","overlay-gradient":""},"mobile":{"background-color":"","background-image":"","background-repeat":"repeat","background-position":"center center","background-size":"auto","background-attachment":"scroll","background-type":"","background-media":"","overlay-type":"","overlay-color":"","overlay-opacity":"","overlay-gradient":""}},"ast-content-background-meta":{"desktop":{"background-color":"var(--ast-global-color-4)","background-image":"","background-repeat":"repeat","background-position":"center center","background-size":"auto","background-attachment":"scroll","background-type":"","background-media":"","overlay-type":"","overlay-color":"","overlay-opacity":"","overlay-gradient":""},"tablet":{"background-color":"var(--ast-global-color-4)","background-image":"","background-repeat":"repeat","background-position":"center center","background-size":"auto","background-attachment":"scroll","background-type":"","background-media":"","overlay-type":"","overlay-color":"","overlay-opacity":"","overlay-gradient":""},"mobile":{"background-color":"var(--ast-global-color-4)","background-image":"","background-repeat":"repeat","background-position":"center center","background-size":"auto","background-attachment":"scroll","background-type":"","background-media":"","overlay-type":"","overlay-color":"","overlay-opacity":"","overlay-gradient":""}},"jetpack_post_was_ever_published":false,"_jetpack_newsletter_access":"","_jetpack_dont_email_post_to_subs":false,"_jetpack_newsletter_tier_id":0,"_jetpack_memberships_contains_paywalled_content":false,"_jetpack_memberships_contains_paid_content":false,"footnotes":""},"categories":[6,2],"tags":[],"class_list":["post-717","post","type-post","status-publish","format-standard","hentry","category-ctenarsky-denik","category-literatura"],"jetpack_featured_media_url":"","jetpack_shortlink":"https:\/\/wp.me\/p4mLP7-bz","jetpack-related-posts":[{"id":202,"url":"https:\/\/kotrla.com\/pmpro\/2010\/06\/ostravska-bila-kniha\/","url_meta":{"origin":717,"position":0},"title":"Ostravsk\u00e1 B\u00edl\u00e1 kniha","author":"Pavel Kotrla","date":"18.6.2010","format":false,"excerpt":"Nejsem m\u011bstsk\u00fd typ. Prahu r\u00e1d nem\u00e1m, Olomouc mi k srdci p\u0159\u00edli\u0161 nep\u0159irostla, ostan\u00edmi s\u00eddly jen proj\u00ed\u017ed\u00edm, malom\u011bsta nepo\u010d\u00edt\u00e1m. Mo\u017en\u00e1 tak je\u0161t\u011b z m\u00e9ho pohledu toleruju venkovsky rustik\u00e1ln\u00ed Brno. Nakonec je (\u010di sp\u00ed\u0161e byla) Ostrava asi jedin\u00e9 velk\u00e9 m\u011bsto, se kter\u00fdm jsem byl ochoten se sm\u00ed\u0159it (Amsterodam tu nem\u00e1me). Asi hlavn\u011b\u2026","rel":"","context":"V \u201eLiteratura\u201c","block_context":{"text":"Literatura","link":"https:\/\/kotrla.com\/pmpro\/category\/literatura\/"},"img":{"alt_text":"B\u00edl\u00e1 kniha ostravsk\u00e9 kultury","src":"https:\/\/i0.wp.com\/kotrla.com\/pmpro\/images\/uploads\/bila_kniha_ostravske_kultury.jpg?resize=350%2C200&ssl=1","width":350,"height":200},"classes":[]},{"id":1916,"url":"https:\/\/kotrla.com\/pmpro\/2014\/03\/ctenar-poezie-jiri-mesic-pisen-zamilovaneho-misogyna\/","url_meta":{"origin":717,"position":1},"title":"\u010cten\u00e1\u0159 poezie: Ji\u0159\u00ed M\u011bs\u00edc &#8211; P\u00edse\u0148 zamilovan\u00e9ho misogyna","author":"Pavel Kotrla","date":"31.3.2014","format":false,"excerpt":"V sobotu 30. b\u0159ezna se ve Vala\u0161sk\u00e9m Mezi\u0159\u00ed\u010d\u00ed p\u0159ed zapln\u011bnou Schlattauerovou kav\u00e1rnou uskute\u010dnil k\u0159est b\u00e1snick\u00e9 sb\u00edrky Ji\u0159\u00edho M\u011bs\u00edce P\u00edse\u0148 zamilovan\u00e9ho misogyna, kterou vydalo nakladatelstv\u00ed Protimluv. Samotn\u00e9 vystoupen\u00ed recituj\u00edc\u00edho autora s doprovodnou kapelou bylo v\u00edc ne\u017e p\u0159\u00edjemn\u00e9 p\u0159ekvapen\u00ed. Zprost\u0159edkovat ten energi\u00ed nabit\u00fd z\u00e1\u017eitek jde pom\u011brn\u011b obt\u00ed\u017en\u011b. Bez hudebn\u00edho doprovodu to nen\u00ed\u2026","rel":"","context":"V \u201e\u010cten\u00e1\u0159sk\u00fd den\u00edk\u201c","block_context":{"text":"\u010cten\u00e1\u0159sk\u00fd den\u00edk","link":"https:\/\/kotrla.com\/pmpro\/category\/ctenarsky-denik\/"},"img":{"alt_text":"","src":"https:\/\/i0.wp.com\/kotrla.com\/pmpro\/wp-content\/uploads\/2014\/03\/krest_mesic_IMG5577-150x150.jpg?resize=350%2C200&ssl=1","width":350,"height":200,"srcset":"https:\/\/i0.wp.com\/kotrla.com\/pmpro\/wp-content\/uploads\/2014\/03\/krest_mesic_IMG5577-150x150.jpg?resize=350%2C200&ssl=1 1x, https:\/\/i0.wp.com\/kotrla.com\/pmpro\/wp-content\/uploads\/2014\/03\/krest_mesic_IMG5577-150x150.jpg?resize=525%2C300&ssl=1 1.5x"},"classes":[]},{"id":1363,"url":"https:\/\/kotrla.com\/pmpro\/2003\/04\/knizni-hlidka-na-konci-dubna\/","url_meta":{"origin":717,"position":2},"title":"Kni\u017en\u00ed hl\u00eddka na konci dubna","author":"Pavel Kotrla","date":"25.4.2003","format":false,"excerpt":"Tak jsem do\u010detl Sedmikostel\u00ed od Milo\u0161e Urbana a taky Pam\u011bti poslance parlamentu. Prvn\u00ed je lep\u0161\u00ed. Shodou n\u00e1hod jsem k tomu byl \u010d\u00e1ste\u010dn\u011b p\u0159inucen, nebo\u0165 jsem m\u00edsto nemocn\u00e9ho Jirky Hrabala m\u011bl ve Vset\u00edn\u011b moderovat besedu s t\u00edmto spisovatelem. Ta byla sice nakonec zru\u0161ena, ale aspo\u0148 mne to donutila k p\u0159e\u010dten\u00ed v\u011bt\u0161iny\u2026","rel":"","context":"V \u201eNeza\u0159azen\u00e9\u201c","block_context":{"text":"Neza\u0159azen\u00e9","link":"https:\/\/kotrla.com\/pmpro\/category\/nezarazene\/"},"img":{"alt_text":"","src":"","width":0,"height":0},"classes":[]},{"id":150,"url":"https:\/\/kotrla.com\/pmpro\/2011\/06\/martin-pecina-knihy-a-typografie\/","url_meta":{"origin":717,"position":3},"title":"Martin Pecina: Knihy a typografie","author":"Pavel Kotrla","date":"6.6.2011","format":false,"excerpt":"Minul\u00fd t\u00fdden byl na \u00falovky bohat\u00fd podobn\u011b jako ty p\u0159edchoz\u00ed a nov\u00fdch knih se se\u0161lo hned n\u011bkolik. Jednou z nich je i mnou o\u010dek\u00e1van\u00e1 nov\u00e1 kniha Knihy a typografie Martina Peciny. Vy\u0161la jako 500. publikace nakladatelstv\u00ed Host. T\u011b\u0161il jsem se na ni a o v\u00edkendu ji do\u010detl. Vzhledem k tomu,\u2026","rel":"","context":"V \u201e\u010cten\u00e1\u0159sk\u00fd den\u00edk\u201c","block_context":{"text":"\u010cten\u00e1\u0159sk\u00fd den\u00edk","link":"https:\/\/kotrla.com\/pmpro\/category\/ctenarsky-denik\/"},"img":{"alt_text":"Martin Pecina - Knihy a typografie","src":"https:\/\/i0.wp.com\/kotrla.com\/pmpro\/images\/uploads\/martin_pecina_knihy_a_typografie.jpg?resize=350%2C200&ssl=1","width":350,"height":200},"classes":[]},{"id":233,"url":"https:\/\/kotrla.com\/pmpro\/2009\/12\/moje-kniha-roku\/","url_meta":{"origin":717,"position":4},"title":"Moje kniha roku?","author":"Pavel Kotrla","date":"26.12.2009","format":false,"excerpt":"Tradi\u010dn\u00ed anketu Lidov\u00fdch novin m\u00e1m celkem r\u00e1d. Mal\u00e9 srovn\u00e1n\u00ed toho, co \u010dtou druz\u00ed a co by mi mo\u017en\u00e1 jinak uniklo je u\u017eite\u010dn\u00e9 a p\u0159\u00ednosn\u00e9. No, v\u00fdsledek leto\u0161n\u00ed ankety mne tro\u0161ku p\u0159ekvapil. Samoz\u0159ejm\u011b, z druh\u00e9ho m\u00edsta Se\u0161it\u016f m\u00e1m radost, ale z prvn\u00edho - ocen\u011bn\u00ed B\u00e1sn\u00ed a Pov\u00eddek Josefa Kostohryze - jsem\u2026","rel":"","context":"V \u201e\u010cten\u00e1\u0159sk\u00fd den\u00edk\u201c","block_context":{"text":"\u010cten\u00e1\u0159sk\u00fd den\u00edk","link":"https:\/\/kotrla.com\/pmpro\/category\/ctenarsky-denik\/"},"img":{"alt_text":"Nejlep\u0161\u00ed \u010desk\u00e9 b\u00e1sn\u011b 2009","src":"https:\/\/i0.wp.com\/kotrla.com\/pmpro\/images\/uploads\/nejlepsi_ceske_basne_2009.jpg?resize=350%2C200&ssl=1","width":350,"height":200},"classes":[]},{"id":240,"url":"https:\/\/kotrla.com\/pmpro\/2009\/11\/cetba-stare-knihy-o-knihach\/","url_meta":{"origin":717,"position":5},"title":"\u010cetba star\u00e9 knihy o knih\u00e1ch","author":"Pavel Kotrla","date":"23.11.2009","format":false,"excerpt":"M\u00e1m jednu zvl\u00e1\u0161\u0165 obl\u00edbenou, kterou jsem n\u00e1hodou kdysi koupil v antikvari\u00e1tu za neoby\u010dejn\u011b dobr\u00fd pen\u00edz (ned\u00e1vno jsem ji vid\u011bl prod\u00e1vat za dev\u011bt stovek, co\u017e bych teda asi nedal). Snad jako ka\u017ed\u00fd knihomol m\u00e1m v\u00edc takov\u00fdch \u00falovk\u016f, o tom snad tak\u00e9 n\u011bkdy. Napsal ji Zden\u011bk Tobolka, jmenuje se Kniha - Jej\u00ed\u2026","rel":"","context":"V \u201e\u010cten\u00e1\u0159sk\u00fd den\u00edk\u201c","block_context":{"text":"\u010cten\u00e1\u0159sk\u00fd den\u00edk","link":"https:\/\/kotrla.com\/pmpro\/category\/ctenarsky-denik\/"},"img":{"alt_text":"Zden\u011bk Tobolka: Kniha - Jej\u00ed vznik, v\u00fdvoj a rozbor","src":"https:\/\/i0.wp.com\/kotrla.com\/pmpro\/images\/uploads\/tobolka_kniha.jpg?resize=350%2C200&ssl=1","width":350,"height":200},"classes":[]}],"jetpack_sharing_enabled":true,"_links":{"self":[{"href":"https:\/\/kotrla.com\/pmpro\/wp-json\/wp\/v2\/posts\/717","targetHints":{"allow":["GET"]}}],"collection":[{"href":"https:\/\/kotrla.com\/pmpro\/wp-json\/wp\/v2\/posts"}],"about":[{"href":"https:\/\/kotrla.com\/pmpro\/wp-json\/wp\/v2\/types\/post"}],"author":[{"embeddable":true,"href":"https:\/\/kotrla.com\/pmpro\/wp-json\/wp\/v2\/users\/1"}],"replies":[{"embeddable":true,"href":"https:\/\/kotrla.com\/pmpro\/wp-json\/wp\/v2\/comments?post=717"}],"version-history":[{"count":0,"href":"https:\/\/kotrla.com\/pmpro\/wp-json\/wp\/v2\/posts\/717\/revisions"}],"wp:attachment":[{"href":"https:\/\/kotrla.com\/pmpro\/wp-json\/wp\/v2\/media?parent=717"}],"wp:term":[{"taxonomy":"category","embeddable":true,"href":"https:\/\/kotrla.com\/pmpro\/wp-json\/wp\/v2\/categories?post=717"},{"taxonomy":"post_tag","embeddable":true,"href":"https:\/\/kotrla.com\/pmpro\/wp-json\/wp\/v2\/tags?post=717"}],"curies":[{"name":"wp","href":"https:\/\/api.w.org\/{rel}","templated":true}]}}