{"id":720,"date":"2005-07-11T05:00:00","date_gmt":"2005-07-11T04:00:00","guid":{"rendered":"http:\/\/kotrla.com\/wordpress\/?p=720"},"modified":"2019-11-20T22:33:25","modified_gmt":"2019-11-20T21:33:25","slug":"kdo-je-autorem-nasledujicich-versu-97","status":"publish","type":"post","link":"https:\/\/kotrla.com\/pmpro\/2005\/07\/kdo-je-autorem-nasledujicich-versu-97\/","title":{"rendered":"Kdo je autorem n\u00e1sleduj\u00edc\u00edch ver\u0161\u016f? (97)"},"content":{"rendered":"<p>Ot\u00e1zka pro letn\u00ed pond\u011bln\u00ed den.<\/p>\n<p><b>D\u00c9\u0160\u0164 PAD\u00c1 NA R\u00c1NY<\/b><\/p>\n<p>Na rtu ob\u0159\u00ed hlavy sp\u00edm.<br \/>\nD\u00e9\u0161\u0165 plesk\u00e1 o nos krkav\u010d\u00ed,<br \/>\nmou\u0159en\u00edni jdou v dvojstupu<br \/>\nz jeho d\u011br jako komin\u00ed\u010dci.<br \/>\nV hore\u010dce sly\u0161\u00edm prozp\u011bvovat mouchu,<br \/>\nroleta pad\u00e1 za posledn\u00edm d\u011bjstv\u00edm,<br \/>\nst\u00ednaj\u00edc hlavy mu\u0161k\u00e1t\u016f.<br \/>\nBez pohybu zjevn\u00e9ho sestra<br \/>\npestr\u00fd pol\u0161t\u00e1\u0159 hotov\u00ed,<br \/>\nz tolika kan\u00fdrk\u016f jsou nerv\u00f3zn\u00ed<br \/>\njej\u00ed prsty pln\u00e9 pochyb.<br \/>\nStrop vis\u00ed pl\u00e1stv\u00ed medu za krovy,<br \/>\nzat\u00edmco sk\u0159\u00edtek ve\u010dern\u00ed<br \/>\nz hlavy obra se kut\u00e1l\u00ed,<br \/>\nna mou\u010dn\u00e9m \u010dervu jezdit zkou\u0161\u00ed<br \/>\na mu\u0159\u00ed k\u0159\u00eddlo bije o v\u00fdv\u011bsn\u00ed \u0161t\u00edt<br \/>\nholi\u010dsk\u00e9 lampy, pod n\u00ed\u017e holohlav\u00ed<br \/>\nvrhaj\u00ed ustaran\u00fd st\u00edn.<br \/>\nSly\u0161\u00edm jektat hami\u017en\u00e9 zuby v\u011btru<br \/>\nv drol\u00edc\u00ed om\u00edtce, jak hry\u017eou sp\u00e1ry,<br \/>\nv nich\u017e moucha masa\u0159ka se tul\u00ed<br \/>\nza k\u0159\u00eddlo mot\u00fdl\u00ed.<\/p>\n","protected":false},"excerpt":{"rendered":"<p>Ot\u00e1zka pro letn\u00ed pond\u011bln\u00ed den. D\u00c9\u0160\u0164 PAD\u00c1 NA R\u00c1NY Na rtu ob\u0159\u00ed hlavy sp\u00edm. D\u00e9\u0161\u0165 plesk\u00e1 o nos krkav\u010d\u00ed, mou\u0159en\u00edni jdou v dvojstupu z jeho d\u011br jako komin\u00ed\u010dci. V hore\u010dce sly\u0161\u00edm prozp\u011bvovat mouchu, roleta pad\u00e1 za posledn\u00edm d\u011bjstv\u00edm, st\u00ednaj\u00edc hlavy mu\u0161k\u00e1t\u016f. Bez pohybu zjevn\u00e9ho sestra pestr\u00fd pol\u0161t\u00e1\u0159 hotov\u00ed, z tolika kan\u00fdrk\u016f jsou nerv\u00f3zn\u00ed jej\u00ed prsty [&hellip;]<\/p>\n","protected":false},"author":1,"featured_media":0,"comment_status":"open","ping_status":"open","sticky":false,"template":"","format":"standard","meta":{"site-sidebar-layout":"default","site-content-layout":"","ast-site-content-layout":"default","site-content-style":"default","site-sidebar-style":"default","ast-global-header-display":"","ast-banner-title-visibility":"","ast-main-header-display":"","ast-hfb-above-header-display":"","ast-hfb-below-header-display":"","ast-hfb-mobile-header-display":"","site-post-title":"","ast-breadcrumbs-content":"","ast-featured-img":"","footer-sml-layout":"","ast-disable-related-posts":"","theme-transparent-header-meta":"","adv-header-id-meta":"","stick-header-meta":"","header-above-stick-meta":"","header-main-stick-meta":"","header-below-stick-meta":"","astra-migrate-meta-layouts":"default","ast-page-background-enabled":"default","ast-page-background-meta":{"desktop":{"background-color":"var(--ast-global-color-5)","background-image":"","background-repeat":"repeat","background-position":"center center","background-size":"auto","background-attachment":"scroll","background-type":"","background-media":"","overlay-type":"","overlay-color":"","overlay-opacity":"","overlay-gradient":""},"tablet":{"background-color":"","background-image":"","background-repeat":"repeat","background-position":"center center","background-size":"auto","background-attachment":"scroll","background-type":"","background-media":"","overlay-type":"","overlay-color":"","overlay-opacity":"","overlay-gradient":""},"mobile":{"background-color":"","background-image":"","background-repeat":"repeat","background-position":"center center","background-size":"auto","background-attachment":"scroll","background-type":"","background-media":"","overlay-type":"","overlay-color":"","overlay-opacity":"","overlay-gradient":""}},"ast-content-background-meta":{"desktop":{"background-color":"var(--ast-global-color-4)","background-image":"","background-repeat":"repeat","background-position":"center center","background-size":"auto","background-attachment":"scroll","background-type":"","background-media":"","overlay-type":"","overlay-color":"","overlay-opacity":"","overlay-gradient":""},"tablet":{"background-color":"var(--ast-global-color-4)","background-image":"","background-repeat":"repeat","background-position":"center center","background-size":"auto","background-attachment":"scroll","background-type":"","background-media":"","overlay-type":"","overlay-color":"","overlay-opacity":"","overlay-gradient":""},"mobile":{"background-color":"var(--ast-global-color-4)","background-image":"","background-repeat":"repeat","background-position":"center center","background-size":"auto","background-attachment":"scroll","background-type":"","background-media":"","overlay-type":"","overlay-color":"","overlay-opacity":"","overlay-gradient":""}},"jetpack_post_was_ever_published":false,"_jetpack_newsletter_access":"","_jetpack_dont_email_post_to_subs":false,"_jetpack_newsletter_tier_id":0,"_jetpack_memberships_contains_paywalled_content":false,"_jetpack_memberships_contains_paid_content":false,"footnotes":""},"categories":[17],"tags":[],"class_list":["post-720","post","type-post","status-publish","format-standard","hentry","category-kdo-je-autorem"],"jetpack_featured_media_url":"","jetpack_shortlink":"https:\/\/wp.me\/p4mLP7-bC","jetpack-related-posts":[{"id":812,"url":"https:\/\/kotrla.com\/pmpro\/2005\/02\/kdo-je-autorem-nasledujicich-versu-77\/","url_meta":{"origin":720,"position":0},"title":"Kdo je autorem n\u00e1sleduj\u00edc\u00edch ver\u0161\u016f? (77)","author":"Pavel Kotrla","date":"21.2.2005","format":false,"excerpt":"Op\u011bt pravideln\u00e1 pond\u011bln\u00ed ot\u00e1zka. Pou\u0165 k \u010dern\u00e9 Madon\u011b na Loretu Kter\u00fdpak b\u00e1sn\u00edk nen\u00ed negrem? (Marina Cv\u011btajevov\u00e1) K tob\u011b te\u010f s prosbou jdu, m\u00e1 \u010dern\u00e1 Matko z Lorety, nebo\u0165 jsem \u010dern\u00fd jako ty a z ur\u010dit\u00e9ho pohledu jsem negr od hlavy a\u017e po paty, dle jist\u00fdch n\u00e1hled\u016f jsem negr, negr proklat\u00fd,\u2026","rel":"","context":"V \u201eKdo je autorem?\u201c","block_context":{"text":"Kdo je autorem?","link":"https:\/\/kotrla.com\/pmpro\/category\/kdo-je-autorem\/"},"img":{"alt_text":"","src":"","width":0,"height":0},"classes":[]},{"id":781,"url":"https:\/\/kotrla.com\/pmpro\/2005\/04\/kdo-je-autorem-nasledujicich-versu-83\/","url_meta":{"origin":720,"position":1},"title":"Kdo je autorem n\u00e1sleduj\u00edc\u00edch ver\u0161\u016f? (83)","author":"Pavel Kotrla","date":"4.4.2005","format":false,"excerpt":"Prvn\u00ed dubnov\u00e1 h\u00e1danka. Kdopak napsal n\u00e1sleduj\u00edc\u00ed b\u00e1se\u0148? Dubnov\u00e9 ak\u00e1ty - hlavy Gordon tv\u00e1\u0159\u00ed v tv\u00e1\u0159 obloze nastaven\u00e9. Za\u0165at\u00e9, vr\u00e1s\u010dit\u00e9, zkrabacen\u00e9. V pl\u00e1\u0161t\u011bnk\u00e1ch jdeme pod t\u00edm kamen\u00edm, bezbarv\u00fdm, stojat\u00fdm, jako slepci, jim\u017e nete\u010dn\u00fd hlas v\u0161echno popisuje. Jak kop\u00ed do v\u00fd\u0161e tr\u010d\u00ed t\u00faje. Kyselo v \u00fastech. Chc\u00edp\u00e1n\u00ed pily v dalek\u00fdch les\u00edch, kde\u2026","rel":"","context":"V \u201eKdo je autorem?\u201c","block_context":{"text":"Kdo je autorem?","link":"https:\/\/kotrla.com\/pmpro\/category\/kdo-je-autorem\/"},"img":{"alt_text":"","src":"","width":0,"height":0},"classes":[]},{"id":752,"url":"https:\/\/kotrla.com\/pmpro\/2005\/05\/kdo-je-autorem-nasledujicich-versu-91\/","url_meta":{"origin":720,"position":2},"title":"Kdo je autorem n\u00e1sleduj\u00edc\u00edch ver\u0161\u016f? (91)","author":"Pavel Kotrla","date":"30.5.2005","format":false,"excerpt":"P\u0159i \u010dek\u00e1n\u00ed na d\u00e9\u0161\u0165, teda tam, kde je\u0161t\u011b nebyl, snad pot\u011b\u0161\u00ed trocha ciz\u00edho ne\u0161t\u011bst\u00ed. Kdopak je autorem n\u00e1sleduj\u00edc\u00edho textu? P\u00cdSE\u0147 O MARN\u00c9 TOUZE Maje nohy v lav\u00f3\u0159e mus\u00edm myslet na m\u00f3\u0159e, kter\u00e9 jsem nikdy nevid\u011bl: Z pohlednic z\u00e1\u0159\u00ed tu ultramar\u00edn blankytu, za n\u011bj\u017e by se mal\u00ed\u0159 nestyd\u011bl. M\u00edv\u00e1 pro mne\u2026","rel":"","context":"V \u201eKdo je autorem?\u201c","block_context":{"text":"Kdo je autorem?","link":"https:\/\/kotrla.com\/pmpro\/category\/kdo-je-autorem\/"},"img":{"alt_text":"","src":"","width":0,"height":0},"classes":[]},{"id":908,"url":"https:\/\/kotrla.com\/pmpro\/2004\/10\/kdo-je-autorem-nasledujicich-versu-57\/","url_meta":{"origin":720,"position":3},"title":"Kdo je autorem n\u00e1sleduj\u00edc\u00edch ver\u0161\u016f? (57)","author":"Pavel Kotrla","date":"4.10.2004","format":false,"excerpt":"Pond\u011bln\u00ed ot\u00e1zka: Kdo je autorem n\u00e1sleduj\u00edc\u00edho textu? *** Kdo se nech\u00e1v\u00e1 omezovat klenbou miluje prostor Na po\u010d\u00e1tku rakev pln\u00e1 star\u00fdch map schematick\u00fdch n\u00e1\u010drt\u016f du\u0161\u00ed fialov\u00fdch krys a n\u00e1kresu \u017e\u00e1rovi\u0161t\u011b v oku divok\u00e9 ko\u010dky vyzvednut\u00e1 z krypty rozdycht\u011bn\u00fdmi exhum\u00e1tory Stovky oslepl\u00fdch pokus\u016f p\u0159i hled\u00e1n\u00ed lebkose\u010dky ruce pono\u0159en\u00e9 v d\u00e1vn\u00fdch oce\u00e1nech a\u2026","rel":"","context":"V \u201eKdo je autorem?\u201c","block_context":{"text":"Kdo je autorem?","link":"https:\/\/kotrla.com\/pmpro\/category\/kdo-je-autorem\/"},"img":{"alt_text":"","src":"","width":0,"height":0},"classes":[]},{"id":833,"url":"https:\/\/kotrla.com\/pmpro\/2005\/01\/kdo-je-autorem-nasledujicich-versu-73\/","url_meta":{"origin":720,"position":4},"title":"Kdo je autorem n\u00e1sleduj\u00edc\u00edch ver\u0161\u016f? (73)","author":"Pavel Kotrla","date":"24.1.2005","format":false,"excerpt":"A op\u011bt je tu pond\u011bln\u00ed r\u00e1no. Ech! Tak, kdopak je autorem n\u00e1sleduj\u00edc\u00edho textu? H\u0158BITOV V M\u011aST\u011a PE nesou temnou v\u011bc je\u0161t\u011b se p\u0159iznat a pak u\u017e dostanu kon\u011b bude mi osmn\u00e1ct a \u017e\u00e1dn\u00fd okr u\u017e se do m\u011b nevejde bude to v poledne a j\u00e1 se vyklon\u00edm z javoru a\u2026","rel":"","context":"V \u201eKdo je autorem?\u201c","block_context":{"text":"Kdo je autorem?","link":"https:\/\/kotrla.com\/pmpro\/category\/kdo-je-autorem\/"},"img":{"alt_text":"","src":"","width":0,"height":0},"classes":[]},{"id":838,"url":"https:\/\/kotrla.com\/pmpro\/2005\/01\/kdo-je-autorem-nasledujicich-versu-72\/","url_meta":{"origin":720,"position":5},"title":"Kdo je autorem n\u00e1sleduj\u00edc\u00edch ver\u0161\u016f? (72)","author":"Pavel Kotrla","date":"17.1.2005","format":false,"excerpt":"N\u00e1pov\u011bda pro pond\u011bln\u00ed ot\u00e1zku se dnes skr\u00fdv\u00e1 p\u0159\u00edmo v textu b\u00e1sn\u011b. Kdo ji napsal? V T\u0158IAT\u0158IC\u00c1TEM ROCE SV\u00c9HO V\u011aKU nau\u010dil jsem se pou\u017e\u00edvat zub\u016f p\u0159i pr\u00e1ci, v kamenn\u00e9 v\u011b\u017ei \u010dtvrt\u00fd m\u011bs\u00edc pozoruji po\u010das\u00ed zat\u00edn\u00e1m zuby kdy\u017e po z\u00e1padu slunce na ochozu m\u011bn\u00edm prop\u00e1lenou slune\u010dn\u00ed p\u00e1sku kdy\u017e v\u00edtr \/dnes osm\u00fd stupe\u0148\u2026","rel":"","context":"V \u201eKdo je autorem?\u201c","block_context":{"text":"Kdo je autorem?","link":"https:\/\/kotrla.com\/pmpro\/category\/kdo-je-autorem\/"},"img":{"alt_text":"","src":"","width":0,"height":0},"classes":[]}],"jetpack_sharing_enabled":true,"_links":{"self":[{"href":"https:\/\/kotrla.com\/pmpro\/wp-json\/wp\/v2\/posts\/720","targetHints":{"allow":["GET"]}}],"collection":[{"href":"https:\/\/kotrla.com\/pmpro\/wp-json\/wp\/v2\/posts"}],"about":[{"href":"https:\/\/kotrla.com\/pmpro\/wp-json\/wp\/v2\/types\/post"}],"author":[{"embeddable":true,"href":"https:\/\/kotrla.com\/pmpro\/wp-json\/wp\/v2\/users\/1"}],"replies":[{"embeddable":true,"href":"https:\/\/kotrla.com\/pmpro\/wp-json\/wp\/v2\/comments?post=720"}],"version-history":[{"count":0,"href":"https:\/\/kotrla.com\/pmpro\/wp-json\/wp\/v2\/posts\/720\/revisions"}],"wp:attachment":[{"href":"https:\/\/kotrla.com\/pmpro\/wp-json\/wp\/v2\/media?parent=720"}],"wp:term":[{"taxonomy":"category","embeddable":true,"href":"https:\/\/kotrla.com\/pmpro\/wp-json\/wp\/v2\/categories?post=720"},{"taxonomy":"post_tag","embeddable":true,"href":"https:\/\/kotrla.com\/pmpro\/wp-json\/wp\/v2\/tags?post=720"}],"curies":[{"name":"wp","href":"https:\/\/api.w.org\/{rel}","templated":true}]}}